{"id":10331,"date":"2025-09-10T10:41:41","date_gmt":"2025-09-10T08:41:41","guid":{"rendered":"https:\/\/fundacionrecover.org\/?p=10331"},"modified":"2025-10-03T14:12:46","modified_gmt":"2025-10-03T12:12:46","slug":"seminario-stop-palu-en-camerun-contra-la-malaria","status":"publish","type":"post","link":"https:\/\/fundacionrecover.org\/en\/seminario-stop-palu-en-camerun-contra-la-malaria\/","title":{"rendered":"Recover Foundation promotes the \"Stop Palu!\" seminar in Cameroon to strengthen the response against malaria"},"content":{"rendered":"<p>Fundaci\u00f3n Recover ha celebrado en el Ministerio de Relaciones Exteriores de Camer\u00fan el seminario \u201cStop Palu!\u201d, un encuentro que reuni\u00f3 a autoridades camerunesas, representantes de organismos internacionales y miembros de la sociedad civil con el objetivo de reforzar la respuesta contra la malaria, una de las enfermedades que m\u00e1s vidas cobra en el pa\u00eds.<\/p>\n\n\n\n<figure class=\"wp-block-image alignleft size-full is-resized\"><img fetchpriority=\"high\" decoding=\"async\" width=\"1000\" height=\"750\" src=\"https:\/\/fundacionrecover.org\/wp-content\/uploads\/2025\/09\/Jornada-Malaria-plano-general-de-los-ponentes.jpg\" alt=\"\" class=\"wp-image-10332\" style=\"width:521px;height:auto\" srcset=\"https:\/\/fundacionrecover.org\/wp-content\/uploads\/2025\/09\/Jornada-Malaria-plano-general-de-los-ponentes.jpg 1000w, https:\/\/fundacionrecover.org\/wp-content\/uploads\/2025\/09\/Jornada-Malaria-plano-general-de-los-ponentes-300x225.jpg 300w, https:\/\/fundacionrecover.org\/wp-content\/uploads\/2025\/09\/Jornada-Malaria-plano-general-de-los-ponentes-768x576.jpg 768w, https:\/\/fundacionrecover.org\/wp-content\/uploads\/2025\/09\/Jornada-Malaria-plano-general-de-los-ponentes-16x12.jpg 16w\" sizes=\"(max-width: 1000px) 100vw, 1000px\" \/><\/figure>\n\n\n\n<p>A lo largo de la jornada se compartieron datos, estrategias y experiencias en torno a un enfoque multisectorial, en el que la salud, la educaci\u00f3n y la gesti\u00f3n ambiental se presentan como aliados fundamentales para frenar la propagaci\u00f3n de la malaria.<\/p>\n\n\n\n<figure class=\"wp-block-image alignright size-full is-resized\"><img decoding=\"async\" src=\"https:\/\/fundacionrecover.org\/wp-content\/uploads\/2025\/09\/Jornada-Malaria-intervencion-de-Marta-2.jpg\" alt=\"\" class=\"wp-image-10391\" style=\"width:526px;height:auto\"\/><\/figure>\n\n\n\n<p>Entre los asistentes estuvieron el Secretario General del Ministerio de Relaciones Exteriores, el Embajador de Espa\u00f1a en Camer\u00fan, Juan Pedro P\u00e9rez-G\u00f3mez Delaunay, representantes de la Organizaci\u00f3n Mundial de la Salud (OMS), del Ministerio de Salud camerun\u00e9s, as\u00ed como la directora general de Fundaci\u00f3n Recover, Marta Mara\u00f1\u00f3n Medina, y la responsable del programa en Camer\u00fan, Emilie Ngono.<\/p>\n\n\n\n<p>Durante el seminario <a href=\"https:\/\/fundacionrecover.org\/en\/informe-fundacion-recover-impacto-de-malaria-en-camerun\/\"><mark style=\"background-color:rgba(0, 0, 0, 0)\" class=\"has-inline-color has-luminous-vivid-orange-color\">se present\u00f3 tambi\u00e9n un informe<\/mark><\/a> elaborado por Fundaci\u00f3n Recover, que recoge datos y recomendaciones para reforzar la prevenci\u00f3n y reducir el impacto social y econ\u00f3mico de la malaria en Camer\u00fan y en \u00c1frica Subsahariana.<\/p>\n\n\n\n<p>Con esta iniciativa, Fundaci\u00f3n Recover reafirma su compromiso con la salud en el continente africano y con la creaci\u00f3n de espacios de colaboraci\u00f3n internacional que permitan avanzar hacia un futuro libre de malaria.<\/p>","protected":false},"excerpt":{"rendered":"<p>The meeting, held at Cameroon's Ministry of Foreign Affairs, brought together authorities, international organisations and civil society to advance prevention and response to one of the main causes of mortality in the country.<\/p>","protected":false},"author":1,"featured_media":10334,"comment_status":"closed","ping_status":"closed","sticky":false,"template":"","format":"standard","meta":{"give_campaign_id":0,"footnotes":""},"categories":[11],"tags":[],"class_list":["post-10331","post","type-post","status-publish","format-standard","has-post-thumbnail","hentry","category-noticias"],"yoast_head":"<!-- This site is optimized with the Yoast SEO plugin v27.4 - https:\/\/yoast.com\/product\/yoast-seo-wordpress\/ -->\n<title>Fundaci\u00f3n Recover impulsa el seminario \u201cStop Palu!\u201d en Camer\u00fan para reforzar la respuesta contra la malaria - Fundaci\u00f3n Recover Hospitales para \u00c1frica<\/title>\n<meta name=\"robots\" content=\"index, follow, max-snippet:-1, max-image-preview:large, max-video-preview:-1\" \/>\n<link rel=\"canonical\" href=\"https:\/\/fundacionrecover.org\/en\/seminario-stop-palu-en-camerun-contra-la-malaria\/\" \/>\n<meta property=\"og:locale\" content=\"en_GB\" \/>\n<meta property=\"og:type\" content=\"article\" \/>\n<meta property=\"og:title\" content=\"Fundaci\u00f3n Recover impulsa el seminario \u201cStop Palu!\u201d en Camer\u00fan para reforzar la respuesta contra la malaria - Fundaci\u00f3n Recover Hospitales para \u00c1frica\" \/>\n<meta property=\"og:description\" content=\"El encuentro, celebrado en el Ministerio de Relaciones Exteriores de Camer\u00fan, reuni\u00f3 a autoridades, organismos internacionales y sociedad civil para avanzar en la prevenci\u00f3n y respuesta frente a una de las principales causas de mortalidad del pa\u00eds.\" \/>\n<meta property=\"og:url\" content=\"https:\/\/fundacionrecover.org\/en\/seminario-stop-palu-en-camerun-contra-la-malaria\/\" \/>\n<meta property=\"og:site_name\" content=\"Fundaci\u00f3n Recover Hospitales para \u00c1frica\" \/>\n<meta property=\"article:publisher\" content=\"https:\/\/www.facebook.com\/fundacionrecover\/\" \/>\n<meta property=\"article:published_time\" content=\"2025-09-10T08:41:41+00:00\" \/>\n<meta property=\"article:modified_time\" content=\"2025-10-03T12:12:46+00:00\" \/>\n<meta property=\"og:image\" content=\"https:\/\/fundacionrecover.org\/wp-content\/uploads\/2025\/09\/Jornada-Malaria-foto-de-familia.jpg\" \/>\n\t<meta property=\"og:image:width\" content=\"1000\" \/>\n\t<meta property=\"og:image:height\" content=\"766\" \/>\n\t<meta property=\"og:image:type\" content=\"image\/jpeg\" \/>\n<meta name=\"author\" content=\"Recover\" \/>\n<meta name=\"twitter:card\" content=\"summary_large_image\" \/>\n<meta name=\"twitter:label1\" content=\"Written by\" \/>\n\t<meta name=\"twitter:data1\" content=\"Recover\" \/>\n\t<meta name=\"twitter:label2\" content=\"Estimated reading time\" \/>\n\t<meta name=\"twitter:data2\" content=\"2 minutes\" \/>\n<script type=\"application\/ld+json\" class=\"yoast-schema-graph\">{\"@context\":\"https:\\\/\\\/schema.org\",\"@graph\":[{\"@type\":\"Article\",\"@id\":\"https:\\\/\\\/fundacionrecover.org\\\/seminario-stop-palu-en-camerun-contra-la-malaria\\\/#article\",\"isPartOf\":{\"@id\":\"https:\\\/\\\/fundacionrecover.org\\\/seminario-stop-palu-en-camerun-contra-la-malaria\\\/\"},\"author\":{\"name\":\"Recover\",\"@id\":\"https:\\\/\\\/fundacionrecover.org\\\/#\\\/schema\\\/person\\\/dd196faabb13b5c6e72c88bc6f7c6fb6\"},\"headline\":\"Fundaci\u00f3n Recover impulsa el seminario \u201cStop Palu!\u201d en Camer\u00fan para reforzar la respuesta contra la malaria\",\"datePublished\":\"2025-09-10T08:41:41+00:00\",\"dateModified\":\"2025-10-03T12:12:46+00:00\",\"mainEntityOfPage\":{\"@id\":\"https:\\\/\\\/fundacionrecover.org\\\/seminario-stop-palu-en-camerun-contra-la-malaria\\\/\"},\"wordCount\":263,\"publisher\":{\"@id\":\"https:\\\/\\\/fundacionrecover.org\\\/#organization\"},\"image\":{\"@id\":\"https:\\\/\\\/fundacionrecover.org\\\/seminario-stop-palu-en-camerun-contra-la-malaria\\\/#primaryimage\"},\"thumbnailUrl\":\"https:\\\/\\\/fundacionrecover.org\\\/wp-content\\\/uploads\\\/2025\\\/09\\\/Jornada-Malaria-foto-de-familia.jpg\",\"articleSection\":[\"Noticias\"],\"inLanguage\":\"en-GB\"},{\"@type\":\"WebPage\",\"@id\":\"https:\\\/\\\/fundacionrecover.org\\\/seminario-stop-palu-en-camerun-contra-la-malaria\\\/\",\"url\":\"https:\\\/\\\/fundacionrecover.org\\\/seminario-stop-palu-en-camerun-contra-la-malaria\\\/\",\"name\":\"Fundaci\u00f3n Recover impulsa el seminario \u201cStop Palu!\u201d en Camer\u00fan para reforzar la respuesta contra la malaria - Fundaci\u00f3n Recover Hospitales para \u00c1frica\",\"isPartOf\":{\"@id\":\"https:\\\/\\\/fundacionrecover.org\\\/#website\"},\"primaryImageOfPage\":{\"@id\":\"https:\\\/\\\/fundacionrecover.org\\\/seminario-stop-palu-en-camerun-contra-la-malaria\\\/#primaryimage\"},\"image\":{\"@id\":\"https:\\\/\\\/fundacionrecover.org\\\/seminario-stop-palu-en-camerun-contra-la-malaria\\\/#primaryimage\"},\"thumbnailUrl\":\"https:\\\/\\\/fundacionrecover.org\\\/wp-content\\\/uploads\\\/2025\\\/09\\\/Jornada-Malaria-foto-de-familia.jpg\",\"datePublished\":\"2025-09-10T08:41:41+00:00\",\"dateModified\":\"2025-10-03T12:12:46+00:00\",\"breadcrumb\":{\"@id\":\"https:\\\/\\\/fundacionrecover.org\\\/seminario-stop-palu-en-camerun-contra-la-malaria\\\/#breadcrumb\"},\"inLanguage\":\"en-GB\",\"potentialAction\":[{\"@type\":\"ReadAction\",\"target\":[\"https:\\\/\\\/fundacionrecover.org\\\/seminario-stop-palu-en-camerun-contra-la-malaria\\\/\"]}]},{\"@type\":\"ImageObject\",\"inLanguage\":\"en-GB\",\"@id\":\"https:\\\/\\\/fundacionrecover.org\\\/seminario-stop-palu-en-camerun-contra-la-malaria\\\/#primaryimage\",\"url\":\"https:\\\/\\\/fundacionrecover.org\\\/wp-content\\\/uploads\\\/2025\\\/09\\\/Jornada-Malaria-foto-de-familia.jpg\",\"contentUrl\":\"https:\\\/\\\/fundacionrecover.org\\\/wp-content\\\/uploads\\\/2025\\\/09\\\/Jornada-Malaria-foto-de-familia.jpg\",\"width\":1000,\"height\":766},{\"@type\":\"BreadcrumbList\",\"@id\":\"https:\\\/\\\/fundacionrecover.org\\\/seminario-stop-palu-en-camerun-contra-la-malaria\\\/#breadcrumb\",\"itemListElement\":[{\"@type\":\"ListItem\",\"position\":1,\"name\":\"Home\",\"item\":\"https:\\\/\\\/fundacionrecover.org\\\/\"},{\"@type\":\"ListItem\",\"position\":2,\"name\":\"Noticias\",\"item\":\"https:\\\/\\\/fundacionrecover.org\\\/category\\\/noticias\\\/\"},{\"@type\":\"ListItem\",\"position\":3,\"name\":\"Fundaci\u00f3n Recover impulsa el seminario \u201cStop Palu!\u201d en Camer\u00fan para reforzar la respuesta contra la malaria\"}]},{\"@type\":\"WebSite\",\"@id\":\"https:\\\/\\\/fundacionrecover.org\\\/#website\",\"url\":\"https:\\\/\\\/fundacionrecover.org\\\/\",\"name\":\"Fundaci\u00f3n Recover Hospitales para \u00c1frica\",\"description\":\"Fundaci\u00f3n Recover\",\"publisher\":{\"@id\":\"https:\\\/\\\/fundacionrecover.org\\\/#organization\"},\"potentialAction\":[{\"@type\":\"SearchAction\",\"target\":{\"@type\":\"EntryPoint\",\"urlTemplate\":\"https:\\\/\\\/fundacionrecover.org\\\/?s={search_term_string}\"},\"query-input\":{\"@type\":\"PropertyValueSpecification\",\"valueRequired\":true,\"valueName\":\"search_term_string\"}}],\"inLanguage\":\"en-GB\"},{\"@type\":\"Organization\",\"@id\":\"https:\\\/\\\/fundacionrecover.org\\\/#organization\",\"name\":\"Fundaci\u00f3n Recover, Hospitales para \u00c1frica\",\"alternateName\":\"Fundaci\u00f3n Recover\",\"url\":\"https:\\\/\\\/fundacionrecover.org\\\/\",\"logo\":{\"@type\":\"ImageObject\",\"inLanguage\":\"en-GB\",\"@id\":\"https:\\\/\\\/fundacionrecover.org\\\/#\\\/schema\\\/logo\\\/image\\\/\",\"url\":\"https:\\\/\\\/fundacionrecover.org\\\/wp-content\\\/uploads\\\/2024\\\/03\\\/FundacionRecoverHospitalesParaAfrica_logo_blanco_cut.png\",\"contentUrl\":\"https:\\\/\\\/fundacionrecover.org\\\/wp-content\\\/uploads\\\/2024\\\/03\\\/FundacionRecoverHospitalesParaAfrica_logo_blanco_cut.png\",\"width\":335,\"height\":183,\"caption\":\"Fundaci\u00f3n Recover, Hospitales para \u00c1frica\"},\"image\":{\"@id\":\"https:\\\/\\\/fundacionrecover.org\\\/#\\\/schema\\\/logo\\\/image\\\/\"},\"sameAs\":[\"https:\\\/\\\/www.facebook.com\\\/fundacionrecover\\\/\",\"https:\\\/\\\/www.instagram.com\\\/fundacionrecover\\\/\",\"https:\\\/\\\/www.linkedin.com\\\/company\\\/fundaci\u00f3n-recover-hospitales-para-\u00e1frica\\\/\",\"https:\\\/\\\/www.tiktok.com\\\/@fundacionrecover\"]},{\"@type\":\"Person\",\"@id\":\"https:\\\/\\\/fundacionrecover.org\\\/#\\\/schema\\\/person\\\/dd196faabb13b5c6e72c88bc6f7c6fb6\",\"name\":\"Recover\",\"sameAs\":[\"https:\\\/\\\/fundacionrecover.org\"]}]}<\/script>\n<!-- \/ Yoast SEO plugin. -->","yoast_head_json":{"title":"Fundaci\u00f3n Recover impulsa el seminario \u201cStop Palu!\u201d en Camer\u00fan para reforzar la respuesta contra la malaria - Fundaci\u00f3n Recover Hospitales para \u00c1frica","robots":{"index":"index","follow":"follow","max-snippet":"max-snippet:-1","max-image-preview":"max-image-preview:large","max-video-preview":"max-video-preview:-1"},"canonical":"https:\/\/fundacionrecover.org\/en\/seminario-stop-palu-en-camerun-contra-la-malaria\/","og_locale":"en_GB","og_type":"article","og_title":"Fundaci\u00f3n Recover impulsa el seminario \u201cStop Palu!\u201d en Camer\u00fan para reforzar la respuesta contra la malaria - Fundaci\u00f3n Recover Hospitales para \u00c1frica","og_description":"El encuentro, celebrado en el Ministerio de Relaciones Exteriores de Camer\u00fan, reuni\u00f3 a autoridades, organismos internacionales y sociedad civil para avanzar en la prevenci\u00f3n y respuesta frente a una de las principales causas de mortalidad del pa\u00eds.","og_url":"https:\/\/fundacionrecover.org\/en\/seminario-stop-palu-en-camerun-contra-la-malaria\/","og_site_name":"Fundaci\u00f3n Recover Hospitales para \u00c1frica","article_publisher":"https:\/\/www.facebook.com\/fundacionrecover\/","article_published_time":"2025-09-10T08:41:41+00:00","article_modified_time":"2025-10-03T12:12:46+00:00","og_image":[{"width":1000,"height":766,"url":"https:\/\/fundacionrecover.org\/wp-content\/uploads\/2025\/09\/Jornada-Malaria-foto-de-familia.jpg","type":"image\/jpeg"}],"author":"Recover","twitter_card":"summary_large_image","twitter_misc":{"Written by":"Recover","Estimated reading time":"2 minutes"},"schema":{"@context":"https:\/\/schema.org","@graph":[{"@type":"Article","@id":"https:\/\/fundacionrecover.org\/seminario-stop-palu-en-camerun-contra-la-malaria\/#article","isPartOf":{"@id":"https:\/\/fundacionrecover.org\/seminario-stop-palu-en-camerun-contra-la-malaria\/"},"author":{"name":"Recover","@id":"https:\/\/fundacionrecover.org\/#\/schema\/person\/dd196faabb13b5c6e72c88bc6f7c6fb6"},"headline":"Fundaci\u00f3n Recover impulsa el seminario \u201cStop Palu!\u201d en Camer\u00fan para reforzar la respuesta contra la malaria","datePublished":"2025-09-10T08:41:41+00:00","dateModified":"2025-10-03T12:12:46+00:00","mainEntityOfPage":{"@id":"https:\/\/fundacionrecover.org\/seminario-stop-palu-en-camerun-contra-la-malaria\/"},"wordCount":263,"publisher":{"@id":"https:\/\/fundacionrecover.org\/#organization"},"image":{"@id":"https:\/\/fundacionrecover.org\/seminario-stop-palu-en-camerun-contra-la-malaria\/#primaryimage"},"thumbnailUrl":"https:\/\/fundacionrecover.org\/wp-content\/uploads\/2025\/09\/Jornada-Malaria-foto-de-familia.jpg","articleSection":["Noticias"],"inLanguage":"en-GB"},{"@type":"WebPage","@id":"https:\/\/fundacionrecover.org\/seminario-stop-palu-en-camerun-contra-la-malaria\/","url":"https:\/\/fundacionrecover.org\/seminario-stop-palu-en-camerun-contra-la-malaria\/","name":"Fundaci\u00f3n Recover impulsa el seminario \u201cStop Palu!\u201d en Camer\u00fan para reforzar la respuesta contra la malaria - Fundaci\u00f3n Recover Hospitales para \u00c1frica","isPartOf":{"@id":"https:\/\/fundacionrecover.org\/#website"},"primaryImageOfPage":{"@id":"https:\/\/fundacionrecover.org\/seminario-stop-palu-en-camerun-contra-la-malaria\/#primaryimage"},"image":{"@id":"https:\/\/fundacionrecover.org\/seminario-stop-palu-en-camerun-contra-la-malaria\/#primaryimage"},"thumbnailUrl":"https:\/\/fundacionrecover.org\/wp-content\/uploads\/2025\/09\/Jornada-Malaria-foto-de-familia.jpg","datePublished":"2025-09-10T08:41:41+00:00","dateModified":"2025-10-03T12:12:46+00:00","breadcrumb":{"@id":"https:\/\/fundacionrecover.org\/seminario-stop-palu-en-camerun-contra-la-malaria\/#breadcrumb"},"inLanguage":"en-GB","potentialAction":[{"@type":"ReadAction","target":["https:\/\/fundacionrecover.org\/seminario-stop-palu-en-camerun-contra-la-malaria\/"]}]},{"@type":"ImageObject","inLanguage":"en-GB","@id":"https:\/\/fundacionrecover.org\/seminario-stop-palu-en-camerun-contra-la-malaria\/#primaryimage","url":"https:\/\/fundacionrecover.org\/wp-content\/uploads\/2025\/09\/Jornada-Malaria-foto-de-familia.jpg","contentUrl":"https:\/\/fundacionrecover.org\/wp-content\/uploads\/2025\/09\/Jornada-Malaria-foto-de-familia.jpg","width":1000,"height":766},{"@type":"BreadcrumbList","@id":"https:\/\/fundacionrecover.org\/seminario-stop-palu-en-camerun-contra-la-malaria\/#breadcrumb","itemListElement":[{"@type":"ListItem","position":1,"name":"Home","item":"https:\/\/fundacionrecover.org\/"},{"@type":"ListItem","position":2,"name":"Noticias","item":"https:\/\/fundacionrecover.org\/category\/noticias\/"},{"@type":"ListItem","position":3,"name":"Fundaci\u00f3n Recover impulsa el seminario \u201cStop Palu!\u201d en Camer\u00fan para reforzar la respuesta contra la malaria"}]},{"@type":"WebSite","@id":"https:\/\/fundacionrecover.org\/#website","url":"https:\/\/fundacionrecover.org\/","name":"Recover Foundation, Hospitals for Africa","description":"Recover Foundation","publisher":{"@id":"https:\/\/fundacionrecover.org\/#organization"},"potentialAction":[{"@type":"SearchAction","target":{"@type":"EntryPoint","urlTemplate":"https:\/\/fundacionrecover.org\/?s={search_term_string}"},"query-input":{"@type":"PropertyValueSpecification","valueRequired":true,"valueName":"search_term_string"}}],"inLanguage":"en-GB"},{"@type":"Organization","@id":"https:\/\/fundacionrecover.org\/#organization","name":"Recover Foundation, Hospitals for Africa","alternateName":"Fundaci\u00f3n Recover","url":"https:\/\/fundacionrecover.org\/","logo":{"@type":"ImageObject","inLanguage":"en-GB","@id":"https:\/\/fundacionrecover.org\/#\/schema\/logo\/image\/","url":"https:\/\/fundacionrecover.org\/wp-content\/uploads\/2024\/03\/FundacionRecoverHospitalesParaAfrica_logo_blanco_cut.png","contentUrl":"https:\/\/fundacionrecover.org\/wp-content\/uploads\/2024\/03\/FundacionRecoverHospitalesParaAfrica_logo_blanco_cut.png","width":335,"height":183,"caption":"Fundaci\u00f3n Recover, Hospitales para \u00c1frica"},"image":{"@id":"https:\/\/fundacionrecover.org\/#\/schema\/logo\/image\/"},"sameAs":["https:\/\/www.facebook.com\/fundacionrecover\/","https:\/\/www.instagram.com\/fundacionrecover\/","https:\/\/www.linkedin.com\/company\/fundaci\u00f3n-recover-hospitales-para-\u00e1frica\/","https:\/\/www.tiktok.com\/@fundacionrecover"]},{"@type":"Person","@id":"https:\/\/fundacionrecover.org\/#\/schema\/person\/dd196faabb13b5c6e72c88bc6f7c6fb6","name":"Recover","sameAs":["https:\/\/fundacionrecover.org"]}]}},"_links":{"self":[{"href":"https:\/\/fundacionrecover.org\/en\/wp-json\/wp\/v2\/posts\/10331","targetHints":{"allow":["GET"]}}],"collection":[{"href":"https:\/\/fundacionrecover.org\/en\/wp-json\/wp\/v2\/posts"}],"about":[{"href":"https:\/\/fundacionrecover.org\/en\/wp-json\/wp\/v2\/types\/post"}],"author":[{"embeddable":true,"href":"https:\/\/fundacionrecover.org\/en\/wp-json\/wp\/v2\/users\/1"}],"replies":[{"embeddable":true,"href":"https:\/\/fundacionrecover.org\/en\/wp-json\/wp\/v2\/comments?post=10331"}],"version-history":[{"count":0,"href":"https:\/\/fundacionrecover.org\/en\/wp-json\/wp\/v2\/posts\/10331\/revisions"}],"wp:featuredmedia":[{"embeddable":true,"href":"https:\/\/fundacionrecover.org\/en\/wp-json\/wp\/v2\/media\/10334"}],"wp:attachment":[{"href":"https:\/\/fundacionrecover.org\/en\/wp-json\/wp\/v2\/media?parent=10331"}],"wp:term":[{"taxonomy":"category","embeddable":true,"href":"https:\/\/fundacionrecover.org\/en\/wp-json\/wp\/v2\/categories?post=10331"},{"taxonomy":"post_tag","embeddable":true,"href":"https:\/\/fundacionrecover.org\/en\/wp-json\/wp\/v2\/tags?post=10331"}],"curies":[{"name":"wp","href":"https:\/\/api.w.org\/{rel}","templated":true}]}}