{"id":10588,"date":"2025-12-01T11:41:22","date_gmt":"2025-12-01T10:41:22","guid":{"rendered":"https:\/\/fundacionrecover.org\/?p=10588"},"modified":"2025-12-19T11:45:21","modified_gmt":"2025-12-19T10:45:21","slug":"fundacion-recover-recibe-reconocimiento-al-voluntariado-2025-de-comunidad-de-madrid","status":"publish","type":"post","link":"https:\/\/fundacionrecover.org\/en\/fundacion-recover-recibe-reconocimiento-al-voluntariado-2025-de-comunidad-de-madrid\/","title":{"rendered":"Fundaci\u00f3n Recover recibe uno de los Reconocimientos al Voluntariado 2025 de la Comunidad de Madrid"},"content":{"rendered":"<p>Fundaci\u00f3n Recover ha sido distinguida con uno de los 13 <strong>Reconocimientos al Voluntariado 2025<\/strong> otorgados por la Comunidad de Madrid, un galard\u00f3n que pone en valor la labor constante y el compromiso de sus voluntarios y voluntarias. La mayor\u00eda de ellos son profesionales sanitarios procedentes de hospitales p\u00fablicos y privados de toda Espa\u00f1a, cuyo trabajo resulta clave para facilitar el acceso a la atenci\u00f3n sanitaria en \u00c1frica.<\/p>\n\n\n\n<p>El acto de entrega tuvo lugar en el municipio de <strong>Las Rozas<\/strong> y cont\u00f3 con la participaci\u00f3n de la consejera de Familia, Juventud y Asuntos Sociales, <strong>Ana D\u00e1vila-Ponce de Le\u00f3n Municio<\/strong>; el alcalde de Las Rozas, <strong>Jos\u00e9 de la Uz<\/strong>; y el presidente de <strong>FEVOCAM<\/strong>, <strong>Francisco Ga\u00f1\u00e1n<\/strong>.<\/p>\n\n\n\n<p>La distinci\u00f3n fue recogida por el <strong>Dr. Javier S\u00e1nchez Ayuso<\/strong>, m\u00e9dico internista voluntario de Fundaci\u00f3n Recover, y <strong>Cristina Rodrigo Ferr\u00e1n<\/strong>, gestora del Programa de Formaci\u00f3n y Voluntariado Internacional de la Fundaci\u00f3n. Al acto asistieron tambi\u00e9n <strong>Leticia U. Froix<\/strong>, gestora del programa de Refuerzo de Centros Sanitarios de \u00c1frica, as\u00ed como varios voluntarios y voluntarias que forman parte esencial de la organizaci\u00f3n: <strong>Lorenzo y Fernando<\/strong>, en apoyo de oficina y eventos, y <strong>Eva<\/strong>, en el acompa\u00f1amiento de pacientes.<\/p>\n\n\n\n<p>Este reconocimiento supone un homenaje al compromiso, la profesionalidad y el tiempo que dedican las personas voluntarias de Fundaci\u00f3n Recover para mejorar la salud y la atenci\u00f3n sanitaria en contextos vulnerables de \u00c1frica.<\/p>\n\n\n\n<p><strong>\u00bfQuieres formar parte de nuestro voluntariado?<\/strong><br>\ud83d\udc49 Puedes informarte y sumarte a trav\u00e9s de este formulario:<mark style=\"background-color:rgba(0, 0, 0, 0)\" class=\"has-inline-color has-luminous-vivid-orange-color\"> <\/mark><a href=\"https:\/\/fundacionrecover.org\/en\/become-volunteer\/\"><mark style=\"background-color:rgba(0, 0, 0, 0)\" class=\"has-inline-color has-luminous-vivid-orange-color\">https:\/\/fundacionrecover.org\/hazte-voluntario\/<\/mark><\/a><\/p>\n\n\n\n<p><\/p>","protected":false},"excerpt":{"rendered":"<p>El galard\u00f3n pone en valor el compromiso y la dedicaci\u00f3n de las personas voluntarias que hacen posible el trabajo de la Fundaci\u00f3n en \u00c1frica. Un reconocimiento al tiempo, la profesionalidad y la implicaci\u00f3n de quienes contribuyen a mejorar el acceso a la atenci\u00f3n sanitaria en contextos vulnerables.<\/p>","protected":false},"author":1,"featured_media":10589,"comment_status":"closed","ping_status":"closed","sticky":false,"template":"","format":"standard","meta":{"give_campaign_id":0,"footnotes":""},"categories":[11],"tags":[],"class_list":["post-10588","post","type-post","status-publish","format-standard","has-post-thumbnail","hentry","category-noticias"],"yoast_head":"<!-- This site is optimized with the Yoast SEO plugin v27.4 - https:\/\/yoast.com\/product\/yoast-seo-wordpress\/ -->\n<title>Fundaci\u00f3n Recover recibe uno de los Reconocimientos al Voluntariado 2025 de la Comunidad de Madrid - Fundaci\u00f3n Recover Hospitales para \u00c1frica<\/title>\n<meta name=\"robots\" content=\"index, follow, max-snippet:-1, max-image-preview:large, max-video-preview:-1\" \/>\n<link rel=\"canonical\" href=\"https:\/\/fundacionrecover.org\/en\/fundacion-recover-recibe-reconocimiento-al-voluntariado-2025-de-comunidad-de-madrid\/\" \/>\n<meta property=\"og:locale\" content=\"en_GB\" \/>\n<meta property=\"og:type\" content=\"article\" \/>\n<meta property=\"og:title\" content=\"Fundaci\u00f3n Recover recibe uno de los Reconocimientos al Voluntariado 2025 de la Comunidad de Madrid - Fundaci\u00f3n Recover Hospitales para \u00c1frica\" \/>\n<meta property=\"og:description\" content=\"El galard\u00f3n pone en valor el compromiso y la dedicaci\u00f3n de las personas voluntarias que hacen posible el trabajo de la Fundaci\u00f3n en \u00c1frica. Un reconocimiento al tiempo, la profesionalidad y la implicaci\u00f3n de quienes contribuyen a mejorar el acceso a la atenci\u00f3n sanitaria en contextos vulnerables.\" \/>\n<meta property=\"og:url\" content=\"https:\/\/fundacionrecover.org\/en\/fundacion-recover-recibe-reconocimiento-al-voluntariado-2025-de-comunidad-de-madrid\/\" \/>\n<meta property=\"og:site_name\" content=\"Fundaci\u00f3n Recover Hospitales para \u00c1frica\" \/>\n<meta property=\"article:publisher\" content=\"https:\/\/www.facebook.com\/fundacionrecover\/\" \/>\n<meta property=\"article:published_time\" content=\"2025-12-01T10:41:22+00:00\" \/>\n<meta property=\"article:modified_time\" content=\"2025-12-19T10:45:21+00:00\" \/>\n<meta property=\"og:image\" content=\"https:\/\/fundacionrecover.org\/wp-content\/uploads\/2025\/12\/Premio-Com.-Madrid.jpg\" \/>\n\t<meta property=\"og:image:width\" content=\"1100\" \/>\n\t<meta property=\"og:image:height\" content=\"825\" \/>\n\t<meta property=\"og:image:type\" content=\"image\/jpeg\" \/>\n<meta name=\"author\" content=\"Recover\" \/>\n<meta name=\"twitter:card\" content=\"summary_large_image\" \/>\n<meta name=\"twitter:label1\" content=\"Written by\" \/>\n\t<meta name=\"twitter:data1\" content=\"Recover\" \/>\n\t<meta name=\"twitter:label2\" content=\"Estimated reading time\" \/>\n\t<meta name=\"twitter:data2\" content=\"2 minutes\" \/>\n<script type=\"application\/ld+json\" class=\"yoast-schema-graph\">{\"@context\":\"https:\\\/\\\/schema.org\",\"@graph\":[{\"@type\":\"Article\",\"@id\":\"https:\\\/\\\/fundacionrecover.org\\\/fundacion-recover-recibe-reconocimiento-al-voluntariado-2025-de-comunidad-de-madrid\\\/#article\",\"isPartOf\":{\"@id\":\"https:\\\/\\\/fundacionrecover.org\\\/fundacion-recover-recibe-reconocimiento-al-voluntariado-2025-de-comunidad-de-madrid\\\/\"},\"author\":{\"name\":\"Recover\",\"@id\":\"https:\\\/\\\/fundacionrecover.org\\\/#\\\/schema\\\/person\\\/dd196faabb13b5c6e72c88bc6f7c6fb6\"},\"headline\":\"Fundaci\u00f3n Recover recibe uno de los Reconocimientos al Voluntariado 2025 de la Comunidad de Madrid\",\"datePublished\":\"2025-12-01T10:41:22+00:00\",\"dateModified\":\"2025-12-19T10:45:21+00:00\",\"mainEntityOfPage\":{\"@id\":\"https:\\\/\\\/fundacionrecover.org\\\/fundacion-recover-recibe-reconocimiento-al-voluntariado-2025-de-comunidad-de-madrid\\\/\"},\"wordCount\":279,\"publisher\":{\"@id\":\"https:\\\/\\\/fundacionrecover.org\\\/#organization\"},\"image\":{\"@id\":\"https:\\\/\\\/fundacionrecover.org\\\/fundacion-recover-recibe-reconocimiento-al-voluntariado-2025-de-comunidad-de-madrid\\\/#primaryimage\"},\"thumbnailUrl\":\"https:\\\/\\\/fundacionrecover.org\\\/wp-content\\\/uploads\\\/2025\\\/12\\\/Premio-Com.-Madrid.jpg\",\"articleSection\":[\"Noticias\"],\"inLanguage\":\"en-GB\"},{\"@type\":\"WebPage\",\"@id\":\"https:\\\/\\\/fundacionrecover.org\\\/fundacion-recover-recibe-reconocimiento-al-voluntariado-2025-de-comunidad-de-madrid\\\/\",\"url\":\"https:\\\/\\\/fundacionrecover.org\\\/fundacion-recover-recibe-reconocimiento-al-voluntariado-2025-de-comunidad-de-madrid\\\/\",\"name\":\"Fundaci\u00f3n Recover recibe uno de los Reconocimientos al Voluntariado 2025 de la Comunidad de Madrid - Fundaci\u00f3n Recover Hospitales para \u00c1frica\",\"isPartOf\":{\"@id\":\"https:\\\/\\\/fundacionrecover.org\\\/#website\"},\"primaryImageOfPage\":{\"@id\":\"https:\\\/\\\/fundacionrecover.org\\\/fundacion-recover-recibe-reconocimiento-al-voluntariado-2025-de-comunidad-de-madrid\\\/#primaryimage\"},\"image\":{\"@id\":\"https:\\\/\\\/fundacionrecover.org\\\/fundacion-recover-recibe-reconocimiento-al-voluntariado-2025-de-comunidad-de-madrid\\\/#primaryimage\"},\"thumbnailUrl\":\"https:\\\/\\\/fundacionrecover.org\\\/wp-content\\\/uploads\\\/2025\\\/12\\\/Premio-Com.-Madrid.jpg\",\"datePublished\":\"2025-12-01T10:41:22+00:00\",\"dateModified\":\"2025-12-19T10:45:21+00:00\",\"breadcrumb\":{\"@id\":\"https:\\\/\\\/fundacionrecover.org\\\/fundacion-recover-recibe-reconocimiento-al-voluntariado-2025-de-comunidad-de-madrid\\\/#breadcrumb\"},\"inLanguage\":\"en-GB\",\"potentialAction\":[{\"@type\":\"ReadAction\",\"target\":[\"https:\\\/\\\/fundacionrecover.org\\\/fundacion-recover-recibe-reconocimiento-al-voluntariado-2025-de-comunidad-de-madrid\\\/\"]}]},{\"@type\":\"ImageObject\",\"inLanguage\":\"en-GB\",\"@id\":\"https:\\\/\\\/fundacionrecover.org\\\/fundacion-recover-recibe-reconocimiento-al-voluntariado-2025-de-comunidad-de-madrid\\\/#primaryimage\",\"url\":\"https:\\\/\\\/fundacionrecover.org\\\/wp-content\\\/uploads\\\/2025\\\/12\\\/Premio-Com.-Madrid.jpg\",\"contentUrl\":\"https:\\\/\\\/fundacionrecover.org\\\/wp-content\\\/uploads\\\/2025\\\/12\\\/Premio-Com.-Madrid.jpg\",\"width\":1100,\"height\":825,\"caption\":\"Premio Voluntariado en Comunidad de Madrid\"},{\"@type\":\"BreadcrumbList\",\"@id\":\"https:\\\/\\\/fundacionrecover.org\\\/fundacion-recover-recibe-reconocimiento-al-voluntariado-2025-de-comunidad-de-madrid\\\/#breadcrumb\",\"itemListElement\":[{\"@type\":\"ListItem\",\"position\":1,\"name\":\"Home\",\"item\":\"https:\\\/\\\/fundacionrecover.org\\\/\"},{\"@type\":\"ListItem\",\"position\":2,\"name\":\"Noticias\",\"item\":\"https:\\\/\\\/fundacionrecover.org\\\/category\\\/noticias\\\/\"},{\"@type\":\"ListItem\",\"position\":3,\"name\":\"Fundaci\u00f3n Recover recibe uno de los Reconocimientos al Voluntariado 2025 de la Comunidad de Madrid\"}]},{\"@type\":\"WebSite\",\"@id\":\"https:\\\/\\\/fundacionrecover.org\\\/#website\",\"url\":\"https:\\\/\\\/fundacionrecover.org\\\/\",\"name\":\"Fundaci\u00f3n Recover Hospitales para \u00c1frica\",\"description\":\"Fundaci\u00f3n Recover\",\"publisher\":{\"@id\":\"https:\\\/\\\/fundacionrecover.org\\\/#organization\"},\"potentialAction\":[{\"@type\":\"SearchAction\",\"target\":{\"@type\":\"EntryPoint\",\"urlTemplate\":\"https:\\\/\\\/fundacionrecover.org\\\/?s={search_term_string}\"},\"query-input\":{\"@type\":\"PropertyValueSpecification\",\"valueRequired\":true,\"valueName\":\"search_term_string\"}}],\"inLanguage\":\"en-GB\"},{\"@type\":\"Organization\",\"@id\":\"https:\\\/\\\/fundacionrecover.org\\\/#organization\",\"name\":\"Fundaci\u00f3n Recover, Hospitales para \u00c1frica\",\"alternateName\":\"Fundaci\u00f3n Recover\",\"url\":\"https:\\\/\\\/fundacionrecover.org\\\/\",\"logo\":{\"@type\":\"ImageObject\",\"inLanguage\":\"en-GB\",\"@id\":\"https:\\\/\\\/fundacionrecover.org\\\/#\\\/schema\\\/logo\\\/image\\\/\",\"url\":\"https:\\\/\\\/fundacionrecover.org\\\/wp-content\\\/uploads\\\/2024\\\/03\\\/FundacionRecoverHospitalesParaAfrica_logo_blanco_cut.png\",\"contentUrl\":\"https:\\\/\\\/fundacionrecover.org\\\/wp-content\\\/uploads\\\/2024\\\/03\\\/FundacionRecoverHospitalesParaAfrica_logo_blanco_cut.png\",\"width\":335,\"height\":183,\"caption\":\"Fundaci\u00f3n Recover, Hospitales para \u00c1frica\"},\"image\":{\"@id\":\"https:\\\/\\\/fundacionrecover.org\\\/#\\\/schema\\\/logo\\\/image\\\/\"},\"sameAs\":[\"https:\\\/\\\/www.facebook.com\\\/fundacionrecover\\\/\",\"https:\\\/\\\/www.instagram.com\\\/fundacionrecover\\\/\",\"https:\\\/\\\/www.linkedin.com\\\/company\\\/fundaci\u00f3n-recover-hospitales-para-\u00e1frica\\\/\",\"https:\\\/\\\/www.tiktok.com\\\/@fundacionrecover\"]},{\"@type\":\"Person\",\"@id\":\"https:\\\/\\\/fundacionrecover.org\\\/#\\\/schema\\\/person\\\/dd196faabb13b5c6e72c88bc6f7c6fb6\",\"name\":\"Recover\",\"sameAs\":[\"https:\\\/\\\/fundacionrecover.org\"]}]}<\/script>\n<!-- \/ Yoast SEO plugin. -->","yoast_head_json":{"title":"Fundaci\u00f3n Recover recibe uno de los Reconocimientos al Voluntariado 2025 de la Comunidad de Madrid - Fundaci\u00f3n Recover Hospitales para \u00c1frica","robots":{"index":"index","follow":"follow","max-snippet":"max-snippet:-1","max-image-preview":"max-image-preview:large","max-video-preview":"max-video-preview:-1"},"canonical":"https:\/\/fundacionrecover.org\/en\/fundacion-recover-recibe-reconocimiento-al-voluntariado-2025-de-comunidad-de-madrid\/","og_locale":"en_GB","og_type":"article","og_title":"Fundaci\u00f3n Recover recibe uno de los Reconocimientos al Voluntariado 2025 de la Comunidad de Madrid - Fundaci\u00f3n Recover Hospitales para \u00c1frica","og_description":"El galard\u00f3n pone en valor el compromiso y la dedicaci\u00f3n de las personas voluntarias que hacen posible el trabajo de la Fundaci\u00f3n en \u00c1frica. Un reconocimiento al tiempo, la profesionalidad y la implicaci\u00f3n de quienes contribuyen a mejorar el acceso a la atenci\u00f3n sanitaria en contextos vulnerables.","og_url":"https:\/\/fundacionrecover.org\/en\/fundacion-recover-recibe-reconocimiento-al-voluntariado-2025-de-comunidad-de-madrid\/","og_site_name":"Fundaci\u00f3n Recover Hospitales para \u00c1frica","article_publisher":"https:\/\/www.facebook.com\/fundacionrecover\/","article_published_time":"2025-12-01T10:41:22+00:00","article_modified_time":"2025-12-19T10:45:21+00:00","og_image":[{"width":1100,"height":825,"url":"https:\/\/fundacionrecover.org\/wp-content\/uploads\/2025\/12\/Premio-Com.-Madrid.jpg","type":"image\/jpeg"}],"author":"Recover","twitter_card":"summary_large_image","twitter_misc":{"Written by":"Recover","Estimated reading time":"2 minutes"},"schema":{"@context":"https:\/\/schema.org","@graph":[{"@type":"Article","@id":"https:\/\/fundacionrecover.org\/fundacion-recover-recibe-reconocimiento-al-voluntariado-2025-de-comunidad-de-madrid\/#article","isPartOf":{"@id":"https:\/\/fundacionrecover.org\/fundacion-recover-recibe-reconocimiento-al-voluntariado-2025-de-comunidad-de-madrid\/"},"author":{"name":"Recover","@id":"https:\/\/fundacionrecover.org\/#\/schema\/person\/dd196faabb13b5c6e72c88bc6f7c6fb6"},"headline":"Fundaci\u00f3n Recover recibe uno de los Reconocimientos al Voluntariado 2025 de la Comunidad de Madrid","datePublished":"2025-12-01T10:41:22+00:00","dateModified":"2025-12-19T10:45:21+00:00","mainEntityOfPage":{"@id":"https:\/\/fundacionrecover.org\/fundacion-recover-recibe-reconocimiento-al-voluntariado-2025-de-comunidad-de-madrid\/"},"wordCount":279,"publisher":{"@id":"https:\/\/fundacionrecover.org\/#organization"},"image":{"@id":"https:\/\/fundacionrecover.org\/fundacion-recover-recibe-reconocimiento-al-voluntariado-2025-de-comunidad-de-madrid\/#primaryimage"},"thumbnailUrl":"https:\/\/fundacionrecover.org\/wp-content\/uploads\/2025\/12\/Premio-Com.-Madrid.jpg","articleSection":["Noticias"],"inLanguage":"en-GB"},{"@type":"WebPage","@id":"https:\/\/fundacionrecover.org\/fundacion-recover-recibe-reconocimiento-al-voluntariado-2025-de-comunidad-de-madrid\/","url":"https:\/\/fundacionrecover.org\/fundacion-recover-recibe-reconocimiento-al-voluntariado-2025-de-comunidad-de-madrid\/","name":"Fundaci\u00f3n Recover recibe uno de los Reconocimientos al Voluntariado 2025 de la Comunidad de Madrid - Fundaci\u00f3n Recover Hospitales para \u00c1frica","isPartOf":{"@id":"https:\/\/fundacionrecover.org\/#website"},"primaryImageOfPage":{"@id":"https:\/\/fundacionrecover.org\/fundacion-recover-recibe-reconocimiento-al-voluntariado-2025-de-comunidad-de-madrid\/#primaryimage"},"image":{"@id":"https:\/\/fundacionrecover.org\/fundacion-recover-recibe-reconocimiento-al-voluntariado-2025-de-comunidad-de-madrid\/#primaryimage"},"thumbnailUrl":"https:\/\/fundacionrecover.org\/wp-content\/uploads\/2025\/12\/Premio-Com.-Madrid.jpg","datePublished":"2025-12-01T10:41:22+00:00","dateModified":"2025-12-19T10:45:21+00:00","breadcrumb":{"@id":"https:\/\/fundacionrecover.org\/fundacion-recover-recibe-reconocimiento-al-voluntariado-2025-de-comunidad-de-madrid\/#breadcrumb"},"inLanguage":"en-GB","potentialAction":[{"@type":"ReadAction","target":["https:\/\/fundacionrecover.org\/fundacion-recover-recibe-reconocimiento-al-voluntariado-2025-de-comunidad-de-madrid\/"]}]},{"@type":"ImageObject","inLanguage":"en-GB","@id":"https:\/\/fundacionrecover.org\/fundacion-recover-recibe-reconocimiento-al-voluntariado-2025-de-comunidad-de-madrid\/#primaryimage","url":"https:\/\/fundacionrecover.org\/wp-content\/uploads\/2025\/12\/Premio-Com.-Madrid.jpg","contentUrl":"https:\/\/fundacionrecover.org\/wp-content\/uploads\/2025\/12\/Premio-Com.-Madrid.jpg","width":1100,"height":825,"caption":"Premio Voluntariado en Comunidad de Madrid"},{"@type":"BreadcrumbList","@id":"https:\/\/fundacionrecover.org\/fundacion-recover-recibe-reconocimiento-al-voluntariado-2025-de-comunidad-de-madrid\/#breadcrumb","itemListElement":[{"@type":"ListItem","position":1,"name":"Home","item":"https:\/\/fundacionrecover.org\/"},{"@type":"ListItem","position":2,"name":"Noticias","item":"https:\/\/fundacionrecover.org\/category\/noticias\/"},{"@type":"ListItem","position":3,"name":"Fundaci\u00f3n Recover recibe uno de los Reconocimientos al Voluntariado 2025 de la Comunidad de Madrid"}]},{"@type":"WebSite","@id":"https:\/\/fundacionrecover.org\/#website","url":"https:\/\/fundacionrecover.org\/","name":"Recover Foundation, Hospitals for Africa","description":"Recover Foundation","publisher":{"@id":"https:\/\/fundacionrecover.org\/#organization"},"potentialAction":[{"@type":"SearchAction","target":{"@type":"EntryPoint","urlTemplate":"https:\/\/fundacionrecover.org\/?s={search_term_string}"},"query-input":{"@type":"PropertyValueSpecification","valueRequired":true,"valueName":"search_term_string"}}],"inLanguage":"en-GB"},{"@type":"Organization","@id":"https:\/\/fundacionrecover.org\/#organization","name":"Recover Foundation, Hospitals for Africa","alternateName":"Fundaci\u00f3n Recover","url":"https:\/\/fundacionrecover.org\/","logo":{"@type":"ImageObject","inLanguage":"en-GB","@id":"https:\/\/fundacionrecover.org\/#\/schema\/logo\/image\/","url":"https:\/\/fundacionrecover.org\/wp-content\/uploads\/2024\/03\/FundacionRecoverHospitalesParaAfrica_logo_blanco_cut.png","contentUrl":"https:\/\/fundacionrecover.org\/wp-content\/uploads\/2024\/03\/FundacionRecoverHospitalesParaAfrica_logo_blanco_cut.png","width":335,"height":183,"caption":"Fundaci\u00f3n Recover, Hospitales para \u00c1frica"},"image":{"@id":"https:\/\/fundacionrecover.org\/#\/schema\/logo\/image\/"},"sameAs":["https:\/\/www.facebook.com\/fundacionrecover\/","https:\/\/www.instagram.com\/fundacionrecover\/","https:\/\/www.linkedin.com\/company\/fundaci\u00f3n-recover-hospitales-para-\u00e1frica\/","https:\/\/www.tiktok.com\/@fundacionrecover"]},{"@type":"Person","@id":"https:\/\/fundacionrecover.org\/#\/schema\/person\/dd196faabb13b5c6e72c88bc6f7c6fb6","name":"Recover","sameAs":["https:\/\/fundacionrecover.org"]}]}},"_links":{"self":[{"href":"https:\/\/fundacionrecover.org\/en\/wp-json\/wp\/v2\/posts\/10588","targetHints":{"allow":["GET"]}}],"collection":[{"href":"https:\/\/fundacionrecover.org\/en\/wp-json\/wp\/v2\/posts"}],"about":[{"href":"https:\/\/fundacionrecover.org\/en\/wp-json\/wp\/v2\/types\/post"}],"author":[{"embeddable":true,"href":"https:\/\/fundacionrecover.org\/en\/wp-json\/wp\/v2\/users\/1"}],"replies":[{"embeddable":true,"href":"https:\/\/fundacionrecover.org\/en\/wp-json\/wp\/v2\/comments?post=10588"}],"version-history":[{"count":2,"href":"https:\/\/fundacionrecover.org\/en\/wp-json\/wp\/v2\/posts\/10588\/revisions"}],"predecessor-version":[{"id":10591,"href":"https:\/\/fundacionrecover.org\/en\/wp-json\/wp\/v2\/posts\/10588\/revisions\/10591"}],"wp:featuredmedia":[{"embeddable":true,"href":"https:\/\/fundacionrecover.org\/en\/wp-json\/wp\/v2\/media\/10589"}],"wp:attachment":[{"href":"https:\/\/fundacionrecover.org\/en\/wp-json\/wp\/v2\/media?parent=10588"}],"wp:term":[{"taxonomy":"category","embeddable":true,"href":"https:\/\/fundacionrecover.org\/en\/wp-json\/wp\/v2\/categories?post=10588"},{"taxonomy":"post_tag","embeddable":true,"href":"https:\/\/fundacionrecover.org\/en\/wp-json\/wp\/v2\/tags?post=10588"}],"curies":[{"name":"wp","href":"https:\/\/api.w.org\/{rel}","templated":true}]}}