{"id":3329,"date":"2022-12-16T13:17:01","date_gmt":"2022-12-16T12:17:01","guid":{"rendered":"https:\/\/fundacionrecover.org\/?p=13805"},"modified":"2024-05-30T10:30:39","modified_gmt":"2024-05-30T08:30:39","slug":"v-telemedicine-conference-in-madrid","status":"publish","type":"post","link":"https:\/\/fundacionrecover.org\/en\/v-jornada-sobre-telemedicina-en-madrid\/","title":{"rendered":"The 5th Madrid Telemedicine Conference in the media"},"content":{"rendered":"<p>On 22 November, in Madrid, we held the 5th Conference of our Programme \"Telemedicine: a window to health development in Africa\".<\/p>\n<p>Through this programme, we connect nurses and doctors from Africa with specialists from Spain and other countries around the world who volunteer their knowledge to solve complex diagnostic cases and provide continuous training. In this conference, together with health entities, NGOs, technology developers, experts in digital health and African health professionals, we shared experiences and discussed the benefits and challenges of Telemedicine as a platform for sharing knowledge.<\/p>\n<p>Read the articles in:<\/p>\n<p><strong><a href=\"https:\/\/www.europapress.es\/epsocial\/cooperacion-desarrollo\/noticia-programa-telemedicina-fundacion-recover-alcanza-mas-50-hospitales-africanos-20221123124937.html\" target=\"_blank\" rel=\"noopener\">&gt;&gt; Europa Press<\/a><\/strong><\/p>\n<p><strong><a href=\"https:\/\/www.lavanguardia.com\/vida\/20221123\/8618506\/50-hospitales-africanos-cuentan-telemedicina-gracias-fundacion-recover.html\" target=\"_blank\" rel=\"noopener\">&gt;&gt; La Vanguardia<\/a><\/strong><\/p>\n<p><strong><a href=\"https:\/\/www.infosalus.com\/asistencia\/noticia-programa-telemedicina-fundacion-recover-alcanza-mas-50-hospitales-africanos-20221123124634.html\" target=\"_blank\" rel=\"noopener\">&gt;&gt; Infosalus<\/a><\/strong><\/p>\n<p><strong><a href=\"https:\/\/www.diariosigloxxi.com\/texto-ep\/mostrar\/20221123124634\/programa-telemedicina-fundacion-recover-alcanza-50-hospitales-africanos\">&gt;&gt; 21st Century<\/a><\/strong><\/p>\n<p><strong><a href=\"https:\/\/cronicadecantabria.com\/cr\/el-programa-de-telemedicina-de-la-fundacin-recover-alcanza-a-ms-de-50-hospitales-africanos\/\" target=\"_blank\" rel=\"noopener\">&gt;&gt; Cr\u00f3nica de Cantabria<\/a><\/strong><\/p>\n<p><strong><a href=\"https:\/\/www.phmk.es\/rsc\/el-programa-de-telemedicina-de-la-fundacion-recover-alcanza-a-mas-de-50-hospitales-africanos\" target=\"_blank\" rel=\"noopener\">&gt;&gt; Pharmamarket<\/a><\/strong><\/p>","protected":false},"excerpt":{"rendered":"<p>On 22 November we held the 5th Conference of our Programme \"Telemedicine: a window to health development in Africa\" in which we shared experiences with African health professionals.<\/p>","protected":false},"author":1,"featured_media":3330,"comment_status":"closed","ping_status":"closed","sticky":false,"template":"","format":"standard","meta":{"give_campaign_id":0,"footnotes":""},"categories":[13],"tags":[],"class_list":["post-3329","post","type-post","status-publish","format-standard","has-post-thumbnail","hentry","category-prensa"],"yoast_head":"<!-- This site is optimized with the Yoast SEO plugin v27.4 - https:\/\/yoast.com\/product\/yoast-seo-wordpress\/ -->\n<title>La V Jornada sobre Telemedicina en Madrid en los medios de comunicaci\u00f3n - Fundaci\u00f3n Recover Hospitales para \u00c1frica<\/title>\n<meta name=\"robots\" content=\"index, follow, max-snippet:-1, max-image-preview:large, max-video-preview:-1\" \/>\n<link rel=\"canonical\" href=\"https:\/\/fundacionrecover.org\/en\/v-telemedicine-conference-in-madrid\/\" \/>\n<meta property=\"og:locale\" content=\"en_GB\" \/>\n<meta property=\"og:type\" content=\"article\" \/>\n<meta property=\"og:title\" content=\"La V Jornada sobre Telemedicina en Madrid en los medios de comunicaci\u00f3n - Fundaci\u00f3n Recover Hospitales para \u00c1frica\" \/>\n<meta property=\"og:description\" content=\"El 22 de noviembre realizamos la V Jornada de nuestro Programa \u201cTelemedicina: una ventana al desarrollo sanitario en \u00c1frica\u201d en la que compartimos experiencias con sanitarios africanos\" \/>\n<meta property=\"og:url\" content=\"https:\/\/fundacionrecover.org\/en\/v-telemedicine-conference-in-madrid\/\" \/>\n<meta property=\"og:site_name\" content=\"Fundaci\u00f3n Recover Hospitales para \u00c1frica\" \/>\n<meta property=\"article:publisher\" content=\"https:\/\/www.facebook.com\/fundacionrecover\/\" \/>\n<meta property=\"article:published_time\" content=\"2022-12-16T12:17:01+00:00\" \/>\n<meta property=\"article:modified_time\" content=\"2024-05-30T08:30:39+00:00\" \/>\n<meta property=\"og:image\" content=\"https:\/\/fundacionrecover.org\/wp-content\/uploads\/2022\/12\/WhatsApp-Image-2022-11-22-at-8.32.04-PM-1024x768-1.jpeg\" \/>\n\t<meta property=\"og:image:width\" content=\"1024\" \/>\n\t<meta property=\"og:image:height\" content=\"768\" \/>\n\t<meta property=\"og:image:type\" content=\"image\/jpeg\" \/>\n<meta name=\"author\" content=\"Recover\" \/>\n<meta name=\"twitter:card\" content=\"summary_large_image\" \/>\n<meta name=\"twitter:label1\" content=\"Written by\" \/>\n\t<meta name=\"twitter:data1\" content=\"Recover\" \/>\n\t<meta name=\"twitter:label2\" content=\"Estimated reading time\" \/>\n\t<meta name=\"twitter:data2\" content=\"1 minute\" \/>\n<script type=\"application\/ld+json\" class=\"yoast-schema-graph\">{\"@context\":\"https:\\\/\\\/schema.org\",\"@graph\":[{\"@type\":\"Article\",\"@id\":\"https:\\\/\\\/fundacionrecover.org\\\/v-jornada-sobre-telemedicina-en-madrid\\\/#article\",\"isPartOf\":{\"@id\":\"https:\\\/\\\/fundacionrecover.org\\\/v-jornada-sobre-telemedicina-en-madrid\\\/\"},\"author\":{\"name\":\"Recover\",\"@id\":\"https:\\\/\\\/fundacionrecover.org\\\/#\\\/schema\\\/person\\\/dd196faabb13b5c6e72c88bc6f7c6fb6\"},\"headline\":\"La V Jornada sobre Telemedicina en Madrid en los medios de comunicaci\u00f3n\",\"datePublished\":\"2022-12-16T12:17:01+00:00\",\"dateModified\":\"2024-05-30T08:30:39+00:00\",\"mainEntityOfPage\":{\"@id\":\"https:\\\/\\\/fundacionrecover.org\\\/v-jornada-sobre-telemedicina-en-madrid\\\/\"},\"wordCount\":143,\"publisher\":{\"@id\":\"https:\\\/\\\/fundacionrecover.org\\\/#organization\"},\"image\":{\"@id\":\"https:\\\/\\\/fundacionrecover.org\\\/v-jornada-sobre-telemedicina-en-madrid\\\/#primaryimage\"},\"thumbnailUrl\":\"https:\\\/\\\/fundacionrecover.org\\\/wp-content\\\/uploads\\\/2022\\\/12\\\/WhatsApp-Image-2022-11-22-at-8.32.04-PM-1024x768-1.jpeg\",\"articleSection\":[\"Recover en los medios\"],\"inLanguage\":\"en-GB\"},{\"@type\":\"WebPage\",\"@id\":\"https:\\\/\\\/fundacionrecover.org\\\/v-jornada-sobre-telemedicina-en-madrid\\\/\",\"url\":\"https:\\\/\\\/fundacionrecover.org\\\/v-jornada-sobre-telemedicina-en-madrid\\\/\",\"name\":\"La V Jornada sobre Telemedicina en Madrid en los medios de comunicaci\u00f3n - Fundaci\u00f3n Recover Hospitales para \u00c1frica\",\"isPartOf\":{\"@id\":\"https:\\\/\\\/fundacionrecover.org\\\/#website\"},\"primaryImageOfPage\":{\"@id\":\"https:\\\/\\\/fundacionrecover.org\\\/v-jornada-sobre-telemedicina-en-madrid\\\/#primaryimage\"},\"image\":{\"@id\":\"https:\\\/\\\/fundacionrecover.org\\\/v-jornada-sobre-telemedicina-en-madrid\\\/#primaryimage\"},\"thumbnailUrl\":\"https:\\\/\\\/fundacionrecover.org\\\/wp-content\\\/uploads\\\/2022\\\/12\\\/WhatsApp-Image-2022-11-22-at-8.32.04-PM-1024x768-1.jpeg\",\"datePublished\":\"2022-12-16T12:17:01+00:00\",\"dateModified\":\"2024-05-30T08:30:39+00:00\",\"breadcrumb\":{\"@id\":\"https:\\\/\\\/fundacionrecover.org\\\/v-jornada-sobre-telemedicina-en-madrid\\\/#breadcrumb\"},\"inLanguage\":\"en-GB\",\"potentialAction\":[{\"@type\":\"ReadAction\",\"target\":[\"https:\\\/\\\/fundacionrecover.org\\\/v-jornada-sobre-telemedicina-en-madrid\\\/\"]}]},{\"@type\":\"ImageObject\",\"inLanguage\":\"en-GB\",\"@id\":\"https:\\\/\\\/fundacionrecover.org\\\/v-jornada-sobre-telemedicina-en-madrid\\\/#primaryimage\",\"url\":\"https:\\\/\\\/fundacionrecover.org\\\/wp-content\\\/uploads\\\/2022\\\/12\\\/WhatsApp-Image-2022-11-22-at-8.32.04-PM-1024x768-1.jpeg\",\"contentUrl\":\"https:\\\/\\\/fundacionrecover.org\\\/wp-content\\\/uploads\\\/2022\\\/12\\\/WhatsApp-Image-2022-11-22-at-8.32.04-PM-1024x768-1.jpeg\",\"width\":1024,\"height\":768},{\"@type\":\"BreadcrumbList\",\"@id\":\"https:\\\/\\\/fundacionrecover.org\\\/v-jornada-sobre-telemedicina-en-madrid\\\/#breadcrumb\",\"itemListElement\":[{\"@type\":\"ListItem\",\"position\":1,\"name\":\"Home\",\"item\":\"https:\\\/\\\/fundacionrecover.org\\\/\"},{\"@type\":\"ListItem\",\"position\":2,\"name\":\"Recover en los medios\",\"item\":\"https:\\\/\\\/fundacionrecover.org\\\/category\\\/prensa\\\/\"},{\"@type\":\"ListItem\",\"position\":3,\"name\":\"La V Jornada sobre Telemedicina en Madrid en los medios de comunicaci\u00f3n\"}]},{\"@type\":\"WebSite\",\"@id\":\"https:\\\/\\\/fundacionrecover.org\\\/#website\",\"url\":\"https:\\\/\\\/fundacionrecover.org\\\/\",\"name\":\"Fundaci\u00f3n Recover Hospitales para \u00c1frica\",\"description\":\"Fundaci\u00f3n Recover\",\"publisher\":{\"@id\":\"https:\\\/\\\/fundacionrecover.org\\\/#organization\"},\"potentialAction\":[{\"@type\":\"SearchAction\",\"target\":{\"@type\":\"EntryPoint\",\"urlTemplate\":\"https:\\\/\\\/fundacionrecover.org\\\/?s={search_term_string}\"},\"query-input\":{\"@type\":\"PropertyValueSpecification\",\"valueRequired\":true,\"valueName\":\"search_term_string\"}}],\"inLanguage\":\"en-GB\"},{\"@type\":\"Organization\",\"@id\":\"https:\\\/\\\/fundacionrecover.org\\\/#organization\",\"name\":\"Fundaci\u00f3n Recover, Hospitales para \u00c1frica\",\"alternateName\":\"Fundaci\u00f3n Recover\",\"url\":\"https:\\\/\\\/fundacionrecover.org\\\/\",\"logo\":{\"@type\":\"ImageObject\",\"inLanguage\":\"en-GB\",\"@id\":\"https:\\\/\\\/fundacionrecover.org\\\/#\\\/schema\\\/logo\\\/image\\\/\",\"url\":\"https:\\\/\\\/fundacionrecover.org\\\/wp-content\\\/uploads\\\/2024\\\/03\\\/FundacionRecoverHospitalesParaAfrica_logo_blanco_cut.png\",\"contentUrl\":\"https:\\\/\\\/fundacionrecover.org\\\/wp-content\\\/uploads\\\/2024\\\/03\\\/FundacionRecoverHospitalesParaAfrica_logo_blanco_cut.png\",\"width\":335,\"height\":183,\"caption\":\"Fundaci\u00f3n Recover, Hospitales para \u00c1frica\"},\"image\":{\"@id\":\"https:\\\/\\\/fundacionrecover.org\\\/#\\\/schema\\\/logo\\\/image\\\/\"},\"sameAs\":[\"https:\\\/\\\/www.facebook.com\\\/fundacionrecover\\\/\",\"https:\\\/\\\/www.instagram.com\\\/fundacionrecover\\\/\",\"https:\\\/\\\/www.linkedin.com\\\/company\\\/fundaci\u00f3n-recover-hospitales-para-\u00e1frica\\\/\",\"https:\\\/\\\/www.tiktok.com\\\/@fundacionrecover\"]},{\"@type\":\"Person\",\"@id\":\"https:\\\/\\\/fundacionrecover.org\\\/#\\\/schema\\\/person\\\/dd196faabb13b5c6e72c88bc6f7c6fb6\",\"name\":\"Recover\",\"sameAs\":[\"https:\\\/\\\/fundacionrecover.org\"]}]}<\/script>\n<!-- \/ Yoast SEO plugin. -->","yoast_head_json":{"title":"The V Conference on Telemedicine in Madrid in the media - Recover Hospitals for Africa Foundation","robots":{"index":"index","follow":"follow","max-snippet":"max-snippet:-1","max-image-preview":"max-image-preview:large","max-video-preview":"max-video-preview:-1"},"canonical":"https:\/\/fundacionrecover.org\/en\/v-telemedicine-conference-in-madrid\/","og_locale":"en_GB","og_type":"article","og_title":"La V Jornada sobre Telemedicina en Madrid en los medios de comunicaci\u00f3n - Fundaci\u00f3n Recover Hospitales para \u00c1frica","og_description":"El 22 de noviembre realizamos la V Jornada de nuestro Programa \u201cTelemedicina: una ventana al desarrollo sanitario en \u00c1frica\u201d en la que compartimos experiencias con sanitarios africanos","og_url":"https:\/\/fundacionrecover.org\/en\/v-telemedicine-conference-in-madrid\/","og_site_name":"Fundaci\u00f3n Recover Hospitales para \u00c1frica","article_publisher":"https:\/\/www.facebook.com\/fundacionrecover\/","article_published_time":"2022-12-16T12:17:01+00:00","article_modified_time":"2024-05-30T08:30:39+00:00","og_image":[{"width":1024,"height":768,"url":"https:\/\/fundacionrecover.org\/wp-content\/uploads\/2022\/12\/WhatsApp-Image-2022-11-22-at-8.32.04-PM-1024x768-1.jpeg","type":"image\/jpeg"}],"author":"Recover","twitter_card":"summary_large_image","twitter_misc":{"Written by":"Recover","Estimated reading time":"1 minute"},"schema":{"@context":"https:\/\/schema.org","@graph":[{"@type":"Article","@id":"https:\/\/fundacionrecover.org\/v-jornada-sobre-telemedicina-en-madrid\/#article","isPartOf":{"@id":"https:\/\/fundacionrecover.org\/v-jornada-sobre-telemedicina-en-madrid\/"},"author":{"name":"Recover","@id":"https:\/\/fundacionrecover.org\/#\/schema\/person\/dd196faabb13b5c6e72c88bc6f7c6fb6"},"headline":"La V Jornada sobre Telemedicina en Madrid en los medios de comunicaci\u00f3n","datePublished":"2022-12-16T12:17:01+00:00","dateModified":"2024-05-30T08:30:39+00:00","mainEntityOfPage":{"@id":"https:\/\/fundacionrecover.org\/v-jornada-sobre-telemedicina-en-madrid\/"},"wordCount":143,"publisher":{"@id":"https:\/\/fundacionrecover.org\/#organization"},"image":{"@id":"https:\/\/fundacionrecover.org\/v-jornada-sobre-telemedicina-en-madrid\/#primaryimage"},"thumbnailUrl":"https:\/\/fundacionrecover.org\/wp-content\/uploads\/2022\/12\/WhatsApp-Image-2022-11-22-at-8.32.04-PM-1024x768-1.jpeg","articleSection":["Recover en los medios"],"inLanguage":"en-GB"},{"@type":"WebPage","@id":"https:\/\/fundacionrecover.org\/v-jornada-sobre-telemedicina-en-madrid\/","url":"https:\/\/fundacionrecover.org\/v-jornada-sobre-telemedicina-en-madrid\/","name":"The V Conference on Telemedicine in Madrid in the media - Recover Hospitals for Africa Foundation","isPartOf":{"@id":"https:\/\/fundacionrecover.org\/#website"},"primaryImageOfPage":{"@id":"https:\/\/fundacionrecover.org\/v-jornada-sobre-telemedicina-en-madrid\/#primaryimage"},"image":{"@id":"https:\/\/fundacionrecover.org\/v-jornada-sobre-telemedicina-en-madrid\/#primaryimage"},"thumbnailUrl":"https:\/\/fundacionrecover.org\/wp-content\/uploads\/2022\/12\/WhatsApp-Image-2022-11-22-at-8.32.04-PM-1024x768-1.jpeg","datePublished":"2022-12-16T12:17:01+00:00","dateModified":"2024-05-30T08:30:39+00:00","breadcrumb":{"@id":"https:\/\/fundacionrecover.org\/v-jornada-sobre-telemedicina-en-madrid\/#breadcrumb"},"inLanguage":"en-GB","potentialAction":[{"@type":"ReadAction","target":["https:\/\/fundacionrecover.org\/v-jornada-sobre-telemedicina-en-madrid\/"]}]},{"@type":"ImageObject","inLanguage":"en-GB","@id":"https:\/\/fundacionrecover.org\/v-jornada-sobre-telemedicina-en-madrid\/#primaryimage","url":"https:\/\/fundacionrecover.org\/wp-content\/uploads\/2022\/12\/WhatsApp-Image-2022-11-22-at-8.32.04-PM-1024x768-1.jpeg","contentUrl":"https:\/\/fundacionrecover.org\/wp-content\/uploads\/2022\/12\/WhatsApp-Image-2022-11-22-at-8.32.04-PM-1024x768-1.jpeg","width":1024,"height":768},{"@type":"BreadcrumbList","@id":"https:\/\/fundacionrecover.org\/v-jornada-sobre-telemedicina-en-madrid\/#breadcrumb","itemListElement":[{"@type":"ListItem","position":1,"name":"Home","item":"https:\/\/fundacionrecover.org\/"},{"@type":"ListItem","position":2,"name":"Recover en los medios","item":"https:\/\/fundacionrecover.org\/category\/prensa\/"},{"@type":"ListItem","position":3,"name":"La V Jornada sobre Telemedicina en Madrid en los medios de comunicaci\u00f3n"}]},{"@type":"WebSite","@id":"https:\/\/fundacionrecover.org\/#website","url":"https:\/\/fundacionrecover.org\/","name":"Recover Foundation, Hospitals for Africa","description":"Recover Foundation","publisher":{"@id":"https:\/\/fundacionrecover.org\/#organization"},"potentialAction":[{"@type":"SearchAction","target":{"@type":"EntryPoint","urlTemplate":"https:\/\/fundacionrecover.org\/?s={search_term_string}"},"query-input":{"@type":"PropertyValueSpecification","valueRequired":true,"valueName":"search_term_string"}}],"inLanguage":"en-GB"},{"@type":"Organization","@id":"https:\/\/fundacionrecover.org\/#organization","name":"Recover Foundation, Hospitals for Africa","alternateName":"Fundaci\u00f3n Recover","url":"https:\/\/fundacionrecover.org\/","logo":{"@type":"ImageObject","inLanguage":"en-GB","@id":"https:\/\/fundacionrecover.org\/#\/schema\/logo\/image\/","url":"https:\/\/fundacionrecover.org\/wp-content\/uploads\/2024\/03\/FundacionRecoverHospitalesParaAfrica_logo_blanco_cut.png","contentUrl":"https:\/\/fundacionrecover.org\/wp-content\/uploads\/2024\/03\/FundacionRecoverHospitalesParaAfrica_logo_blanco_cut.png","width":335,"height":183,"caption":"Fundaci\u00f3n Recover, Hospitales para \u00c1frica"},"image":{"@id":"https:\/\/fundacionrecover.org\/#\/schema\/logo\/image\/"},"sameAs":["https:\/\/www.facebook.com\/fundacionrecover\/","https:\/\/www.instagram.com\/fundacionrecover\/","https:\/\/www.linkedin.com\/company\/fundaci\u00f3n-recover-hospitales-para-\u00e1frica\/","https:\/\/www.tiktok.com\/@fundacionrecover"]},{"@type":"Person","@id":"https:\/\/fundacionrecover.org\/#\/schema\/person\/dd196faabb13b5c6e72c88bc6f7c6fb6","name":"Recover","sameAs":["https:\/\/fundacionrecover.org"]}]}},"_links":{"self":[{"href":"https:\/\/fundacionrecover.org\/en\/wp-json\/wp\/v2\/posts\/3329","targetHints":{"allow":["GET"]}}],"collection":[{"href":"https:\/\/fundacionrecover.org\/en\/wp-json\/wp\/v2\/posts"}],"about":[{"href":"https:\/\/fundacionrecover.org\/en\/wp-json\/wp\/v2\/types\/post"}],"author":[{"embeddable":true,"href":"https:\/\/fundacionrecover.org\/en\/wp-json\/wp\/v2\/users\/1"}],"replies":[{"embeddable":true,"href":"https:\/\/fundacionrecover.org\/en\/wp-json\/wp\/v2\/comments?post=3329"}],"version-history":[{"count":0,"href":"https:\/\/fundacionrecover.org\/en\/wp-json\/wp\/v2\/posts\/3329\/revisions"}],"wp:featuredmedia":[{"embeddable":true,"href":"https:\/\/fundacionrecover.org\/en\/wp-json\/wp\/v2\/media\/3330"}],"wp:attachment":[{"href":"https:\/\/fundacionrecover.org\/en\/wp-json\/wp\/v2\/media?parent=3329"}],"wp:term":[{"taxonomy":"category","embeddable":true,"href":"https:\/\/fundacionrecover.org\/en\/wp-json\/wp\/v2\/categories?post=3329"},{"taxonomy":"post_tag","embeddable":true,"href":"https:\/\/fundacionrecover.org\/en\/wp-json\/wp\/v2\/tags?post=3329"}],"curies":[{"name":"wp","href":"https:\/\/api.w.org\/{rel}","templated":true}]}}