{"id":3359,"date":"2023-08-09T11:30:56","date_gmt":"2023-08-09T09:30:56","guid":{"rendered":"https:\/\/fundacionrecover.org\/?p=14119"},"modified":"2024-06-14T15:09:45","modified_gmt":"2024-06-14T13:09:45","slug":"solidarity-concert_eoi_2023","status":"publish","type":"post","link":"https:\/\/fundacionrecover.org\/en\/concierto-solidario_eoi_2023\/","title":{"rendered":"SOLIDARITY CONCERT!"},"content":{"rendered":"<h2>EVENT ENDED<\/h2>\n<h4><span style=\"font-family: arial, helvetica, sans-serif;\">Do you have plans for Friday 22 September?<br \/>\n<\/span><\/h4>\n<p><span style=\"font-family: arial, helvetica, sans-serif;\">We would like to invite you to the <strong>Solidarity Concert \"Health for Africa<\/strong> by the band '<strong><a href=\"https:\/\/www.instagram.com\/soul_track_band\/\" target=\"_blank\" rel=\"noopener noreferrer\">Soul Track<\/a><\/strong>who will offer us their repertoire of soul music in the Sala Morocco, Madrid.<\/span><\/p>\n<p><span style=\"font-family: arial, helvetica, sans-serif;\">The event is organised by the students of the 22nd edition of the Management Development Programme for High Potential Women of the EOI, and the entire proceeds will go to our <span style=\"color: #8a8a06;\"><strong>Cervical Cancer Prevention Campaign in Cameroon<\/strong><\/span>.<\/span><\/p>\n<p><span style=\"font-family: arial, helvetica, sans-serif;\">If you are unable to attend in person, you have the option to contribute by purchasing tickets at the '.<a href=\"https:\/\/entradium.com\/events\/concierto-soul\/\" target=\"_blank\" rel=\"noopener noreferrer\"><strong>ROW 0<\/strong><\/a>' or by making a <strong>donation<\/strong> in the bank account <strong>ES75 0075 5977 8406 0539 0483<\/strong>The concept of the event is: Recover Solidarity Concert.<\/span><\/p>\n<p><span style=\"font-family: arial, helvetica, sans-serif; color: #000000;\">With each solidarity ticket from <strong>15 \u20ac<\/strong> we can prevent cervical cancer in the first place. <span style=\"color: #ff8400;\"><strong>a woman in Cameroon<\/strong><\/span>.<\/span><\/p>\n<p style=\"text-align: left;\"><span style=\"font-family: 'arial black', 'avant garde';\"><a class=\"boton\" href=\"https:\/\/entradium.com\/events\/concierto-soul\/\" target=\"_blank\" rel=\"noopener noreferrer\">Buy your charity tickets!<\/a><\/span><\/p>\n<p><strong><span style=\"font-family: arial, helvetica, sans-serif;\">We are waiting for you!<\/span><\/strong><\/p>\n<p><a href=\"https:\/\/entradium.com\/events\/concierto-soul\/\" target=\"_blank\" rel=\"noopener noreferrer\"><img fetchpriority=\"high\" decoding=\"async\" class=\"wp-image-14124 aligncenter\" style=\"background-color: white;\" src=\"https:\/\/fundacionrecover.org\/wp-content\/uploads\/2023\/08\/ConciertoSolidario_EOI_230922-300x300.jpg\" alt=\"Recover Foundation Solidarity Concert\" width=\"600\" height=\"600\" \/><\/a><\/p>","protected":false},"excerpt":{"rendered":"<p>EVENTO FINALIZADO \u00bfTienes planes para el viernes 22 de septiembre? Queremos invitarte al Concierto Solidario \u201cSalud para \u00c1frica\u201d a cargo de la banda &#8216;Soul Track&#8216;, que nos ofrecer\u00e1 su repertorio de m\u00fasica soul en la Sala Morocco, Madrid. El evento est\u00e1 organizado por las alumnas de la 22\u00aa edici\u00f3n del Programa de Desarrollo para la [&hellip;]<\/p>\n","protected":false},"author":1,"featured_media":3355,"comment_status":"closed","ping_status":"closed","sticky":false,"template":"","format":"standard","meta":{"give_campaign_id":0,"footnotes":""},"categories":[1],"tags":[],"class_list":["post-3359","post","type-post","status-publish","format-standard","has-post-thumbnail","hentry","category-sin-categoria"],"yoast_head":"<!-- This site is optimized with the Yoast SEO plugin v27.4 - https:\/\/yoast.com\/product\/yoast-seo-wordpress\/ -->\n<title>\u00a1CONCIERTO SOLIDARIO! - Fundaci\u00f3n Recover Hospitales para \u00c1frica<\/title>\n<meta name=\"robots\" content=\"index, follow, max-snippet:-1, max-image-preview:large, max-video-preview:-1\" \/>\n<link rel=\"canonical\" href=\"https:\/\/fundacionrecover.org\/en\/solidarity-concert_eoi_2023\/\" \/>\n<meta property=\"og:locale\" content=\"en_GB\" \/>\n<meta property=\"og:type\" content=\"article\" \/>\n<meta property=\"og:title\" content=\"\u00a1CONCIERTO SOLIDARIO! - Fundaci\u00f3n Recover Hospitales para \u00c1frica\" \/>\n<meta property=\"og:description\" content=\"EVENTO FINALIZADO \u00bfTienes planes para el viernes 22 de septiembre? Queremos invitarte al Concierto Solidario \u201cSalud para \u00c1frica\u201d a cargo de la banda &#8216;Soul Track&#8216;, que nos ofrecer\u00e1 su repertorio de m\u00fasica soul en la Sala Morocco, Madrid. El evento est\u00e1 organizado por las alumnas de la 22\u00aa edici\u00f3n del Programa de Desarrollo para la [&hellip;]\" \/>\n<meta property=\"og:url\" content=\"https:\/\/fundacionrecover.org\/en\/solidarity-concert_eoi_2023\/\" \/>\n<meta property=\"og:site_name\" content=\"Fundaci\u00f3n Recover Hospitales para \u00c1frica\" \/>\n<meta property=\"article:publisher\" content=\"https:\/\/www.facebook.com\/fundacionrecover\/\" \/>\n<meta property=\"article:published_time\" content=\"2023-08-09T09:30:56+00:00\" \/>\n<meta property=\"article:modified_time\" content=\"2024-06-14T13:09:45+00:00\" \/>\n<meta property=\"og:image\" content=\"https:\/\/fundacionrecover.org\/wp-content\/uploads\/2023\/08\/ConciertoSolidario_EOI_230922-scaled-e1694784318241.jpg\" \/>\n\t<meta property=\"og:image:width\" content=\"300\" \/>\n\t<meta property=\"og:image:height\" content=\"300\" \/>\n\t<meta property=\"og:image:type\" content=\"image\/jpeg\" \/>\n<meta name=\"author\" content=\"Recover\" \/>\n<meta name=\"twitter:card\" content=\"summary_large_image\" \/>\n<meta name=\"twitter:label1\" content=\"Written by\" \/>\n\t<meta name=\"twitter:data1\" content=\"Recover\" \/>\n\t<meta name=\"twitter:label2\" content=\"Estimated reading time\" \/>\n\t<meta name=\"twitter:data2\" content=\"1 minute\" \/>\n<script type=\"application\/ld+json\" class=\"yoast-schema-graph\">{\"@context\":\"https:\\\/\\\/schema.org\",\"@graph\":[{\"@type\":\"Article\",\"@id\":\"https:\\\/\\\/fundacionrecover.org\\\/concierto-solidario_eoi_2023\\\/#article\",\"isPartOf\":{\"@id\":\"https:\\\/\\\/fundacionrecover.org\\\/concierto-solidario_eoi_2023\\\/\"},\"author\":{\"name\":\"Recover\",\"@id\":\"https:\\\/\\\/fundacionrecover.org\\\/#\\\/schema\\\/person\\\/dd196faabb13b5c6e72c88bc6f7c6fb6\"},\"headline\":\"\u00a1CONCIERTO SOLIDARIO!\",\"datePublished\":\"2023-08-09T09:30:56+00:00\",\"dateModified\":\"2024-06-14T13:09:45+00:00\",\"mainEntityOfPage\":{\"@id\":\"https:\\\/\\\/fundacionrecover.org\\\/concierto-solidario_eoi_2023\\\/\"},\"wordCount\":146,\"publisher\":{\"@id\":\"https:\\\/\\\/fundacionrecover.org\\\/#organization\"},\"image\":{\"@id\":\"https:\\\/\\\/fundacionrecover.org\\\/concierto-solidario_eoi_2023\\\/#primaryimage\"},\"thumbnailUrl\":\"https:\\\/\\\/fundacionrecover.org\\\/wp-content\\\/uploads\\\/2023\\\/08\\\/ConciertoSolidario_EOI_230922-scaled-e1694784318241.jpg\",\"articleSection\":[\"Sin categor\u00eda\"],\"inLanguage\":\"en-GB\"},{\"@type\":\"WebPage\",\"@id\":\"https:\\\/\\\/fundacionrecover.org\\\/concierto-solidario_eoi_2023\\\/\",\"url\":\"https:\\\/\\\/fundacionrecover.org\\\/concierto-solidario_eoi_2023\\\/\",\"name\":\"\u00a1CONCIERTO SOLIDARIO! - Fundaci\u00f3n Recover Hospitales para \u00c1frica\",\"isPartOf\":{\"@id\":\"https:\\\/\\\/fundacionrecover.org\\\/#website\"},\"primaryImageOfPage\":{\"@id\":\"https:\\\/\\\/fundacionrecover.org\\\/concierto-solidario_eoi_2023\\\/#primaryimage\"},\"image\":{\"@id\":\"https:\\\/\\\/fundacionrecover.org\\\/concierto-solidario_eoi_2023\\\/#primaryimage\"},\"thumbnailUrl\":\"https:\\\/\\\/fundacionrecover.org\\\/wp-content\\\/uploads\\\/2023\\\/08\\\/ConciertoSolidario_EOI_230922-scaled-e1694784318241.jpg\",\"datePublished\":\"2023-08-09T09:30:56+00:00\",\"dateModified\":\"2024-06-14T13:09:45+00:00\",\"breadcrumb\":{\"@id\":\"https:\\\/\\\/fundacionrecover.org\\\/concierto-solidario_eoi_2023\\\/#breadcrumb\"},\"inLanguage\":\"en-GB\",\"potentialAction\":[{\"@type\":\"ReadAction\",\"target\":[\"https:\\\/\\\/fundacionrecover.org\\\/concierto-solidario_eoi_2023\\\/\"]}]},{\"@type\":\"ImageObject\",\"inLanguage\":\"en-GB\",\"@id\":\"https:\\\/\\\/fundacionrecover.org\\\/concierto-solidario_eoi_2023\\\/#primaryimage\",\"url\":\"https:\\\/\\\/fundacionrecover.org\\\/wp-content\\\/uploads\\\/2023\\\/08\\\/ConciertoSolidario_EOI_230922-scaled-e1694784318241.jpg\",\"contentUrl\":\"https:\\\/\\\/fundacionrecover.org\\\/wp-content\\\/uploads\\\/2023\\\/08\\\/ConciertoSolidario_EOI_230922-scaled-e1694784318241.jpg\",\"width\":300,\"height\":300},{\"@type\":\"BreadcrumbList\",\"@id\":\"https:\\\/\\\/fundacionrecover.org\\\/concierto-solidario_eoi_2023\\\/#breadcrumb\",\"itemListElement\":[{\"@type\":\"ListItem\",\"position\":1,\"name\":\"Home\",\"item\":\"https:\\\/\\\/fundacionrecover.org\\\/\"},{\"@type\":\"ListItem\",\"position\":2,\"name\":\"Sin categor\u00eda\",\"item\":\"https:\\\/\\\/fundacionrecover.org\\\/category\\\/sin-categoria\\\/\"},{\"@type\":\"ListItem\",\"position\":3,\"name\":\"\u00a1CONCIERTO SOLIDARIO!\"}]},{\"@type\":\"WebSite\",\"@id\":\"https:\\\/\\\/fundacionrecover.org\\\/#website\",\"url\":\"https:\\\/\\\/fundacionrecover.org\\\/\",\"name\":\"Fundaci\u00f3n Recover Hospitales para \u00c1frica\",\"description\":\"Fundaci\u00f3n Recover\",\"publisher\":{\"@id\":\"https:\\\/\\\/fundacionrecover.org\\\/#organization\"},\"potentialAction\":[{\"@type\":\"SearchAction\",\"target\":{\"@type\":\"EntryPoint\",\"urlTemplate\":\"https:\\\/\\\/fundacionrecover.org\\\/?s={search_term_string}\"},\"query-input\":{\"@type\":\"PropertyValueSpecification\",\"valueRequired\":true,\"valueName\":\"search_term_string\"}}],\"inLanguage\":\"en-GB\"},{\"@type\":\"Organization\",\"@id\":\"https:\\\/\\\/fundacionrecover.org\\\/#organization\",\"name\":\"Fundaci\u00f3n Recover, Hospitales para \u00c1frica\",\"alternateName\":\"Fundaci\u00f3n Recover\",\"url\":\"https:\\\/\\\/fundacionrecover.org\\\/\",\"logo\":{\"@type\":\"ImageObject\",\"inLanguage\":\"en-GB\",\"@id\":\"https:\\\/\\\/fundacionrecover.org\\\/#\\\/schema\\\/logo\\\/image\\\/\",\"url\":\"https:\\\/\\\/fundacionrecover.org\\\/wp-content\\\/uploads\\\/2024\\\/03\\\/FundacionRecoverHospitalesParaAfrica_logo_blanco_cut.png\",\"contentUrl\":\"https:\\\/\\\/fundacionrecover.org\\\/wp-content\\\/uploads\\\/2024\\\/03\\\/FundacionRecoverHospitalesParaAfrica_logo_blanco_cut.png\",\"width\":335,\"height\":183,\"caption\":\"Fundaci\u00f3n Recover, Hospitales para \u00c1frica\"},\"image\":{\"@id\":\"https:\\\/\\\/fundacionrecover.org\\\/#\\\/schema\\\/logo\\\/image\\\/\"},\"sameAs\":[\"https:\\\/\\\/www.facebook.com\\\/fundacionrecover\\\/\",\"https:\\\/\\\/www.instagram.com\\\/fundacionrecover\\\/\",\"https:\\\/\\\/www.linkedin.com\\\/company\\\/fundaci\u00f3n-recover-hospitales-para-\u00e1frica\\\/\",\"https:\\\/\\\/www.tiktok.com\\\/@fundacionrecover\"]},{\"@type\":\"Person\",\"@id\":\"https:\\\/\\\/fundacionrecover.org\\\/#\\\/schema\\\/person\\\/dd196faabb13b5c6e72c88bc6f7c6fb6\",\"name\":\"Recover\",\"sameAs\":[\"https:\\\/\\\/fundacionrecover.org\"]}]}<\/script>\n<!-- \/ Yoast SEO plugin. -->","yoast_head_json":{"title":"SOLIDARITY CONCERT! - Recover Hospitals for Africa Foundation","robots":{"index":"index","follow":"follow","max-snippet":"max-snippet:-1","max-image-preview":"max-image-preview:large","max-video-preview":"max-video-preview:-1"},"canonical":"https:\/\/fundacionrecover.org\/en\/solidarity-concert_eoi_2023\/","og_locale":"en_GB","og_type":"article","og_title":"\u00a1CONCIERTO SOLIDARIO! - Fundaci\u00f3n Recover Hospitales para \u00c1frica","og_description":"EVENTO FINALIZADO \u00bfTienes planes para el viernes 22 de septiembre? Queremos invitarte al Concierto Solidario \u201cSalud para \u00c1frica\u201d a cargo de la banda &#8216;Soul Track&#8216;, que nos ofrecer\u00e1 su repertorio de m\u00fasica soul en la Sala Morocco, Madrid. El evento est\u00e1 organizado por las alumnas de la 22\u00aa edici\u00f3n del Programa de Desarrollo para la [&hellip;]","og_url":"https:\/\/fundacionrecover.org\/en\/solidarity-concert_eoi_2023\/","og_site_name":"Fundaci\u00f3n Recover Hospitales para \u00c1frica","article_publisher":"https:\/\/www.facebook.com\/fundacionrecover\/","article_published_time":"2023-08-09T09:30:56+00:00","article_modified_time":"2024-06-14T13:09:45+00:00","og_image":[{"width":300,"height":300,"url":"https:\/\/fundacionrecover.org\/wp-content\/uploads\/2023\/08\/ConciertoSolidario_EOI_230922-scaled-e1694784318241.jpg","type":"image\/jpeg"}],"author":"Recover","twitter_card":"summary_large_image","twitter_misc":{"Written by":"Recover","Estimated reading time":"1 minute"},"schema":{"@context":"https:\/\/schema.org","@graph":[{"@type":"Article","@id":"https:\/\/fundacionrecover.org\/concierto-solidario_eoi_2023\/#article","isPartOf":{"@id":"https:\/\/fundacionrecover.org\/concierto-solidario_eoi_2023\/"},"author":{"name":"Recover","@id":"https:\/\/fundacionrecover.org\/#\/schema\/person\/dd196faabb13b5c6e72c88bc6f7c6fb6"},"headline":"\u00a1CONCIERTO SOLIDARIO!","datePublished":"2023-08-09T09:30:56+00:00","dateModified":"2024-06-14T13:09:45+00:00","mainEntityOfPage":{"@id":"https:\/\/fundacionrecover.org\/concierto-solidario_eoi_2023\/"},"wordCount":146,"publisher":{"@id":"https:\/\/fundacionrecover.org\/#organization"},"image":{"@id":"https:\/\/fundacionrecover.org\/concierto-solidario_eoi_2023\/#primaryimage"},"thumbnailUrl":"https:\/\/fundacionrecover.org\/wp-content\/uploads\/2023\/08\/ConciertoSolidario_EOI_230922-scaled-e1694784318241.jpg","articleSection":["Sin categor\u00eda"],"inLanguage":"en-GB"},{"@type":"WebPage","@id":"https:\/\/fundacionrecover.org\/concierto-solidario_eoi_2023\/","url":"https:\/\/fundacionrecover.org\/concierto-solidario_eoi_2023\/","name":"SOLIDARITY CONCERT! - Recover Hospitals for Africa Foundation","isPartOf":{"@id":"https:\/\/fundacionrecover.org\/#website"},"primaryImageOfPage":{"@id":"https:\/\/fundacionrecover.org\/concierto-solidario_eoi_2023\/#primaryimage"},"image":{"@id":"https:\/\/fundacionrecover.org\/concierto-solidario_eoi_2023\/#primaryimage"},"thumbnailUrl":"https:\/\/fundacionrecover.org\/wp-content\/uploads\/2023\/08\/ConciertoSolidario_EOI_230922-scaled-e1694784318241.jpg","datePublished":"2023-08-09T09:30:56+00:00","dateModified":"2024-06-14T13:09:45+00:00","breadcrumb":{"@id":"https:\/\/fundacionrecover.org\/concierto-solidario_eoi_2023\/#breadcrumb"},"inLanguage":"en-GB","potentialAction":[{"@type":"ReadAction","target":["https:\/\/fundacionrecover.org\/concierto-solidario_eoi_2023\/"]}]},{"@type":"ImageObject","inLanguage":"en-GB","@id":"https:\/\/fundacionrecover.org\/concierto-solidario_eoi_2023\/#primaryimage","url":"https:\/\/fundacionrecover.org\/wp-content\/uploads\/2023\/08\/ConciertoSolidario_EOI_230922-scaled-e1694784318241.jpg","contentUrl":"https:\/\/fundacionrecover.org\/wp-content\/uploads\/2023\/08\/ConciertoSolidario_EOI_230922-scaled-e1694784318241.jpg","width":300,"height":300},{"@type":"BreadcrumbList","@id":"https:\/\/fundacionrecover.org\/concierto-solidario_eoi_2023\/#breadcrumb","itemListElement":[{"@type":"ListItem","position":1,"name":"Home","item":"https:\/\/fundacionrecover.org\/"},{"@type":"ListItem","position":2,"name":"Sin categor\u00eda","item":"https:\/\/fundacionrecover.org\/category\/sin-categoria\/"},{"@type":"ListItem","position":3,"name":"\u00a1CONCIERTO SOLIDARIO!"}]},{"@type":"WebSite","@id":"https:\/\/fundacionrecover.org\/#website","url":"https:\/\/fundacionrecover.org\/","name":"Recover Foundation, Hospitals for Africa","description":"Recover Foundation","publisher":{"@id":"https:\/\/fundacionrecover.org\/#organization"},"potentialAction":[{"@type":"SearchAction","target":{"@type":"EntryPoint","urlTemplate":"https:\/\/fundacionrecover.org\/?s={search_term_string}"},"query-input":{"@type":"PropertyValueSpecification","valueRequired":true,"valueName":"search_term_string"}}],"inLanguage":"en-GB"},{"@type":"Organization","@id":"https:\/\/fundacionrecover.org\/#organization","name":"Recover Foundation, Hospitals for Africa","alternateName":"Fundaci\u00f3n Recover","url":"https:\/\/fundacionrecover.org\/","logo":{"@type":"ImageObject","inLanguage":"en-GB","@id":"https:\/\/fundacionrecover.org\/#\/schema\/logo\/image\/","url":"https:\/\/fundacionrecover.org\/wp-content\/uploads\/2024\/03\/FundacionRecoverHospitalesParaAfrica_logo_blanco_cut.png","contentUrl":"https:\/\/fundacionrecover.org\/wp-content\/uploads\/2024\/03\/FundacionRecoverHospitalesParaAfrica_logo_blanco_cut.png","width":335,"height":183,"caption":"Fundaci\u00f3n Recover, Hospitales para \u00c1frica"},"image":{"@id":"https:\/\/fundacionrecover.org\/#\/schema\/logo\/image\/"},"sameAs":["https:\/\/www.facebook.com\/fundacionrecover\/","https:\/\/www.instagram.com\/fundacionrecover\/","https:\/\/www.linkedin.com\/company\/fundaci\u00f3n-recover-hospitales-para-\u00e1frica\/","https:\/\/www.tiktok.com\/@fundacionrecover"]},{"@type":"Person","@id":"https:\/\/fundacionrecover.org\/#\/schema\/person\/dd196faabb13b5c6e72c88bc6f7c6fb6","name":"Recover","sameAs":["https:\/\/fundacionrecover.org"]}]}},"_links":{"self":[{"href":"https:\/\/fundacionrecover.org\/en\/wp-json\/wp\/v2\/posts\/3359","targetHints":{"allow":["GET"]}}],"collection":[{"href":"https:\/\/fundacionrecover.org\/en\/wp-json\/wp\/v2\/posts"}],"about":[{"href":"https:\/\/fundacionrecover.org\/en\/wp-json\/wp\/v2\/types\/post"}],"author":[{"embeddable":true,"href":"https:\/\/fundacionrecover.org\/en\/wp-json\/wp\/v2\/users\/1"}],"replies":[{"embeddable":true,"href":"https:\/\/fundacionrecover.org\/en\/wp-json\/wp\/v2\/comments?post=3359"}],"version-history":[{"count":0,"href":"https:\/\/fundacionrecover.org\/en\/wp-json\/wp\/v2\/posts\/3359\/revisions"}],"wp:featuredmedia":[{"embeddable":true,"href":"https:\/\/fundacionrecover.org\/en\/wp-json\/wp\/v2\/media\/3355"}],"wp:attachment":[{"href":"https:\/\/fundacionrecover.org\/en\/wp-json\/wp\/v2\/media?parent=3359"}],"wp:term":[{"taxonomy":"category","embeddable":true,"href":"https:\/\/fundacionrecover.org\/en\/wp-json\/wp\/v2\/categories?post=3359"},{"taxonomy":"post_tag","embeddable":true,"href":"https:\/\/fundacionrecover.org\/en\/wp-json\/wp\/v2\/tags?post=3359"}],"curies":[{"name":"wp","href":"https:\/\/api.w.org\/{rel}","templated":true}]}}