{"id":5034,"date":"2024-05-04T11:36:20","date_gmt":"2024-05-04T09:36:20","guid":{"rendered":"https:\/\/fundacionrecover.org\/?p=5034"},"modified":"2024-05-30T11:39:05","modified_gmt":"2024-05-30T09:39:05","slug":"mi-salud-mi-derecho","status":"publish","type":"post","link":"https:\/\/fundacionrecover.org\/en\/mi-salud-mi-derecho\/","title":{"rendered":"My health, my right"},"content":{"rendered":"<p>El Consejo de la Organizaci\u00f3n Mundial de la Salud sobre Econom\u00eda de la Salud para Todos ha descubierto que, aunque al menos 140 pa\u00edses reconocen la salud como un derecho humano en su constituci\u00f3n, s\u00f3lo cuatro pa\u00edses han mencionado c\u00f3mo financiarla. Para abordar este tipo de desaf\u00edos, el tema del D\u00eda Mundial de la Salud 2024, que se celebr\u00f3 el pasado 7 de abril, es \u201cMi salud, mi derecho\u201d.<\/p>\n\n\n\n<p>Y este lema es el que mueve a Fundaci\u00f3n Recover, Hospitales para \u00c1frica, una organizaci\u00f3n sin \u00e1nimo de lucro que desarrolla su labor desde 2007 con el objetivo de garantizar una atenci\u00f3n sanitaria digna y de calidad para todas las personas en \u00c1frica Subsahariana. Ya conocimos la labor de Recover hace unos a\u00f1os en este programa y hoy queremos actualizar toda esa labor de la mano de Marta Mara\u00f1\u00f3n, directora general de la Fundaci\u00f3n Recover. <\/p>\n\n\n\n<p>Escucha aqu\u00ed la entrevista:<mark style=\"background-color:rgba(0, 0, 0, 0)\" class=\"has-inline-color has-luminous-vivid-orange-color\"> <\/mark><a href=\"https:\/\/www.rtve.es\/play\/audios\/alianza-2030\/fundacion-recover-hospitales-para-africa\/16084591\/\" target=\"_blank\" rel=\"noreferrer noopener nofollow\"><mark style=\"background-color:rgba(0, 0, 0, 0)\" class=\"has-inline-color has-luminous-vivid-orange-color\">https:\/\/www.rtve.es\/play\/audios\/alianza-2030\/fundacion-recover-hospitales-para-africa\/16084591\/<\/mark><\/a><\/p>","protected":false},"excerpt":{"rendered":"<p>The RTVE programme Alianza 2030 reviews with the general director of Fundaci\u00f3n Recover, Marta Mara\u00f1\u00f3n, some of the most significant milestones of the foundation.<\/p>","protected":false},"author":1,"featured_media":1845,"comment_status":"closed","ping_status":"closed","sticky":false,"template":"","format":"standard","meta":{"give_campaign_id":0,"footnotes":""},"categories":[13],"tags":[],"class_list":["post-5034","post","type-post","status-publish","format-standard","has-post-thumbnail","hentry","category-prensa"],"yoast_head":"<!-- This site is optimized with the Yoast SEO plugin v27.4 - https:\/\/yoast.com\/product\/yoast-seo-wordpress\/ -->\n<title>Mi salud, mi derecho - Fundaci\u00f3n Recover Hospitales para \u00c1frica<\/title>\n<meta name=\"robots\" content=\"index, follow, max-snippet:-1, max-image-preview:large, max-video-preview:-1\" \/>\n<link rel=\"canonical\" href=\"https:\/\/fundacionrecover.org\/en\/mi-salud-mi-derecho\/\" \/>\n<meta property=\"og:locale\" content=\"en_GB\" \/>\n<meta property=\"og:type\" content=\"article\" \/>\n<meta property=\"og:title\" content=\"Mi salud, mi derecho - Fundaci\u00f3n Recover Hospitales para \u00c1frica\" \/>\n<meta property=\"og:description\" content=\"El programa de RTVE Alianza 2030 repasa con la directora general de Fundaci\u00f3n Recover, Marta Mara\u00f1\u00f3n, algunos de los hitos m\u00e1s significativos de la fundaci\u00f3n\" \/>\n<meta property=\"og:url\" content=\"https:\/\/fundacionrecover.org\/en\/mi-salud-mi-derecho\/\" \/>\n<meta property=\"og:site_name\" content=\"Fundaci\u00f3n Recover Hospitales para \u00c1frica\" \/>\n<meta property=\"article:publisher\" content=\"https:\/\/www.facebook.com\/fundacionrecover\/\" \/>\n<meta property=\"article:published_time\" content=\"2024-05-04T09:36:20+00:00\" \/>\n<meta property=\"article:modified_time\" content=\"2024-05-30T09:39:05+00:00\" \/>\n<meta property=\"og:image\" content=\"https:\/\/fundacionrecover.org\/wp-content\/uploads\/2024\/04\/Foto-1-3.jpg\" \/>\n\t<meta property=\"og:image:width\" content=\"1024\" \/>\n\t<meta property=\"og:image:height\" content=\"801\" \/>\n\t<meta property=\"og:image:type\" content=\"image\/jpeg\" \/>\n<meta name=\"author\" content=\"Recover\" \/>\n<meta name=\"twitter:card\" content=\"summary_large_image\" \/>\n<meta name=\"twitter:label1\" content=\"Written by\" \/>\n\t<meta name=\"twitter:data1\" content=\"Recover\" \/>\n\t<meta name=\"twitter:label2\" content=\"Estimated reading time\" \/>\n\t<meta name=\"twitter:data2\" content=\"1 minute\" \/>\n<script type=\"application\/ld+json\" class=\"yoast-schema-graph\">{\"@context\":\"https:\\\/\\\/schema.org\",\"@graph\":[{\"@type\":\"Article\",\"@id\":\"https:\\\/\\\/fundacionrecover.org\\\/mi-salud-mi-derecho\\\/#article\",\"isPartOf\":{\"@id\":\"https:\\\/\\\/fundacionrecover.org\\\/mi-salud-mi-derecho\\\/\"},\"author\":{\"name\":\"Recover\",\"@id\":\"https:\\\/\\\/fundacionrecover.org\\\/#\\\/schema\\\/person\\\/dd196faabb13b5c6e72c88bc6f7c6fb6\"},\"headline\":\"Mi salud, mi derecho\",\"datePublished\":\"2024-05-04T09:36:20+00:00\",\"dateModified\":\"2024-05-30T09:39:05+00:00\",\"mainEntityOfPage\":{\"@id\":\"https:\\\/\\\/fundacionrecover.org\\\/mi-salud-mi-derecho\\\/\"},\"wordCount\":171,\"publisher\":{\"@id\":\"https:\\\/\\\/fundacionrecover.org\\\/#organization\"},\"image\":{\"@id\":\"https:\\\/\\\/fundacionrecover.org\\\/mi-salud-mi-derecho\\\/#primaryimage\"},\"thumbnailUrl\":\"https:\\\/\\\/fundacionrecover.org\\\/wp-content\\\/uploads\\\/2024\\\/04\\\/Foto-1-3.jpg\",\"articleSection\":[\"Recover en los medios\"],\"inLanguage\":\"en-GB\"},{\"@type\":\"WebPage\",\"@id\":\"https:\\\/\\\/fundacionrecover.org\\\/mi-salud-mi-derecho\\\/\",\"url\":\"https:\\\/\\\/fundacionrecover.org\\\/mi-salud-mi-derecho\\\/\",\"name\":\"Mi salud, mi derecho - Fundaci\u00f3n Recover Hospitales para \u00c1frica\",\"isPartOf\":{\"@id\":\"https:\\\/\\\/fundacionrecover.org\\\/#website\"},\"primaryImageOfPage\":{\"@id\":\"https:\\\/\\\/fundacionrecover.org\\\/mi-salud-mi-derecho\\\/#primaryimage\"},\"image\":{\"@id\":\"https:\\\/\\\/fundacionrecover.org\\\/mi-salud-mi-derecho\\\/#primaryimage\"},\"thumbnailUrl\":\"https:\\\/\\\/fundacionrecover.org\\\/wp-content\\\/uploads\\\/2024\\\/04\\\/Foto-1-3.jpg\",\"datePublished\":\"2024-05-04T09:36:20+00:00\",\"dateModified\":\"2024-05-30T09:39:05+00:00\",\"breadcrumb\":{\"@id\":\"https:\\\/\\\/fundacionrecover.org\\\/mi-salud-mi-derecho\\\/#breadcrumb\"},\"inLanguage\":\"en-GB\",\"potentialAction\":[{\"@type\":\"ReadAction\",\"target\":[\"https:\\\/\\\/fundacionrecover.org\\\/mi-salud-mi-derecho\\\/\"]}]},{\"@type\":\"ImageObject\",\"inLanguage\":\"en-GB\",\"@id\":\"https:\\\/\\\/fundacionrecover.org\\\/mi-salud-mi-derecho\\\/#primaryimage\",\"url\":\"https:\\\/\\\/fundacionrecover.org\\\/wp-content\\\/uploads\\\/2024\\\/04\\\/Foto-1-3.jpg\",\"contentUrl\":\"https:\\\/\\\/fundacionrecover.org\\\/wp-content\\\/uploads\\\/2024\\\/04\\\/Foto-1-3.jpg\",\"width\":1024,\"height\":801,\"caption\":\"Revisi\u00f3n pedi\u00e1trica del programa Nutri-m\"},{\"@type\":\"BreadcrumbList\",\"@id\":\"https:\\\/\\\/fundacionrecover.org\\\/mi-salud-mi-derecho\\\/#breadcrumb\",\"itemListElement\":[{\"@type\":\"ListItem\",\"position\":1,\"name\":\"Home\",\"item\":\"https:\\\/\\\/fundacionrecover.org\\\/\"},{\"@type\":\"ListItem\",\"position\":2,\"name\":\"Recover en los medios\",\"item\":\"https:\\\/\\\/fundacionrecover.org\\\/category\\\/prensa\\\/\"},{\"@type\":\"ListItem\",\"position\":3,\"name\":\"Mi salud, mi derecho\"}]},{\"@type\":\"WebSite\",\"@id\":\"https:\\\/\\\/fundacionrecover.org\\\/#website\",\"url\":\"https:\\\/\\\/fundacionrecover.org\\\/\",\"name\":\"Fundaci\u00f3n Recover Hospitales para \u00c1frica\",\"description\":\"Fundaci\u00f3n Recover\",\"publisher\":{\"@id\":\"https:\\\/\\\/fundacionrecover.org\\\/#organization\"},\"potentialAction\":[{\"@type\":\"SearchAction\",\"target\":{\"@type\":\"EntryPoint\",\"urlTemplate\":\"https:\\\/\\\/fundacionrecover.org\\\/?s={search_term_string}\"},\"query-input\":{\"@type\":\"PropertyValueSpecification\",\"valueRequired\":true,\"valueName\":\"search_term_string\"}}],\"inLanguage\":\"en-GB\"},{\"@type\":\"Organization\",\"@id\":\"https:\\\/\\\/fundacionrecover.org\\\/#organization\",\"name\":\"Fundaci\u00f3n Recover, Hospitales para \u00c1frica\",\"alternateName\":\"Fundaci\u00f3n Recover\",\"url\":\"https:\\\/\\\/fundacionrecover.org\\\/\",\"logo\":{\"@type\":\"ImageObject\",\"inLanguage\":\"en-GB\",\"@id\":\"https:\\\/\\\/fundacionrecover.org\\\/#\\\/schema\\\/logo\\\/image\\\/\",\"url\":\"https:\\\/\\\/fundacionrecover.org\\\/wp-content\\\/uploads\\\/2024\\\/03\\\/FundacionRecoverHospitalesParaAfrica_logo_blanco_cut.png\",\"contentUrl\":\"https:\\\/\\\/fundacionrecover.org\\\/wp-content\\\/uploads\\\/2024\\\/03\\\/FundacionRecoverHospitalesParaAfrica_logo_blanco_cut.png\",\"width\":335,\"height\":183,\"caption\":\"Fundaci\u00f3n Recover, Hospitales para \u00c1frica\"},\"image\":{\"@id\":\"https:\\\/\\\/fundacionrecover.org\\\/#\\\/schema\\\/logo\\\/image\\\/\"},\"sameAs\":[\"https:\\\/\\\/www.facebook.com\\\/fundacionrecover\\\/\",\"https:\\\/\\\/www.instagram.com\\\/fundacionrecover\\\/\",\"https:\\\/\\\/www.linkedin.com\\\/company\\\/fundaci\u00f3n-recover-hospitales-para-\u00e1frica\\\/\",\"https:\\\/\\\/www.tiktok.com\\\/@fundacionrecover\"]},{\"@type\":\"Person\",\"@id\":\"https:\\\/\\\/fundacionrecover.org\\\/#\\\/schema\\\/person\\\/dd196faabb13b5c6e72c88bc6f7c6fb6\",\"name\":\"Recover\",\"sameAs\":[\"https:\\\/\\\/fundacionrecover.org\"]}]}<\/script>\n<!-- \/ Yoast SEO plugin. -->","yoast_head_json":{"title":"Mi salud, mi derecho - Fundaci\u00f3n Recover Hospitales para \u00c1frica","robots":{"index":"index","follow":"follow","max-snippet":"max-snippet:-1","max-image-preview":"max-image-preview:large","max-video-preview":"max-video-preview:-1"},"canonical":"https:\/\/fundacionrecover.org\/en\/mi-salud-mi-derecho\/","og_locale":"en_GB","og_type":"article","og_title":"Mi salud, mi derecho - Fundaci\u00f3n Recover Hospitales para \u00c1frica","og_description":"El programa de RTVE Alianza 2030 repasa con la directora general de Fundaci\u00f3n Recover, Marta Mara\u00f1\u00f3n, algunos de los hitos m\u00e1s significativos de la fundaci\u00f3n","og_url":"https:\/\/fundacionrecover.org\/en\/mi-salud-mi-derecho\/","og_site_name":"Fundaci\u00f3n Recover Hospitales para \u00c1frica","article_publisher":"https:\/\/www.facebook.com\/fundacionrecover\/","article_published_time":"2024-05-04T09:36:20+00:00","article_modified_time":"2024-05-30T09:39:05+00:00","og_image":[{"width":1024,"height":801,"url":"https:\/\/fundacionrecover.org\/wp-content\/uploads\/2024\/04\/Foto-1-3.jpg","type":"image\/jpeg"}],"author":"Recover","twitter_card":"summary_large_image","twitter_misc":{"Written by":"Recover","Estimated reading time":"1 minute"},"schema":{"@context":"https:\/\/schema.org","@graph":[{"@type":"Article","@id":"https:\/\/fundacionrecover.org\/mi-salud-mi-derecho\/#article","isPartOf":{"@id":"https:\/\/fundacionrecover.org\/mi-salud-mi-derecho\/"},"author":{"name":"Recover","@id":"https:\/\/fundacionrecover.org\/#\/schema\/person\/dd196faabb13b5c6e72c88bc6f7c6fb6"},"headline":"Mi salud, mi derecho","datePublished":"2024-05-04T09:36:20+00:00","dateModified":"2024-05-30T09:39:05+00:00","mainEntityOfPage":{"@id":"https:\/\/fundacionrecover.org\/mi-salud-mi-derecho\/"},"wordCount":171,"publisher":{"@id":"https:\/\/fundacionrecover.org\/#organization"},"image":{"@id":"https:\/\/fundacionrecover.org\/mi-salud-mi-derecho\/#primaryimage"},"thumbnailUrl":"https:\/\/fundacionrecover.org\/wp-content\/uploads\/2024\/04\/Foto-1-3.jpg","articleSection":["Recover en los medios"],"inLanguage":"en-GB"},{"@type":"WebPage","@id":"https:\/\/fundacionrecover.org\/mi-salud-mi-derecho\/","url":"https:\/\/fundacionrecover.org\/mi-salud-mi-derecho\/","name":"Mi salud, mi derecho - Fundaci\u00f3n Recover Hospitales para \u00c1frica","isPartOf":{"@id":"https:\/\/fundacionrecover.org\/#website"},"primaryImageOfPage":{"@id":"https:\/\/fundacionrecover.org\/mi-salud-mi-derecho\/#primaryimage"},"image":{"@id":"https:\/\/fundacionrecover.org\/mi-salud-mi-derecho\/#primaryimage"},"thumbnailUrl":"https:\/\/fundacionrecover.org\/wp-content\/uploads\/2024\/04\/Foto-1-3.jpg","datePublished":"2024-05-04T09:36:20+00:00","dateModified":"2024-05-30T09:39:05+00:00","breadcrumb":{"@id":"https:\/\/fundacionrecover.org\/mi-salud-mi-derecho\/#breadcrumb"},"inLanguage":"en-GB","potentialAction":[{"@type":"ReadAction","target":["https:\/\/fundacionrecover.org\/mi-salud-mi-derecho\/"]}]},{"@type":"ImageObject","inLanguage":"en-GB","@id":"https:\/\/fundacionrecover.org\/mi-salud-mi-derecho\/#primaryimage","url":"https:\/\/fundacionrecover.org\/wp-content\/uploads\/2024\/04\/Foto-1-3.jpg","contentUrl":"https:\/\/fundacionrecover.org\/wp-content\/uploads\/2024\/04\/Foto-1-3.jpg","width":1024,"height":801,"caption":"Revisi\u00f3n pedi\u00e1trica del programa Nutri-m"},{"@type":"BreadcrumbList","@id":"https:\/\/fundacionrecover.org\/mi-salud-mi-derecho\/#breadcrumb","itemListElement":[{"@type":"ListItem","position":1,"name":"Home","item":"https:\/\/fundacionrecover.org\/"},{"@type":"ListItem","position":2,"name":"Recover en los medios","item":"https:\/\/fundacionrecover.org\/category\/prensa\/"},{"@type":"ListItem","position":3,"name":"Mi salud, mi derecho"}]},{"@type":"WebSite","@id":"https:\/\/fundacionrecover.org\/#website","url":"https:\/\/fundacionrecover.org\/","name":"Recover Foundation, Hospitals for Africa","description":"Recover Foundation","publisher":{"@id":"https:\/\/fundacionrecover.org\/#organization"},"potentialAction":[{"@type":"SearchAction","target":{"@type":"EntryPoint","urlTemplate":"https:\/\/fundacionrecover.org\/?s={search_term_string}"},"query-input":{"@type":"PropertyValueSpecification","valueRequired":true,"valueName":"search_term_string"}}],"inLanguage":"en-GB"},{"@type":"Organization","@id":"https:\/\/fundacionrecover.org\/#organization","name":"Recover Foundation, Hospitals for Africa","alternateName":"Fundaci\u00f3n Recover","url":"https:\/\/fundacionrecover.org\/","logo":{"@type":"ImageObject","inLanguage":"en-GB","@id":"https:\/\/fundacionrecover.org\/#\/schema\/logo\/image\/","url":"https:\/\/fundacionrecover.org\/wp-content\/uploads\/2024\/03\/FundacionRecoverHospitalesParaAfrica_logo_blanco_cut.png","contentUrl":"https:\/\/fundacionrecover.org\/wp-content\/uploads\/2024\/03\/FundacionRecoverHospitalesParaAfrica_logo_blanco_cut.png","width":335,"height":183,"caption":"Fundaci\u00f3n Recover, Hospitales para \u00c1frica"},"image":{"@id":"https:\/\/fundacionrecover.org\/#\/schema\/logo\/image\/"},"sameAs":["https:\/\/www.facebook.com\/fundacionrecover\/","https:\/\/www.instagram.com\/fundacionrecover\/","https:\/\/www.linkedin.com\/company\/fundaci\u00f3n-recover-hospitales-para-\u00e1frica\/","https:\/\/www.tiktok.com\/@fundacionrecover"]},{"@type":"Person","@id":"https:\/\/fundacionrecover.org\/#\/schema\/person\/dd196faabb13b5c6e72c88bc6f7c6fb6","name":"Recover","sameAs":["https:\/\/fundacionrecover.org"]}]}},"_links":{"self":[{"href":"https:\/\/fundacionrecover.org\/en\/wp-json\/wp\/v2\/posts\/5034","targetHints":{"allow":["GET"]}}],"collection":[{"href":"https:\/\/fundacionrecover.org\/en\/wp-json\/wp\/v2\/posts"}],"about":[{"href":"https:\/\/fundacionrecover.org\/en\/wp-json\/wp\/v2\/types\/post"}],"author":[{"embeddable":true,"href":"https:\/\/fundacionrecover.org\/en\/wp-json\/wp\/v2\/users\/1"}],"replies":[{"embeddable":true,"href":"https:\/\/fundacionrecover.org\/en\/wp-json\/wp\/v2\/comments?post=5034"}],"version-history":[{"count":0,"href":"https:\/\/fundacionrecover.org\/en\/wp-json\/wp\/v2\/posts\/5034\/revisions"}],"wp:featuredmedia":[{"embeddable":true,"href":"https:\/\/fundacionrecover.org\/en\/wp-json\/wp\/v2\/media\/1845"}],"wp:attachment":[{"href":"https:\/\/fundacionrecover.org\/en\/wp-json\/wp\/v2\/media?parent=5034"}],"wp:term":[{"taxonomy":"category","embeddable":true,"href":"https:\/\/fundacionrecover.org\/en\/wp-json\/wp\/v2\/categories?post=5034"},{"taxonomy":"post_tag","embeddable":true,"href":"https:\/\/fundacionrecover.org\/en\/wp-json\/wp\/v2\/tags?post=5034"}],"curies":[{"name":"wp","href":"https:\/\/api.w.org\/{rel}","templated":true}]}}