{"id":5045,"date":"2024-04-17T11:50:31","date_gmt":"2024-04-17T09:50:31","guid":{"rendered":"https:\/\/fundacionrecover.org\/?p=5045"},"modified":"2024-06-05T12:09:10","modified_gmt":"2024-06-05T10:09:10","slug":"recover-calls-for-decent-quality-healthcare-for-africa","status":"publish","type":"post","link":"https:\/\/fundacionrecover.org\/en\/recover-pide-para-africa-una-sanidad-digna-y-de-calidad\/","title":{"rendered":"Recover calls for decent, quality health care for Africa"},"content":{"rendered":"<p>Decent and quality health care in Africa, the raison d'\u00eatre of Fundaci\u00f3n Recover, Hospitals for Africa.<\/p>\n\n\n\n<p>Marta Mara\u00f1\u00f3n, general director of Fundaci\u00f3n Recover, Hospitals for Africa, recalls some alarming data regarding health in Africa, such as the lack of qualified personnel or the high rates of infant and maternal mortality that exist in countries such as Cameroon, Ivory Coast or Benin.<\/p>\n\n\n\n<p>You can listen to the interview here: <a href=\"https:\/\/www.rtve.es\/play\/audios\/africa-hoy\/hoy-recover-africa-sanidad-digna-calidad\/16063934\/\" target=\"_blank\" rel=\"noreferrer noopener nofollow\"><mark style=\"background-color:rgba(0, 0, 0, 0)\" class=\"has-inline-color has-luminous-vivid-orange-color\">https:\/\/www.rtve.es\/play\/audios\/africa-hoy\/hoy-recover-africa-sanidad-digna-calidad\/16063934\/<\/mark><\/a><\/p>","protected":false},"excerpt":{"rendered":"<p>In this interview with RTVE, the director of the Recover Foundation, Marta Mara\u00f1\u00f3n, reviews some alarming health data in Africa.<\/p>","protected":false},"author":1,"featured_media":5340,"comment_status":"closed","ping_status":"closed","sticky":false,"template":"","format":"standard","meta":{"give_campaign_id":0,"footnotes":""},"categories":[13],"tags":[],"class_list":["post-5045","post","type-post","status-publish","format-standard","has-post-thumbnail","hentry","category-prensa"],"yoast_head":"<!-- This site is optimized with the Yoast SEO plugin v27.4 - https:\/\/yoast.com\/product\/yoast-seo-wordpress\/ -->\n<title>Recover pide para \u00c1frica una sanidad digna y de calidad - Fundaci\u00f3n Recover Hospitales para \u00c1frica<\/title>\n<meta name=\"robots\" content=\"index, follow, max-snippet:-1, max-image-preview:large, max-video-preview:-1\" \/>\n<link rel=\"canonical\" href=\"https:\/\/fundacionrecover.org\/en\/recover-calls-for-decent-quality-healthcare-for-africa\/\" \/>\n<meta property=\"og:locale\" content=\"en_GB\" \/>\n<meta property=\"og:type\" content=\"article\" \/>\n<meta property=\"og:title\" content=\"Recover pide para \u00c1frica una sanidad digna y de calidad - Fundaci\u00f3n Recover Hospitales para \u00c1frica\" \/>\n<meta property=\"og:description\" content=\"La directora de Fundaci\u00f3n Recover, Marta Mara\u00f1\u00f3n, repasa en esta entrevista con RTVE algunos datos alarmantes de salud en \u00c1frica\" \/>\n<meta property=\"og:url\" content=\"https:\/\/fundacionrecover.org\/en\/recover-calls-for-decent-quality-healthcare-for-africa\/\" \/>\n<meta property=\"og:site_name\" content=\"Fundaci\u00f3n Recover Hospitales para \u00c1frica\" \/>\n<meta property=\"article:publisher\" content=\"https:\/\/www.facebook.com\/fundacionrecover\/\" \/>\n<meta property=\"article:published_time\" content=\"2024-04-17T09:50:31+00:00\" \/>\n<meta property=\"article:modified_time\" content=\"2024-06-05T10:09:10+00:00\" \/>\n<meta property=\"og:image\" content=\"https:\/\/fundacionrecover.org\/wp-content\/uploads\/2024\/04\/Digitalizacion-servicio-de-acogida-1.jpg\" \/>\n\t<meta property=\"og:image:width\" content=\"1000\" \/>\n\t<meta property=\"og:image:height\" content=\"750\" \/>\n\t<meta property=\"og:image:type\" content=\"image\/jpeg\" \/>\n<meta name=\"author\" content=\"Recover\" \/>\n<meta name=\"twitter:card\" content=\"summary_large_image\" \/>\n<meta name=\"twitter:label1\" content=\"Written by\" \/>\n\t<meta name=\"twitter:data1\" content=\"Recover\" \/>\n\t<meta name=\"twitter:label2\" content=\"Estimated reading time\" \/>\n\t<meta name=\"twitter:data2\" content=\"1 minute\" \/>\n<script type=\"application\/ld+json\" class=\"yoast-schema-graph\">{\"@context\":\"https:\\\/\\\/schema.org\",\"@graph\":[{\"@type\":\"Article\",\"@id\":\"https:\\\/\\\/fundacionrecover.org\\\/recover-pide-para-africa-una-sanidad-digna-y-de-calidad\\\/#article\",\"isPartOf\":{\"@id\":\"https:\\\/\\\/fundacionrecover.org\\\/recover-pide-para-africa-una-sanidad-digna-y-de-calidad\\\/\"},\"author\":{\"name\":\"Recover\",\"@id\":\"https:\\\/\\\/fundacionrecover.org\\\/#\\\/schema\\\/person\\\/dd196faabb13b5c6e72c88bc6f7c6fb6\"},\"headline\":\"Recover pide para \u00c1frica una sanidad digna y de calidad\",\"datePublished\":\"2024-04-17T09:50:31+00:00\",\"dateModified\":\"2024-06-05T10:09:10+00:00\",\"mainEntityOfPage\":{\"@id\":\"https:\\\/\\\/fundacionrecover.org\\\/recover-pide-para-africa-una-sanidad-digna-y-de-calidad\\\/\"},\"wordCount\":98,\"publisher\":{\"@id\":\"https:\\\/\\\/fundacionrecover.org\\\/#organization\"},\"image\":{\"@id\":\"https:\\\/\\\/fundacionrecover.org\\\/recover-pide-para-africa-una-sanidad-digna-y-de-calidad\\\/#primaryimage\"},\"thumbnailUrl\":\"https:\\\/\\\/fundacionrecover.org\\\/wp-content\\\/uploads\\\/2024\\\/04\\\/Digitalizacion-servicio-de-acogida-1.jpg\",\"articleSection\":[\"Recover en los medios\"],\"inLanguage\":\"en-GB\"},{\"@type\":\"WebPage\",\"@id\":\"https:\\\/\\\/fundacionrecover.org\\\/recover-pide-para-africa-una-sanidad-digna-y-de-calidad\\\/\",\"url\":\"https:\\\/\\\/fundacionrecover.org\\\/recover-pide-para-africa-una-sanidad-digna-y-de-calidad\\\/\",\"name\":\"Recover pide para \u00c1frica una sanidad digna y de calidad - Fundaci\u00f3n Recover Hospitales para \u00c1frica\",\"isPartOf\":{\"@id\":\"https:\\\/\\\/fundacionrecover.org\\\/#website\"},\"primaryImageOfPage\":{\"@id\":\"https:\\\/\\\/fundacionrecover.org\\\/recover-pide-para-africa-una-sanidad-digna-y-de-calidad\\\/#primaryimage\"},\"image\":{\"@id\":\"https:\\\/\\\/fundacionrecover.org\\\/recover-pide-para-africa-una-sanidad-digna-y-de-calidad\\\/#primaryimage\"},\"thumbnailUrl\":\"https:\\\/\\\/fundacionrecover.org\\\/wp-content\\\/uploads\\\/2024\\\/04\\\/Digitalizacion-servicio-de-acogida-1.jpg\",\"datePublished\":\"2024-04-17T09:50:31+00:00\",\"dateModified\":\"2024-06-05T10:09:10+00:00\",\"breadcrumb\":{\"@id\":\"https:\\\/\\\/fundacionrecover.org\\\/recover-pide-para-africa-una-sanidad-digna-y-de-calidad\\\/#breadcrumb\"},\"inLanguage\":\"en-GB\",\"potentialAction\":[{\"@type\":\"ReadAction\",\"target\":[\"https:\\\/\\\/fundacionrecover.org\\\/recover-pide-para-africa-una-sanidad-digna-y-de-calidad\\\/\"]}]},{\"@type\":\"ImageObject\",\"inLanguage\":\"en-GB\",\"@id\":\"https:\\\/\\\/fundacionrecover.org\\\/recover-pide-para-africa-una-sanidad-digna-y-de-calidad\\\/#primaryimage\",\"url\":\"https:\\\/\\\/fundacionrecover.org\\\/wp-content\\\/uploads\\\/2024\\\/04\\\/Digitalizacion-servicio-de-acogida-1.jpg\",\"contentUrl\":\"https:\\\/\\\/fundacionrecover.org\\\/wp-content\\\/uploads\\\/2024\\\/04\\\/Digitalizacion-servicio-de-acogida-1.jpg\",\"width\":1000,\"height\":750},{\"@type\":\"BreadcrumbList\",\"@id\":\"https:\\\/\\\/fundacionrecover.org\\\/recover-pide-para-africa-una-sanidad-digna-y-de-calidad\\\/#breadcrumb\",\"itemListElement\":[{\"@type\":\"ListItem\",\"position\":1,\"name\":\"Home\",\"item\":\"https:\\\/\\\/fundacionrecover.org\\\/\"},{\"@type\":\"ListItem\",\"position\":2,\"name\":\"Recover en los medios\",\"item\":\"https:\\\/\\\/fundacionrecover.org\\\/category\\\/prensa\\\/\"},{\"@type\":\"ListItem\",\"position\":3,\"name\":\"Recover pide para \u00c1frica una sanidad digna y de calidad\"}]},{\"@type\":\"WebSite\",\"@id\":\"https:\\\/\\\/fundacionrecover.org\\\/#website\",\"url\":\"https:\\\/\\\/fundacionrecover.org\\\/\",\"name\":\"Fundaci\u00f3n Recover Hospitales para \u00c1frica\",\"description\":\"Fundaci\u00f3n Recover\",\"publisher\":{\"@id\":\"https:\\\/\\\/fundacionrecover.org\\\/#organization\"},\"potentialAction\":[{\"@type\":\"SearchAction\",\"target\":{\"@type\":\"EntryPoint\",\"urlTemplate\":\"https:\\\/\\\/fundacionrecover.org\\\/?s={search_term_string}\"},\"query-input\":{\"@type\":\"PropertyValueSpecification\",\"valueRequired\":true,\"valueName\":\"search_term_string\"}}],\"inLanguage\":\"en-GB\"},{\"@type\":\"Organization\",\"@id\":\"https:\\\/\\\/fundacionrecover.org\\\/#organization\",\"name\":\"Fundaci\u00f3n Recover, Hospitales para \u00c1frica\",\"alternateName\":\"Fundaci\u00f3n Recover\",\"url\":\"https:\\\/\\\/fundacionrecover.org\\\/\",\"logo\":{\"@type\":\"ImageObject\",\"inLanguage\":\"en-GB\",\"@id\":\"https:\\\/\\\/fundacionrecover.org\\\/#\\\/schema\\\/logo\\\/image\\\/\",\"url\":\"https:\\\/\\\/fundacionrecover.org\\\/wp-content\\\/uploads\\\/2024\\\/03\\\/FundacionRecoverHospitalesParaAfrica_logo_blanco_cut.png\",\"contentUrl\":\"https:\\\/\\\/fundacionrecover.org\\\/wp-content\\\/uploads\\\/2024\\\/03\\\/FundacionRecoverHospitalesParaAfrica_logo_blanco_cut.png\",\"width\":335,\"height\":183,\"caption\":\"Fundaci\u00f3n Recover, Hospitales para \u00c1frica\"},\"image\":{\"@id\":\"https:\\\/\\\/fundacionrecover.org\\\/#\\\/schema\\\/logo\\\/image\\\/\"},\"sameAs\":[\"https:\\\/\\\/www.facebook.com\\\/fundacionrecover\\\/\",\"https:\\\/\\\/www.instagram.com\\\/fundacionrecover\\\/\",\"https:\\\/\\\/www.linkedin.com\\\/company\\\/fundaci\u00f3n-recover-hospitales-para-\u00e1frica\\\/\",\"https:\\\/\\\/www.tiktok.com\\\/@fundacionrecover\"]},{\"@type\":\"Person\",\"@id\":\"https:\\\/\\\/fundacionrecover.org\\\/#\\\/schema\\\/person\\\/dd196faabb13b5c6e72c88bc6f7c6fb6\",\"name\":\"Recover\",\"sameAs\":[\"https:\\\/\\\/fundacionrecover.org\"]}]}<\/script>\n<!-- \/ Yoast SEO plugin. -->","yoast_head_json":{"title":"Recover calls for decent, quality healthcare for Africa - Recover Hospitals for Africa Foundation","robots":{"index":"index","follow":"follow","max-snippet":"max-snippet:-1","max-image-preview":"max-image-preview:large","max-video-preview":"max-video-preview:-1"},"canonical":"https:\/\/fundacionrecover.org\/en\/recover-calls-for-decent-quality-healthcare-for-africa\/","og_locale":"en_GB","og_type":"article","og_title":"Recover pide para \u00c1frica una sanidad digna y de calidad - Fundaci\u00f3n Recover Hospitales para \u00c1frica","og_description":"La directora de Fundaci\u00f3n Recover, Marta Mara\u00f1\u00f3n, repasa en esta entrevista con RTVE algunos datos alarmantes de salud en \u00c1frica","og_url":"https:\/\/fundacionrecover.org\/en\/recover-calls-for-decent-quality-healthcare-for-africa\/","og_site_name":"Fundaci\u00f3n Recover Hospitales para \u00c1frica","article_publisher":"https:\/\/www.facebook.com\/fundacionrecover\/","article_published_time":"2024-04-17T09:50:31+00:00","article_modified_time":"2024-06-05T10:09:10+00:00","og_image":[{"width":1000,"height":750,"url":"https:\/\/fundacionrecover.org\/wp-content\/uploads\/2024\/04\/Digitalizacion-servicio-de-acogida-1.jpg","type":"image\/jpeg"}],"author":"Recover","twitter_card":"summary_large_image","twitter_misc":{"Written by":"Recover","Estimated reading time":"1 minute"},"schema":{"@context":"https:\/\/schema.org","@graph":[{"@type":"Article","@id":"https:\/\/fundacionrecover.org\/recover-pide-para-africa-una-sanidad-digna-y-de-calidad\/#article","isPartOf":{"@id":"https:\/\/fundacionrecover.org\/recover-pide-para-africa-una-sanidad-digna-y-de-calidad\/"},"author":{"name":"Recover","@id":"https:\/\/fundacionrecover.org\/#\/schema\/person\/dd196faabb13b5c6e72c88bc6f7c6fb6"},"headline":"Recover pide para \u00c1frica una sanidad digna y de calidad","datePublished":"2024-04-17T09:50:31+00:00","dateModified":"2024-06-05T10:09:10+00:00","mainEntityOfPage":{"@id":"https:\/\/fundacionrecover.org\/recover-pide-para-africa-una-sanidad-digna-y-de-calidad\/"},"wordCount":98,"publisher":{"@id":"https:\/\/fundacionrecover.org\/#organization"},"image":{"@id":"https:\/\/fundacionrecover.org\/recover-pide-para-africa-una-sanidad-digna-y-de-calidad\/#primaryimage"},"thumbnailUrl":"https:\/\/fundacionrecover.org\/wp-content\/uploads\/2024\/04\/Digitalizacion-servicio-de-acogida-1.jpg","articleSection":["Recover en los medios"],"inLanguage":"en-GB"},{"@type":"WebPage","@id":"https:\/\/fundacionrecover.org\/recover-pide-para-africa-una-sanidad-digna-y-de-calidad\/","url":"https:\/\/fundacionrecover.org\/recover-pide-para-africa-una-sanidad-digna-y-de-calidad\/","name":"Recover calls for decent, quality healthcare for Africa - Recover Hospitals for Africa Foundation","isPartOf":{"@id":"https:\/\/fundacionrecover.org\/#website"},"primaryImageOfPage":{"@id":"https:\/\/fundacionrecover.org\/recover-pide-para-africa-una-sanidad-digna-y-de-calidad\/#primaryimage"},"image":{"@id":"https:\/\/fundacionrecover.org\/recover-pide-para-africa-una-sanidad-digna-y-de-calidad\/#primaryimage"},"thumbnailUrl":"https:\/\/fundacionrecover.org\/wp-content\/uploads\/2024\/04\/Digitalizacion-servicio-de-acogida-1.jpg","datePublished":"2024-04-17T09:50:31+00:00","dateModified":"2024-06-05T10:09:10+00:00","breadcrumb":{"@id":"https:\/\/fundacionrecover.org\/recover-pide-para-africa-una-sanidad-digna-y-de-calidad\/#breadcrumb"},"inLanguage":"en-GB","potentialAction":[{"@type":"ReadAction","target":["https:\/\/fundacionrecover.org\/recover-pide-para-africa-una-sanidad-digna-y-de-calidad\/"]}]},{"@type":"ImageObject","inLanguage":"en-GB","@id":"https:\/\/fundacionrecover.org\/recover-pide-para-africa-una-sanidad-digna-y-de-calidad\/#primaryimage","url":"https:\/\/fundacionrecover.org\/wp-content\/uploads\/2024\/04\/Digitalizacion-servicio-de-acogida-1.jpg","contentUrl":"https:\/\/fundacionrecover.org\/wp-content\/uploads\/2024\/04\/Digitalizacion-servicio-de-acogida-1.jpg","width":1000,"height":750},{"@type":"BreadcrumbList","@id":"https:\/\/fundacionrecover.org\/recover-pide-para-africa-una-sanidad-digna-y-de-calidad\/#breadcrumb","itemListElement":[{"@type":"ListItem","position":1,"name":"Home","item":"https:\/\/fundacionrecover.org\/"},{"@type":"ListItem","position":2,"name":"Recover en los medios","item":"https:\/\/fundacionrecover.org\/category\/prensa\/"},{"@type":"ListItem","position":3,"name":"Recover pide para \u00c1frica una sanidad digna y de calidad"}]},{"@type":"WebSite","@id":"https:\/\/fundacionrecover.org\/#website","url":"https:\/\/fundacionrecover.org\/","name":"Recover Foundation, Hospitals for Africa","description":"Recover Foundation","publisher":{"@id":"https:\/\/fundacionrecover.org\/#organization"},"potentialAction":[{"@type":"SearchAction","target":{"@type":"EntryPoint","urlTemplate":"https:\/\/fundacionrecover.org\/?s={search_term_string}"},"query-input":{"@type":"PropertyValueSpecification","valueRequired":true,"valueName":"search_term_string"}}],"inLanguage":"en-GB"},{"@type":"Organization","@id":"https:\/\/fundacionrecover.org\/#organization","name":"Recover Foundation, Hospitals for Africa","alternateName":"Fundaci\u00f3n Recover","url":"https:\/\/fundacionrecover.org\/","logo":{"@type":"ImageObject","inLanguage":"en-GB","@id":"https:\/\/fundacionrecover.org\/#\/schema\/logo\/image\/","url":"https:\/\/fundacionrecover.org\/wp-content\/uploads\/2024\/03\/FundacionRecoverHospitalesParaAfrica_logo_blanco_cut.png","contentUrl":"https:\/\/fundacionrecover.org\/wp-content\/uploads\/2024\/03\/FundacionRecoverHospitalesParaAfrica_logo_blanco_cut.png","width":335,"height":183,"caption":"Fundaci\u00f3n Recover, Hospitales para \u00c1frica"},"image":{"@id":"https:\/\/fundacionrecover.org\/#\/schema\/logo\/image\/"},"sameAs":["https:\/\/www.facebook.com\/fundacionrecover\/","https:\/\/www.instagram.com\/fundacionrecover\/","https:\/\/www.linkedin.com\/company\/fundaci\u00f3n-recover-hospitales-para-\u00e1frica\/","https:\/\/www.tiktok.com\/@fundacionrecover"]},{"@type":"Person","@id":"https:\/\/fundacionrecover.org\/#\/schema\/person\/dd196faabb13b5c6e72c88bc6f7c6fb6","name":"Recover","sameAs":["https:\/\/fundacionrecover.org"]}]}},"_links":{"self":[{"href":"https:\/\/fundacionrecover.org\/en\/wp-json\/wp\/v2\/posts\/5045","targetHints":{"allow":["GET"]}}],"collection":[{"href":"https:\/\/fundacionrecover.org\/en\/wp-json\/wp\/v2\/posts"}],"about":[{"href":"https:\/\/fundacionrecover.org\/en\/wp-json\/wp\/v2\/types\/post"}],"author":[{"embeddable":true,"href":"https:\/\/fundacionrecover.org\/en\/wp-json\/wp\/v2\/users\/1"}],"replies":[{"embeddable":true,"href":"https:\/\/fundacionrecover.org\/en\/wp-json\/wp\/v2\/comments?post=5045"}],"version-history":[{"count":0,"href":"https:\/\/fundacionrecover.org\/en\/wp-json\/wp\/v2\/posts\/5045\/revisions"}],"wp:featuredmedia":[{"embeddable":true,"href":"https:\/\/fundacionrecover.org\/en\/wp-json\/wp\/v2\/media\/5340"}],"wp:attachment":[{"href":"https:\/\/fundacionrecover.org\/en\/wp-json\/wp\/v2\/media?parent=5045"}],"wp:term":[{"taxonomy":"category","embeddable":true,"href":"https:\/\/fundacionrecover.org\/en\/wp-json\/wp\/v2\/categories?post=5045"},{"taxonomy":"post_tag","embeddable":true,"href":"https:\/\/fundacionrecover.org\/en\/wp-json\/wp\/v2\/tags?post=5045"}],"curies":[{"name":"wp","href":"https:\/\/api.w.org\/{rel}","templated":true}]}}