{"id":6832,"date":"2024-07-18T17:47:21","date_gmt":"2024-07-18T15:47:21","guid":{"rendered":"https:\/\/fundacionrecover.org\/?p=6832"},"modified":"2024-07-18T17:50:38","modified_gmt":"2024-07-18T15:50:38","slug":"albacete-a-burkina-faso-dos-mujeres-con-cardiopatias-severas","status":"publish","type":"post","link":"https:\/\/fundacionrecover.org\/en\/albacete-a-burkina-faso-dos-mujeres-con-cardiopatias-severas\/","title":{"rendered":"From Albacete to Burkina Faso: hope for two women with severe heart disease"},"content":{"rendered":"<p>Burkina Faso, un pa\u00eds afectado por la violencia yihadista y una de las crisis humanitarias m\u00e1s olvidadas del planeta, enfrenta una alarmante situaci\u00f3n con m\u00e1s de dos millones de desplazados desde 2015. Actualmente, casi la mitad del territorio del pa\u00eds no est\u00e1 controlado por el estado, lo que dificulta a\u00fan m\u00e1s la vida de sus ciudadanos.<\/p>\n\n\n\n<p>En medio de esta crisis, <a href=\"https:\/\/fundacionrecover.org\/en\/where-we-work\/\"><mark style=\"background-color:rgba(0, 0, 0, 0)\" class=\"has-inline-color has-luminous-vivid-orange-color\">Recover Foundation<\/mark><\/a> ha logrado <strong>traer a Espa\u00f1a a dos mujeres con cardiopat\u00edas severas para recibir tratamiento m\u00e9dico<\/strong>. Este viaje no fue sencillo. Sin una embajada espa\u00f1ola en Burkina Faso, tuvieron que ser evacuadas para ir a Mali y recoger all\u00ed sus visados, gracias al apoyo de la diplomacia espa\u00f1ola. Adem\u00e1s, a su llegada a Espa\u00f1a y a pesar de las gestiones de la fundaci\u00f3n, no recibieron asistencia en el aeropuerto de Barajas, por lo que perdieron su primer tren hacia Albacete, donde se encuentran el Hospital Quir\u00f3nsalud de Albacete en el que han sido operadas.<\/p>\n\n\n\n<p><strong>Gladys, de 29 a\u00f1os<\/strong>, sufr\u00eda una insuficiencia severa en la v\u00e1lvula mitral y su <strong>diagn\u00f3stico era de uno o dos a\u00f1os de vida<\/strong> como m\u00e1ximo. Como vendedora, tuvo que dejar su trabajo debido a su enfermedad. Fue la primera en ser intervenida y su recuperaci\u00f3n est\u00e1 siendo m\u00e1s lenta, aunque su evoluci\u00f3n es muy favorable. Se le ha implantado una v\u00e1lvula biol\u00f3gica, cuyo mantenimiento es m\u00e1s econ\u00f3mico, lo que le permitir\u00e1 volver a trabajar y mejorar dr\u00e1sticamente su calidad de vida.<\/p>\n\n\n\n<p><strong>Victorine, de 19 a\u00f1os<\/strong>, est\u00e1 escolarizada y es la menor de seis hermanos. Viv\u00eda con v\u00e1lvula mitral reum\u00e1tica desde 2015 y <strong>no pod\u00eda ni hacer deporte<\/strong>. Ahora, con una v\u00e1lvula mec\u00e1nica cedida por Medtronic, su vida dar\u00e1 un giro radical. Su familia podr\u00e1 costear el medicamento necesario para su mantenimiento, permiti\u00e9ndole llevar una vida normal. Victorine vive en una aldea rural a una hora de Uagadug\u00fa, la capital, y es hu\u00e9rfana de padre.<\/p>\n\n\n\n<p>En Albacete, voluntarios de Fundaci\u00f3n Recover como Concha, Pepe o Alicia, acompa\u00f1an a ambas pacientes y mantienen contacto con sus familias. Tras su hospitalizaci\u00f3n, estar\u00e1n alojadas de forma gratuita en la Instituci\u00f3n Ben\u00e9fica Sagrado Coraz\u00f3n de Jes\u00fas de Albacete.<\/p>\n\n\n\n<p>Las intervenciones, llevadas a cabo por el cirujano cardiovascular Gonzalo Ald\u00e1miz-Echevarr\u00eda y su equipo, dentro del que se encuentra el Dr. Ramiro Montenegro, han sido un \u00e9xito. Marta Mara\u00f1\u00f3n, directora de Fundaci\u00f3n Recover, y Cristina Rodrigo, responsable de voluntariado, viajaron a Albacete para estar con ellas y pudieron acompa\u00f1ar a Victorine en quir\u00f3fano durante el transcurso de la operaci\u00f3n. Si todo progresa bien, se espera que <strong>Gladys y Victorine regresen a Burkina Faso a finales de agosto<\/strong>. All\u00ed se encontrar\u00e1n con <a href=\"https:\/\/fundacionrecover.org\/en\/category\/patients\/\"><mark style=\"background-color:rgba(0, 0, 0, 0)\" class=\"has-inline-color has-luminous-vivid-orange-color\">una vida mucho mejor<\/mark><\/a> de la que han dejado.<\/p>\n\n\n\n<figure class=\"wp-block-embed is-type-video is-provider-youtube wp-block-embed-youtube wp-embed-aspect-16-9 wp-has-aspect-ratio\"><div class=\"wp-block-embed__wrapper\">\n<iframe title=\"Doble intervenci\u00f3n de coraz\u00f3n en Albacete a dos pacientes\u00a0de\u00a0Burkina\u00a0Faso\" width=\"800\" height=\"450\" src=\"https:\/\/www.youtube.com\/embed\/z4eZ9GMpVTs?feature=oembed\" frameborder=\"0\" allow=\"accelerometer; autoplay; clipboard-write; encrypted-media; gyroscope; picture-in-picture; web-share\" referrerpolicy=\"strict-origin-when-cross-origin\" allowfullscreen><\/iframe>\n<\/div><\/figure>","protected":false},"excerpt":{"rendered":"<p>Fundaci\u00f3n Recover trae a Espa\u00f1a a Gladys, de 29 a\u00f1os, y a Victorine, de 19 a\u00f1os, para ser intervenidas en el Hospital Quir\u00f3nsalud de Albacete<\/p>","protected":false},"author":1,"featured_media":6838,"comment_status":"closed","ping_status":"closed","sticky":false,"template":"","format":"standard","meta":{"give_campaign_id":0,"footnotes":""},"categories":[11],"tags":[],"class_list":["post-6832","post","type-post","status-publish","format-standard","has-post-thumbnail","hentry","category-noticias"],"yoast_head":"<!-- This site is optimized with the Yoast SEO plugin v27.4 - https:\/\/yoast.com\/product\/yoast-seo-wordpress\/ -->\n<title>Desde Albacete a Burkina Faso: esperanza para dos mujeres con cardiopat\u00edas severas - Fundaci\u00f3n Recover Hospitales para \u00c1frica<\/title>\n<meta name=\"robots\" content=\"index, follow, max-snippet:-1, max-image-preview:large, max-video-preview:-1\" \/>\n<link rel=\"canonical\" href=\"https:\/\/fundacionrecover.org\/en\/albacete-a-burkina-faso-dos-mujeres-con-cardiopatias-severas\/\" \/>\n<meta property=\"og:locale\" content=\"en_GB\" \/>\n<meta property=\"og:type\" content=\"article\" \/>\n<meta property=\"og:title\" content=\"Desde Albacete a Burkina Faso: esperanza para dos mujeres con cardiopat\u00edas severas - Fundaci\u00f3n Recover Hospitales para \u00c1frica\" \/>\n<meta property=\"og:description\" content=\"Fundaci\u00f3n Recover trae a Espa\u00f1a a Gladys, de 29 a\u00f1os, y a Victorine, de 19 a\u00f1os, para ser intervenidas en el Hospital Quir\u00f3nsalud de Albacete\" \/>\n<meta property=\"og:url\" content=\"https:\/\/fundacionrecover.org\/en\/albacete-a-burkina-faso-dos-mujeres-con-cardiopatias-severas\/\" \/>\n<meta property=\"og:site_name\" content=\"Fundaci\u00f3n Recover Hospitales para \u00c1frica\" \/>\n<meta property=\"article:publisher\" content=\"https:\/\/www.facebook.com\/fundacionrecover\/\" \/>\n<meta property=\"article:published_time\" content=\"2024-07-18T15:47:21+00:00\" \/>\n<meta property=\"article:modified_time\" content=\"2024-07-18T15:50:38+00:00\" \/>\n<meta property=\"og:image\" content=\"https:\/\/fundacionrecover.org\/wp-content\/uploads\/2024\/07\/Victorine-antes-de-la-operacion.jpg\" \/>\n\t<meta property=\"og:image:width\" content=\"1000\" \/>\n\t<meta property=\"og:image:height\" content=\"750\" \/>\n\t<meta property=\"og:image:type\" content=\"image\/jpeg\" \/>\n<meta name=\"author\" content=\"Recover\" \/>\n<meta name=\"twitter:card\" content=\"summary_large_image\" \/>\n<meta name=\"twitter:label1\" content=\"Written by\" \/>\n\t<meta name=\"twitter:data1\" content=\"Recover\" \/>\n\t<meta name=\"twitter:label2\" content=\"Estimated reading time\" \/>\n\t<meta name=\"twitter:data2\" content=\"3 minutes\" \/>\n<script type=\"application\/ld+json\" class=\"yoast-schema-graph\">{\"@context\":\"https:\\\/\\\/schema.org\",\"@graph\":[{\"@type\":\"Article\",\"@id\":\"https:\\\/\\\/fundacionrecover.org\\\/albacete-a-burkina-faso-dos-mujeres-con-cardiopatias-severas\\\/#article\",\"isPartOf\":{\"@id\":\"https:\\\/\\\/fundacionrecover.org\\\/albacete-a-burkina-faso-dos-mujeres-con-cardiopatias-severas\\\/\"},\"author\":{\"name\":\"Recover\",\"@id\":\"https:\\\/\\\/fundacionrecover.org\\\/#\\\/schema\\\/person\\\/dd196faabb13b5c6e72c88bc6f7c6fb6\"},\"headline\":\"Desde Albacete a Burkina Faso: esperanza para dos mujeres con cardiopat\u00edas severas\",\"datePublished\":\"2024-07-18T15:47:21+00:00\",\"dateModified\":\"2024-07-18T15:50:38+00:00\",\"mainEntityOfPage\":{\"@id\":\"https:\\\/\\\/fundacionrecover.org\\\/albacete-a-burkina-faso-dos-mujeres-con-cardiopatias-severas\\\/\"},\"wordCount\":513,\"publisher\":{\"@id\":\"https:\\\/\\\/fundacionrecover.org\\\/#organization\"},\"image\":{\"@id\":\"https:\\\/\\\/fundacionrecover.org\\\/albacete-a-burkina-faso-dos-mujeres-con-cardiopatias-severas\\\/#primaryimage\"},\"thumbnailUrl\":\"https:\\\/\\\/fundacionrecover.org\\\/wp-content\\\/uploads\\\/2024\\\/07\\\/Victorine-antes-de-la-operacion.jpg\",\"articleSection\":[\"Noticias\"],\"inLanguage\":\"en-GB\"},{\"@type\":\"WebPage\",\"@id\":\"https:\\\/\\\/fundacionrecover.org\\\/albacete-a-burkina-faso-dos-mujeres-con-cardiopatias-severas\\\/\",\"url\":\"https:\\\/\\\/fundacionrecover.org\\\/albacete-a-burkina-faso-dos-mujeres-con-cardiopatias-severas\\\/\",\"name\":\"Desde Albacete a Burkina Faso: esperanza para dos mujeres con cardiopat\u00edas severas - Fundaci\u00f3n Recover Hospitales para \u00c1frica\",\"isPartOf\":{\"@id\":\"https:\\\/\\\/fundacionrecover.org\\\/#website\"},\"primaryImageOfPage\":{\"@id\":\"https:\\\/\\\/fundacionrecover.org\\\/albacete-a-burkina-faso-dos-mujeres-con-cardiopatias-severas\\\/#primaryimage\"},\"image\":{\"@id\":\"https:\\\/\\\/fundacionrecover.org\\\/albacete-a-burkina-faso-dos-mujeres-con-cardiopatias-severas\\\/#primaryimage\"},\"thumbnailUrl\":\"https:\\\/\\\/fundacionrecover.org\\\/wp-content\\\/uploads\\\/2024\\\/07\\\/Victorine-antes-de-la-operacion.jpg\",\"datePublished\":\"2024-07-18T15:47:21+00:00\",\"dateModified\":\"2024-07-18T15:50:38+00:00\",\"breadcrumb\":{\"@id\":\"https:\\\/\\\/fundacionrecover.org\\\/albacete-a-burkina-faso-dos-mujeres-con-cardiopatias-severas\\\/#breadcrumb\"},\"inLanguage\":\"en-GB\",\"potentialAction\":[{\"@type\":\"ReadAction\",\"target\":[\"https:\\\/\\\/fundacionrecover.org\\\/albacete-a-burkina-faso-dos-mujeres-con-cardiopatias-severas\\\/\"]}]},{\"@type\":\"ImageObject\",\"inLanguage\":\"en-GB\",\"@id\":\"https:\\\/\\\/fundacionrecover.org\\\/albacete-a-burkina-faso-dos-mujeres-con-cardiopatias-severas\\\/#primaryimage\",\"url\":\"https:\\\/\\\/fundacionrecover.org\\\/wp-content\\\/uploads\\\/2024\\\/07\\\/Victorine-antes-de-la-operacion.jpg\",\"contentUrl\":\"https:\\\/\\\/fundacionrecover.org\\\/wp-content\\\/uploads\\\/2024\\\/07\\\/Victorine-antes-de-la-operacion.jpg\",\"width\":1000,\"height\":750,\"caption\":\"paciente-cardiologia-burkina-faso-trasaladada\"},{\"@type\":\"BreadcrumbList\",\"@id\":\"https:\\\/\\\/fundacionrecover.org\\\/albacete-a-burkina-faso-dos-mujeres-con-cardiopatias-severas\\\/#breadcrumb\",\"itemListElement\":[{\"@type\":\"ListItem\",\"position\":1,\"name\":\"Home\",\"item\":\"https:\\\/\\\/fundacionrecover.org\\\/\"},{\"@type\":\"ListItem\",\"position\":2,\"name\":\"Noticias\",\"item\":\"https:\\\/\\\/fundacionrecover.org\\\/category\\\/noticias\\\/\"},{\"@type\":\"ListItem\",\"position\":3,\"name\":\"Desde Albacete a Burkina Faso: esperanza para dos mujeres con cardiopat\u00edas severas\"}]},{\"@type\":\"WebSite\",\"@id\":\"https:\\\/\\\/fundacionrecover.org\\\/#website\",\"url\":\"https:\\\/\\\/fundacionrecover.org\\\/\",\"name\":\"Fundaci\u00f3n Recover Hospitales para \u00c1frica\",\"description\":\"Fundaci\u00f3n Recover\",\"publisher\":{\"@id\":\"https:\\\/\\\/fundacionrecover.org\\\/#organization\"},\"potentialAction\":[{\"@type\":\"SearchAction\",\"target\":{\"@type\":\"EntryPoint\",\"urlTemplate\":\"https:\\\/\\\/fundacionrecover.org\\\/?s={search_term_string}\"},\"query-input\":{\"@type\":\"PropertyValueSpecification\",\"valueRequired\":true,\"valueName\":\"search_term_string\"}}],\"inLanguage\":\"en-GB\"},{\"@type\":\"Organization\",\"@id\":\"https:\\\/\\\/fundacionrecover.org\\\/#organization\",\"name\":\"Fundaci\u00f3n Recover, Hospitales para \u00c1frica\",\"alternateName\":\"Fundaci\u00f3n Recover\",\"url\":\"https:\\\/\\\/fundacionrecover.org\\\/\",\"logo\":{\"@type\":\"ImageObject\",\"inLanguage\":\"en-GB\",\"@id\":\"https:\\\/\\\/fundacionrecover.org\\\/#\\\/schema\\\/logo\\\/image\\\/\",\"url\":\"https:\\\/\\\/fundacionrecover.org\\\/wp-content\\\/uploads\\\/2024\\\/03\\\/FundacionRecoverHospitalesParaAfrica_logo_blanco_cut.png\",\"contentUrl\":\"https:\\\/\\\/fundacionrecover.org\\\/wp-content\\\/uploads\\\/2024\\\/03\\\/FundacionRecoverHospitalesParaAfrica_logo_blanco_cut.png\",\"width\":335,\"height\":183,\"caption\":\"Fundaci\u00f3n Recover, Hospitales para \u00c1frica\"},\"image\":{\"@id\":\"https:\\\/\\\/fundacionrecover.org\\\/#\\\/schema\\\/logo\\\/image\\\/\"},\"sameAs\":[\"https:\\\/\\\/www.facebook.com\\\/fundacionrecover\\\/\",\"https:\\\/\\\/www.instagram.com\\\/fundacionrecover\\\/\",\"https:\\\/\\\/www.linkedin.com\\\/company\\\/fundaci\u00f3n-recover-hospitales-para-\u00e1frica\\\/\",\"https:\\\/\\\/www.tiktok.com\\\/@fundacionrecover\"]},{\"@type\":\"Person\",\"@id\":\"https:\\\/\\\/fundacionrecover.org\\\/#\\\/schema\\\/person\\\/dd196faabb13b5c6e72c88bc6f7c6fb6\",\"name\":\"Recover\",\"sameAs\":[\"https:\\\/\\\/fundacionrecover.org\"]}]}<\/script>\n<!-- \/ Yoast SEO plugin. -->","yoast_head_json":{"title":"Desde Albacete a Burkina Faso: esperanza para dos mujeres con cardiopat\u00edas severas - Fundaci\u00f3n Recover Hospitales para \u00c1frica","robots":{"index":"index","follow":"follow","max-snippet":"max-snippet:-1","max-image-preview":"max-image-preview:large","max-video-preview":"max-video-preview:-1"},"canonical":"https:\/\/fundacionrecover.org\/en\/albacete-a-burkina-faso-dos-mujeres-con-cardiopatias-severas\/","og_locale":"en_GB","og_type":"article","og_title":"Desde Albacete a Burkina Faso: esperanza para dos mujeres con cardiopat\u00edas severas - Fundaci\u00f3n Recover Hospitales para \u00c1frica","og_description":"Fundaci\u00f3n Recover trae a Espa\u00f1a a Gladys, de 29 a\u00f1os, y a Victorine, de 19 a\u00f1os, para ser intervenidas en el Hospital Quir\u00f3nsalud de Albacete","og_url":"https:\/\/fundacionrecover.org\/en\/albacete-a-burkina-faso-dos-mujeres-con-cardiopatias-severas\/","og_site_name":"Fundaci\u00f3n Recover Hospitales para \u00c1frica","article_publisher":"https:\/\/www.facebook.com\/fundacionrecover\/","article_published_time":"2024-07-18T15:47:21+00:00","article_modified_time":"2024-07-18T15:50:38+00:00","og_image":[{"width":1000,"height":750,"url":"https:\/\/fundacionrecover.org\/wp-content\/uploads\/2024\/07\/Victorine-antes-de-la-operacion.jpg","type":"image\/jpeg"}],"author":"Recover","twitter_card":"summary_large_image","twitter_misc":{"Written by":"Recover","Estimated reading time":"3 minutes"},"schema":{"@context":"https:\/\/schema.org","@graph":[{"@type":"Article","@id":"https:\/\/fundacionrecover.org\/albacete-a-burkina-faso-dos-mujeres-con-cardiopatias-severas\/#article","isPartOf":{"@id":"https:\/\/fundacionrecover.org\/albacete-a-burkina-faso-dos-mujeres-con-cardiopatias-severas\/"},"author":{"name":"Recover","@id":"https:\/\/fundacionrecover.org\/#\/schema\/person\/dd196faabb13b5c6e72c88bc6f7c6fb6"},"headline":"Desde Albacete a Burkina Faso: esperanza para dos mujeres con cardiopat\u00edas severas","datePublished":"2024-07-18T15:47:21+00:00","dateModified":"2024-07-18T15:50:38+00:00","mainEntityOfPage":{"@id":"https:\/\/fundacionrecover.org\/albacete-a-burkina-faso-dos-mujeres-con-cardiopatias-severas\/"},"wordCount":513,"publisher":{"@id":"https:\/\/fundacionrecover.org\/#organization"},"image":{"@id":"https:\/\/fundacionrecover.org\/albacete-a-burkina-faso-dos-mujeres-con-cardiopatias-severas\/#primaryimage"},"thumbnailUrl":"https:\/\/fundacionrecover.org\/wp-content\/uploads\/2024\/07\/Victorine-antes-de-la-operacion.jpg","articleSection":["Noticias"],"inLanguage":"en-GB"},{"@type":"WebPage","@id":"https:\/\/fundacionrecover.org\/albacete-a-burkina-faso-dos-mujeres-con-cardiopatias-severas\/","url":"https:\/\/fundacionrecover.org\/albacete-a-burkina-faso-dos-mujeres-con-cardiopatias-severas\/","name":"Desde Albacete a Burkina Faso: esperanza para dos mujeres con cardiopat\u00edas severas - Fundaci\u00f3n Recover Hospitales para \u00c1frica","isPartOf":{"@id":"https:\/\/fundacionrecover.org\/#website"},"primaryImageOfPage":{"@id":"https:\/\/fundacionrecover.org\/albacete-a-burkina-faso-dos-mujeres-con-cardiopatias-severas\/#primaryimage"},"image":{"@id":"https:\/\/fundacionrecover.org\/albacete-a-burkina-faso-dos-mujeres-con-cardiopatias-severas\/#primaryimage"},"thumbnailUrl":"https:\/\/fundacionrecover.org\/wp-content\/uploads\/2024\/07\/Victorine-antes-de-la-operacion.jpg","datePublished":"2024-07-18T15:47:21+00:00","dateModified":"2024-07-18T15:50:38+00:00","breadcrumb":{"@id":"https:\/\/fundacionrecover.org\/albacete-a-burkina-faso-dos-mujeres-con-cardiopatias-severas\/#breadcrumb"},"inLanguage":"en-GB","potentialAction":[{"@type":"ReadAction","target":["https:\/\/fundacionrecover.org\/albacete-a-burkina-faso-dos-mujeres-con-cardiopatias-severas\/"]}]},{"@type":"ImageObject","inLanguage":"en-GB","@id":"https:\/\/fundacionrecover.org\/albacete-a-burkina-faso-dos-mujeres-con-cardiopatias-severas\/#primaryimage","url":"https:\/\/fundacionrecover.org\/wp-content\/uploads\/2024\/07\/Victorine-antes-de-la-operacion.jpg","contentUrl":"https:\/\/fundacionrecover.org\/wp-content\/uploads\/2024\/07\/Victorine-antes-de-la-operacion.jpg","width":1000,"height":750,"caption":"paciente-cardiologia-burkina-faso-trasaladada"},{"@type":"BreadcrumbList","@id":"https:\/\/fundacionrecover.org\/albacete-a-burkina-faso-dos-mujeres-con-cardiopatias-severas\/#breadcrumb","itemListElement":[{"@type":"ListItem","position":1,"name":"Home","item":"https:\/\/fundacionrecover.org\/"},{"@type":"ListItem","position":2,"name":"Noticias","item":"https:\/\/fundacionrecover.org\/category\/noticias\/"},{"@type":"ListItem","position":3,"name":"Desde Albacete a Burkina Faso: esperanza para dos mujeres con cardiopat\u00edas severas"}]},{"@type":"WebSite","@id":"https:\/\/fundacionrecover.org\/#website","url":"https:\/\/fundacionrecover.org\/","name":"Recover Foundation, Hospitals for Africa","description":"Recover Foundation","publisher":{"@id":"https:\/\/fundacionrecover.org\/#organization"},"potentialAction":[{"@type":"SearchAction","target":{"@type":"EntryPoint","urlTemplate":"https:\/\/fundacionrecover.org\/?s={search_term_string}"},"query-input":{"@type":"PropertyValueSpecification","valueRequired":true,"valueName":"search_term_string"}}],"inLanguage":"en-GB"},{"@type":"Organization","@id":"https:\/\/fundacionrecover.org\/#organization","name":"Recover Foundation, Hospitals for Africa","alternateName":"Fundaci\u00f3n Recover","url":"https:\/\/fundacionrecover.org\/","logo":{"@type":"ImageObject","inLanguage":"en-GB","@id":"https:\/\/fundacionrecover.org\/#\/schema\/logo\/image\/","url":"https:\/\/fundacionrecover.org\/wp-content\/uploads\/2024\/03\/FundacionRecoverHospitalesParaAfrica_logo_blanco_cut.png","contentUrl":"https:\/\/fundacionrecover.org\/wp-content\/uploads\/2024\/03\/FundacionRecoverHospitalesParaAfrica_logo_blanco_cut.png","width":335,"height":183,"caption":"Fundaci\u00f3n Recover, Hospitales para \u00c1frica"},"image":{"@id":"https:\/\/fundacionrecover.org\/#\/schema\/logo\/image\/"},"sameAs":["https:\/\/www.facebook.com\/fundacionrecover\/","https:\/\/www.instagram.com\/fundacionrecover\/","https:\/\/www.linkedin.com\/company\/fundaci\u00f3n-recover-hospitales-para-\u00e1frica\/","https:\/\/www.tiktok.com\/@fundacionrecover"]},{"@type":"Person","@id":"https:\/\/fundacionrecover.org\/#\/schema\/person\/dd196faabb13b5c6e72c88bc6f7c6fb6","name":"Recover","sameAs":["https:\/\/fundacionrecover.org"]}]}},"_links":{"self":[{"href":"https:\/\/fundacionrecover.org\/en\/wp-json\/wp\/v2\/posts\/6832","targetHints":{"allow":["GET"]}}],"collection":[{"href":"https:\/\/fundacionrecover.org\/en\/wp-json\/wp\/v2\/posts"}],"about":[{"href":"https:\/\/fundacionrecover.org\/en\/wp-json\/wp\/v2\/types\/post"}],"author":[{"embeddable":true,"href":"https:\/\/fundacionrecover.org\/en\/wp-json\/wp\/v2\/users\/1"}],"replies":[{"embeddable":true,"href":"https:\/\/fundacionrecover.org\/en\/wp-json\/wp\/v2\/comments?post=6832"}],"version-history":[{"count":0,"href":"https:\/\/fundacionrecover.org\/en\/wp-json\/wp\/v2\/posts\/6832\/revisions"}],"wp:featuredmedia":[{"embeddable":true,"href":"https:\/\/fundacionrecover.org\/en\/wp-json\/wp\/v2\/media\/6838"}],"wp:attachment":[{"href":"https:\/\/fundacionrecover.org\/en\/wp-json\/wp\/v2\/media?parent=6832"}],"wp:term":[{"taxonomy":"category","embeddable":true,"href":"https:\/\/fundacionrecover.org\/en\/wp-json\/wp\/v2\/categories?post=6832"},{"taxonomy":"post_tag","embeddable":true,"href":"https:\/\/fundacionrecover.org\/en\/wp-json\/wp\/v2\/tags?post=6832"}],"curies":[{"name":"wp","href":"https:\/\/api.w.org\/{rel}","templated":true}]}}