{"id":7845,"date":"2024-12-04T09:07:07","date_gmt":"2024-12-04T08:07:07","guid":{"rendered":"https:\/\/fundacionrecover.org\/?p=7845"},"modified":"2024-12-04T09:19:32","modified_gmt":"2024-12-04T08:19:32","slug":"la-asociacion-de-medicos-gallegos-entrevista-a-nuestra-directora","status":"publish","type":"post","link":"https:\/\/fundacionrecover.org\/en\/la-asociacion-de-medicos-gallegos-entrevista-a-nuestra-directora\/","title":{"rendered":"The Association of Galician Doctors interviews our director"},"content":{"rendered":"<figure class=\"wp-block-embed is-type-video is-provider-youtube wp-block-embed-youtube wp-embed-aspect-16-9 wp-has-aspect-ratio\"><div class=\"wp-block-embed__wrapper\">\n<iframe title=\"Interview with Marta Mara\u00f1\u00f3n, Director General of the Recover Foundation\" width=\"800\" height=\"450\" src=\"https:\/\/www.youtube.com\/embed\/tnzpXgnotKw?feature=oembed\" frameborder=\"0\" allow=\"accelerometer; autoplay; clipboard-write; encrypted-media; gyroscope; picture-in-picture; web-share\" referrerpolicy=\"strict-origin-when-cross-origin\" allowfullscreen><\/iframe>\n<\/div><\/figure>\n\n\n\n<p>Fruto de nuestra alianza con <a href=\"https:\/\/www.asomega.es\/\" target=\"_blank\" rel=\"noreferrer noopener nofollow\"><mark style=\"background-color:rgba(0, 0, 0, 0)\" class=\"has-inline-color has-luminous-vivid-orange-color\">Asomega<\/mark><\/a> ha surgido esta bonita entrevista a la directora general de Fundaci\u00f3n Recover, <a href=\"https:\/\/fundacionrecover.org\/en\/marta-maranon-medina\/\"><mark style=\"background-color:rgba(0, 0, 0, 0)\" class=\"has-inline-color has-luminous-vivid-orange-color\">Marta Mara\u00f1\u00f3n Medina<\/mark><\/a><br><br>En ella, destaca el trabajo de Fundaci\u00f3n Recover en \u00c1frica Subsahariana, desde la capacitaci\u00f3n de profesionales locales hasta el fortalecimiento de infraestructuras, con el objetivo de garantizar una atenci\u00f3n sanitaria digna, de calidad y sostenible en el largo plazo para las personas con menos recursos.<br><br>La entrevista es tambi\u00e9n un <strong>llamamiento a la colaboraci\u00f3n para todos los m\u00e9dicos gallegos<\/strong> de la asociaci\u00f3n, que pueden hacerse voluntarios de Fundaci\u00f3n Recover tanto de forma presencial a trav\u00e9s de las <a href=\"https:\/\/fundacionrecover.org\/en\/how-we-work\/\"><mark style=\"background-color:rgba(0, 0, 0, 0)\" class=\"has-inline-color has-luminous-vivid-orange-color\">campa\u00f1as formativas en terreno<\/mark><\/a>, como de manera online gracias a la <a href=\"https:\/\/fundacionrecover.org\/en\/what-we-do\/#campanas\"><mark style=\"background-color:rgba(0, 0, 0, 0)\" class=\"has-inline-color has-luminous-vivid-orange-color\">plataforma de Telemedicina<\/mark><\/a>.<br><br>Adem\u00e1s, <strong>los hospitales gallegos tambi\u00e9n podr\u00edan sumarse a <a href=\"https:\/\/fundacionrecover.org\/en\/how-we-work\/#hospitalesaliados\"><mark style=\"background-color:rgba(0, 0, 0, 0)\" class=\"has-inline-color has-luminous-vivid-orange-color\">nuestra red de hospitales aliados<\/mark><\/a><\/strong>. \u201cNos encantar\u00eda contar con el apoyo de hospitales gallegos. El ideal es que el servicio de un hospital gallego pudiera hermanarse con el servicio de un centro sanitario de \u00c1frica para poder apoyar de manera integral y sostenible en el tiempo, a trav\u00e9s del refuerzo de sus capacidades, tanto materiales como profesionales\u201d.<\/p>","protected":false},"excerpt":{"rendered":"<p>La entrevista es tambi\u00e9n un llamamiento a la colaboraci\u00f3n para todos los m\u00e9dicos gallegos de la asociaci\u00f3n y tambi\u00e9n para los hospitales de la comunidad, que pueden entrar a formar parte de nuestra red de hospitales aliados<\/p>","protected":false},"author":1,"featured_media":7849,"comment_status":"closed","ping_status":"closed","sticky":false,"template":"","format":"standard","meta":{"give_campaign_id":0,"footnotes":""},"categories":[13],"tags":[83],"class_list":["post-7845","post","type-post","status-publish","format-standard","has-post-thumbnail","hentry","category-prensa","tag-video"],"yoast_head":"<!-- This site is optimized with the Yoast SEO plugin v27.4 - https:\/\/yoast.com\/product\/yoast-seo-wordpress\/ -->\n<title>La Asociaci\u00f3n de M\u00e9dicos Gallegos entrevista a nuestra directora - Fundaci\u00f3n Recover Hospitales para \u00c1frica<\/title>\n<meta name=\"robots\" content=\"index, follow, max-snippet:-1, max-image-preview:large, max-video-preview:-1\" \/>\n<link rel=\"canonical\" href=\"https:\/\/fundacionrecover.org\/en\/la-asociacion-de-medicos-gallegos-entrevista-a-nuestra-directora\/\" \/>\n<meta property=\"og:locale\" content=\"en_GB\" \/>\n<meta property=\"og:type\" content=\"article\" \/>\n<meta property=\"og:title\" content=\"La Asociaci\u00f3n de M\u00e9dicos Gallegos entrevista a nuestra directora - Fundaci\u00f3n Recover Hospitales para \u00c1frica\" \/>\n<meta property=\"og:description\" content=\"La entrevista es tambi\u00e9n un llamamiento a la colaboraci\u00f3n para todos los m\u00e9dicos gallegos de la asociaci\u00f3n y tambi\u00e9n para los hospitales de la comunidad, que pueden entrar a formar parte de nuestra red de hospitales aliados\" \/>\n<meta property=\"og:url\" content=\"https:\/\/fundacionrecover.org\/en\/la-asociacion-de-medicos-gallegos-entrevista-a-nuestra-directora\/\" \/>\n<meta property=\"og:site_name\" content=\"Fundaci\u00f3n Recover Hospitales para \u00c1frica\" \/>\n<meta property=\"article:publisher\" content=\"https:\/\/www.facebook.com\/fundacionrecover\/\" \/>\n<meta property=\"article:published_time\" content=\"2024-12-04T08:07:07+00:00\" \/>\n<meta property=\"article:modified_time\" content=\"2024-12-04T08:19:32+00:00\" \/>\n<meta property=\"og:image\" content=\"https:\/\/fundacionrecover.org\/wp-content\/uploads\/2024\/12\/Entrevista-ASOMEGA-Marta-Maranon.jpg\" \/>\n\t<meta property=\"og:image:width\" content=\"1051\" \/>\n\t<meta property=\"og:image:height\" content=\"574\" \/>\n\t<meta property=\"og:image:type\" content=\"image\/jpeg\" \/>\n<meta name=\"author\" content=\"Recover\" \/>\n<meta name=\"twitter:card\" content=\"summary_large_image\" \/>\n<meta name=\"twitter:label1\" content=\"Written by\" \/>\n\t<meta name=\"twitter:data1\" content=\"Recover\" \/>\n\t<meta name=\"twitter:label2\" content=\"Estimated reading time\" \/>\n\t<meta name=\"twitter:data2\" content=\"2 minutes\" \/>\n<script type=\"application\/ld+json\" class=\"yoast-schema-graph\">{\"@context\":\"https:\\\/\\\/schema.org\",\"@graph\":[{\"@type\":[\"Article\",\"SocialMediaPosting\"],\"@id\":\"https:\\\/\\\/fundacionrecover.org\\\/la-asociacion-de-medicos-gallegos-entrevista-a-nuestra-directora\\\/#article\",\"isPartOf\":{\"@id\":\"https:\\\/\\\/fundacionrecover.org\\\/la-asociacion-de-medicos-gallegos-entrevista-a-nuestra-directora\\\/\"},\"author\":{\"name\":\"Recover\",\"@id\":\"https:\\\/\\\/fundacionrecover.org\\\/#\\\/schema\\\/person\\\/dd196faabb13b5c6e72c88bc6f7c6fb6\"},\"headline\":\"La Asociaci\u00f3n de M\u00e9dicos Gallegos entrevista a nuestra directora\",\"datePublished\":\"2024-12-04T08:07:07+00:00\",\"dateModified\":\"2024-12-04T08:19:32+00:00\",\"mainEntityOfPage\":{\"@id\":\"https:\\\/\\\/fundacionrecover.org\\\/la-asociacion-de-medicos-gallegos-entrevista-a-nuestra-directora\\\/\"},\"wordCount\":212,\"publisher\":{\"@id\":\"https:\\\/\\\/fundacionrecover.org\\\/#organization\"},\"image\":{\"@id\":\"https:\\\/\\\/fundacionrecover.org\\\/la-asociacion-de-medicos-gallegos-entrevista-a-nuestra-directora\\\/#primaryimage\"},\"thumbnailUrl\":\"https:\\\/\\\/fundacionrecover.org\\\/wp-content\\\/uploads\\\/2024\\\/12\\\/Entrevista-ASOMEGA-Marta-Maranon.jpg\",\"keywords\":[\"V\u00eddeo\"],\"articleSection\":[\"Recover en los medios\"],\"inLanguage\":\"en-GB\"},{\"@type\":\"WebPage\",\"@id\":\"https:\\\/\\\/fundacionrecover.org\\\/la-asociacion-de-medicos-gallegos-entrevista-a-nuestra-directora\\\/\",\"url\":\"https:\\\/\\\/fundacionrecover.org\\\/la-asociacion-de-medicos-gallegos-entrevista-a-nuestra-directora\\\/\",\"name\":\"La Asociaci\u00f3n de M\u00e9dicos Gallegos entrevista a nuestra directora - Fundaci\u00f3n Recover Hospitales para \u00c1frica\",\"isPartOf\":{\"@id\":\"https:\\\/\\\/fundacionrecover.org\\\/#website\"},\"primaryImageOfPage\":{\"@id\":\"https:\\\/\\\/fundacionrecover.org\\\/la-asociacion-de-medicos-gallegos-entrevista-a-nuestra-directora\\\/#primaryimage\"},\"image\":{\"@id\":\"https:\\\/\\\/fundacionrecover.org\\\/la-asociacion-de-medicos-gallegos-entrevista-a-nuestra-directora\\\/#primaryimage\"},\"thumbnailUrl\":\"https:\\\/\\\/fundacionrecover.org\\\/wp-content\\\/uploads\\\/2024\\\/12\\\/Entrevista-ASOMEGA-Marta-Maranon.jpg\",\"datePublished\":\"2024-12-04T08:07:07+00:00\",\"dateModified\":\"2024-12-04T08:19:32+00:00\",\"breadcrumb\":{\"@id\":\"https:\\\/\\\/fundacionrecover.org\\\/la-asociacion-de-medicos-gallegos-entrevista-a-nuestra-directora\\\/#breadcrumb\"},\"inLanguage\":\"en-GB\",\"potentialAction\":[{\"@type\":\"ReadAction\",\"target\":[\"https:\\\/\\\/fundacionrecover.org\\\/la-asociacion-de-medicos-gallegos-entrevista-a-nuestra-directora\\\/\"]}]},{\"@type\":\"ImageObject\",\"inLanguage\":\"en-GB\",\"@id\":\"https:\\\/\\\/fundacionrecover.org\\\/la-asociacion-de-medicos-gallegos-entrevista-a-nuestra-directora\\\/#primaryimage\",\"url\":\"https:\\\/\\\/fundacionrecover.org\\\/wp-content\\\/uploads\\\/2024\\\/12\\\/Entrevista-ASOMEGA-Marta-Maranon.jpg\",\"contentUrl\":\"https:\\\/\\\/fundacionrecover.org\\\/wp-content\\\/uploads\\\/2024\\\/12\\\/Entrevista-ASOMEGA-Marta-Maranon.jpg\",\"width\":1051,\"height\":574},{\"@type\":\"BreadcrumbList\",\"@id\":\"https:\\\/\\\/fundacionrecover.org\\\/la-asociacion-de-medicos-gallegos-entrevista-a-nuestra-directora\\\/#breadcrumb\",\"itemListElement\":[{\"@type\":\"ListItem\",\"position\":1,\"name\":\"Home\",\"item\":\"https:\\\/\\\/fundacionrecover.org\\\/\"},{\"@type\":\"ListItem\",\"position\":2,\"name\":\"Recover en los medios\",\"item\":\"https:\\\/\\\/fundacionrecover.org\\\/category\\\/prensa\\\/\"},{\"@type\":\"ListItem\",\"position\":3,\"name\":\"La Asociaci\u00f3n de M\u00e9dicos Gallegos entrevista a nuestra directora\"}]},{\"@type\":\"WebSite\",\"@id\":\"https:\\\/\\\/fundacionrecover.org\\\/#website\",\"url\":\"https:\\\/\\\/fundacionrecover.org\\\/\",\"name\":\"Fundaci\u00f3n Recover Hospitales para \u00c1frica\",\"description\":\"Fundaci\u00f3n Recover\",\"publisher\":{\"@id\":\"https:\\\/\\\/fundacionrecover.org\\\/#organization\"},\"potentialAction\":[{\"@type\":\"SearchAction\",\"target\":{\"@type\":\"EntryPoint\",\"urlTemplate\":\"https:\\\/\\\/fundacionrecover.org\\\/?s={search_term_string}\"},\"query-input\":{\"@type\":\"PropertyValueSpecification\",\"valueRequired\":true,\"valueName\":\"search_term_string\"}}],\"inLanguage\":\"en-GB\"},{\"@type\":\"Organization\",\"@id\":\"https:\\\/\\\/fundacionrecover.org\\\/#organization\",\"name\":\"Fundaci\u00f3n Recover, Hospitales para \u00c1frica\",\"alternateName\":\"Fundaci\u00f3n Recover\",\"url\":\"https:\\\/\\\/fundacionrecover.org\\\/\",\"logo\":{\"@type\":\"ImageObject\",\"inLanguage\":\"en-GB\",\"@id\":\"https:\\\/\\\/fundacionrecover.org\\\/#\\\/schema\\\/logo\\\/image\\\/\",\"url\":\"https:\\\/\\\/fundacionrecover.org\\\/wp-content\\\/uploads\\\/2024\\\/03\\\/FundacionRecoverHospitalesParaAfrica_logo_blanco_cut.png\",\"contentUrl\":\"https:\\\/\\\/fundacionrecover.org\\\/wp-content\\\/uploads\\\/2024\\\/03\\\/FundacionRecoverHospitalesParaAfrica_logo_blanco_cut.png\",\"width\":335,\"height\":183,\"caption\":\"Fundaci\u00f3n Recover, Hospitales para \u00c1frica\"},\"image\":{\"@id\":\"https:\\\/\\\/fundacionrecover.org\\\/#\\\/schema\\\/logo\\\/image\\\/\"},\"sameAs\":[\"https:\\\/\\\/www.facebook.com\\\/fundacionrecover\\\/\",\"https:\\\/\\\/www.instagram.com\\\/fundacionrecover\\\/\",\"https:\\\/\\\/www.linkedin.com\\\/company\\\/fundaci\u00f3n-recover-hospitales-para-\u00e1frica\\\/\",\"https:\\\/\\\/www.tiktok.com\\\/@fundacionrecover\"]},{\"@type\":\"Person\",\"@id\":\"https:\\\/\\\/fundacionrecover.org\\\/#\\\/schema\\\/person\\\/dd196faabb13b5c6e72c88bc6f7c6fb6\",\"name\":\"Recover\",\"sameAs\":[\"https:\\\/\\\/fundacionrecover.org\"]}]}<\/script>\n<!-- \/ Yoast SEO plugin. -->","yoast_head_json":{"title":"La Asociaci\u00f3n de M\u00e9dicos Gallegos entrevista a nuestra directora - Fundaci\u00f3n Recover Hospitales para \u00c1frica","robots":{"index":"index","follow":"follow","max-snippet":"max-snippet:-1","max-image-preview":"max-image-preview:large","max-video-preview":"max-video-preview:-1"},"canonical":"https:\/\/fundacionrecover.org\/en\/la-asociacion-de-medicos-gallegos-entrevista-a-nuestra-directora\/","og_locale":"en_GB","og_type":"article","og_title":"La Asociaci\u00f3n de M\u00e9dicos Gallegos entrevista a nuestra directora - Fundaci\u00f3n Recover Hospitales para \u00c1frica","og_description":"La entrevista es tambi\u00e9n un llamamiento a la colaboraci\u00f3n para todos los m\u00e9dicos gallegos de la asociaci\u00f3n y tambi\u00e9n para los hospitales de la comunidad, que pueden entrar a formar parte de nuestra red de hospitales aliados","og_url":"https:\/\/fundacionrecover.org\/en\/la-asociacion-de-medicos-gallegos-entrevista-a-nuestra-directora\/","og_site_name":"Fundaci\u00f3n Recover Hospitales para \u00c1frica","article_publisher":"https:\/\/www.facebook.com\/fundacionrecover\/","article_published_time":"2024-12-04T08:07:07+00:00","article_modified_time":"2024-12-04T08:19:32+00:00","og_image":[{"width":1051,"height":574,"url":"https:\/\/fundacionrecover.org\/wp-content\/uploads\/2024\/12\/Entrevista-ASOMEGA-Marta-Maranon.jpg","type":"image\/jpeg"}],"author":"Recover","twitter_card":"summary_large_image","twitter_misc":{"Written by":"Recover","Estimated reading time":"2 minutes"},"schema":{"@context":"https:\/\/schema.org","@graph":[{"@type":["Article","SocialMediaPosting"],"@id":"https:\/\/fundacionrecover.org\/la-asociacion-de-medicos-gallegos-entrevista-a-nuestra-directora\/#article","isPartOf":{"@id":"https:\/\/fundacionrecover.org\/la-asociacion-de-medicos-gallegos-entrevista-a-nuestra-directora\/"},"author":{"name":"Recover","@id":"https:\/\/fundacionrecover.org\/#\/schema\/person\/dd196faabb13b5c6e72c88bc6f7c6fb6"},"headline":"La Asociaci\u00f3n de M\u00e9dicos Gallegos entrevista a nuestra directora","datePublished":"2024-12-04T08:07:07+00:00","dateModified":"2024-12-04T08:19:32+00:00","mainEntityOfPage":{"@id":"https:\/\/fundacionrecover.org\/la-asociacion-de-medicos-gallegos-entrevista-a-nuestra-directora\/"},"wordCount":212,"publisher":{"@id":"https:\/\/fundacionrecover.org\/#organization"},"image":{"@id":"https:\/\/fundacionrecover.org\/la-asociacion-de-medicos-gallegos-entrevista-a-nuestra-directora\/#primaryimage"},"thumbnailUrl":"https:\/\/fundacionrecover.org\/wp-content\/uploads\/2024\/12\/Entrevista-ASOMEGA-Marta-Maranon.jpg","keywords":["V\u00eddeo"],"articleSection":["Recover en los medios"],"inLanguage":"en-GB"},{"@type":"WebPage","@id":"https:\/\/fundacionrecover.org\/la-asociacion-de-medicos-gallegos-entrevista-a-nuestra-directora\/","url":"https:\/\/fundacionrecover.org\/la-asociacion-de-medicos-gallegos-entrevista-a-nuestra-directora\/","name":"La Asociaci\u00f3n de M\u00e9dicos Gallegos entrevista a nuestra directora - Fundaci\u00f3n Recover Hospitales para \u00c1frica","isPartOf":{"@id":"https:\/\/fundacionrecover.org\/#website"},"primaryImageOfPage":{"@id":"https:\/\/fundacionrecover.org\/la-asociacion-de-medicos-gallegos-entrevista-a-nuestra-directora\/#primaryimage"},"image":{"@id":"https:\/\/fundacionrecover.org\/la-asociacion-de-medicos-gallegos-entrevista-a-nuestra-directora\/#primaryimage"},"thumbnailUrl":"https:\/\/fundacionrecover.org\/wp-content\/uploads\/2024\/12\/Entrevista-ASOMEGA-Marta-Maranon.jpg","datePublished":"2024-12-04T08:07:07+00:00","dateModified":"2024-12-04T08:19:32+00:00","breadcrumb":{"@id":"https:\/\/fundacionrecover.org\/la-asociacion-de-medicos-gallegos-entrevista-a-nuestra-directora\/#breadcrumb"},"inLanguage":"en-GB","potentialAction":[{"@type":"ReadAction","target":["https:\/\/fundacionrecover.org\/la-asociacion-de-medicos-gallegos-entrevista-a-nuestra-directora\/"]}]},{"@type":"ImageObject","inLanguage":"en-GB","@id":"https:\/\/fundacionrecover.org\/la-asociacion-de-medicos-gallegos-entrevista-a-nuestra-directora\/#primaryimage","url":"https:\/\/fundacionrecover.org\/wp-content\/uploads\/2024\/12\/Entrevista-ASOMEGA-Marta-Maranon.jpg","contentUrl":"https:\/\/fundacionrecover.org\/wp-content\/uploads\/2024\/12\/Entrevista-ASOMEGA-Marta-Maranon.jpg","width":1051,"height":574},{"@type":"BreadcrumbList","@id":"https:\/\/fundacionrecover.org\/la-asociacion-de-medicos-gallegos-entrevista-a-nuestra-directora\/#breadcrumb","itemListElement":[{"@type":"ListItem","position":1,"name":"Home","item":"https:\/\/fundacionrecover.org\/"},{"@type":"ListItem","position":2,"name":"Recover en los medios","item":"https:\/\/fundacionrecover.org\/category\/prensa\/"},{"@type":"ListItem","position":3,"name":"La Asociaci\u00f3n de M\u00e9dicos Gallegos entrevista a nuestra directora"}]},{"@type":"WebSite","@id":"https:\/\/fundacionrecover.org\/#website","url":"https:\/\/fundacionrecover.org\/","name":"Recover Foundation, Hospitals for Africa","description":"Recover Foundation","publisher":{"@id":"https:\/\/fundacionrecover.org\/#organization"},"potentialAction":[{"@type":"SearchAction","target":{"@type":"EntryPoint","urlTemplate":"https:\/\/fundacionrecover.org\/?s={search_term_string}"},"query-input":{"@type":"PropertyValueSpecification","valueRequired":true,"valueName":"search_term_string"}}],"inLanguage":"en-GB"},{"@type":"Organization","@id":"https:\/\/fundacionrecover.org\/#organization","name":"Recover Foundation, Hospitals for Africa","alternateName":"Fundaci\u00f3n Recover","url":"https:\/\/fundacionrecover.org\/","logo":{"@type":"ImageObject","inLanguage":"en-GB","@id":"https:\/\/fundacionrecover.org\/#\/schema\/logo\/image\/","url":"https:\/\/fundacionrecover.org\/wp-content\/uploads\/2024\/03\/FundacionRecoverHospitalesParaAfrica_logo_blanco_cut.png","contentUrl":"https:\/\/fundacionrecover.org\/wp-content\/uploads\/2024\/03\/FundacionRecoverHospitalesParaAfrica_logo_blanco_cut.png","width":335,"height":183,"caption":"Fundaci\u00f3n Recover, Hospitales para \u00c1frica"},"image":{"@id":"https:\/\/fundacionrecover.org\/#\/schema\/logo\/image\/"},"sameAs":["https:\/\/www.facebook.com\/fundacionrecover\/","https:\/\/www.instagram.com\/fundacionrecover\/","https:\/\/www.linkedin.com\/company\/fundaci\u00f3n-recover-hospitales-para-\u00e1frica\/","https:\/\/www.tiktok.com\/@fundacionrecover"]},{"@type":"Person","@id":"https:\/\/fundacionrecover.org\/#\/schema\/person\/dd196faabb13b5c6e72c88bc6f7c6fb6","name":"Recover","sameAs":["https:\/\/fundacionrecover.org"]}]}},"_links":{"self":[{"href":"https:\/\/fundacionrecover.org\/en\/wp-json\/wp\/v2\/posts\/7845","targetHints":{"allow":["GET"]}}],"collection":[{"href":"https:\/\/fundacionrecover.org\/en\/wp-json\/wp\/v2\/posts"}],"about":[{"href":"https:\/\/fundacionrecover.org\/en\/wp-json\/wp\/v2\/types\/post"}],"author":[{"embeddable":true,"href":"https:\/\/fundacionrecover.org\/en\/wp-json\/wp\/v2\/users\/1"}],"replies":[{"embeddable":true,"href":"https:\/\/fundacionrecover.org\/en\/wp-json\/wp\/v2\/comments?post=7845"}],"version-history":[{"count":0,"href":"https:\/\/fundacionrecover.org\/en\/wp-json\/wp\/v2\/posts\/7845\/revisions"}],"wp:featuredmedia":[{"embeddable":true,"href":"https:\/\/fundacionrecover.org\/en\/wp-json\/wp\/v2\/media\/7849"}],"wp:attachment":[{"href":"https:\/\/fundacionrecover.org\/en\/wp-json\/wp\/v2\/media?parent=7845"}],"wp:term":[{"taxonomy":"category","embeddable":true,"href":"https:\/\/fundacionrecover.org\/en\/wp-json\/wp\/v2\/categories?post=7845"},{"taxonomy":"post_tag","embeddable":true,"href":"https:\/\/fundacionrecover.org\/en\/wp-json\/wp\/v2\/tags?post=7845"}],"curies":[{"name":"wp","href":"https:\/\/api.w.org\/{rel}","templated":true}]}}