{"id":8373,"date":"2025-01-20T18:56:46","date_gmt":"2025-01-20T17:56:46","guid":{"rendered":"https:\/\/fundacionrecover.org\/?p=8373"},"modified":"2025-01-20T19:04:09","modified_gmt":"2025-01-20T18:04:09","slug":"rtve-incidencia-cancer-cuello-de-utero-africa","status":"publish","type":"post","link":"https:\/\/fundacionrecover.org\/en\/rtve-incidencia-cancer-cuello-de-utero-africa\/","title":{"rendered":"RTVE echoes our report on cervical cancer in Africa"},"content":{"rendered":"<p>En una reciente entrevista emitida en el programa \u00c1frica Hoy, de Radiotelevisi\u00f3n Espa\u00f1ola, Marta Mara\u00f1\u00f3n Medina, directora general de Fundaci\u00f3n Recover, ha hablado sobre la elevada incidencia del <strong>c\u00e1ncer de \u00fatero en \u00c1frica Subsahariana, una amenaza silenciosa pero devastadora<\/strong> que afecta de manera muy acusada a las mujeres que viven en pa\u00edses menos desarrollados.<br><br>\u00abEl diagn\u00f3stico precoz, las revisiones peri\u00f3dicas y las citolog\u00edas, as\u00ed como el acceso a la vacuna del papiloma humano para ni\u00f1as menores de 14 a\u00f1os, son fundamentales para la prevenci\u00f3n de este c\u00e1ncer, que, en pa\u00edses como Espa\u00f1a, es mucho m\u00e1s f\u00e1cil de prevenir\u201d. Sin embargo, en \u00c1frica Subsahariana, la falta de acceso a estas medidas preventivas y a un diagn\u00f3stico precoz <strong>duplica el riesgo de mortalidad.<\/strong><br><br>En diciembre, Fundaci\u00f3n Recover public\u00f3 un informe sobre los resultados de las campa\u00f1as de salud llevadas a cabo en Camer\u00fan para sensibilizar, prevenir, diagnosticar y tratar esta enfermedad.<\/p>\n\n\n\n<p>\ud83c\udfa7 <strong><a href=\"https:\/\/www.rtve.es\/play\/audios\/africa-hoy\/incidencia-del-cancer-cuello-utero-africa\/16410637\/\" target=\"_blank\" rel=\"noreferrer noopener nofollow\"><mark style=\"background-color:rgba(0, 0, 0, 0)\" class=\"has-inline-color has-luminous-vivid-orange-color\">Escucha aqu\u00ed la entrevista completa<\/mark><\/a><\/strong>  <\/p>\n\n\n\n<p>\u2b07\ufe0f <strong><a href=\"https:\/\/fundacionrecover.org\/en\/informe-cancer-cervix\/\" target=\"_blank\" rel=\"noreferrer noopener\"><mark style=\"background-color:rgba(0, 0, 0, 0)\" class=\"has-inline-color has-luminous-vivid-orange-color\">Desc\u00e1rgate el informe<\/mark><\/a><\/strong> <\/p>","protected":false},"excerpt":{"rendered":"<p>El programa \u00c1frica Hoy, de RTVE, se ha hecho eco del informe publicado por Fundaci\u00f3n Recover en el que compartimos nuestra experiencia y ponemos el foco en la prevenci\u00f3n y en la necesidad de que ni\u00f1as y mujeres se vacunen.<\/p>","protected":false},"author":1,"featured_media":8374,"comment_status":"closed","ping_status":"closed","sticky":false,"template":"","format":"standard","meta":{"give_campaign_id":0,"footnotes":""},"categories":[13],"tags":[],"class_list":["post-8373","post","type-post","status-publish","format-standard","has-post-thumbnail","hentry","category-prensa"],"yoast_head":"<!-- This site is optimized with the Yoast SEO plugin v27.4 - https:\/\/yoast.com\/product\/yoast-seo-wordpress\/ -->\n<title>RTVE se hace eco de nuestro informe sobre el c\u00e1ncer de cuello de \u00fatero en \u00c1frica - Fundaci\u00f3n Recover Hospitales para \u00c1frica<\/title>\n<meta name=\"robots\" content=\"index, follow, max-snippet:-1, max-image-preview:large, max-video-preview:-1\" \/>\n<link rel=\"canonical\" href=\"https:\/\/fundacionrecover.org\/en\/rtve-incidencia-cancer-cuello-de-utero-africa\/\" \/>\n<meta property=\"og:locale\" content=\"en_GB\" \/>\n<meta property=\"og:type\" content=\"article\" \/>\n<meta property=\"og:title\" content=\"RTVE se hace eco de nuestro informe sobre el c\u00e1ncer de cuello de \u00fatero en \u00c1frica - Fundaci\u00f3n Recover Hospitales para \u00c1frica\" \/>\n<meta property=\"og:description\" content=\"El programa \u00c1frica Hoy, de RTVE, se ha hecho eco del informe publicado por Fundaci\u00f3n Recover en el que compartimos nuestra experiencia y ponemos el foco en la prevenci\u00f3n y en la necesidad de que ni\u00f1as y mujeres se vacunen.\" \/>\n<meta property=\"og:url\" content=\"https:\/\/fundacionrecover.org\/en\/rtve-incidencia-cancer-cuello-de-utero-africa\/\" \/>\n<meta property=\"og:site_name\" content=\"Fundaci\u00f3n Recover Hospitales para \u00c1frica\" \/>\n<meta property=\"article:publisher\" content=\"https:\/\/www.facebook.com\/fundacionrecover\/\" \/>\n<meta property=\"article:published_time\" content=\"2025-01-20T17:56:46+00:00\" \/>\n<meta property=\"article:modified_time\" content=\"2025-01-20T18:04:09+00:00\" \/>\n<meta property=\"og:image\" content=\"https:\/\/fundacionrecover.org\/wp-content\/uploads\/2025\/01\/Madre-y-nina.-Taller-Nutri-m.-Vie-et-sante-1.jpg\" \/>\n\t<meta property=\"og:image:width\" content=\"1920\" \/>\n\t<meta property=\"og:image:height\" content=\"1700\" \/>\n\t<meta property=\"og:image:type\" content=\"image\/jpeg\" \/>\n<meta name=\"author\" content=\"Recover\" \/>\n<meta name=\"twitter:card\" content=\"summary_large_image\" \/>\n<meta name=\"twitter:label1\" content=\"Written by\" \/>\n\t<meta name=\"twitter:data1\" content=\"Recover\" \/>\n\t<meta name=\"twitter:label2\" content=\"Estimated reading time\" \/>\n\t<meta name=\"twitter:data2\" content=\"1 minute\" \/>\n<script type=\"application\/ld+json\" class=\"yoast-schema-graph\">{\"@context\":\"https:\\\/\\\/schema.org\",\"@graph\":[{\"@type\":\"Article\",\"@id\":\"https:\\\/\\\/fundacionrecover.org\\\/rtve-incidencia-cancer-cuello-de-utero-africa\\\/#article\",\"isPartOf\":{\"@id\":\"https:\\\/\\\/fundacionrecover.org\\\/rtve-incidencia-cancer-cuello-de-utero-africa\\\/\"},\"author\":{\"name\":\"Recover\",\"@id\":\"https:\\\/\\\/fundacionrecover.org\\\/#\\\/schema\\\/person\\\/dd196faabb13b5c6e72c88bc6f7c6fb6\"},\"headline\":\"RTVE se hace eco de nuestro informe sobre el c\u00e1ncer de cuello de \u00fatero en \u00c1frica\",\"datePublished\":\"2025-01-20T17:56:46+00:00\",\"dateModified\":\"2025-01-20T18:04:09+00:00\",\"mainEntityOfPage\":{\"@id\":\"https:\\\/\\\/fundacionrecover.org\\\/rtve-incidencia-cancer-cuello-de-utero-africa\\\/\"},\"wordCount\":195,\"publisher\":{\"@id\":\"https:\\\/\\\/fundacionrecover.org\\\/#organization\"},\"image\":{\"@id\":\"https:\\\/\\\/fundacionrecover.org\\\/rtve-incidencia-cancer-cuello-de-utero-africa\\\/#primaryimage\"},\"thumbnailUrl\":\"https:\\\/\\\/fundacionrecover.org\\\/wp-content\\\/uploads\\\/2025\\\/01\\\/Madre-y-nina.-Taller-Nutri-m.-Vie-et-sante-1.jpg\",\"articleSection\":[\"Recover en los medios\"],\"inLanguage\":\"en-GB\"},{\"@type\":\"WebPage\",\"@id\":\"https:\\\/\\\/fundacionrecover.org\\\/rtve-incidencia-cancer-cuello-de-utero-africa\\\/\",\"url\":\"https:\\\/\\\/fundacionrecover.org\\\/rtve-incidencia-cancer-cuello-de-utero-africa\\\/\",\"name\":\"RTVE se hace eco de nuestro informe sobre el c\u00e1ncer de cuello de \u00fatero en \u00c1frica - Fundaci\u00f3n Recover Hospitales para \u00c1frica\",\"isPartOf\":{\"@id\":\"https:\\\/\\\/fundacionrecover.org\\\/#website\"},\"primaryImageOfPage\":{\"@id\":\"https:\\\/\\\/fundacionrecover.org\\\/rtve-incidencia-cancer-cuello-de-utero-africa\\\/#primaryimage\"},\"image\":{\"@id\":\"https:\\\/\\\/fundacionrecover.org\\\/rtve-incidencia-cancer-cuello-de-utero-africa\\\/#primaryimage\"},\"thumbnailUrl\":\"https:\\\/\\\/fundacionrecover.org\\\/wp-content\\\/uploads\\\/2025\\\/01\\\/Madre-y-nina.-Taller-Nutri-m.-Vie-et-sante-1.jpg\",\"datePublished\":\"2025-01-20T17:56:46+00:00\",\"dateModified\":\"2025-01-20T18:04:09+00:00\",\"breadcrumb\":{\"@id\":\"https:\\\/\\\/fundacionrecover.org\\\/rtve-incidencia-cancer-cuello-de-utero-africa\\\/#breadcrumb\"},\"inLanguage\":\"en-GB\",\"potentialAction\":[{\"@type\":\"ReadAction\",\"target\":[\"https:\\\/\\\/fundacionrecover.org\\\/rtve-incidencia-cancer-cuello-de-utero-africa\\\/\"]}]},{\"@type\":\"ImageObject\",\"inLanguage\":\"en-GB\",\"@id\":\"https:\\\/\\\/fundacionrecover.org\\\/rtve-incidencia-cancer-cuello-de-utero-africa\\\/#primaryimage\",\"url\":\"https:\\\/\\\/fundacionrecover.org\\\/wp-content\\\/uploads\\\/2025\\\/01\\\/Madre-y-nina.-Taller-Nutri-m.-Vie-et-sante-1.jpg\",\"contentUrl\":\"https:\\\/\\\/fundacionrecover.org\\\/wp-content\\\/uploads\\\/2025\\\/01\\\/Madre-y-nina.-Taller-Nutri-m.-Vie-et-sante-1.jpg\",\"width\":1920,\"height\":1700,\"caption\":\"incidencia_mujeres_cancer_cervix\"},{\"@type\":\"BreadcrumbList\",\"@id\":\"https:\\\/\\\/fundacionrecover.org\\\/rtve-incidencia-cancer-cuello-de-utero-africa\\\/#breadcrumb\",\"itemListElement\":[{\"@type\":\"ListItem\",\"position\":1,\"name\":\"Home\",\"item\":\"https:\\\/\\\/fundacionrecover.org\\\/\"},{\"@type\":\"ListItem\",\"position\":2,\"name\":\"Recover en los medios\",\"item\":\"https:\\\/\\\/fundacionrecover.org\\\/category\\\/prensa\\\/\"},{\"@type\":\"ListItem\",\"position\":3,\"name\":\"RTVE se hace eco de nuestro informe sobre el c\u00e1ncer de cuello de \u00fatero en \u00c1frica\"}]},{\"@type\":\"WebSite\",\"@id\":\"https:\\\/\\\/fundacionrecover.org\\\/#website\",\"url\":\"https:\\\/\\\/fundacionrecover.org\\\/\",\"name\":\"Fundaci\u00f3n Recover Hospitales para \u00c1frica\",\"description\":\"Fundaci\u00f3n Recover\",\"publisher\":{\"@id\":\"https:\\\/\\\/fundacionrecover.org\\\/#organization\"},\"potentialAction\":[{\"@type\":\"SearchAction\",\"target\":{\"@type\":\"EntryPoint\",\"urlTemplate\":\"https:\\\/\\\/fundacionrecover.org\\\/?s={search_term_string}\"},\"query-input\":{\"@type\":\"PropertyValueSpecification\",\"valueRequired\":true,\"valueName\":\"search_term_string\"}}],\"inLanguage\":\"en-GB\"},{\"@type\":\"Organization\",\"@id\":\"https:\\\/\\\/fundacionrecover.org\\\/#organization\",\"name\":\"Fundaci\u00f3n Recover, Hospitales para \u00c1frica\",\"alternateName\":\"Fundaci\u00f3n Recover\",\"url\":\"https:\\\/\\\/fundacionrecover.org\\\/\",\"logo\":{\"@type\":\"ImageObject\",\"inLanguage\":\"en-GB\",\"@id\":\"https:\\\/\\\/fundacionrecover.org\\\/#\\\/schema\\\/logo\\\/image\\\/\",\"url\":\"https:\\\/\\\/fundacionrecover.org\\\/wp-content\\\/uploads\\\/2024\\\/03\\\/FundacionRecoverHospitalesParaAfrica_logo_blanco_cut.png\",\"contentUrl\":\"https:\\\/\\\/fundacionrecover.org\\\/wp-content\\\/uploads\\\/2024\\\/03\\\/FundacionRecoverHospitalesParaAfrica_logo_blanco_cut.png\",\"width\":335,\"height\":183,\"caption\":\"Fundaci\u00f3n Recover, Hospitales para \u00c1frica\"},\"image\":{\"@id\":\"https:\\\/\\\/fundacionrecover.org\\\/#\\\/schema\\\/logo\\\/image\\\/\"},\"sameAs\":[\"https:\\\/\\\/www.facebook.com\\\/fundacionrecover\\\/\",\"https:\\\/\\\/www.instagram.com\\\/fundacionrecover\\\/\",\"https:\\\/\\\/www.linkedin.com\\\/company\\\/fundaci\u00f3n-recover-hospitales-para-\u00e1frica\\\/\",\"https:\\\/\\\/www.tiktok.com\\\/@fundacionrecover\"]},{\"@type\":\"Person\",\"@id\":\"https:\\\/\\\/fundacionrecover.org\\\/#\\\/schema\\\/person\\\/dd196faabb13b5c6e72c88bc6f7c6fb6\",\"name\":\"Recover\",\"sameAs\":[\"https:\\\/\\\/fundacionrecover.org\"]}]}<\/script>\n<!-- \/ Yoast SEO plugin. -->","yoast_head_json":{"title":"RTVE se hace eco de nuestro informe sobre el c\u00e1ncer de cuello de \u00fatero en \u00c1frica - Fundaci\u00f3n Recover Hospitales para \u00c1frica","robots":{"index":"index","follow":"follow","max-snippet":"max-snippet:-1","max-image-preview":"max-image-preview:large","max-video-preview":"max-video-preview:-1"},"canonical":"https:\/\/fundacionrecover.org\/en\/rtve-incidencia-cancer-cuello-de-utero-africa\/","og_locale":"en_GB","og_type":"article","og_title":"RTVE se hace eco de nuestro informe sobre el c\u00e1ncer de cuello de \u00fatero en \u00c1frica - Fundaci\u00f3n Recover Hospitales para \u00c1frica","og_description":"El programa \u00c1frica Hoy, de RTVE, se ha hecho eco del informe publicado por Fundaci\u00f3n Recover en el que compartimos nuestra experiencia y ponemos el foco en la prevenci\u00f3n y en la necesidad de que ni\u00f1as y mujeres se vacunen.","og_url":"https:\/\/fundacionrecover.org\/en\/rtve-incidencia-cancer-cuello-de-utero-africa\/","og_site_name":"Fundaci\u00f3n Recover Hospitales para \u00c1frica","article_publisher":"https:\/\/www.facebook.com\/fundacionrecover\/","article_published_time":"2025-01-20T17:56:46+00:00","article_modified_time":"2025-01-20T18:04:09+00:00","og_image":[{"width":1920,"height":1700,"url":"https:\/\/fundacionrecover.org\/wp-content\/uploads\/2025\/01\/Madre-y-nina.-Taller-Nutri-m.-Vie-et-sante-1.jpg","type":"image\/jpeg"}],"author":"Recover","twitter_card":"summary_large_image","twitter_misc":{"Written by":"Recover","Estimated reading time":"1 minute"},"schema":{"@context":"https:\/\/schema.org","@graph":[{"@type":"Article","@id":"https:\/\/fundacionrecover.org\/rtve-incidencia-cancer-cuello-de-utero-africa\/#article","isPartOf":{"@id":"https:\/\/fundacionrecover.org\/rtve-incidencia-cancer-cuello-de-utero-africa\/"},"author":{"name":"Recover","@id":"https:\/\/fundacionrecover.org\/#\/schema\/person\/dd196faabb13b5c6e72c88bc6f7c6fb6"},"headline":"RTVE se hace eco de nuestro informe sobre el c\u00e1ncer de cuello de \u00fatero en \u00c1frica","datePublished":"2025-01-20T17:56:46+00:00","dateModified":"2025-01-20T18:04:09+00:00","mainEntityOfPage":{"@id":"https:\/\/fundacionrecover.org\/rtve-incidencia-cancer-cuello-de-utero-africa\/"},"wordCount":195,"publisher":{"@id":"https:\/\/fundacionrecover.org\/#organization"},"image":{"@id":"https:\/\/fundacionrecover.org\/rtve-incidencia-cancer-cuello-de-utero-africa\/#primaryimage"},"thumbnailUrl":"https:\/\/fundacionrecover.org\/wp-content\/uploads\/2025\/01\/Madre-y-nina.-Taller-Nutri-m.-Vie-et-sante-1.jpg","articleSection":["Recover en los medios"],"inLanguage":"en-GB"},{"@type":"WebPage","@id":"https:\/\/fundacionrecover.org\/rtve-incidencia-cancer-cuello-de-utero-africa\/","url":"https:\/\/fundacionrecover.org\/rtve-incidencia-cancer-cuello-de-utero-africa\/","name":"RTVE se hace eco de nuestro informe sobre el c\u00e1ncer de cuello de \u00fatero en \u00c1frica - Fundaci\u00f3n Recover Hospitales para \u00c1frica","isPartOf":{"@id":"https:\/\/fundacionrecover.org\/#website"},"primaryImageOfPage":{"@id":"https:\/\/fundacionrecover.org\/rtve-incidencia-cancer-cuello-de-utero-africa\/#primaryimage"},"image":{"@id":"https:\/\/fundacionrecover.org\/rtve-incidencia-cancer-cuello-de-utero-africa\/#primaryimage"},"thumbnailUrl":"https:\/\/fundacionrecover.org\/wp-content\/uploads\/2025\/01\/Madre-y-nina.-Taller-Nutri-m.-Vie-et-sante-1.jpg","datePublished":"2025-01-20T17:56:46+00:00","dateModified":"2025-01-20T18:04:09+00:00","breadcrumb":{"@id":"https:\/\/fundacionrecover.org\/rtve-incidencia-cancer-cuello-de-utero-africa\/#breadcrumb"},"inLanguage":"en-GB","potentialAction":[{"@type":"ReadAction","target":["https:\/\/fundacionrecover.org\/rtve-incidencia-cancer-cuello-de-utero-africa\/"]}]},{"@type":"ImageObject","inLanguage":"en-GB","@id":"https:\/\/fundacionrecover.org\/rtve-incidencia-cancer-cuello-de-utero-africa\/#primaryimage","url":"https:\/\/fundacionrecover.org\/wp-content\/uploads\/2025\/01\/Madre-y-nina.-Taller-Nutri-m.-Vie-et-sante-1.jpg","contentUrl":"https:\/\/fundacionrecover.org\/wp-content\/uploads\/2025\/01\/Madre-y-nina.-Taller-Nutri-m.-Vie-et-sante-1.jpg","width":1920,"height":1700,"caption":"incidencia_mujeres_cancer_cervix"},{"@type":"BreadcrumbList","@id":"https:\/\/fundacionrecover.org\/rtve-incidencia-cancer-cuello-de-utero-africa\/#breadcrumb","itemListElement":[{"@type":"ListItem","position":1,"name":"Home","item":"https:\/\/fundacionrecover.org\/"},{"@type":"ListItem","position":2,"name":"Recover en los medios","item":"https:\/\/fundacionrecover.org\/category\/prensa\/"},{"@type":"ListItem","position":3,"name":"RTVE se hace eco de nuestro informe sobre el c\u00e1ncer de cuello de \u00fatero en \u00c1frica"}]},{"@type":"WebSite","@id":"https:\/\/fundacionrecover.org\/#website","url":"https:\/\/fundacionrecover.org\/","name":"Recover Foundation, Hospitals for Africa","description":"Recover Foundation","publisher":{"@id":"https:\/\/fundacionrecover.org\/#organization"},"potentialAction":[{"@type":"SearchAction","target":{"@type":"EntryPoint","urlTemplate":"https:\/\/fundacionrecover.org\/?s={search_term_string}"},"query-input":{"@type":"PropertyValueSpecification","valueRequired":true,"valueName":"search_term_string"}}],"inLanguage":"en-GB"},{"@type":"Organization","@id":"https:\/\/fundacionrecover.org\/#organization","name":"Recover Foundation, Hospitals for Africa","alternateName":"Fundaci\u00f3n Recover","url":"https:\/\/fundacionrecover.org\/","logo":{"@type":"ImageObject","inLanguage":"en-GB","@id":"https:\/\/fundacionrecover.org\/#\/schema\/logo\/image\/","url":"https:\/\/fundacionrecover.org\/wp-content\/uploads\/2024\/03\/FundacionRecoverHospitalesParaAfrica_logo_blanco_cut.png","contentUrl":"https:\/\/fundacionrecover.org\/wp-content\/uploads\/2024\/03\/FundacionRecoverHospitalesParaAfrica_logo_blanco_cut.png","width":335,"height":183,"caption":"Fundaci\u00f3n Recover, Hospitales para \u00c1frica"},"image":{"@id":"https:\/\/fundacionrecover.org\/#\/schema\/logo\/image\/"},"sameAs":["https:\/\/www.facebook.com\/fundacionrecover\/","https:\/\/www.instagram.com\/fundacionrecover\/","https:\/\/www.linkedin.com\/company\/fundaci\u00f3n-recover-hospitales-para-\u00e1frica\/","https:\/\/www.tiktok.com\/@fundacionrecover"]},{"@type":"Person","@id":"https:\/\/fundacionrecover.org\/#\/schema\/person\/dd196faabb13b5c6e72c88bc6f7c6fb6","name":"Recover","sameAs":["https:\/\/fundacionrecover.org"]}]}},"_links":{"self":[{"href":"https:\/\/fundacionrecover.org\/en\/wp-json\/wp\/v2\/posts\/8373","targetHints":{"allow":["GET"]}}],"collection":[{"href":"https:\/\/fundacionrecover.org\/en\/wp-json\/wp\/v2\/posts"}],"about":[{"href":"https:\/\/fundacionrecover.org\/en\/wp-json\/wp\/v2\/types\/post"}],"author":[{"embeddable":true,"href":"https:\/\/fundacionrecover.org\/en\/wp-json\/wp\/v2\/users\/1"}],"replies":[{"embeddable":true,"href":"https:\/\/fundacionrecover.org\/en\/wp-json\/wp\/v2\/comments?post=8373"}],"version-history":[{"count":0,"href":"https:\/\/fundacionrecover.org\/en\/wp-json\/wp\/v2\/posts\/8373\/revisions"}],"wp:featuredmedia":[{"embeddable":true,"href":"https:\/\/fundacionrecover.org\/en\/wp-json\/wp\/v2\/media\/8374"}],"wp:attachment":[{"href":"https:\/\/fundacionrecover.org\/en\/wp-json\/wp\/v2\/media?parent=8373"}],"wp:term":[{"taxonomy":"category","embeddable":true,"href":"https:\/\/fundacionrecover.org\/en\/wp-json\/wp\/v2\/categories?post=8373"},{"taxonomy":"post_tag","embeddable":true,"href":"https:\/\/fundacionrecover.org\/en\/wp-json\/wp\/v2\/tags?post=8373"}],"curies":[{"name":"wp","href":"https:\/\/api.w.org\/{rel}","templated":true}]}}