{"id":8648,"date":"2025-02-18T15:25:37","date_gmt":"2025-02-18T14:25:37","guid":{"rendered":"https:\/\/fundacionrecover.org\/?p=8648"},"modified":"2025-02-18T15:25:37","modified_gmt":"2025-02-18T14:25:37","slug":"the-director-general-of-the-recover-foundation-in-the-top-100-leading-women","status":"publish","type":"post","link":"https:\/\/fundacionrecover.org\/en\/la-directora-general-de-fundacion-recover-en-las-top-100-mujeres-lideres\/","title":{"rendered":"The CEO of the Recover Foundation enters the 'Top 100 Women Leaders'."},"content":{"rendered":"<p>The general director of Fundaci\u00f3n Recover, Hospitals for Africa has been selected by the newspaper <em>El Espa\u00f1ol<\/em> between the <strong>Top 100 Women Leaders in Spain<\/strong> in the category of <strong>Public, Institutional and Social Impact<\/strong>.<\/p>\n\n\n\n<p>Having also been selected in 2022 and 2023, this third award places it among the best in the world. <strong>Top 100 Honorees<\/strong>This milestone reinforces its role as a benchmark in the field of development cooperation, humanitarian action and social impact.<\/p>\n\n\n\n<p>As highlighted in the <a href=\"https:\/\/www.elespanol.com\/mujer\/lastop100\/20250216\/top-mujeres-lideres-espana-xii-edicion-politicas-pp-psoe-empresarias-cientificas\/923937601_3.html#img_62\" target=\"_blank\" rel=\"noreferrer noopener nofollow\"><mark style=\"background-color:rgba(0, 0, 0, 0)\" class=\"has-inline-color has-luminous-vivid-orange-color\">article published by El Espa\u00f1ol<\/mark><\/a>Marta Mara\u00f1\u00f3n has been working in the third sector for 20 years. In 2003 she was appointed deputy director general of the DARA International Foundation, dedicated to the evaluation and monitoring of development cooperation and humanitarian aid interventions, where she conducted work missions in crisis contexts and in multiple countries in Latin America, Africa and Asia.<\/p>\n\n\n\n<p>In 2011, she joined Ayuda en Acci\u00f3n's management team, where she contributed to boosting institutional relations and strategic alliances with the private sector. Since January 2023, she has been CEO of the Recover Hospitals for Africa Foundation, specialising in health cooperation in the sub-Saharan Africa region.<\/p>\n\n\n\n<p>For the Recover Foundation, this recognition reaffirms its director's commitment to improving healthcare for the most disadvantaged people in Africa.<\/p>\n\n\n\n<p>Read the full article in El Espa\u00f1ol here: <a href=\"https:\/\/www.elespanol.com\/mujer\/lastop100\/20250216\/top-mujeres-lideres-espana-xii-edicion-politicas-pp-psoe-empresarias-cientificas\/923937601_3.html\" target=\"_blank\" rel=\"noreferrer noopener nofollow\"><mark style=\"background-color:rgba(0, 0, 0, 0)\" class=\"has-inline-color has-luminous-vivid-orange-color\">https:\/\/www.elespanol.com\/mujer\/lastop100\/20250216\/top-mujeres-lideres-espana-xii-edicion-politicas-pp-psoe-empresarias-cientificas\/923937601_3.html<\/mark><\/a><\/p>\n\n\n\n<p><\/p>","protected":false},"excerpt":{"rendered":"<p>Marta Mara\u00f1\u00f3n has dedicated most of her professional life to helping others, either by improving aid effectiveness through evaluation or by working in development cooperation organisations.<\/p>","protected":false},"author":1,"featured_media":8649,"comment_status":"closed","ping_status":"closed","sticky":false,"template":"","format":"standard","meta":{"give_campaign_id":0,"footnotes":""},"categories":[11],"tags":[],"class_list":["post-8648","post","type-post","status-publish","format-standard","has-post-thumbnail","hentry","category-noticias"],"yoast_head":"<!-- This site is optimized with the Yoast SEO plugin v27.4 - https:\/\/yoast.com\/product\/yoast-seo-wordpress\/ -->\n<title>La directora general de Fundaci\u00f3n Recover entra en las &#039;Top 100 Mujeres L\u00edderes&#039; - Fundaci\u00f3n Recover Hospitales para \u00c1frica<\/title>\n<meta name=\"robots\" content=\"index, follow, max-snippet:-1, max-image-preview:large, max-video-preview:-1\" \/>\n<link rel=\"canonical\" href=\"https:\/\/fundacionrecover.org\/en\/the-director-general-of-the-recover-foundation-in-the-top-100-leading-women\/\" \/>\n<meta property=\"og:locale\" content=\"en_GB\" \/>\n<meta property=\"og:type\" content=\"article\" \/>\n<meta property=\"og:title\" content=\"La directora general de Fundaci\u00f3n Recover entra en las &#039;Top 100 Mujeres L\u00edderes&#039; - Fundaci\u00f3n Recover Hospitales para \u00c1frica\" \/>\n<meta property=\"og:description\" content=\"Marta Mara\u00f1\u00f3n ha dedicado la mayor parte de su vida profesional a ayudar a los dem\u00e1s, bien mejorando la eficacia de la ayuda a trav\u00e9s de la evaluaci\u00f3n, o bien trabajando en organizaciones de cooperaci\u00f3n al desarrollo.\" \/>\n<meta property=\"og:url\" content=\"https:\/\/fundacionrecover.org\/en\/the-director-general-of-the-recover-foundation-in-the-top-100-leading-women\/\" \/>\n<meta property=\"og:site_name\" content=\"Fundaci\u00f3n Recover Hospitales para \u00c1frica\" \/>\n<meta property=\"article:publisher\" content=\"https:\/\/www.facebook.com\/fundacionrecover\/\" \/>\n<meta property=\"article:published_time\" content=\"2025-02-18T14:25:37+00:00\" \/>\n<meta property=\"og:image\" content=\"https:\/\/fundacionrecover.org\/wp-content\/uploads\/2025\/02\/Top-100.jpg\" \/>\n\t<meta property=\"og:image:width\" content=\"640\" \/>\n\t<meta property=\"og:image:height\" content=\"418\" \/>\n\t<meta property=\"og:image:type\" content=\"image\/jpeg\" \/>\n<meta name=\"author\" content=\"Recover\" \/>\n<meta name=\"twitter:card\" content=\"summary_large_image\" \/>\n<meta name=\"twitter:label1\" content=\"Written by\" \/>\n\t<meta name=\"twitter:data1\" content=\"Recover\" \/>\n\t<meta name=\"twitter:label2\" content=\"Estimated reading time\" \/>\n\t<meta name=\"twitter:data2\" content=\"2 minutes\" \/>\n<script type=\"application\/ld+json\" class=\"yoast-schema-graph\">{\"@context\":\"https:\\\/\\\/schema.org\",\"@graph\":[{\"@type\":\"Article\",\"@id\":\"https:\\\/\\\/fundacionrecover.org\\\/la-directora-general-de-fundacion-recover-en-las-top-100-mujeres-lideres\\\/#article\",\"isPartOf\":{\"@id\":\"https:\\\/\\\/fundacionrecover.org\\\/la-directora-general-de-fundacion-recover-en-las-top-100-mujeres-lideres\\\/\"},\"author\":{\"name\":\"Recover\",\"@id\":\"https:\\\/\\\/fundacionrecover.org\\\/#\\\/schema\\\/person\\\/dd196faabb13b5c6e72c88bc6f7c6fb6\"},\"headline\":\"La directora general de Fundaci\u00f3n Recover entra en las &#8216;Top 100 Mujeres L\u00edderes&#8217;\",\"datePublished\":\"2025-02-18T14:25:37+00:00\",\"mainEntityOfPage\":{\"@id\":\"https:\\\/\\\/fundacionrecover.org\\\/la-directora-general-de-fundacion-recover-en-las-top-100-mujeres-lideres\\\/\"},\"wordCount\":271,\"publisher\":{\"@id\":\"https:\\\/\\\/fundacionrecover.org\\\/#organization\"},\"image\":{\"@id\":\"https:\\\/\\\/fundacionrecover.org\\\/la-directora-general-de-fundacion-recover-en-las-top-100-mujeres-lideres\\\/#primaryimage\"},\"thumbnailUrl\":\"https:\\\/\\\/fundacionrecover.org\\\/wp-content\\\/uploads\\\/2025\\\/02\\\/Top-100.jpg\",\"articleSection\":[\"Noticias\"],\"inLanguage\":\"en-GB\"},{\"@type\":\"WebPage\",\"@id\":\"https:\\\/\\\/fundacionrecover.org\\\/la-directora-general-de-fundacion-recover-en-las-top-100-mujeres-lideres\\\/\",\"url\":\"https:\\\/\\\/fundacionrecover.org\\\/la-directora-general-de-fundacion-recover-en-las-top-100-mujeres-lideres\\\/\",\"name\":\"La directora general de Fundaci\u00f3n Recover entra en las 'Top 100 Mujeres L\u00edderes' - Fundaci\u00f3n Recover Hospitales para \u00c1frica\",\"isPartOf\":{\"@id\":\"https:\\\/\\\/fundacionrecover.org\\\/#website\"},\"primaryImageOfPage\":{\"@id\":\"https:\\\/\\\/fundacionrecover.org\\\/la-directora-general-de-fundacion-recover-en-las-top-100-mujeres-lideres\\\/#primaryimage\"},\"image\":{\"@id\":\"https:\\\/\\\/fundacionrecover.org\\\/la-directora-general-de-fundacion-recover-en-las-top-100-mujeres-lideres\\\/#primaryimage\"},\"thumbnailUrl\":\"https:\\\/\\\/fundacionrecover.org\\\/wp-content\\\/uploads\\\/2025\\\/02\\\/Top-100.jpg\",\"datePublished\":\"2025-02-18T14:25:37+00:00\",\"breadcrumb\":{\"@id\":\"https:\\\/\\\/fundacionrecover.org\\\/la-directora-general-de-fundacion-recover-en-las-top-100-mujeres-lideres\\\/#breadcrumb\"},\"inLanguage\":\"en-GB\",\"potentialAction\":[{\"@type\":\"ReadAction\",\"target\":[\"https:\\\/\\\/fundacionrecover.org\\\/la-directora-general-de-fundacion-recover-en-las-top-100-mujeres-lideres\\\/\"]}]},{\"@type\":\"ImageObject\",\"inLanguage\":\"en-GB\",\"@id\":\"https:\\\/\\\/fundacionrecover.org\\\/la-directora-general-de-fundacion-recover-en-las-top-100-mujeres-lideres\\\/#primaryimage\",\"url\":\"https:\\\/\\\/fundacionrecover.org\\\/wp-content\\\/uploads\\\/2025\\\/02\\\/Top-100.jpg\",\"contentUrl\":\"https:\\\/\\\/fundacionrecover.org\\\/wp-content\\\/uploads\\\/2025\\\/02\\\/Top-100.jpg\",\"width\":640,\"height\":418},{\"@type\":\"BreadcrumbList\",\"@id\":\"https:\\\/\\\/fundacionrecover.org\\\/la-directora-general-de-fundacion-recover-en-las-top-100-mujeres-lideres\\\/#breadcrumb\",\"itemListElement\":[{\"@type\":\"ListItem\",\"position\":1,\"name\":\"Home\",\"item\":\"https:\\\/\\\/fundacionrecover.org\\\/\"},{\"@type\":\"ListItem\",\"position\":2,\"name\":\"Noticias\",\"item\":\"https:\\\/\\\/fundacionrecover.org\\\/category\\\/noticias\\\/\"},{\"@type\":\"ListItem\",\"position\":3,\"name\":\"La directora general de Fundaci\u00f3n Recover entra en las &#8216;Top 100 Mujeres L\u00edderes&#8217;\"}]},{\"@type\":\"WebSite\",\"@id\":\"https:\\\/\\\/fundacionrecover.org\\\/#website\",\"url\":\"https:\\\/\\\/fundacionrecover.org\\\/\",\"name\":\"Fundaci\u00f3n Recover Hospitales para \u00c1frica\",\"description\":\"Fundaci\u00f3n Recover\",\"publisher\":{\"@id\":\"https:\\\/\\\/fundacionrecover.org\\\/#organization\"},\"potentialAction\":[{\"@type\":\"SearchAction\",\"target\":{\"@type\":\"EntryPoint\",\"urlTemplate\":\"https:\\\/\\\/fundacionrecover.org\\\/?s={search_term_string}\"},\"query-input\":{\"@type\":\"PropertyValueSpecification\",\"valueRequired\":true,\"valueName\":\"search_term_string\"}}],\"inLanguage\":\"en-GB\"},{\"@type\":\"Organization\",\"@id\":\"https:\\\/\\\/fundacionrecover.org\\\/#organization\",\"name\":\"Fundaci\u00f3n Recover, Hospitales para \u00c1frica\",\"alternateName\":\"Fundaci\u00f3n Recover\",\"url\":\"https:\\\/\\\/fundacionrecover.org\\\/\",\"logo\":{\"@type\":\"ImageObject\",\"inLanguage\":\"en-GB\",\"@id\":\"https:\\\/\\\/fundacionrecover.org\\\/#\\\/schema\\\/logo\\\/image\\\/\",\"url\":\"https:\\\/\\\/fundacionrecover.org\\\/wp-content\\\/uploads\\\/2024\\\/03\\\/FundacionRecoverHospitalesParaAfrica_logo_blanco_cut.png\",\"contentUrl\":\"https:\\\/\\\/fundacionrecover.org\\\/wp-content\\\/uploads\\\/2024\\\/03\\\/FundacionRecoverHospitalesParaAfrica_logo_blanco_cut.png\",\"width\":335,\"height\":183,\"caption\":\"Fundaci\u00f3n Recover, Hospitales para \u00c1frica\"},\"image\":{\"@id\":\"https:\\\/\\\/fundacionrecover.org\\\/#\\\/schema\\\/logo\\\/image\\\/\"},\"sameAs\":[\"https:\\\/\\\/www.facebook.com\\\/fundacionrecover\\\/\",\"https:\\\/\\\/www.instagram.com\\\/fundacionrecover\\\/\",\"https:\\\/\\\/www.linkedin.com\\\/company\\\/fundaci\u00f3n-recover-hospitales-para-\u00e1frica\\\/\",\"https:\\\/\\\/www.tiktok.com\\\/@fundacionrecover\"]},{\"@type\":\"Person\",\"@id\":\"https:\\\/\\\/fundacionrecover.org\\\/#\\\/schema\\\/person\\\/dd196faabb13b5c6e72c88bc6f7c6fb6\",\"name\":\"Recover\",\"sameAs\":[\"https:\\\/\\\/fundacionrecover.org\"]}]}<\/script>\n<!-- \/ Yoast SEO plugin. -->","yoast_head_json":{"title":"The CEO of the Recover Foundation enters the 'Top 100 Women Leaders' - Fundaci\u00f3n Recover Hospitales para \u00c1frica","robots":{"index":"index","follow":"follow","max-snippet":"max-snippet:-1","max-image-preview":"max-image-preview:large","max-video-preview":"max-video-preview:-1"},"canonical":"https:\/\/fundacionrecover.org\/en\/the-director-general-of-the-recover-foundation-in-the-top-100-leading-women\/","og_locale":"en_GB","og_type":"article","og_title":"La directora general de Fundaci\u00f3n Recover entra en las 'Top 100 Mujeres L\u00edderes' - Fundaci\u00f3n Recover Hospitales para \u00c1frica","og_description":"Marta Mara\u00f1\u00f3n ha dedicado la mayor parte de su vida profesional a ayudar a los dem\u00e1s, bien mejorando la eficacia de la ayuda a trav\u00e9s de la evaluaci\u00f3n, o bien trabajando en organizaciones de cooperaci\u00f3n al desarrollo.","og_url":"https:\/\/fundacionrecover.org\/en\/the-director-general-of-the-recover-foundation-in-the-top-100-leading-women\/","og_site_name":"Fundaci\u00f3n Recover Hospitales para \u00c1frica","article_publisher":"https:\/\/www.facebook.com\/fundacionrecover\/","article_published_time":"2025-02-18T14:25:37+00:00","og_image":[{"width":640,"height":418,"url":"https:\/\/fundacionrecover.org\/wp-content\/uploads\/2025\/02\/Top-100.jpg","type":"image\/jpeg"}],"author":"Recover","twitter_card":"summary_large_image","twitter_misc":{"Written by":"Recover","Estimated reading time":"2 minutes"},"schema":{"@context":"https:\/\/schema.org","@graph":[{"@type":"Article","@id":"https:\/\/fundacionrecover.org\/la-directora-general-de-fundacion-recover-en-las-top-100-mujeres-lideres\/#article","isPartOf":{"@id":"https:\/\/fundacionrecover.org\/la-directora-general-de-fundacion-recover-en-las-top-100-mujeres-lideres\/"},"author":{"name":"Recover","@id":"https:\/\/fundacionrecover.org\/#\/schema\/person\/dd196faabb13b5c6e72c88bc6f7c6fb6"},"headline":"La directora general de Fundaci\u00f3n Recover entra en las &#8216;Top 100 Mujeres L\u00edderes&#8217;","datePublished":"2025-02-18T14:25:37+00:00","mainEntityOfPage":{"@id":"https:\/\/fundacionrecover.org\/la-directora-general-de-fundacion-recover-en-las-top-100-mujeres-lideres\/"},"wordCount":271,"publisher":{"@id":"https:\/\/fundacionrecover.org\/#organization"},"image":{"@id":"https:\/\/fundacionrecover.org\/la-directora-general-de-fundacion-recover-en-las-top-100-mujeres-lideres\/#primaryimage"},"thumbnailUrl":"https:\/\/fundacionrecover.org\/wp-content\/uploads\/2025\/02\/Top-100.jpg","articleSection":["Noticias"],"inLanguage":"en-GB"},{"@type":"WebPage","@id":"https:\/\/fundacionrecover.org\/la-directora-general-de-fundacion-recover-en-las-top-100-mujeres-lideres\/","url":"https:\/\/fundacionrecover.org\/la-directora-general-de-fundacion-recover-en-las-top-100-mujeres-lideres\/","name":"The CEO of the Recover Foundation enters the 'Top 100 Women Leaders' - Fundaci\u00f3n Recover Hospitales para \u00c1frica","isPartOf":{"@id":"https:\/\/fundacionrecover.org\/#website"},"primaryImageOfPage":{"@id":"https:\/\/fundacionrecover.org\/la-directora-general-de-fundacion-recover-en-las-top-100-mujeres-lideres\/#primaryimage"},"image":{"@id":"https:\/\/fundacionrecover.org\/la-directora-general-de-fundacion-recover-en-las-top-100-mujeres-lideres\/#primaryimage"},"thumbnailUrl":"https:\/\/fundacionrecover.org\/wp-content\/uploads\/2025\/02\/Top-100.jpg","datePublished":"2025-02-18T14:25:37+00:00","breadcrumb":{"@id":"https:\/\/fundacionrecover.org\/la-directora-general-de-fundacion-recover-en-las-top-100-mujeres-lideres\/#breadcrumb"},"inLanguage":"en-GB","potentialAction":[{"@type":"ReadAction","target":["https:\/\/fundacionrecover.org\/la-directora-general-de-fundacion-recover-en-las-top-100-mujeres-lideres\/"]}]},{"@type":"ImageObject","inLanguage":"en-GB","@id":"https:\/\/fundacionrecover.org\/la-directora-general-de-fundacion-recover-en-las-top-100-mujeres-lideres\/#primaryimage","url":"https:\/\/fundacionrecover.org\/wp-content\/uploads\/2025\/02\/Top-100.jpg","contentUrl":"https:\/\/fundacionrecover.org\/wp-content\/uploads\/2025\/02\/Top-100.jpg","width":640,"height":418},{"@type":"BreadcrumbList","@id":"https:\/\/fundacionrecover.org\/la-directora-general-de-fundacion-recover-en-las-top-100-mujeres-lideres\/#breadcrumb","itemListElement":[{"@type":"ListItem","position":1,"name":"Home","item":"https:\/\/fundacionrecover.org\/"},{"@type":"ListItem","position":2,"name":"Noticias","item":"https:\/\/fundacionrecover.org\/category\/noticias\/"},{"@type":"ListItem","position":3,"name":"La directora general de Fundaci\u00f3n Recover entra en las &#8216;Top 100 Mujeres L\u00edderes&#8217;"}]},{"@type":"WebSite","@id":"https:\/\/fundacionrecover.org\/#website","url":"https:\/\/fundacionrecover.org\/","name":"Recover Foundation, Hospitals for Africa","description":"Recover Foundation","publisher":{"@id":"https:\/\/fundacionrecover.org\/#organization"},"potentialAction":[{"@type":"SearchAction","target":{"@type":"EntryPoint","urlTemplate":"https:\/\/fundacionrecover.org\/?s={search_term_string}"},"query-input":{"@type":"PropertyValueSpecification","valueRequired":true,"valueName":"search_term_string"}}],"inLanguage":"en-GB"},{"@type":"Organization","@id":"https:\/\/fundacionrecover.org\/#organization","name":"Recover Foundation, Hospitals for Africa","alternateName":"Fundaci\u00f3n Recover","url":"https:\/\/fundacionrecover.org\/","logo":{"@type":"ImageObject","inLanguage":"en-GB","@id":"https:\/\/fundacionrecover.org\/#\/schema\/logo\/image\/","url":"https:\/\/fundacionrecover.org\/wp-content\/uploads\/2024\/03\/FundacionRecoverHospitalesParaAfrica_logo_blanco_cut.png","contentUrl":"https:\/\/fundacionrecover.org\/wp-content\/uploads\/2024\/03\/FundacionRecoverHospitalesParaAfrica_logo_blanco_cut.png","width":335,"height":183,"caption":"Fundaci\u00f3n Recover, Hospitales para \u00c1frica"},"image":{"@id":"https:\/\/fundacionrecover.org\/#\/schema\/logo\/image\/"},"sameAs":["https:\/\/www.facebook.com\/fundacionrecover\/","https:\/\/www.instagram.com\/fundacionrecover\/","https:\/\/www.linkedin.com\/company\/fundaci\u00f3n-recover-hospitales-para-\u00e1frica\/","https:\/\/www.tiktok.com\/@fundacionrecover"]},{"@type":"Person","@id":"https:\/\/fundacionrecover.org\/#\/schema\/person\/dd196faabb13b5c6e72c88bc6f7c6fb6","name":"Recover","sameAs":["https:\/\/fundacionrecover.org"]}]}},"_links":{"self":[{"href":"https:\/\/fundacionrecover.org\/en\/wp-json\/wp\/v2\/posts\/8648","targetHints":{"allow":["GET"]}}],"collection":[{"href":"https:\/\/fundacionrecover.org\/en\/wp-json\/wp\/v2\/posts"}],"about":[{"href":"https:\/\/fundacionrecover.org\/en\/wp-json\/wp\/v2\/types\/post"}],"author":[{"embeddable":true,"href":"https:\/\/fundacionrecover.org\/en\/wp-json\/wp\/v2\/users\/1"}],"replies":[{"embeddable":true,"href":"https:\/\/fundacionrecover.org\/en\/wp-json\/wp\/v2\/comments?post=8648"}],"version-history":[{"count":0,"href":"https:\/\/fundacionrecover.org\/en\/wp-json\/wp\/v2\/posts\/8648\/revisions"}],"wp:featuredmedia":[{"embeddable":true,"href":"https:\/\/fundacionrecover.org\/en\/wp-json\/wp\/v2\/media\/8649"}],"wp:attachment":[{"href":"https:\/\/fundacionrecover.org\/en\/wp-json\/wp\/v2\/media?parent=8648"}],"wp:term":[{"taxonomy":"category","embeddable":true,"href":"https:\/\/fundacionrecover.org\/en\/wp-json\/wp\/v2\/categories?post=8648"},{"taxonomy":"post_tag","embeddable":true,"href":"https:\/\/fundacionrecover.org\/en\/wp-json\/wp\/v2\/tags?post=8648"}],"curies":[{"name":"wp","href":"https:\/\/api.w.org\/{rel}","templated":true}]}}