{"id":9259,"date":"2025-03-10T11:30:00","date_gmt":"2025-03-10T10:30:00","guid":{"rendered":"https:\/\/fundacionrecover.org\/?p=9259"},"modified":"2025-03-11T21:47:00","modified_gmt":"2025-03-11T20:47:00","slug":"the-solidarity-exhibition-from-the-essentials-on-the-radios","status":"publish","type":"post","link":"https:\/\/fundacionrecover.org\/en\/la-exposicion-solidaria-desde-lo-esencial-en-las-radios\/","title":{"rendered":"Solidarity exhibition \"From the essentials\" on the radio stations"},"content":{"rendered":"<figure class=\"wp-block-image size-large\"><img fetchpriority=\"high\" decoding=\"async\" width=\"1024\" height=\"360\" src=\"https:\/\/fundacionrecover.org\/wp-content\/uploads\/2025\/03\/Adaptacion-cartel-Civi-1024x360.jpg\" alt=\"Solidarity exhibition poster\" class=\"wp-image-9214\" srcset=\"https:\/\/fundacionrecover.org\/wp-content\/uploads\/2025\/03\/Adaptacion-cartel-Civi-1024x360.jpg 1024w, https:\/\/fundacionrecover.org\/wp-content\/uploads\/2025\/03\/Adaptacion-cartel-Civi-300x105.jpg 300w, https:\/\/fundacionrecover.org\/wp-content\/uploads\/2025\/03\/Adaptacion-cartel-Civi-768x270.jpg 768w, https:\/\/fundacionrecover.org\/wp-content\/uploads\/2025\/03\/Adaptacion-cartel-Civi-18x6.jpg 18w, https:\/\/fundacionrecover.org\/wp-content\/uploads\/2025\/03\/Adaptacion-cartel-Civi.jpg 1141w\" sizes=\"(max-width: 1024px) 100vw, 1024px\" \/><\/figure>\n\n\n\n<p>The general director of the Recover Foundation, Marta Mara\u00f1\u00f3n, was interviewed in the first days of March on the programmes <em>Hoy por Hoy Madrid<\/em>on Cadena SER, and <em>Africa Today<\/em>RTVE, where he shared details about the solidarity exhibition. <em>From the essentials<\/em>.<\/p>\n\n\n\n<p>In the interview in \u00c1frica Hoy she was also accompanied by one of the curators of the exhibition, Flor Pazos, from the Galer\u00eda Valart.<\/p>\n\n\n\n<p><strong><a href=\"https:\/\/drive.google.com\/file\/d\/1do6qDvOK2KdRVsIoM7Z6P-yhqHhhMxPc\/view\" target=\"_blank\" rel=\"noreferrer noopener nofollow\"><mark style=\"background-color:rgba(0, 0, 0, 0)\" class=\"has-inline-color has-luminous-vivid-orange-color\">Cadena SER<\/mark><\/a><\/strong><\/p>\n\n\n\n<p><strong><a href=\"https:\/\/www.rtve.es\/play\/audios\/africa-hoy\/africa-hoy-subasta-solidaria-para-infancia-africa-subsahariana\/16485546\/\" target=\"_blank\" rel=\"noreferrer noopener nofollow\"><mark style=\"background-color:rgba(0, 0, 0, 0)\" class=\"has-inline-color has-luminous-vivid-orange-color\">RTVE<\/mark><\/a><\/strong><\/p>\n\n\n\n<p><\/p>","protected":false},"excerpt":{"rendered":"<p>The programmes Hoy por hoy Madrid, on Cadena Ser, and \u00c1frica Hoy, on RTVE, include interviews with the director of Fundaci\u00f3n Recover on the occasion of the imminent celebration of the charity exhibition.<\/p>","protected":false},"author":1,"featured_media":9265,"comment_status":"closed","ping_status":"closed","sticky":false,"template":"","format":"standard","meta":{"give_campaign_id":0,"footnotes":""},"categories":[13],"tags":[83],"class_list":["post-9259","post","type-post","status-publish","format-standard","has-post-thumbnail","hentry","category-prensa","tag-video"],"yoast_head":"<!-- This site is optimized with the Yoast SEO plugin v27.4 - https:\/\/yoast.com\/product\/yoast-seo-wordpress\/ -->\n<title>La exposici\u00f3n solidaria \u201cDesde lo esencial\u201d en las radios - Fundaci\u00f3n Recover Hospitales para \u00c1frica<\/title>\n<meta name=\"robots\" content=\"index, follow, max-snippet:-1, max-image-preview:large, max-video-preview:-1\" \/>\n<link rel=\"canonical\" href=\"https:\/\/fundacionrecover.org\/en\/the-solidarity-exhibition-from-the-essentials-on-the-radios\/\" \/>\n<meta property=\"og:locale\" content=\"en_GB\" \/>\n<meta property=\"og:type\" content=\"article\" \/>\n<meta property=\"og:title\" content=\"La exposici\u00f3n solidaria \u201cDesde lo esencial\u201d en las radios - Fundaci\u00f3n Recover Hospitales para \u00c1frica\" \/>\n<meta property=\"og:description\" content=\"Los programas Hoy por hoy Madrid, de Cadena Ser, y \u00c1frica Hoy, de RTVE, recogen sendas entrevistas a la directora de Fundaci\u00f3n Recover con motivo de la inminente celebraci\u00f3n de la muestra ben\u00e9fica\" \/>\n<meta property=\"og:url\" content=\"https:\/\/fundacionrecover.org\/en\/the-solidarity-exhibition-from-the-essentials-on-the-radios\/\" \/>\n<meta property=\"og:site_name\" content=\"Fundaci\u00f3n Recover Hospitales para \u00c1frica\" \/>\n<meta property=\"article:publisher\" content=\"https:\/\/www.facebook.com\/fundacionrecover\/\" \/>\n<meta property=\"article:published_time\" content=\"2025-03-10T10:30:00+00:00\" \/>\n<meta property=\"article:modified_time\" content=\"2025-03-11T20:47:00+00:00\" \/>\n<meta property=\"og:image\" content=\"https:\/\/fundacionrecover.org\/wp-content\/uploads\/2025\/03\/Adaptacion-cartel-Civi-1-e1741725820112.jpg\" \/>\n\t<meta property=\"og:image:width\" content=\"751\" \/>\n\t<meta property=\"og:image:height\" content=\"401\" \/>\n\t<meta property=\"og:image:type\" content=\"image\/jpeg\" \/>\n<meta name=\"author\" content=\"Recover\" \/>\n<meta name=\"twitter:card\" content=\"summary_large_image\" \/>\n<meta name=\"twitter:label1\" content=\"Written by\" \/>\n\t<meta name=\"twitter:data1\" content=\"Recover\" \/>\n\t<meta name=\"twitter:label2\" content=\"Estimated reading time\" \/>\n\t<meta name=\"twitter:data2\" content=\"1 minute\" \/>\n<script type=\"application\/ld+json\" class=\"yoast-schema-graph\">{\"@context\":\"https:\\\/\\\/schema.org\",\"@graph\":[{\"@type\":\"Article\",\"@id\":\"https:\\\/\\\/fundacionrecover.org\\\/la-exposicion-solidaria-desde-lo-esencial-en-las-radios\\\/#article\",\"isPartOf\":{\"@id\":\"https:\\\/\\\/fundacionrecover.org\\\/la-exposicion-solidaria-desde-lo-esencial-en-las-radios\\\/\"},\"author\":{\"name\":\"Recover\",\"@id\":\"https:\\\/\\\/fundacionrecover.org\\\/#\\\/schema\\\/person\\\/dd196faabb13b5c6e72c88bc6f7c6fb6\"},\"headline\":\"La exposici\u00f3n solidaria \u201cDesde lo esencial\u201d en las radios\",\"datePublished\":\"2025-03-10T10:30:00+00:00\",\"dateModified\":\"2025-03-11T20:47:00+00:00\",\"mainEntityOfPage\":{\"@id\":\"https:\\\/\\\/fundacionrecover.org\\\/la-exposicion-solidaria-desde-lo-esencial-en-las-radios\\\/\"},\"wordCount\":85,\"publisher\":{\"@id\":\"https:\\\/\\\/fundacionrecover.org\\\/#organization\"},\"image\":{\"@id\":\"https:\\\/\\\/fundacionrecover.org\\\/la-exposicion-solidaria-desde-lo-esencial-en-las-radios\\\/#primaryimage\"},\"thumbnailUrl\":\"https:\\\/\\\/fundacionrecover.org\\\/wp-content\\\/uploads\\\/2025\\\/03\\\/Adaptacion-cartel-Civi-1-e1741725820112.jpg\",\"keywords\":[\"V\u00eddeo\"],\"articleSection\":[\"Recover en los medios\"],\"inLanguage\":\"en-GB\"},{\"@type\":\"WebPage\",\"@id\":\"https:\\\/\\\/fundacionrecover.org\\\/la-exposicion-solidaria-desde-lo-esencial-en-las-radios\\\/\",\"url\":\"https:\\\/\\\/fundacionrecover.org\\\/la-exposicion-solidaria-desde-lo-esencial-en-las-radios\\\/\",\"name\":\"La exposici\u00f3n solidaria \u201cDesde lo esencial\u201d en las radios - Fundaci\u00f3n Recover Hospitales para \u00c1frica\",\"isPartOf\":{\"@id\":\"https:\\\/\\\/fundacionrecover.org\\\/#website\"},\"primaryImageOfPage\":{\"@id\":\"https:\\\/\\\/fundacionrecover.org\\\/la-exposicion-solidaria-desde-lo-esencial-en-las-radios\\\/#primaryimage\"},\"image\":{\"@id\":\"https:\\\/\\\/fundacionrecover.org\\\/la-exposicion-solidaria-desde-lo-esencial-en-las-radios\\\/#primaryimage\"},\"thumbnailUrl\":\"https:\\\/\\\/fundacionrecover.org\\\/wp-content\\\/uploads\\\/2025\\\/03\\\/Adaptacion-cartel-Civi-1-e1741725820112.jpg\",\"datePublished\":\"2025-03-10T10:30:00+00:00\",\"dateModified\":\"2025-03-11T20:47:00+00:00\",\"breadcrumb\":{\"@id\":\"https:\\\/\\\/fundacionrecover.org\\\/la-exposicion-solidaria-desde-lo-esencial-en-las-radios\\\/#breadcrumb\"},\"inLanguage\":\"en-GB\",\"potentialAction\":[{\"@type\":\"ReadAction\",\"target\":[\"https:\\\/\\\/fundacionrecover.org\\\/la-exposicion-solidaria-desde-lo-esencial-en-las-radios\\\/\"]}]},{\"@type\":\"ImageObject\",\"inLanguage\":\"en-GB\",\"@id\":\"https:\\\/\\\/fundacionrecover.org\\\/la-exposicion-solidaria-desde-lo-esencial-en-las-radios\\\/#primaryimage\",\"url\":\"https:\\\/\\\/fundacionrecover.org\\\/wp-content\\\/uploads\\\/2025\\\/03\\\/Adaptacion-cartel-Civi-1-e1741725820112.jpg\",\"contentUrl\":\"https:\\\/\\\/fundacionrecover.org\\\/wp-content\\\/uploads\\\/2025\\\/03\\\/Adaptacion-cartel-Civi-1-e1741725820112.jpg\",\"width\":751,\"height\":401,\"caption\":\"portada exposicion Desde lo esencial\"},{\"@type\":\"BreadcrumbList\",\"@id\":\"https:\\\/\\\/fundacionrecover.org\\\/la-exposicion-solidaria-desde-lo-esencial-en-las-radios\\\/#breadcrumb\",\"itemListElement\":[{\"@type\":\"ListItem\",\"position\":1,\"name\":\"Home\",\"item\":\"https:\\\/\\\/fundacionrecover.org\\\/\"},{\"@type\":\"ListItem\",\"position\":2,\"name\":\"Recover en los medios\",\"item\":\"https:\\\/\\\/fundacionrecover.org\\\/category\\\/prensa\\\/\"},{\"@type\":\"ListItem\",\"position\":3,\"name\":\"La exposici\u00f3n solidaria \u201cDesde lo esencial\u201d en las radios\"}]},{\"@type\":\"WebSite\",\"@id\":\"https:\\\/\\\/fundacionrecover.org\\\/#website\",\"url\":\"https:\\\/\\\/fundacionrecover.org\\\/\",\"name\":\"Fundaci\u00f3n Recover Hospitales para \u00c1frica\",\"description\":\"Fundaci\u00f3n Recover\",\"publisher\":{\"@id\":\"https:\\\/\\\/fundacionrecover.org\\\/#organization\"},\"potentialAction\":[{\"@type\":\"SearchAction\",\"target\":{\"@type\":\"EntryPoint\",\"urlTemplate\":\"https:\\\/\\\/fundacionrecover.org\\\/?s={search_term_string}\"},\"query-input\":{\"@type\":\"PropertyValueSpecification\",\"valueRequired\":true,\"valueName\":\"search_term_string\"}}],\"inLanguage\":\"en-GB\"},{\"@type\":\"Organization\",\"@id\":\"https:\\\/\\\/fundacionrecover.org\\\/#organization\",\"name\":\"Fundaci\u00f3n Recover, Hospitales para \u00c1frica\",\"alternateName\":\"Fundaci\u00f3n Recover\",\"url\":\"https:\\\/\\\/fundacionrecover.org\\\/\",\"logo\":{\"@type\":\"ImageObject\",\"inLanguage\":\"en-GB\",\"@id\":\"https:\\\/\\\/fundacionrecover.org\\\/#\\\/schema\\\/logo\\\/image\\\/\",\"url\":\"https:\\\/\\\/fundacionrecover.org\\\/wp-content\\\/uploads\\\/2024\\\/03\\\/FundacionRecoverHospitalesParaAfrica_logo_blanco_cut.png\",\"contentUrl\":\"https:\\\/\\\/fundacionrecover.org\\\/wp-content\\\/uploads\\\/2024\\\/03\\\/FundacionRecoverHospitalesParaAfrica_logo_blanco_cut.png\",\"width\":335,\"height\":183,\"caption\":\"Fundaci\u00f3n Recover, Hospitales para \u00c1frica\"},\"image\":{\"@id\":\"https:\\\/\\\/fundacionrecover.org\\\/#\\\/schema\\\/logo\\\/image\\\/\"},\"sameAs\":[\"https:\\\/\\\/www.facebook.com\\\/fundacionrecover\\\/\",\"https:\\\/\\\/www.instagram.com\\\/fundacionrecover\\\/\",\"https:\\\/\\\/www.linkedin.com\\\/company\\\/fundaci\u00f3n-recover-hospitales-para-\u00e1frica\\\/\",\"https:\\\/\\\/www.tiktok.com\\\/@fundacionrecover\"]},{\"@type\":\"Person\",\"@id\":\"https:\\\/\\\/fundacionrecover.org\\\/#\\\/schema\\\/person\\\/dd196faabb13b5c6e72c88bc6f7c6fb6\",\"name\":\"Recover\",\"sameAs\":[\"https:\\\/\\\/fundacionrecover.org\"]}]}<\/script>\n<!-- \/ Yoast SEO plugin. -->","yoast_head_json":{"title":"The solidarity exhibition \"From the essentials\" on the radio - Fundaci\u00f3n Recover Hospitales para \u00c1frica","robots":{"index":"index","follow":"follow","max-snippet":"max-snippet:-1","max-image-preview":"max-image-preview:large","max-video-preview":"max-video-preview:-1"},"canonical":"https:\/\/fundacionrecover.org\/en\/the-solidarity-exhibition-from-the-essentials-on-the-radios\/","og_locale":"en_GB","og_type":"article","og_title":"La exposici\u00f3n solidaria \u201cDesde lo esencial\u201d en las radios - Fundaci\u00f3n Recover Hospitales para \u00c1frica","og_description":"Los programas Hoy por hoy Madrid, de Cadena Ser, y \u00c1frica Hoy, de RTVE, recogen sendas entrevistas a la directora de Fundaci\u00f3n Recover con motivo de la inminente celebraci\u00f3n de la muestra ben\u00e9fica","og_url":"https:\/\/fundacionrecover.org\/en\/the-solidarity-exhibition-from-the-essentials-on-the-radios\/","og_site_name":"Fundaci\u00f3n Recover Hospitales para \u00c1frica","article_publisher":"https:\/\/www.facebook.com\/fundacionrecover\/","article_published_time":"2025-03-10T10:30:00+00:00","article_modified_time":"2025-03-11T20:47:00+00:00","og_image":[{"width":751,"height":401,"url":"https:\/\/fundacionrecover.org\/wp-content\/uploads\/2025\/03\/Adaptacion-cartel-Civi-1-e1741725820112.jpg","type":"image\/jpeg"}],"author":"Recover","twitter_card":"summary_large_image","twitter_misc":{"Written by":"Recover","Estimated reading time":"1 minute"},"schema":{"@context":"https:\/\/schema.org","@graph":[{"@type":"Article","@id":"https:\/\/fundacionrecover.org\/la-exposicion-solidaria-desde-lo-esencial-en-las-radios\/#article","isPartOf":{"@id":"https:\/\/fundacionrecover.org\/la-exposicion-solidaria-desde-lo-esencial-en-las-radios\/"},"author":{"name":"Recover","@id":"https:\/\/fundacionrecover.org\/#\/schema\/person\/dd196faabb13b5c6e72c88bc6f7c6fb6"},"headline":"La exposici\u00f3n solidaria \u201cDesde lo esencial\u201d en las radios","datePublished":"2025-03-10T10:30:00+00:00","dateModified":"2025-03-11T20:47:00+00:00","mainEntityOfPage":{"@id":"https:\/\/fundacionrecover.org\/la-exposicion-solidaria-desde-lo-esencial-en-las-radios\/"},"wordCount":85,"publisher":{"@id":"https:\/\/fundacionrecover.org\/#organization"},"image":{"@id":"https:\/\/fundacionrecover.org\/la-exposicion-solidaria-desde-lo-esencial-en-las-radios\/#primaryimage"},"thumbnailUrl":"https:\/\/fundacionrecover.org\/wp-content\/uploads\/2025\/03\/Adaptacion-cartel-Civi-1-e1741725820112.jpg","keywords":["V\u00eddeo"],"articleSection":["Recover en los medios"],"inLanguage":"en-GB"},{"@type":"WebPage","@id":"https:\/\/fundacionrecover.org\/la-exposicion-solidaria-desde-lo-esencial-en-las-radios\/","url":"https:\/\/fundacionrecover.org\/la-exposicion-solidaria-desde-lo-esencial-en-las-radios\/","name":"The solidarity exhibition \"From the essentials\" on the radio - Fundaci\u00f3n Recover Hospitales para \u00c1frica","isPartOf":{"@id":"https:\/\/fundacionrecover.org\/#website"},"primaryImageOfPage":{"@id":"https:\/\/fundacionrecover.org\/la-exposicion-solidaria-desde-lo-esencial-en-las-radios\/#primaryimage"},"image":{"@id":"https:\/\/fundacionrecover.org\/la-exposicion-solidaria-desde-lo-esencial-en-las-radios\/#primaryimage"},"thumbnailUrl":"https:\/\/fundacionrecover.org\/wp-content\/uploads\/2025\/03\/Adaptacion-cartel-Civi-1-e1741725820112.jpg","datePublished":"2025-03-10T10:30:00+00:00","dateModified":"2025-03-11T20:47:00+00:00","breadcrumb":{"@id":"https:\/\/fundacionrecover.org\/la-exposicion-solidaria-desde-lo-esencial-en-las-radios\/#breadcrumb"},"inLanguage":"en-GB","potentialAction":[{"@type":"ReadAction","target":["https:\/\/fundacionrecover.org\/la-exposicion-solidaria-desde-lo-esencial-en-las-radios\/"]}]},{"@type":"ImageObject","inLanguage":"en-GB","@id":"https:\/\/fundacionrecover.org\/la-exposicion-solidaria-desde-lo-esencial-en-las-radios\/#primaryimage","url":"https:\/\/fundacionrecover.org\/wp-content\/uploads\/2025\/03\/Adaptacion-cartel-Civi-1-e1741725820112.jpg","contentUrl":"https:\/\/fundacionrecover.org\/wp-content\/uploads\/2025\/03\/Adaptacion-cartel-Civi-1-e1741725820112.jpg","width":751,"height":401,"caption":"portada exposicion Desde lo esencial"},{"@type":"BreadcrumbList","@id":"https:\/\/fundacionrecover.org\/la-exposicion-solidaria-desde-lo-esencial-en-las-radios\/#breadcrumb","itemListElement":[{"@type":"ListItem","position":1,"name":"Home","item":"https:\/\/fundacionrecover.org\/"},{"@type":"ListItem","position":2,"name":"Recover en los medios","item":"https:\/\/fundacionrecover.org\/category\/prensa\/"},{"@type":"ListItem","position":3,"name":"La exposici\u00f3n solidaria \u201cDesde lo esencial\u201d en las radios"}]},{"@type":"WebSite","@id":"https:\/\/fundacionrecover.org\/#website","url":"https:\/\/fundacionrecover.org\/","name":"Recover Foundation, Hospitals for Africa","description":"Recover Foundation","publisher":{"@id":"https:\/\/fundacionrecover.org\/#organization"},"potentialAction":[{"@type":"SearchAction","target":{"@type":"EntryPoint","urlTemplate":"https:\/\/fundacionrecover.org\/?s={search_term_string}"},"query-input":{"@type":"PropertyValueSpecification","valueRequired":true,"valueName":"search_term_string"}}],"inLanguage":"en-GB"},{"@type":"Organization","@id":"https:\/\/fundacionrecover.org\/#organization","name":"Recover Foundation, Hospitals for Africa","alternateName":"Fundaci\u00f3n Recover","url":"https:\/\/fundacionrecover.org\/","logo":{"@type":"ImageObject","inLanguage":"en-GB","@id":"https:\/\/fundacionrecover.org\/#\/schema\/logo\/image\/","url":"https:\/\/fundacionrecover.org\/wp-content\/uploads\/2024\/03\/FundacionRecoverHospitalesParaAfrica_logo_blanco_cut.png","contentUrl":"https:\/\/fundacionrecover.org\/wp-content\/uploads\/2024\/03\/FundacionRecoverHospitalesParaAfrica_logo_blanco_cut.png","width":335,"height":183,"caption":"Fundaci\u00f3n Recover, Hospitales para \u00c1frica"},"image":{"@id":"https:\/\/fundacionrecover.org\/#\/schema\/logo\/image\/"},"sameAs":["https:\/\/www.facebook.com\/fundacionrecover\/","https:\/\/www.instagram.com\/fundacionrecover\/","https:\/\/www.linkedin.com\/company\/fundaci\u00f3n-recover-hospitales-para-\u00e1frica\/","https:\/\/www.tiktok.com\/@fundacionrecover"]},{"@type":"Person","@id":"https:\/\/fundacionrecover.org\/#\/schema\/person\/dd196faabb13b5c6e72c88bc6f7c6fb6","name":"Recover","sameAs":["https:\/\/fundacionrecover.org"]}]}},"_links":{"self":[{"href":"https:\/\/fundacionrecover.org\/en\/wp-json\/wp\/v2\/posts\/9259","targetHints":{"allow":["GET"]}}],"collection":[{"href":"https:\/\/fundacionrecover.org\/en\/wp-json\/wp\/v2\/posts"}],"about":[{"href":"https:\/\/fundacionrecover.org\/en\/wp-json\/wp\/v2\/types\/post"}],"author":[{"embeddable":true,"href":"https:\/\/fundacionrecover.org\/en\/wp-json\/wp\/v2\/users\/1"}],"replies":[{"embeddable":true,"href":"https:\/\/fundacionrecover.org\/en\/wp-json\/wp\/v2\/comments?post=9259"}],"version-history":[{"count":0,"href":"https:\/\/fundacionrecover.org\/en\/wp-json\/wp\/v2\/posts\/9259\/revisions"}],"wp:featuredmedia":[{"embeddable":true,"href":"https:\/\/fundacionrecover.org\/en\/wp-json\/wp\/v2\/media\/9265"}],"wp:attachment":[{"href":"https:\/\/fundacionrecover.org\/en\/wp-json\/wp\/v2\/media?parent=9259"}],"wp:term":[{"taxonomy":"category","embeddable":true,"href":"https:\/\/fundacionrecover.org\/en\/wp-json\/wp\/v2\/categories?post=9259"},{"taxonomy":"post_tag","embeddable":true,"href":"https:\/\/fundacionrecover.org\/en\/wp-json\/wp\/v2\/tags?post=9259"}],"curies":[{"name":"wp","href":"https:\/\/api.w.org\/{rel}","templated":true}]}}