{"id":9308,"date":"2025-03-21T14:06:52","date_gmt":"2025-03-21T13:06:52","guid":{"rendered":"https:\/\/fundacionrecover.org\/?p=9308"},"modified":"2025-04-22T22:29:00","modified_gmt":"2025-04-22T20:29:00","slug":"fundacion-recover-del-corazon-to-health-campaign-work","status":"publish","type":"post","link":"https:\/\/fundacionrecover.org\/en\/fundacion-recover-del-corazon-a-la-labor-campana-de-salud\/","title":{"rendered":"Recover Foundation, from the heart to the work"},"content":{"rendered":"<p>Health is a fundamental right, and everyone deserves access to the medical care they need. However, the cost of surgical treatment can be an insurmountable barrier for many people. In this context, Fundaci\u00f3n Recover's surgery campaign was carried out with the aim of supporting patients who need it most, offering them a chance to recover.<\/p>\n\n\n\n<p>On the evening of Sunday 9 February, the campaign team, composed of two surgeons, an anaesthesiologist, an operating theatre nurse and an emergency nurse, arrived in the town of Batcham, in the department of Bamboutos in the West Region of Cameroon.<\/p>\n\n\n\n<p>For the Fundaci\u00f3n Recover team, the day begins with breakfast, a way to recharge their batteries before starting the long day. In fact, a free surgical medical care campaign will be carried out for five days in this part of the country. Around the table, in front of the cutlery set out for the occasion, amidst chatter and laughter, the team enjoys a relaxed moment before putting on their white coats and heading to the medical centre.<\/p>\n\n\n\n<p>In the foyer of the health centre, some fifty patients, men and women, wait their turn. They look dejected, affected by the disease, but hopeful of regaining their health. They will have to wait a little longer, however, as the hospital's only operating theatre is being used by local staff for a caesarean section. In just 46 minutes, a 47-year-old woman gives birth to a baby girl.<\/p>\n\n\n\n<figure class=\"wp-block-image alignleft size-large is-resized\"><img fetchpriority=\"high\" decoding=\"async\" width=\"1024\" height=\"853\" src=\"https:\/\/fundacionrecover.org\/wp-content\/uploads\/2025\/03\/Articulo-cirugia-operando-para-el-interior-del-articulo-no-para-cabecera-1024x853.jpg\" alt=\"\" class=\"wp-image-9309\" style=\"width:491px;height:auto\" srcset=\"https:\/\/fundacionrecover.org\/wp-content\/uploads\/2025\/03\/Articulo-cirugia-operando-para-el-interior-del-articulo-no-para-cabecera-1024x853.jpg 1024w, https:\/\/fundacionrecover.org\/wp-content\/uploads\/2025\/03\/Articulo-cirugia-operando-para-el-interior-del-articulo-no-para-cabecera-300x250.jpg 300w, https:\/\/fundacionrecover.org\/wp-content\/uploads\/2025\/03\/Articulo-cirugia-operando-para-el-interior-del-articulo-no-para-cabecera-768x640.jpg 768w, https:\/\/fundacionrecover.org\/wp-content\/uploads\/2025\/03\/Articulo-cirugia-operando-para-el-interior-del-articulo-no-para-cabecera-14x12.jpg 14w, https:\/\/fundacionrecover.org\/wp-content\/uploads\/2025\/03\/Articulo-cirugia-operando-para-el-interior-del-articulo-no-para-cabecera.jpg 1200w\" sizes=\"(max-width: 1024px) 100vw, 1024px\" \/><\/figure>\n\n\n\n<p>Forty-seven patients have registered for the day. \"We have divided them into groups of eight so that everyone can benefit from the campaign,\" explained Dr. Christian, head physician at the Batcham Health Centre. The large turnout of patients demonstrates the need for such initiatives.<\/p>\n\n\n\n<p>To seize this opportunity, Jean Djiogue, a shopkeeper, had to overcome several obstacles. \"I left early from the town of Bafoussam with my daughter and I am really impressed because, as soon as we arrived, the medical team took care of us immediately,\" he said. However, he added: \"I think the duration of the campaign is insufficient. If such initiatives were extended for a longer period of time, it would help us a lot.<\/p>\n\n\n\n<p>Like him, Corine Bantio, a 19-year-old student living in Douala, travelled 270 km - six hours - to get there. Full of anxiety, she wanders the hospital corridors as she waits her turn. Three years ago, she was diagnosed with a lump in her left breast. \"I'm very hopeful that everything will go well,\" she said before entering the operating theatre. The next day, on 11 February, we saw her again. Despite the after-effects, she was finally free of the problem that had so distressed her.<\/p>\n\n\n\n<figure class=\"wp-block-image alignright size-large is-resized\"><img decoding=\"async\" width=\"1024\" height=\"768\" src=\"https:\/\/fundacionrecover.org\/wp-content\/uploads\/2025\/03\/WhatsApp-Image-2025-03-18-at-12.39.45-1024x768.jpeg\" alt=\"testimony_batchman_camerun_julien_ebeleba\" class=\"wp-image-9311\" style=\"width:436px;height:auto\" srcset=\"https:\/\/fundacionrecover.org\/wp-content\/uploads\/2025\/03\/WhatsApp-Image-2025-03-18-at-12.39.45-1024x768.jpeg 1024w, https:\/\/fundacionrecover.org\/wp-content\/uploads\/2025\/03\/WhatsApp-Image-2025-03-18-at-12.39.45-300x225.jpeg 300w, https:\/\/fundacionrecover.org\/wp-content\/uploads\/2025\/03\/WhatsApp-Image-2025-03-18-at-12.39.45-768x576.jpeg 768w, https:\/\/fundacionrecover.org\/wp-content\/uploads\/2025\/03\/WhatsApp-Image-2025-03-18-at-12.39.45-16x12.jpeg 16w, https:\/\/fundacionrecover.org\/wp-content\/uploads\/2025\/03\/WhatsApp-Image-2025-03-18-at-12.39.45.jpeg 1080w\" sizes=\"(max-width: 1024px) 100vw, 1024px\" \/><figcaption class=\"wp-element-caption\"><mark style=\"background-color:rgba(0, 0, 0, 0)\" class=\"has-inline-color has-luminous-vivid-orange-color\"><em>Jean Julien Ebeleba Alima, the journalism student who signs this testimony, together with the volunteer Meritxell Riba.<\/em><\/mark><\/figcaption><\/figure>\n\n\n\n<p>For the organisers, the surgical campaign of the Recover Foundation was a <strong>\"mission accomplished<\/strong>. Of the 47 patients registered, 32 were selected and 41 surgical interventions were performed, as some patients required more than one operation.<\/p>\n\n\n\n<p>The Recover Foundation is a non-profit organisation created and registered in 2021 in Cameroon, dedicated to health cooperation. With this health campaign, it has once again given hope to vulnerable populations. In addition, it has been an opportunity to strengthen the capacities of the health staff of the centres with which it collaborates, in order to offer quality care to people with limited resources.<\/p>\n\n\n\n<p>Each person's support, no matter how small, can make a big difference. Together, we can build a better future for those who need it most.<\/p>\n\n\n\n<hr class=\"wp-block-separator has-text-color has-luminous-vivid-orange-color has-alpha-channel-opacity has-luminous-vivid-orange-background-color has-background is-style-default\"\/>\n\n\n\n<p><em>By Jean Julien Ebeleba Alima<\/em><\/p>\n\n\n\n<div style=\"height:21px\" aria-hidden=\"true\" class=\"wp-block-spacer\"><\/div>","protected":false},"excerpt":{"rendered":"<p>Esta fundaci\u00f3n organiz\u00f3 una campa\u00f1a de cirug\u00edas gratuitas en la localidad de Batcham del 10 al 15 de febrero para ayudar a las poblaciones m\u00e1s vulnerables &#8211; Escrito por Jean Julien Ebeleba Alima<\/p>","protected":false},"author":1,"featured_media":9310,"comment_status":"closed","ping_status":"closed","sticky":false,"template":"","format":"standard","meta":{"give_campaign_id":0,"footnotes":""},"categories":[34],"tags":[],"class_list":["post-9308","post","type-post","status-publish","format-standard","has-post-thumbnail","hentry","category-voluntariado"],"yoast_head":"<!-- This site is optimized with the Yoast SEO plugin v27.4 - https:\/\/yoast.com\/product\/yoast-seo-wordpress\/ -->\n<title>Fundaci\u00f3n Recover, del coraz\u00f3n a la labor - Fundaci\u00f3n Recover Hospitales para \u00c1frica<\/title>\n<meta name=\"robots\" content=\"index, follow, max-snippet:-1, max-image-preview:large, max-video-preview:-1\" \/>\n<link rel=\"canonical\" href=\"https:\/\/fundacionrecover.org\/en\/fundacion-recover-del-corazon-to-health-campaign-work\/\" \/>\n<meta property=\"og:locale\" content=\"en_GB\" \/>\n<meta property=\"og:type\" content=\"article\" \/>\n<meta property=\"og:title\" content=\"Fundaci\u00f3n Recover, del coraz\u00f3n a la labor - Fundaci\u00f3n Recover Hospitales para \u00c1frica\" \/>\n<meta property=\"og:description\" content=\"Esta fundaci\u00f3n organiz\u00f3 una campa\u00f1a de cirug\u00edas gratuitas en la localidad de Batcham del 10 al 15 de febrero para ayudar a las poblaciones m\u00e1s vulnerables - Escrito por Jean Julien Ebeleba Alima\" \/>\n<meta property=\"og:url\" content=\"https:\/\/fundacionrecover.org\/en\/fundacion-recover-del-corazon-to-health-campaign-work\/\" \/>\n<meta property=\"og:site_name\" content=\"Fundaci\u00f3n Recover Hospitales para \u00c1frica\" \/>\n<meta property=\"article:publisher\" content=\"https:\/\/www.facebook.com\/fundacionrecover\/\" \/>\n<meta property=\"article:published_time\" content=\"2025-03-21T13:06:52+00:00\" \/>\n<meta property=\"article:modified_time\" content=\"2025-04-22T20:29:00+00:00\" \/>\n<meta property=\"og:image\" content=\"https:\/\/fundacionrecover.org\/wp-content\/uploads\/2025\/03\/WhatsApp-Image-2025-03-05-at-12.46.08.jpeg\" \/>\n\t<meta property=\"og:image:width\" content=\"810\" \/>\n\t<meta property=\"og:image:height\" content=\"1080\" \/>\n\t<meta property=\"og:image:type\" content=\"image\/jpeg\" \/>\n<meta name=\"author\" content=\"Recover\" \/>\n<meta name=\"twitter:card\" content=\"summary_large_image\" \/>\n<meta name=\"twitter:label1\" content=\"Written by\" \/>\n\t<meta name=\"twitter:data1\" content=\"Recover\" \/>\n\t<meta name=\"twitter:label2\" content=\"Estimated reading time\" \/>\n\t<meta name=\"twitter:data2\" content=\"4 minutes\" \/>\n<script type=\"application\/ld+json\" class=\"yoast-schema-graph\">{\"@context\":\"https:\\\/\\\/schema.org\",\"@graph\":[{\"@type\":\"Article\",\"@id\":\"https:\\\/\\\/fundacionrecover.org\\\/fundacion-recover-del-corazon-a-la-labor-campana-de-salud\\\/#article\",\"isPartOf\":{\"@id\":\"https:\\\/\\\/fundacionrecover.org\\\/fundacion-recover-del-corazon-a-la-labor-campana-de-salud\\\/\"},\"author\":{\"name\":\"Recover\",\"@id\":\"https:\\\/\\\/fundacionrecover.org\\\/#\\\/schema\\\/person\\\/dd196faabb13b5c6e72c88bc6f7c6fb6\"},\"headline\":\"Fundaci\u00f3n Recover, del coraz\u00f3n a la labor\",\"datePublished\":\"2025-03-21T13:06:52+00:00\",\"dateModified\":\"2025-04-22T20:29:00+00:00\",\"mainEntityOfPage\":{\"@id\":\"https:\\\/\\\/fundacionrecover.org\\\/fundacion-recover-del-corazon-a-la-labor-campana-de-salud\\\/\"},\"wordCount\":674,\"publisher\":{\"@id\":\"https:\\\/\\\/fundacionrecover.org\\\/#organization\"},\"image\":{\"@id\":\"https:\\\/\\\/fundacionrecover.org\\\/fundacion-recover-del-corazon-a-la-labor-campana-de-salud\\\/#primaryimage\"},\"thumbnailUrl\":\"https:\\\/\\\/fundacionrecover.org\\\/wp-content\\\/uploads\\\/2025\\\/03\\\/WhatsApp-Image-2025-03-05-at-12.46.08.jpeg\",\"articleSection\":[\"Voluntariado\"],\"inLanguage\":\"en-GB\"},{\"@type\":\"WebPage\",\"@id\":\"https:\\\/\\\/fundacionrecover.org\\\/fundacion-recover-del-corazon-a-la-labor-campana-de-salud\\\/\",\"url\":\"https:\\\/\\\/fundacionrecover.org\\\/fundacion-recover-del-corazon-a-la-labor-campana-de-salud\\\/\",\"name\":\"Fundaci\u00f3n Recover, del coraz\u00f3n a la labor - Fundaci\u00f3n Recover Hospitales para \u00c1frica\",\"isPartOf\":{\"@id\":\"https:\\\/\\\/fundacionrecover.org\\\/#website\"},\"primaryImageOfPage\":{\"@id\":\"https:\\\/\\\/fundacionrecover.org\\\/fundacion-recover-del-corazon-a-la-labor-campana-de-salud\\\/#primaryimage\"},\"image\":{\"@id\":\"https:\\\/\\\/fundacionrecover.org\\\/fundacion-recover-del-corazon-a-la-labor-campana-de-salud\\\/#primaryimage\"},\"thumbnailUrl\":\"https:\\\/\\\/fundacionrecover.org\\\/wp-content\\\/uploads\\\/2025\\\/03\\\/WhatsApp-Image-2025-03-05-at-12.46.08.jpeg\",\"datePublished\":\"2025-03-21T13:06:52+00:00\",\"dateModified\":\"2025-04-22T20:29:00+00:00\",\"breadcrumb\":{\"@id\":\"https:\\\/\\\/fundacionrecover.org\\\/fundacion-recover-del-corazon-a-la-labor-campana-de-salud\\\/#breadcrumb\"},\"inLanguage\":\"en-GB\",\"potentialAction\":[{\"@type\":\"ReadAction\",\"target\":[\"https:\\\/\\\/fundacionrecover.org\\\/fundacion-recover-del-corazon-a-la-labor-campana-de-salud\\\/\"]}]},{\"@type\":\"ImageObject\",\"inLanguage\":\"en-GB\",\"@id\":\"https:\\\/\\\/fundacionrecover.org\\\/fundacion-recover-del-corazon-a-la-labor-campana-de-salud\\\/#primaryimage\",\"url\":\"https:\\\/\\\/fundacionrecover.org\\\/wp-content\\\/uploads\\\/2025\\\/03\\\/WhatsApp-Image-2025-03-05-at-12.46.08.jpeg\",\"contentUrl\":\"https:\\\/\\\/fundacionrecover.org\\\/wp-content\\\/uploads\\\/2025\\\/03\\\/WhatsApp-Image-2025-03-05-at-12.46.08.jpeg\",\"width\":810,\"height\":1080,\"caption\":\"De izquierda a derecha: Marta Navarro, Dr. Dar\u00edo Carvajal, Emilie Ngono, Dr. Luis Boccalatte, Dr. Anna Curell y Meritxell Riba\"},{\"@type\":\"BreadcrumbList\",\"@id\":\"https:\\\/\\\/fundacionrecover.org\\\/fundacion-recover-del-corazon-a-la-labor-campana-de-salud\\\/#breadcrumb\",\"itemListElement\":[{\"@type\":\"ListItem\",\"position\":1,\"name\":\"Home\",\"item\":\"https:\\\/\\\/fundacionrecover.org\\\/\"},{\"@type\":\"ListItem\",\"position\":2,\"name\":\"Voluntariado\",\"item\":\"https:\\\/\\\/fundacionrecover.org\\\/category\\\/voluntariado\\\/\"},{\"@type\":\"ListItem\",\"position\":3,\"name\":\"Fundaci\u00f3n Recover, del coraz\u00f3n a la labor\"}]},{\"@type\":\"WebSite\",\"@id\":\"https:\\\/\\\/fundacionrecover.org\\\/#website\",\"url\":\"https:\\\/\\\/fundacionrecover.org\\\/\",\"name\":\"Fundaci\u00f3n Recover Hospitales para \u00c1frica\",\"description\":\"Fundaci\u00f3n Recover\",\"publisher\":{\"@id\":\"https:\\\/\\\/fundacionrecover.org\\\/#organization\"},\"potentialAction\":[{\"@type\":\"SearchAction\",\"target\":{\"@type\":\"EntryPoint\",\"urlTemplate\":\"https:\\\/\\\/fundacionrecover.org\\\/?s={search_term_string}\"},\"query-input\":{\"@type\":\"PropertyValueSpecification\",\"valueRequired\":true,\"valueName\":\"search_term_string\"}}],\"inLanguage\":\"en-GB\"},{\"@type\":\"Organization\",\"@id\":\"https:\\\/\\\/fundacionrecover.org\\\/#organization\",\"name\":\"Fundaci\u00f3n Recover, Hospitales para \u00c1frica\",\"alternateName\":\"Fundaci\u00f3n Recover\",\"url\":\"https:\\\/\\\/fundacionrecover.org\\\/\",\"logo\":{\"@type\":\"ImageObject\",\"inLanguage\":\"en-GB\",\"@id\":\"https:\\\/\\\/fundacionrecover.org\\\/#\\\/schema\\\/logo\\\/image\\\/\",\"url\":\"https:\\\/\\\/fundacionrecover.org\\\/wp-content\\\/uploads\\\/2024\\\/03\\\/FundacionRecoverHospitalesParaAfrica_logo_blanco_cut.png\",\"contentUrl\":\"https:\\\/\\\/fundacionrecover.org\\\/wp-content\\\/uploads\\\/2024\\\/03\\\/FundacionRecoverHospitalesParaAfrica_logo_blanco_cut.png\",\"width\":335,\"height\":183,\"caption\":\"Fundaci\u00f3n Recover, Hospitales para \u00c1frica\"},\"image\":{\"@id\":\"https:\\\/\\\/fundacionrecover.org\\\/#\\\/schema\\\/logo\\\/image\\\/\"},\"sameAs\":[\"https:\\\/\\\/www.facebook.com\\\/fundacionrecover\\\/\",\"https:\\\/\\\/www.instagram.com\\\/fundacionrecover\\\/\",\"https:\\\/\\\/www.linkedin.com\\\/company\\\/fundaci\u00f3n-recover-hospitales-para-\u00e1frica\\\/\",\"https:\\\/\\\/www.tiktok.com\\\/@fundacionrecover\"]},{\"@type\":\"Person\",\"@id\":\"https:\\\/\\\/fundacionrecover.org\\\/#\\\/schema\\\/person\\\/dd196faabb13b5c6e72c88bc6f7c6fb6\",\"name\":\"Recover\",\"sameAs\":[\"https:\\\/\\\/fundacionrecover.org\"]}]}<\/script>\n<!-- \/ Yoast SEO plugin. -->","yoast_head_json":{"title":"Recover Foundation, from the heart to the work - Fundaci\u00f3n Recover Hospitales para \u00c1frica","robots":{"index":"index","follow":"follow","max-snippet":"max-snippet:-1","max-image-preview":"max-image-preview:large","max-video-preview":"max-video-preview:-1"},"canonical":"https:\/\/fundacionrecover.org\/en\/fundacion-recover-del-corazon-to-health-campaign-work\/","og_locale":"en_GB","og_type":"article","og_title":"Fundaci\u00f3n Recover, del coraz\u00f3n a la labor - Fundaci\u00f3n Recover Hospitales para \u00c1frica","og_description":"Esta fundaci\u00f3n organiz\u00f3 una campa\u00f1a de cirug\u00edas gratuitas en la localidad de Batcham del 10 al 15 de febrero para ayudar a las poblaciones m\u00e1s vulnerables - Escrito por Jean Julien Ebeleba Alima","og_url":"https:\/\/fundacionrecover.org\/en\/fundacion-recover-del-corazon-to-health-campaign-work\/","og_site_name":"Fundaci\u00f3n Recover Hospitales para \u00c1frica","article_publisher":"https:\/\/www.facebook.com\/fundacionrecover\/","article_published_time":"2025-03-21T13:06:52+00:00","article_modified_time":"2025-04-22T20:29:00+00:00","og_image":[{"width":810,"height":1080,"url":"https:\/\/fundacionrecover.org\/wp-content\/uploads\/2025\/03\/WhatsApp-Image-2025-03-05-at-12.46.08.jpeg","type":"image\/jpeg"}],"author":"Recover","twitter_card":"summary_large_image","twitter_misc":{"Written by":"Recover","Estimated reading time":"4 minutes"},"schema":{"@context":"https:\/\/schema.org","@graph":[{"@type":"Article","@id":"https:\/\/fundacionrecover.org\/fundacion-recover-del-corazon-a-la-labor-campana-de-salud\/#article","isPartOf":{"@id":"https:\/\/fundacionrecover.org\/fundacion-recover-del-corazon-a-la-labor-campana-de-salud\/"},"author":{"name":"Recover","@id":"https:\/\/fundacionrecover.org\/#\/schema\/person\/dd196faabb13b5c6e72c88bc6f7c6fb6"},"headline":"Fundaci\u00f3n Recover, del coraz\u00f3n a la labor","datePublished":"2025-03-21T13:06:52+00:00","dateModified":"2025-04-22T20:29:00+00:00","mainEntityOfPage":{"@id":"https:\/\/fundacionrecover.org\/fundacion-recover-del-corazon-a-la-labor-campana-de-salud\/"},"wordCount":674,"publisher":{"@id":"https:\/\/fundacionrecover.org\/#organization"},"image":{"@id":"https:\/\/fundacionrecover.org\/fundacion-recover-del-corazon-a-la-labor-campana-de-salud\/#primaryimage"},"thumbnailUrl":"https:\/\/fundacionrecover.org\/wp-content\/uploads\/2025\/03\/WhatsApp-Image-2025-03-05-at-12.46.08.jpeg","articleSection":["Voluntariado"],"inLanguage":"en-GB"},{"@type":"WebPage","@id":"https:\/\/fundacionrecover.org\/fundacion-recover-del-corazon-a-la-labor-campana-de-salud\/","url":"https:\/\/fundacionrecover.org\/fundacion-recover-del-corazon-a-la-labor-campana-de-salud\/","name":"Recover Foundation, from the heart to the work - Fundaci\u00f3n Recover Hospitales para \u00c1frica","isPartOf":{"@id":"https:\/\/fundacionrecover.org\/#website"},"primaryImageOfPage":{"@id":"https:\/\/fundacionrecover.org\/fundacion-recover-del-corazon-a-la-labor-campana-de-salud\/#primaryimage"},"image":{"@id":"https:\/\/fundacionrecover.org\/fundacion-recover-del-corazon-a-la-labor-campana-de-salud\/#primaryimage"},"thumbnailUrl":"https:\/\/fundacionrecover.org\/wp-content\/uploads\/2025\/03\/WhatsApp-Image-2025-03-05-at-12.46.08.jpeg","datePublished":"2025-03-21T13:06:52+00:00","dateModified":"2025-04-22T20:29:00+00:00","breadcrumb":{"@id":"https:\/\/fundacionrecover.org\/fundacion-recover-del-corazon-a-la-labor-campana-de-salud\/#breadcrumb"},"inLanguage":"en-GB","potentialAction":[{"@type":"ReadAction","target":["https:\/\/fundacionrecover.org\/fundacion-recover-del-corazon-a-la-labor-campana-de-salud\/"]}]},{"@type":"ImageObject","inLanguage":"en-GB","@id":"https:\/\/fundacionrecover.org\/fundacion-recover-del-corazon-a-la-labor-campana-de-salud\/#primaryimage","url":"https:\/\/fundacionrecover.org\/wp-content\/uploads\/2025\/03\/WhatsApp-Image-2025-03-05-at-12.46.08.jpeg","contentUrl":"https:\/\/fundacionrecover.org\/wp-content\/uploads\/2025\/03\/WhatsApp-Image-2025-03-05-at-12.46.08.jpeg","width":810,"height":1080,"caption":"De izquierda a derecha: Marta Navarro, Dr. Dar\u00edo Carvajal, Emilie Ngono, Dr. Luis Boccalatte, Dr. Anna Curell y Meritxell Riba"},{"@type":"BreadcrumbList","@id":"https:\/\/fundacionrecover.org\/fundacion-recover-del-corazon-a-la-labor-campana-de-salud\/#breadcrumb","itemListElement":[{"@type":"ListItem","position":1,"name":"Home","item":"https:\/\/fundacionrecover.org\/"},{"@type":"ListItem","position":2,"name":"Voluntariado","item":"https:\/\/fundacionrecover.org\/category\/voluntariado\/"},{"@type":"ListItem","position":3,"name":"Fundaci\u00f3n Recover, del coraz\u00f3n a la labor"}]},{"@type":"WebSite","@id":"https:\/\/fundacionrecover.org\/#website","url":"https:\/\/fundacionrecover.org\/","name":"Recover Foundation, Hospitals for Africa","description":"Recover Foundation","publisher":{"@id":"https:\/\/fundacionrecover.org\/#organization"},"potentialAction":[{"@type":"SearchAction","target":{"@type":"EntryPoint","urlTemplate":"https:\/\/fundacionrecover.org\/?s={search_term_string}"},"query-input":{"@type":"PropertyValueSpecification","valueRequired":true,"valueName":"search_term_string"}}],"inLanguage":"en-GB"},{"@type":"Organization","@id":"https:\/\/fundacionrecover.org\/#organization","name":"Recover Foundation, Hospitals for Africa","alternateName":"Fundaci\u00f3n Recover","url":"https:\/\/fundacionrecover.org\/","logo":{"@type":"ImageObject","inLanguage":"en-GB","@id":"https:\/\/fundacionrecover.org\/#\/schema\/logo\/image\/","url":"https:\/\/fundacionrecover.org\/wp-content\/uploads\/2024\/03\/FundacionRecoverHospitalesParaAfrica_logo_blanco_cut.png","contentUrl":"https:\/\/fundacionrecover.org\/wp-content\/uploads\/2024\/03\/FundacionRecoverHospitalesParaAfrica_logo_blanco_cut.png","width":335,"height":183,"caption":"Fundaci\u00f3n Recover, Hospitales para \u00c1frica"},"image":{"@id":"https:\/\/fundacionrecover.org\/#\/schema\/logo\/image\/"},"sameAs":["https:\/\/www.facebook.com\/fundacionrecover\/","https:\/\/www.instagram.com\/fundacionrecover\/","https:\/\/www.linkedin.com\/company\/fundaci\u00f3n-recover-hospitales-para-\u00e1frica\/","https:\/\/www.tiktok.com\/@fundacionrecover"]},{"@type":"Person","@id":"https:\/\/fundacionrecover.org\/#\/schema\/person\/dd196faabb13b5c6e72c88bc6f7c6fb6","name":"Recover","sameAs":["https:\/\/fundacionrecover.org"]}]}},"_links":{"self":[{"href":"https:\/\/fundacionrecover.org\/en\/wp-json\/wp\/v2\/posts\/9308","targetHints":{"allow":["GET"]}}],"collection":[{"href":"https:\/\/fundacionrecover.org\/en\/wp-json\/wp\/v2\/posts"}],"about":[{"href":"https:\/\/fundacionrecover.org\/en\/wp-json\/wp\/v2\/types\/post"}],"author":[{"embeddable":true,"href":"https:\/\/fundacionrecover.org\/en\/wp-json\/wp\/v2\/users\/1"}],"replies":[{"embeddable":true,"href":"https:\/\/fundacionrecover.org\/en\/wp-json\/wp\/v2\/comments?post=9308"}],"version-history":[{"count":0,"href":"https:\/\/fundacionrecover.org\/en\/wp-json\/wp\/v2\/posts\/9308\/revisions"}],"wp:featuredmedia":[{"embeddable":true,"href":"https:\/\/fundacionrecover.org\/en\/wp-json\/wp\/v2\/media\/9310"}],"wp:attachment":[{"href":"https:\/\/fundacionrecover.org\/en\/wp-json\/wp\/v2\/media?parent=9308"}],"wp:term":[{"taxonomy":"category","embeddable":true,"href":"https:\/\/fundacionrecover.org\/en\/wp-json\/wp\/v2\/categories?post=9308"},{"taxonomy":"post_tag","embeddable":true,"href":"https:\/\/fundacionrecover.org\/en\/wp-json\/wp\/v2\/tags?post=9308"}],"curies":[{"name":"wp","href":"https:\/\/api.w.org\/{rel}","templated":true}]}}