{"id":9466,"date":"2025-04-22T18:17:20","date_gmt":"2025-04-22T16:17:20","guid":{"rendered":"https:\/\/fundacionrecover.org\/?p=9466"},"modified":"2025-05-05T18:24:49","modified_gmt":"2025-05-05T16:24:49","slug":"aspe-and-the-recover-foundation-reinforce-their-partnership-to-reduce-child-malnutrition-in-benin-through-the-innovative-nutri-m-project","status":"publish","type":"post","link":"https:\/\/fundacionrecover.org\/en\/aspe-y-fundacion-recover-refuerzan-su-colaboracion-para-reducir-la-desnutricion-infantil-en-benin-a-traves-del-innovador-proyecto-nutri-m\/","title":{"rendered":"ASPE and Recover Foundation strengthen their collaboration to reduce child malnutrition in Benin through the innovative project NUTRI-m"},"content":{"rendered":"<p>The <strong>Spanish Private Healthcare Alliance (ASPE)<\/strong> and the Recover Foundation have renewed their collaboration agreement to give continuity to the <strong><a href=\"https:\/\/fundacionrecover.org\/en\/what-we-do\/#campanas\"><mark style=\"background-color:rgba(0, 0, 0, 0)\" class=\"has-inline-color has-luminous-vivid-orange-color\">NUTRI-m project<\/mark><\/a> <\/strong>in Benin, a pioneering initiative to tackle child malnutrition in sub-Saharan Africa. This second phase of collaboration consolidates the commitment of both entities to the universal right to health and decent medical care in particularly vulnerable regions.<br>In 2024, the Recover Foundation was able to care for 440 children aged between 6 and 59 months thanks to an initial donation of \u20ac7,000 from ASPE. By 2025, the private health employers' association will provide \u20ac4,000, a contribution that will enable nutritional monitoring and support to be provided to 143 children at risk of malnutrition in the Kpakpam\u00e8 region in the south of the country.<\/p>\n\n\n\n<div class=\"wp-block-buttons is-layout-flex wp-block-buttons-is-layout-flex\">\n<div class=\"wp-block-button\"><a class=\"wp-block-button__link has-white-color has-luminous-vivid-orange-background-color has-text-color has-background has-link-color has-small-font-size has-custom-font-size wp-element-button\" href=\"https:\/\/fundacionrecover.org\/wp-content\/uploads\/2025\/05\/ASPE-y-Fundacion-Recover-refuerzan-su-colaboracion-para-reducir-la-desnutricion-infantil-en-Benin-a-traves-del-innovador-proyect.pdf\" style=\"border-style:none;border-width:0px;border-radius:0px\" target=\"_blank\" rel=\"noreferrer noopener nofollow\">Download the full article here<\/a><\/div>\n<\/div>","protected":false},"excerpt":{"rendered":"<p>La Alianza de la Sanidad Privada Espa\u00f1ola (ASPE) y Fundaci\u00f3n Recover han renovado su acuerdo de colaboraci\u00f3n para dar continuidad al proyecto NUTRI-m en Ben\u00edn una iniciativa pionera para abordar la desnutrici\u00f3n infantil que se desarrolla en el \u00c1frica subsahariana. Esta segunda fase de colaboraci\u00f3n consolida el compromiso de ambas entidades con el derecho universal [&hellip;]<\/p>\n","protected":false},"author":1,"featured_media":0,"comment_status":"closed","ping_status":"closed","sticky":false,"template":"","format":"standard","meta":{"give_campaign_id":0,"footnotes":""},"categories":[75],"tags":[],"class_list":["post-9466","post","type-post","status-publish","format-standard","hentry","category-notas-prensa"],"yoast_head":"<!-- This site is optimized with the Yoast SEO plugin v27.4 - https:\/\/yoast.com\/product\/yoast-seo-wordpress\/ -->\n<title>ASPE y Fundaci\u00f3n Recover refuerzan su colaboraci\u00f3n para reducir la desnutrici\u00f3n infantil en Ben\u00edn a trav\u00e9s del innovador proyecto NUTRI-m - Fundaci\u00f3n Recover Hospitales para \u00c1frica<\/title>\n<meta name=\"robots\" content=\"index, follow, max-snippet:-1, max-image-preview:large, max-video-preview:-1\" \/>\n<link rel=\"canonical\" href=\"https:\/\/fundacionrecover.org\/en\/aspe-and-the-recover-foundation-reinforce-their-partnership-to-reduce-child-malnutrition-in-benin-through-the-innovative-nutri-m-project\/\" \/>\n<meta property=\"og:locale\" content=\"en_GB\" \/>\n<meta property=\"og:type\" content=\"article\" \/>\n<meta property=\"og:title\" content=\"ASPE y Fundaci\u00f3n Recover refuerzan su colaboraci\u00f3n para reducir la desnutrici\u00f3n infantil en Ben\u00edn a trav\u00e9s del innovador proyecto NUTRI-m - Fundaci\u00f3n Recover Hospitales para \u00c1frica\" \/>\n<meta property=\"og:description\" content=\"La Alianza de la Sanidad Privada Espa\u00f1ola (ASPE) y Fundaci\u00f3n Recover han renovado su acuerdo de colaboraci\u00f3n para dar continuidad al proyecto NUTRI-m en Ben\u00edn una iniciativa pionera para abordar la desnutrici\u00f3n infantil que se desarrolla en el \u00c1frica subsahariana. Esta segunda fase de colaboraci\u00f3n consolida el compromiso de ambas entidades con el derecho universal [&hellip;]\" \/>\n<meta property=\"og:url\" content=\"https:\/\/fundacionrecover.org\/en\/aspe-and-the-recover-foundation-reinforce-their-partnership-to-reduce-child-malnutrition-in-benin-through-the-innovative-nutri-m-project\/\" \/>\n<meta property=\"og:site_name\" content=\"Fundaci\u00f3n Recover Hospitales para \u00c1frica\" \/>\n<meta property=\"article:publisher\" content=\"https:\/\/www.facebook.com\/fundacionrecover\/\" \/>\n<meta property=\"article:published_time\" content=\"2025-04-22T16:17:20+00:00\" \/>\n<meta property=\"article:modified_time\" content=\"2025-05-05T16:24:49+00:00\" \/>\n<meta property=\"og:image\" content=\"https:\/\/fundacionrecover.org\/wp-content\/uploads\/2024\/05\/Logotipo_FundacionRecover_FondoVerde_ESP.png\" \/>\n\t<meta property=\"og:image:width\" content=\"334\" \/>\n\t<meta property=\"og:image:height\" content=\"272\" \/>\n\t<meta property=\"og:image:type\" content=\"image\/png\" \/>\n<meta name=\"author\" content=\"Recover\" \/>\n<meta name=\"twitter:card\" content=\"summary_large_image\" \/>\n<meta name=\"twitter:label1\" content=\"Written by\" \/>\n\t<meta name=\"twitter:data1\" content=\"Recover\" \/>\n\t<meta name=\"twitter:label2\" content=\"Estimated reading time\" \/>\n\t<meta name=\"twitter:data2\" content=\"1 minute\" \/>\n<script type=\"application\/ld+json\" class=\"yoast-schema-graph\">{\"@context\":\"https:\\\/\\\/schema.org\",\"@graph\":[{\"@type\":\"Article\",\"@id\":\"https:\\\/\\\/fundacionrecover.org\\\/aspe-y-fundacion-recover-refuerzan-su-colaboracion-para-reducir-la-desnutricion-infantil-en-benin-a-traves-del-innovador-proyecto-nutri-m\\\/#article\",\"isPartOf\":{\"@id\":\"https:\\\/\\\/fundacionrecover.org\\\/aspe-y-fundacion-recover-refuerzan-su-colaboracion-para-reducir-la-desnutricion-infantil-en-benin-a-traves-del-innovador-proyecto-nutri-m\\\/\"},\"author\":{\"name\":\"Recover\",\"@id\":\"https:\\\/\\\/fundacionrecover.org\\\/#\\\/schema\\\/person\\\/dd196faabb13b5c6e72c88bc6f7c6fb6\"},\"headline\":\"ASPE y Fundaci\u00f3n Recover refuerzan su colaboraci\u00f3n para reducir la desnutrici\u00f3n infantil en Ben\u00edn a trav\u00e9s del innovador proyecto NUTRI-m\",\"datePublished\":\"2025-04-22T16:17:20+00:00\",\"dateModified\":\"2025-05-05T16:24:49+00:00\",\"mainEntityOfPage\":{\"@id\":\"https:\\\/\\\/fundacionrecover.org\\\/aspe-y-fundacion-recover-refuerzan-su-colaboracion-para-reducir-la-desnutricion-infantil-en-benin-a-traves-del-innovador-proyecto-nutri-m\\\/\"},\"wordCount\":168,\"publisher\":{\"@id\":\"https:\\\/\\\/fundacionrecover.org\\\/#organization\"},\"articleSection\":[\"Notas de prensa\"],\"inLanguage\":\"en-GB\"},{\"@type\":\"WebPage\",\"@id\":\"https:\\\/\\\/fundacionrecover.org\\\/aspe-y-fundacion-recover-refuerzan-su-colaboracion-para-reducir-la-desnutricion-infantil-en-benin-a-traves-del-innovador-proyecto-nutri-m\\\/\",\"url\":\"https:\\\/\\\/fundacionrecover.org\\\/aspe-y-fundacion-recover-refuerzan-su-colaboracion-para-reducir-la-desnutricion-infantil-en-benin-a-traves-del-innovador-proyecto-nutri-m\\\/\",\"name\":\"ASPE y Fundaci\u00f3n Recover refuerzan su colaboraci\u00f3n para reducir la desnutrici\u00f3n infantil en Ben\u00edn a trav\u00e9s del innovador proyecto NUTRI-m - Fundaci\u00f3n Recover Hospitales para \u00c1frica\",\"isPartOf\":{\"@id\":\"https:\\\/\\\/fundacionrecover.org\\\/#website\"},\"datePublished\":\"2025-04-22T16:17:20+00:00\",\"dateModified\":\"2025-05-05T16:24:49+00:00\",\"breadcrumb\":{\"@id\":\"https:\\\/\\\/fundacionrecover.org\\\/aspe-y-fundacion-recover-refuerzan-su-colaboracion-para-reducir-la-desnutricion-infantil-en-benin-a-traves-del-innovador-proyecto-nutri-m\\\/#breadcrumb\"},\"inLanguage\":\"en-GB\",\"potentialAction\":[{\"@type\":\"ReadAction\",\"target\":[\"https:\\\/\\\/fundacionrecover.org\\\/aspe-y-fundacion-recover-refuerzan-su-colaboracion-para-reducir-la-desnutricion-infantil-en-benin-a-traves-del-innovador-proyecto-nutri-m\\\/\"]}]},{\"@type\":\"BreadcrumbList\",\"@id\":\"https:\\\/\\\/fundacionrecover.org\\\/aspe-y-fundacion-recover-refuerzan-su-colaboracion-para-reducir-la-desnutricion-infantil-en-benin-a-traves-del-innovador-proyecto-nutri-m\\\/#breadcrumb\",\"itemListElement\":[{\"@type\":\"ListItem\",\"position\":1,\"name\":\"Home\",\"item\":\"https:\\\/\\\/fundacionrecover.org\\\/\"},{\"@type\":\"ListItem\",\"position\":2,\"name\":\"Notas de prensa\",\"item\":\"https:\\\/\\\/fundacionrecover.org\\\/category\\\/notas-prensa\\\/\"},{\"@type\":\"ListItem\",\"position\":3,\"name\":\"ASPE y Fundaci\u00f3n Recover refuerzan su colaboraci\u00f3n para reducir la desnutrici\u00f3n infantil en Ben\u00edn a trav\u00e9s del innovador proyecto NUTRI-m\"}]},{\"@type\":\"WebSite\",\"@id\":\"https:\\\/\\\/fundacionrecover.org\\\/#website\",\"url\":\"https:\\\/\\\/fundacionrecover.org\\\/\",\"name\":\"Fundaci\u00f3n Recover Hospitales para \u00c1frica\",\"description\":\"Fundaci\u00f3n Recover\",\"publisher\":{\"@id\":\"https:\\\/\\\/fundacionrecover.org\\\/#organization\"},\"potentialAction\":[{\"@type\":\"SearchAction\",\"target\":{\"@type\":\"EntryPoint\",\"urlTemplate\":\"https:\\\/\\\/fundacionrecover.org\\\/?s={search_term_string}\"},\"query-input\":{\"@type\":\"PropertyValueSpecification\",\"valueRequired\":true,\"valueName\":\"search_term_string\"}}],\"inLanguage\":\"en-GB\"},{\"@type\":\"Organization\",\"@id\":\"https:\\\/\\\/fundacionrecover.org\\\/#organization\",\"name\":\"Fundaci\u00f3n Recover, Hospitales para \u00c1frica\",\"alternateName\":\"Fundaci\u00f3n Recover\",\"url\":\"https:\\\/\\\/fundacionrecover.org\\\/\",\"logo\":{\"@type\":\"ImageObject\",\"inLanguage\":\"en-GB\",\"@id\":\"https:\\\/\\\/fundacionrecover.org\\\/#\\\/schema\\\/logo\\\/image\\\/\",\"url\":\"https:\\\/\\\/fundacionrecover.org\\\/wp-content\\\/uploads\\\/2024\\\/03\\\/FundacionRecoverHospitalesParaAfrica_logo_blanco_cut.png\",\"contentUrl\":\"https:\\\/\\\/fundacionrecover.org\\\/wp-content\\\/uploads\\\/2024\\\/03\\\/FundacionRecoverHospitalesParaAfrica_logo_blanco_cut.png\",\"width\":335,\"height\":183,\"caption\":\"Fundaci\u00f3n Recover, Hospitales para \u00c1frica\"},\"image\":{\"@id\":\"https:\\\/\\\/fundacionrecover.org\\\/#\\\/schema\\\/logo\\\/image\\\/\"},\"sameAs\":[\"https:\\\/\\\/www.facebook.com\\\/fundacionrecover\\\/\",\"https:\\\/\\\/www.instagram.com\\\/fundacionrecover\\\/\",\"https:\\\/\\\/www.linkedin.com\\\/company\\\/fundaci\u00f3n-recover-hospitales-para-\u00e1frica\\\/\",\"https:\\\/\\\/www.tiktok.com\\\/@fundacionrecover\"]},{\"@type\":\"Person\",\"@id\":\"https:\\\/\\\/fundacionrecover.org\\\/#\\\/schema\\\/person\\\/dd196faabb13b5c6e72c88bc6f7c6fb6\",\"name\":\"Recover\",\"sameAs\":[\"https:\\\/\\\/fundacionrecover.org\"]}]}<\/script>\n<!-- \/ Yoast SEO plugin. -->","yoast_head_json":{"title":"ASPE and Recover Foundation reinforce their collaboration to reduce child malnutrition in Benin through the innovative project NUTRI-m - Fundaci\u00f3n Recover Hospitales para \u00c1frica","robots":{"index":"index","follow":"follow","max-snippet":"max-snippet:-1","max-image-preview":"max-image-preview:large","max-video-preview":"max-video-preview:-1"},"canonical":"https:\/\/fundacionrecover.org\/en\/aspe-and-the-recover-foundation-reinforce-their-partnership-to-reduce-child-malnutrition-in-benin-through-the-innovative-nutri-m-project\/","og_locale":"en_GB","og_type":"article","og_title":"ASPE y Fundaci\u00f3n Recover refuerzan su colaboraci\u00f3n para reducir la desnutrici\u00f3n infantil en Ben\u00edn a trav\u00e9s del innovador proyecto NUTRI-m - Fundaci\u00f3n Recover Hospitales para \u00c1frica","og_description":"La Alianza de la Sanidad Privada Espa\u00f1ola (ASPE) y Fundaci\u00f3n Recover han renovado su acuerdo de colaboraci\u00f3n para dar continuidad al proyecto NUTRI-m en Ben\u00edn una iniciativa pionera para abordar la desnutrici\u00f3n infantil que se desarrolla en el \u00c1frica subsahariana. Esta segunda fase de colaboraci\u00f3n consolida el compromiso de ambas entidades con el derecho universal [&hellip;]","og_url":"https:\/\/fundacionrecover.org\/en\/aspe-and-the-recover-foundation-reinforce-their-partnership-to-reduce-child-malnutrition-in-benin-through-the-innovative-nutri-m-project\/","og_site_name":"Fundaci\u00f3n Recover Hospitales para \u00c1frica","article_publisher":"https:\/\/www.facebook.com\/fundacionrecover\/","article_published_time":"2025-04-22T16:17:20+00:00","article_modified_time":"2025-05-05T16:24:49+00:00","og_image":[{"width":334,"height":272,"url":"https:\/\/fundacionrecover.org\/wp-content\/uploads\/2024\/05\/Logotipo_FundacionRecover_FondoVerde_ESP.png","type":"image\/png"}],"author":"Recover","twitter_card":"summary_large_image","twitter_misc":{"Written by":"Recover","Estimated reading time":"1 minute"},"schema":{"@context":"https:\/\/schema.org","@graph":[{"@type":"Article","@id":"https:\/\/fundacionrecover.org\/aspe-y-fundacion-recover-refuerzan-su-colaboracion-para-reducir-la-desnutricion-infantil-en-benin-a-traves-del-innovador-proyecto-nutri-m\/#article","isPartOf":{"@id":"https:\/\/fundacionrecover.org\/aspe-y-fundacion-recover-refuerzan-su-colaboracion-para-reducir-la-desnutricion-infantil-en-benin-a-traves-del-innovador-proyecto-nutri-m\/"},"author":{"name":"Recover","@id":"https:\/\/fundacionrecover.org\/#\/schema\/person\/dd196faabb13b5c6e72c88bc6f7c6fb6"},"headline":"ASPE y Fundaci\u00f3n Recover refuerzan su colaboraci\u00f3n para reducir la desnutrici\u00f3n infantil en Ben\u00edn a trav\u00e9s del innovador proyecto NUTRI-m","datePublished":"2025-04-22T16:17:20+00:00","dateModified":"2025-05-05T16:24:49+00:00","mainEntityOfPage":{"@id":"https:\/\/fundacionrecover.org\/aspe-y-fundacion-recover-refuerzan-su-colaboracion-para-reducir-la-desnutricion-infantil-en-benin-a-traves-del-innovador-proyecto-nutri-m\/"},"wordCount":168,"publisher":{"@id":"https:\/\/fundacionrecover.org\/#organization"},"articleSection":["Notas de prensa"],"inLanguage":"en-GB"},{"@type":"WebPage","@id":"https:\/\/fundacionrecover.org\/aspe-y-fundacion-recover-refuerzan-su-colaboracion-para-reducir-la-desnutricion-infantil-en-benin-a-traves-del-innovador-proyecto-nutri-m\/","url":"https:\/\/fundacionrecover.org\/aspe-y-fundacion-recover-refuerzan-su-colaboracion-para-reducir-la-desnutricion-infantil-en-benin-a-traves-del-innovador-proyecto-nutri-m\/","name":"ASPE and Recover Foundation reinforce their collaboration to reduce child malnutrition in Benin through the innovative project NUTRI-m - Fundaci\u00f3n Recover Hospitales para \u00c1frica","isPartOf":{"@id":"https:\/\/fundacionrecover.org\/#website"},"datePublished":"2025-04-22T16:17:20+00:00","dateModified":"2025-05-05T16:24:49+00:00","breadcrumb":{"@id":"https:\/\/fundacionrecover.org\/aspe-y-fundacion-recover-refuerzan-su-colaboracion-para-reducir-la-desnutricion-infantil-en-benin-a-traves-del-innovador-proyecto-nutri-m\/#breadcrumb"},"inLanguage":"en-GB","potentialAction":[{"@type":"ReadAction","target":["https:\/\/fundacionrecover.org\/aspe-y-fundacion-recover-refuerzan-su-colaboracion-para-reducir-la-desnutricion-infantil-en-benin-a-traves-del-innovador-proyecto-nutri-m\/"]}]},{"@type":"BreadcrumbList","@id":"https:\/\/fundacionrecover.org\/aspe-y-fundacion-recover-refuerzan-su-colaboracion-para-reducir-la-desnutricion-infantil-en-benin-a-traves-del-innovador-proyecto-nutri-m\/#breadcrumb","itemListElement":[{"@type":"ListItem","position":1,"name":"Home","item":"https:\/\/fundacionrecover.org\/"},{"@type":"ListItem","position":2,"name":"Notas de prensa","item":"https:\/\/fundacionrecover.org\/category\/notas-prensa\/"},{"@type":"ListItem","position":3,"name":"ASPE y Fundaci\u00f3n Recover refuerzan su colaboraci\u00f3n para reducir la desnutrici\u00f3n infantil en Ben\u00edn a trav\u00e9s del innovador proyecto NUTRI-m"}]},{"@type":"WebSite","@id":"https:\/\/fundacionrecover.org\/#website","url":"https:\/\/fundacionrecover.org\/","name":"Recover Foundation, Hospitals for Africa","description":"Recover Foundation","publisher":{"@id":"https:\/\/fundacionrecover.org\/#organization"},"potentialAction":[{"@type":"SearchAction","target":{"@type":"EntryPoint","urlTemplate":"https:\/\/fundacionrecover.org\/?s={search_term_string}"},"query-input":{"@type":"PropertyValueSpecification","valueRequired":true,"valueName":"search_term_string"}}],"inLanguage":"en-GB"},{"@type":"Organization","@id":"https:\/\/fundacionrecover.org\/#organization","name":"Recover Foundation, Hospitals for Africa","alternateName":"Fundaci\u00f3n Recover","url":"https:\/\/fundacionrecover.org\/","logo":{"@type":"ImageObject","inLanguage":"en-GB","@id":"https:\/\/fundacionrecover.org\/#\/schema\/logo\/image\/","url":"https:\/\/fundacionrecover.org\/wp-content\/uploads\/2024\/03\/FundacionRecoverHospitalesParaAfrica_logo_blanco_cut.png","contentUrl":"https:\/\/fundacionrecover.org\/wp-content\/uploads\/2024\/03\/FundacionRecoverHospitalesParaAfrica_logo_blanco_cut.png","width":335,"height":183,"caption":"Fundaci\u00f3n Recover, Hospitales para \u00c1frica"},"image":{"@id":"https:\/\/fundacionrecover.org\/#\/schema\/logo\/image\/"},"sameAs":["https:\/\/www.facebook.com\/fundacionrecover\/","https:\/\/www.instagram.com\/fundacionrecover\/","https:\/\/www.linkedin.com\/company\/fundaci\u00f3n-recover-hospitales-para-\u00e1frica\/","https:\/\/www.tiktok.com\/@fundacionrecover"]},{"@type":"Person","@id":"https:\/\/fundacionrecover.org\/#\/schema\/person\/dd196faabb13b5c6e72c88bc6f7c6fb6","name":"Recover","sameAs":["https:\/\/fundacionrecover.org"]}]}},"_links":{"self":[{"href":"https:\/\/fundacionrecover.org\/en\/wp-json\/wp\/v2\/posts\/9466","targetHints":{"allow":["GET"]}}],"collection":[{"href":"https:\/\/fundacionrecover.org\/en\/wp-json\/wp\/v2\/posts"}],"about":[{"href":"https:\/\/fundacionrecover.org\/en\/wp-json\/wp\/v2\/types\/post"}],"author":[{"embeddable":true,"href":"https:\/\/fundacionrecover.org\/en\/wp-json\/wp\/v2\/users\/1"}],"replies":[{"embeddable":true,"href":"https:\/\/fundacionrecover.org\/en\/wp-json\/wp\/v2\/comments?post=9466"}],"version-history":[{"count":0,"href":"https:\/\/fundacionrecover.org\/en\/wp-json\/wp\/v2\/posts\/9466\/revisions"}],"wp:attachment":[{"href":"https:\/\/fundacionrecover.org\/en\/wp-json\/wp\/v2\/media?parent=9466"}],"wp:term":[{"taxonomy":"category","embeddable":true,"href":"https:\/\/fundacionrecover.org\/en\/wp-json\/wp\/v2\/categories?post=9466"},{"taxonomy":"post_tag","embeddable":true,"href":"https:\/\/fundacionrecover.org\/en\/wp-json\/wp\/v2\/tags?post=9466"}],"curies":[{"name":"wp","href":"https:\/\/api.w.org\/{rel}","templated":true}]}}