{"id":9470,"date":"2025-04-04T18:24:56","date_gmt":"2025-04-04T16:24:56","guid":{"rendered":"https:\/\/fundacionrecover.org\/?p=9470"},"modified":"2025-05-05T18:27:58","modified_gmt":"2025-05-05T16:27:58","slug":"fundacion-recover-refuerza-su-compromiso-con-la-salud-materno-infantil-en-africa","status":"publish","type":"post","link":"https:\/\/fundacionrecover.org\/en\/fundacion-recover-refuerza-su-compromiso-con-la-salud-materno-infantil-en-africa\/","title":{"rendered":"Recover Foundation strengthens its commitment to maternal and child health in Africa"},"content":{"rendered":"<p>Within the framework of World Health Day, which is celebrated this Monday 7 April, the Recover Foundation joins the global campaign \"Healthy beginnings, hopeful futures\", which seeks to reduce avoidable deaths of mothers and newborns through prevention strategies and improved health care. To this end, the organisation continues to develop initiatives that strengthen maternal and child care in Africa, from prevention during pregnancy to improving equipment in maternity and neonatal care.<\/p>\n\n\n\n<p>One of the most prominent projects is the <strong>LIFE prenatal screening campaign<\/strong>which facilitates early detection of pregnancy complications and ensures adequate medical follow-up for pregnant women. Since its inception, it has improved prenatal care for 200 expectant mothers.<\/p>\n\n\n\n<div class=\"wp-block-buttons is-layout-flex wp-block-buttons-is-layout-flex\">\n<div class=\"wp-block-button\"><a class=\"wp-block-button__link has-white-color has-luminous-vivid-orange-background-color has-text-color has-background has-link-color has-small-font-size has-custom-font-size wp-element-button\" href=\"https:\/\/fundacionrecover.org\/wp-content\/uploads\/2025\/05\/04.04.25_Dia-Mundial-de-la-Salud.pdf\" style=\"border-radius:0px\" target=\"_blank\" rel=\"noreferrer noopener nofollow\">Download the full article here<\/a><\/div>\n<\/div>","protected":false},"excerpt":{"rendered":"<p>En el marco del D\u00eda Mundial de la Salud, que se celebra este lunes 7 de abril, Fundaci\u00f3n Recover se suma a la campa\u00f1a global \u00abComienzos saludables, futuros esperanzadores\u00bb, que busca reducir las muertes evitables de madres y reci\u00e9n nacidos mediante estrategias de prevenci\u00f3n y mejora de la atenci\u00f3n sanitaria. Con este prop\u00f3sito, la organizaci\u00f3n [&hellip;]<\/p>\n","protected":false},"author":1,"featured_media":0,"comment_status":"closed","ping_status":"closed","sticky":false,"template":"","format":"standard","meta":{"give_campaign_id":0,"footnotes":""},"categories":[75],"tags":[],"class_list":["post-9470","post","type-post","status-publish","format-standard","hentry","category-notas-prensa"],"yoast_head":"<!-- This site is optimized with the Yoast SEO plugin v27.4 - https:\/\/yoast.com\/product\/yoast-seo-wordpress\/ -->\n<title>Fundaci\u00f3n Recover refuerza su compromiso con la salud materno-infantil en \u00c1frica - Fundaci\u00f3n Recover Hospitales para \u00c1frica<\/title>\n<meta name=\"robots\" content=\"index, follow, max-snippet:-1, max-image-preview:large, max-video-preview:-1\" \/>\n<link rel=\"canonical\" href=\"https:\/\/fundacionrecover.org\/en\/fundacion-recover-refuerza-su-compromiso-con-la-salud-materno-infantil-en-africa\/\" \/>\n<meta property=\"og:locale\" content=\"en_GB\" \/>\n<meta property=\"og:type\" content=\"article\" \/>\n<meta property=\"og:title\" content=\"Fundaci\u00f3n Recover refuerza su compromiso con la salud materno-infantil en \u00c1frica - Fundaci\u00f3n Recover Hospitales para \u00c1frica\" \/>\n<meta property=\"og:description\" content=\"En el marco del D\u00eda Mundial de la Salud, que se celebra este lunes 7 de abril, Fundaci\u00f3n Recover se suma a la campa\u00f1a global \u00abComienzos saludables, futuros esperanzadores\u00bb, que busca reducir las muertes evitables de madres y reci\u00e9n nacidos mediante estrategias de prevenci\u00f3n y mejora de la atenci\u00f3n sanitaria. Con este prop\u00f3sito, la organizaci\u00f3n [&hellip;]\" \/>\n<meta property=\"og:url\" content=\"https:\/\/fundacionrecover.org\/en\/fundacion-recover-refuerza-su-compromiso-con-la-salud-materno-infantil-en-africa\/\" \/>\n<meta property=\"og:site_name\" content=\"Fundaci\u00f3n Recover Hospitales para \u00c1frica\" \/>\n<meta property=\"article:publisher\" content=\"https:\/\/www.facebook.com\/fundacionrecover\/\" \/>\n<meta property=\"article:published_time\" content=\"2025-04-04T16:24:56+00:00\" \/>\n<meta property=\"article:modified_time\" content=\"2025-05-05T16:27:58+00:00\" \/>\n<meta property=\"og:image\" content=\"https:\/\/fundacionrecover.org\/wp-content\/uploads\/2024\/05\/Logotipo_FundacionRecover_FondoVerde_ESP.png\" \/>\n\t<meta property=\"og:image:width\" content=\"334\" \/>\n\t<meta property=\"og:image:height\" content=\"272\" \/>\n\t<meta property=\"og:image:type\" content=\"image\/png\" \/>\n<meta name=\"author\" content=\"Recover\" \/>\n<meta name=\"twitter:card\" content=\"summary_large_image\" \/>\n<meta name=\"twitter:label1\" content=\"Written by\" \/>\n\t<meta name=\"twitter:data1\" content=\"Recover\" \/>\n\t<meta name=\"twitter:label2\" content=\"Estimated reading time\" \/>\n\t<meta name=\"twitter:data2\" content=\"1 minute\" \/>\n<script type=\"application\/ld+json\" class=\"yoast-schema-graph\">{\"@context\":\"https:\\\/\\\/schema.org\",\"@graph\":[{\"@type\":\"Article\",\"@id\":\"https:\\\/\\\/fundacionrecover.org\\\/fundacion-recover-refuerza-su-compromiso-con-la-salud-materno-infantil-en-africa\\\/#article\",\"isPartOf\":{\"@id\":\"https:\\\/\\\/fundacionrecover.org\\\/fundacion-recover-refuerza-su-compromiso-con-la-salud-materno-infantil-en-africa\\\/\"},\"author\":{\"name\":\"Recover\",\"@id\":\"https:\\\/\\\/fundacionrecover.org\\\/#\\\/schema\\\/person\\\/dd196faabb13b5c6e72c88bc6f7c6fb6\"},\"headline\":\"Fundaci\u00f3n Recover refuerza su compromiso con la salud materno-infantil en \u00c1frica\",\"datePublished\":\"2025-04-04T16:24:56+00:00\",\"dateModified\":\"2025-05-05T16:27:58+00:00\",\"mainEntityOfPage\":{\"@id\":\"https:\\\/\\\/fundacionrecover.org\\\/fundacion-recover-refuerza-su-compromiso-con-la-salud-materno-infantil-en-africa\\\/\"},\"wordCount\":157,\"publisher\":{\"@id\":\"https:\\\/\\\/fundacionrecover.org\\\/#organization\"},\"articleSection\":[\"Notas de prensa\"],\"inLanguage\":\"en-GB\"},{\"@type\":\"WebPage\",\"@id\":\"https:\\\/\\\/fundacionrecover.org\\\/fundacion-recover-refuerza-su-compromiso-con-la-salud-materno-infantil-en-africa\\\/\",\"url\":\"https:\\\/\\\/fundacionrecover.org\\\/fundacion-recover-refuerza-su-compromiso-con-la-salud-materno-infantil-en-africa\\\/\",\"name\":\"Fundaci\u00f3n Recover refuerza su compromiso con la salud materno-infantil en \u00c1frica - Fundaci\u00f3n Recover Hospitales para \u00c1frica\",\"isPartOf\":{\"@id\":\"https:\\\/\\\/fundacionrecover.org\\\/#website\"},\"datePublished\":\"2025-04-04T16:24:56+00:00\",\"dateModified\":\"2025-05-05T16:27:58+00:00\",\"breadcrumb\":{\"@id\":\"https:\\\/\\\/fundacionrecover.org\\\/fundacion-recover-refuerza-su-compromiso-con-la-salud-materno-infantil-en-africa\\\/#breadcrumb\"},\"inLanguage\":\"en-GB\",\"potentialAction\":[{\"@type\":\"ReadAction\",\"target\":[\"https:\\\/\\\/fundacionrecover.org\\\/fundacion-recover-refuerza-su-compromiso-con-la-salud-materno-infantil-en-africa\\\/\"]}]},{\"@type\":\"BreadcrumbList\",\"@id\":\"https:\\\/\\\/fundacionrecover.org\\\/fundacion-recover-refuerza-su-compromiso-con-la-salud-materno-infantil-en-africa\\\/#breadcrumb\",\"itemListElement\":[{\"@type\":\"ListItem\",\"position\":1,\"name\":\"Home\",\"item\":\"https:\\\/\\\/fundacionrecover.org\\\/\"},{\"@type\":\"ListItem\",\"position\":2,\"name\":\"Notas de prensa\",\"item\":\"https:\\\/\\\/fundacionrecover.org\\\/category\\\/notas-prensa\\\/\"},{\"@type\":\"ListItem\",\"position\":3,\"name\":\"Fundaci\u00f3n Recover refuerza su compromiso con la salud materno-infantil en \u00c1frica\"}]},{\"@type\":\"WebSite\",\"@id\":\"https:\\\/\\\/fundacionrecover.org\\\/#website\",\"url\":\"https:\\\/\\\/fundacionrecover.org\\\/\",\"name\":\"Fundaci\u00f3n Recover Hospitales para \u00c1frica\",\"description\":\"Fundaci\u00f3n Recover\",\"publisher\":{\"@id\":\"https:\\\/\\\/fundacionrecover.org\\\/#organization\"},\"potentialAction\":[{\"@type\":\"SearchAction\",\"target\":{\"@type\":\"EntryPoint\",\"urlTemplate\":\"https:\\\/\\\/fundacionrecover.org\\\/?s={search_term_string}\"},\"query-input\":{\"@type\":\"PropertyValueSpecification\",\"valueRequired\":true,\"valueName\":\"search_term_string\"}}],\"inLanguage\":\"en-GB\"},{\"@type\":\"Organization\",\"@id\":\"https:\\\/\\\/fundacionrecover.org\\\/#organization\",\"name\":\"Fundaci\u00f3n Recover, Hospitales para \u00c1frica\",\"alternateName\":\"Fundaci\u00f3n Recover\",\"url\":\"https:\\\/\\\/fundacionrecover.org\\\/\",\"logo\":{\"@type\":\"ImageObject\",\"inLanguage\":\"en-GB\",\"@id\":\"https:\\\/\\\/fundacionrecover.org\\\/#\\\/schema\\\/logo\\\/image\\\/\",\"url\":\"https:\\\/\\\/fundacionrecover.org\\\/wp-content\\\/uploads\\\/2024\\\/03\\\/FundacionRecoverHospitalesParaAfrica_logo_blanco_cut.png\",\"contentUrl\":\"https:\\\/\\\/fundacionrecover.org\\\/wp-content\\\/uploads\\\/2024\\\/03\\\/FundacionRecoverHospitalesParaAfrica_logo_blanco_cut.png\",\"width\":335,\"height\":183,\"caption\":\"Fundaci\u00f3n Recover, Hospitales para \u00c1frica\"},\"image\":{\"@id\":\"https:\\\/\\\/fundacionrecover.org\\\/#\\\/schema\\\/logo\\\/image\\\/\"},\"sameAs\":[\"https:\\\/\\\/www.facebook.com\\\/fundacionrecover\\\/\",\"https:\\\/\\\/www.instagram.com\\\/fundacionrecover\\\/\",\"https:\\\/\\\/www.linkedin.com\\\/company\\\/fundaci\u00f3n-recover-hospitales-para-\u00e1frica\\\/\",\"https:\\\/\\\/www.tiktok.com\\\/@fundacionrecover\"]},{\"@type\":\"Person\",\"@id\":\"https:\\\/\\\/fundacionrecover.org\\\/#\\\/schema\\\/person\\\/dd196faabb13b5c6e72c88bc6f7c6fb6\",\"name\":\"Recover\",\"sameAs\":[\"https:\\\/\\\/fundacionrecover.org\"]}]}<\/script>\n<!-- \/ Yoast SEO plugin. -->","yoast_head_json":{"title":"Fundaci\u00f3n Recover refuerza su compromiso con la salud materno-infantil en \u00c1frica - Fundaci\u00f3n Recover Hospitales para \u00c1frica","robots":{"index":"index","follow":"follow","max-snippet":"max-snippet:-1","max-image-preview":"max-image-preview:large","max-video-preview":"max-video-preview:-1"},"canonical":"https:\/\/fundacionrecover.org\/en\/fundacion-recover-refuerza-su-compromiso-con-la-salud-materno-infantil-en-africa\/","og_locale":"en_GB","og_type":"article","og_title":"Fundaci\u00f3n Recover refuerza su compromiso con la salud materno-infantil en \u00c1frica - Fundaci\u00f3n Recover Hospitales para \u00c1frica","og_description":"En el marco del D\u00eda Mundial de la Salud, que se celebra este lunes 7 de abril, Fundaci\u00f3n Recover se suma a la campa\u00f1a global \u00abComienzos saludables, futuros esperanzadores\u00bb, que busca reducir las muertes evitables de madres y reci\u00e9n nacidos mediante estrategias de prevenci\u00f3n y mejora de la atenci\u00f3n sanitaria. Con este prop\u00f3sito, la organizaci\u00f3n [&hellip;]","og_url":"https:\/\/fundacionrecover.org\/en\/fundacion-recover-refuerza-su-compromiso-con-la-salud-materno-infantil-en-africa\/","og_site_name":"Fundaci\u00f3n Recover Hospitales para \u00c1frica","article_publisher":"https:\/\/www.facebook.com\/fundacionrecover\/","article_published_time":"2025-04-04T16:24:56+00:00","article_modified_time":"2025-05-05T16:27:58+00:00","og_image":[{"width":334,"height":272,"url":"https:\/\/fundacionrecover.org\/wp-content\/uploads\/2024\/05\/Logotipo_FundacionRecover_FondoVerde_ESP.png","type":"image\/png"}],"author":"Recover","twitter_card":"summary_large_image","twitter_misc":{"Written by":"Recover","Estimated reading time":"1 minute"},"schema":{"@context":"https:\/\/schema.org","@graph":[{"@type":"Article","@id":"https:\/\/fundacionrecover.org\/fundacion-recover-refuerza-su-compromiso-con-la-salud-materno-infantil-en-africa\/#article","isPartOf":{"@id":"https:\/\/fundacionrecover.org\/fundacion-recover-refuerza-su-compromiso-con-la-salud-materno-infantil-en-africa\/"},"author":{"name":"Recover","@id":"https:\/\/fundacionrecover.org\/#\/schema\/person\/dd196faabb13b5c6e72c88bc6f7c6fb6"},"headline":"Fundaci\u00f3n Recover refuerza su compromiso con la salud materno-infantil en \u00c1frica","datePublished":"2025-04-04T16:24:56+00:00","dateModified":"2025-05-05T16:27:58+00:00","mainEntityOfPage":{"@id":"https:\/\/fundacionrecover.org\/fundacion-recover-refuerza-su-compromiso-con-la-salud-materno-infantil-en-africa\/"},"wordCount":157,"publisher":{"@id":"https:\/\/fundacionrecover.org\/#organization"},"articleSection":["Notas de prensa"],"inLanguage":"en-GB"},{"@type":"WebPage","@id":"https:\/\/fundacionrecover.org\/fundacion-recover-refuerza-su-compromiso-con-la-salud-materno-infantil-en-africa\/","url":"https:\/\/fundacionrecover.org\/fundacion-recover-refuerza-su-compromiso-con-la-salud-materno-infantil-en-africa\/","name":"Fundaci\u00f3n Recover refuerza su compromiso con la salud materno-infantil en \u00c1frica - Fundaci\u00f3n Recover Hospitales para \u00c1frica","isPartOf":{"@id":"https:\/\/fundacionrecover.org\/#website"},"datePublished":"2025-04-04T16:24:56+00:00","dateModified":"2025-05-05T16:27:58+00:00","breadcrumb":{"@id":"https:\/\/fundacionrecover.org\/fundacion-recover-refuerza-su-compromiso-con-la-salud-materno-infantil-en-africa\/#breadcrumb"},"inLanguage":"en-GB","potentialAction":[{"@type":"ReadAction","target":["https:\/\/fundacionrecover.org\/fundacion-recover-refuerza-su-compromiso-con-la-salud-materno-infantil-en-africa\/"]}]},{"@type":"BreadcrumbList","@id":"https:\/\/fundacionrecover.org\/fundacion-recover-refuerza-su-compromiso-con-la-salud-materno-infantil-en-africa\/#breadcrumb","itemListElement":[{"@type":"ListItem","position":1,"name":"Home","item":"https:\/\/fundacionrecover.org\/"},{"@type":"ListItem","position":2,"name":"Notas de prensa","item":"https:\/\/fundacionrecover.org\/category\/notas-prensa\/"},{"@type":"ListItem","position":3,"name":"Fundaci\u00f3n Recover refuerza su compromiso con la salud materno-infantil en \u00c1frica"}]},{"@type":"WebSite","@id":"https:\/\/fundacionrecover.org\/#website","url":"https:\/\/fundacionrecover.org\/","name":"Recover Foundation, Hospitals for Africa","description":"Recover Foundation","publisher":{"@id":"https:\/\/fundacionrecover.org\/#organization"},"potentialAction":[{"@type":"SearchAction","target":{"@type":"EntryPoint","urlTemplate":"https:\/\/fundacionrecover.org\/?s={search_term_string}"},"query-input":{"@type":"PropertyValueSpecification","valueRequired":true,"valueName":"search_term_string"}}],"inLanguage":"en-GB"},{"@type":"Organization","@id":"https:\/\/fundacionrecover.org\/#organization","name":"Recover Foundation, Hospitals for Africa","alternateName":"Fundaci\u00f3n Recover","url":"https:\/\/fundacionrecover.org\/","logo":{"@type":"ImageObject","inLanguage":"en-GB","@id":"https:\/\/fundacionrecover.org\/#\/schema\/logo\/image\/","url":"https:\/\/fundacionrecover.org\/wp-content\/uploads\/2024\/03\/FundacionRecoverHospitalesParaAfrica_logo_blanco_cut.png","contentUrl":"https:\/\/fundacionrecover.org\/wp-content\/uploads\/2024\/03\/FundacionRecoverHospitalesParaAfrica_logo_blanco_cut.png","width":335,"height":183,"caption":"Fundaci\u00f3n Recover, Hospitales para \u00c1frica"},"image":{"@id":"https:\/\/fundacionrecover.org\/#\/schema\/logo\/image\/"},"sameAs":["https:\/\/www.facebook.com\/fundacionrecover\/","https:\/\/www.instagram.com\/fundacionrecover\/","https:\/\/www.linkedin.com\/company\/fundaci\u00f3n-recover-hospitales-para-\u00e1frica\/","https:\/\/www.tiktok.com\/@fundacionrecover"]},{"@type":"Person","@id":"https:\/\/fundacionrecover.org\/#\/schema\/person\/dd196faabb13b5c6e72c88bc6f7c6fb6","name":"Recover","sameAs":["https:\/\/fundacionrecover.org"]}]}},"_links":{"self":[{"href":"https:\/\/fundacionrecover.org\/en\/wp-json\/wp\/v2\/posts\/9470","targetHints":{"allow":["GET"]}}],"collection":[{"href":"https:\/\/fundacionrecover.org\/en\/wp-json\/wp\/v2\/posts"}],"about":[{"href":"https:\/\/fundacionrecover.org\/en\/wp-json\/wp\/v2\/types\/post"}],"author":[{"embeddable":true,"href":"https:\/\/fundacionrecover.org\/en\/wp-json\/wp\/v2\/users\/1"}],"replies":[{"embeddable":true,"href":"https:\/\/fundacionrecover.org\/en\/wp-json\/wp\/v2\/comments?post=9470"}],"version-history":[{"count":0,"href":"https:\/\/fundacionrecover.org\/en\/wp-json\/wp\/v2\/posts\/9470\/revisions"}],"wp:attachment":[{"href":"https:\/\/fundacionrecover.org\/en\/wp-json\/wp\/v2\/media?parent=9470"}],"wp:term":[{"taxonomy":"category","embeddable":true,"href":"https:\/\/fundacionrecover.org\/en\/wp-json\/wp\/v2\/categories?post=9470"},{"taxonomy":"post_tag","embeddable":true,"href":"https:\/\/fundacionrecover.org\/en\/wp-json\/wp\/v2\/tags?post=9470"}],"curies":[{"name":"wp","href":"https:\/\/api.w.org\/{rel}","templated":true}]}}