{"id":9537,"date":"2025-05-25T23:08:14","date_gmt":"2025-05-25T21:08:14","guid":{"rendered":"https:\/\/fundacionrecover.org\/?p=9537"},"modified":"2025-05-30T11:31:21","modified_gmt":"2025-05-30T09:31:21","slug":"recover-foundation-present-in-the-media-on-the-occasion-of-africa-day","status":"publish","type":"post","link":"https:\/\/fundacionrecover.org\/en\/fundacion-recover-presente-en-los-medios-con-motivo-del-dia-de-africa\/","title":{"rendered":"Recover Foundation, present in the media on the occasion of Africa Day"},"content":{"rendered":"<p>On the occasion of Africa Day, which is celebrated every 25 May, the Recover Foundation has had a prominent presence in various media, highlighting its work in health cooperation and the impact of its programmes on the African continent.<\/p>\n\n\n\n<p>Among others, our director, Marta Mara\u00f1\u00f3n, has been interviewed on the programme <em>Good morning, Madrid<\/em> on Onda Madrid, where he spoke with Ely del Valle about the challenges and achievements of bringing quality healthcare to areas with limited resources. He also shared this vision in an interview published on <em>Co-responsible<\/em>in which he discussed Recover's collaboration model and its commitment to sustainability.<\/p>\n\n\n\n<p>In addition, the environment <em>Social Press<\/em> has dedicated a report to the programme <em>Patients<\/em>The newspaper, highlighting how it has changed the lives of almost 200 people. For its part, the daily <em>ABC<\/em> echoed the work of the Recover Foundation in an article that highlights the work we have been doing for more than 18 years.<\/p>\n\n\n\n<p>As part of this visibility campaign, during the month of May we also displayed informative posters in the network of newsstands in Madrid, inviting citizens to learn more about <a href=\"https:\/\/fundacionrecover.org\/en\/how-we-work\/\"><mark style=\"background-color:rgba(0, 0, 0, 0)\" class=\"has-inline-color has-luminous-vivid-orange-color\">OUR WORK <\/mark><\/a>and to <a href=\"https:\/\/fundacionrecover.org\/en\/collaborate\/\"><mark style=\"background-color:rgba(0, 0, 0, 0)\" class=\"has-inline-color has-luminous-vivid-orange-color\">join the commitment to health care in Africa<\/mark><\/a><mark style=\"background-color:rgba(0, 0, 0, 0)\" class=\"has-inline-color has-luminous-vivid-orange-color\">.<\/mark><\/p>\n\n\n\n<p><\/p>\n\n\n\n<ul class=\"wp-block-list\">\n<li>Interview with the director of Fundaci\u00f3n Recover on Onda Madrid \ud83c\udfa7: <a href=\"https:\/\/drive.google.com\/file\/d\/1paOAn-3slAfKrp5xCzUevFtwGLJrn58-\/view?usp=sharing\" target=\"_blank\" rel=\"noreferrer noopener nofollow\"><mark style=\"background-color:rgba(0, 0, 0, 0)\" class=\"has-inline-color has-luminous-vivid-orange-color\">https:\/\/drive.google.com\/file\/d\/1paOAn-3slAfKrp5xCzUevFtwGLJrn58-\/view?usp=sharing<\/mark><\/a><\/li>\n\n\n\n<li>Interview with the director in Corresponsables\ud83d\udcda: <a href=\"https:\/\/www.corresponsables.com\/entrevistas\/marta-maranon-dia-de-africa-recover\/\" target=\"_blank\" rel=\"noreferrer noopener nofollow\"><mark style=\"background-color:rgba(0, 0, 0, 0)\" class=\"has-inline-color has-luminous-vivid-orange-color\">https:\/\/www.corresponsables.com\/entrevistas\/marta-maranon-dia-de-africa-recover\/<\/mark><\/a><\/li>\n\n\n\n<li>Patients in Social Media Programme \ud83d\udcf0: <a href=\"https:\/\/prensasocial.es\/esperanza-que-cruza-fronteras-el-programa-pacientes-de-fundacion-recover\/\" target=\"_blank\" rel=\"noreferrer noopener nofollow\"><mark style=\"background-color:rgba(0, 0, 0, 0)\" class=\"has-inline-color has-luminous-vivid-orange-color\">https:\/\/prensasocial.es\/esperanza-que-cruza-fronteras-el-programa-pacientes-de-fundacion-recover\/<\/mark><\/a><\/li>\n\n\n\n<li>Interview with the director and Conchi, volunteer of the Pacientes programme, on Radio Albacete \ud83c\udfa7: <a href=\"https:\/\/www.youtube.com\/watch?v=PC5PqJVt9Sw\" target=\"_blank\" rel=\"noreferrer noopener nofollow\"><mark style=\"background-color:rgba(0, 0, 0, 0)\" class=\"has-inline-color has-luminous-vivid-orange-color\">https:\/\/www.youtube.com\/watch?v=PC5PqJVt9Sw<\/mark><\/a><\/li>\n\n\n\n<li>Report in ABC \ud83d\udcf0: <a href=\"https:\/\/www.abc.es\/contentfactory\/post\/2025\/05\/14\/salud-para-africa-el-compromiso-de-fundacion-recover-por-una-atencion-sanitaria-digna-y-de-calidad\/\" target=\"_blank\" rel=\"noreferrer noopener nofollow\"><mark style=\"background-color:rgba(0, 0, 0, 0)\" class=\"has-inline-color has-luminous-vivid-orange-color\">https:\/\/www.abc.es\/contentfactory\/post\/2025\/05\/14\/salud-para-africa-el-compromiso-de-fundacion-recover-por-una-atencion-sanitaria-digna-y-de-calidad\/<\/mark><\/a><\/li>\n\n\n\n<li>Press release published in Europa Press and other digital media \ud83d\udcbb: <a href=\"https:\/\/www.europapress.es\/epsocial\/cooperacion-desarrollo\/noticia-dia-africa-amenazas-poblacion-vulnerable-20250525123252.html\" target=\"_blank\" rel=\"noreferrer noopener nofollow\"><mark style=\"background-color:rgba(0, 0, 0, 0)\" class=\"has-inline-color has-luminous-vivid-orange-color\">https:\/\/www.europapress.es\/epsocial\/cooperacion-desarrollo\/noticia-dia-africa-amenazas-poblacion-vulnerable-20250525123252.html<\/mark><\/a><\/li>\n\n\n\n<li>Interview with the director on Radio Maria \ud83d\udcfb: <a href=\"https:\/\/radiomaria.es\/podcast\/esto-es-africa-29-05-25\/\" target=\"_blank\" rel=\"noreferrer noopener nofollow\"><mark style=\"background-color:rgba(0, 0, 0, 0)\" class=\"has-inline-color has-luminous-vivid-orange-color\">https:\/\/radiomaria.es\/podcast\/esto-es-africa-29-05-25\/<\/mark><\/a><\/li>\n<\/ul>\n\n\n\n<p><\/p>","protected":false},"excerpt":{"rendered":"<p>Interviews, reports and a campaign on newsstands in Madrid have served to publicise the work of the Recover Foundation in Africa on the occasion of 25 May.<\/p>","protected":false},"author":1,"featured_media":9538,"comment_status":"closed","ping_status":"closed","sticky":false,"template":"","format":"standard","meta":{"give_campaign_id":0,"footnotes":""},"categories":[13],"tags":[],"class_list":["post-9537","post","type-post","status-publish","format-standard","has-post-thumbnail","hentry","category-prensa"],"yoast_head":"<!-- This site is optimized with the Yoast SEO plugin v27.4 - https:\/\/yoast.com\/product\/yoast-seo-wordpress\/ -->\n<title>Fundaci\u00f3n Recover, presente en los medios con motivo del D\u00eda de \u00c1frica - Fundaci\u00f3n Recover Hospitales para \u00c1frica<\/title>\n<meta name=\"robots\" content=\"index, follow, max-snippet:-1, max-image-preview:large, max-video-preview:-1\" \/>\n<link rel=\"canonical\" href=\"https:\/\/fundacionrecover.org\/en\/recover-foundation-present-in-the-media-on-the-occasion-of-africa-day\/\" \/>\n<meta property=\"og:locale\" content=\"en_GB\" \/>\n<meta property=\"og:type\" content=\"article\" \/>\n<meta property=\"og:title\" content=\"Fundaci\u00f3n Recover, presente en los medios con motivo del D\u00eda de \u00c1frica - Fundaci\u00f3n Recover Hospitales para \u00c1frica\" \/>\n<meta property=\"og:description\" content=\"Entrevistas, reportajes y una campa\u00f1a en los quioscos de prensa de Madrid han servido para dar a conocer la labor de Fundaci\u00f3n Recover en \u00c1frica con motivo del 25 de mayo\" \/>\n<meta property=\"og:url\" content=\"https:\/\/fundacionrecover.org\/en\/recover-foundation-present-in-the-media-on-the-occasion-of-africa-day\/\" \/>\n<meta property=\"og:site_name\" content=\"Fundaci\u00f3n Recover Hospitales para \u00c1frica\" \/>\n<meta property=\"article:publisher\" content=\"https:\/\/www.facebook.com\/fundacionrecover\/\" \/>\n<meta property=\"article:published_time\" content=\"2025-05-25T21:08:14+00:00\" \/>\n<meta property=\"article:modified_time\" content=\"2025-05-30T09:31:21+00:00\" \/>\n<meta property=\"og:image\" content=\"https:\/\/fundacionrecover.org\/wp-content\/uploads\/2025\/05\/Kiosko-Dia-de-Africa-1.jpg\" \/>\n\t<meta property=\"og:image:width\" content=\"1000\" \/>\n\t<meta property=\"og:image:height\" content=\"450\" \/>\n\t<meta property=\"og:image:type\" content=\"image\/jpeg\" \/>\n<meta name=\"author\" content=\"Recover\" \/>\n<meta name=\"twitter:card\" content=\"summary_large_image\" \/>\n<meta name=\"twitter:label1\" content=\"Written by\" \/>\n\t<meta name=\"twitter:data1\" content=\"Recover\" \/>\n\t<meta name=\"twitter:label2\" content=\"Estimated reading time\" \/>\n\t<meta name=\"twitter:data2\" content=\"2 minutes\" \/>\n<script type=\"application\/ld+json\" class=\"yoast-schema-graph\">{\"@context\":\"https:\\\/\\\/schema.org\",\"@graph\":[{\"@type\":\"Article\",\"@id\":\"https:\\\/\\\/fundacionrecover.org\\\/fundacion-recover-presente-en-los-medios-con-motivo-del-dia-de-africa\\\/#article\",\"isPartOf\":{\"@id\":\"https:\\\/\\\/fundacionrecover.org\\\/fundacion-recover-presente-en-los-medios-con-motivo-del-dia-de-africa\\\/\"},\"author\":{\"name\":\"Recover\",\"@id\":\"https:\\\/\\\/fundacionrecover.org\\\/#\\\/schema\\\/person\\\/dd196faabb13b5c6e72c88bc6f7c6fb6\"},\"headline\":\"Fundaci\u00f3n Recover, presente en los medios con motivo del D\u00eda de \u00c1frica\",\"datePublished\":\"2025-05-25T21:08:14+00:00\",\"dateModified\":\"2025-05-30T09:31:21+00:00\",\"mainEntityOfPage\":{\"@id\":\"https:\\\/\\\/fundacionrecover.org\\\/fundacion-recover-presente-en-los-medios-con-motivo-del-dia-de-africa\\\/\"},\"wordCount\":351,\"publisher\":{\"@id\":\"https:\\\/\\\/fundacionrecover.org\\\/#organization\"},\"image\":{\"@id\":\"https:\\\/\\\/fundacionrecover.org\\\/fundacion-recover-presente-en-los-medios-con-motivo-del-dia-de-africa\\\/#primaryimage\"},\"thumbnailUrl\":\"https:\\\/\\\/fundacionrecover.org\\\/wp-content\\\/uploads\\\/2025\\\/05\\\/Kiosko-Dia-de-Africa-1.jpg\",\"articleSection\":[\"Recover en los medios\"],\"inLanguage\":\"en-GB\"},{\"@type\":\"WebPage\",\"@id\":\"https:\\\/\\\/fundacionrecover.org\\\/fundacion-recover-presente-en-los-medios-con-motivo-del-dia-de-africa\\\/\",\"url\":\"https:\\\/\\\/fundacionrecover.org\\\/fundacion-recover-presente-en-los-medios-con-motivo-del-dia-de-africa\\\/\",\"name\":\"Fundaci\u00f3n Recover, presente en los medios con motivo del D\u00eda de \u00c1frica - Fundaci\u00f3n Recover Hospitales para \u00c1frica\",\"isPartOf\":{\"@id\":\"https:\\\/\\\/fundacionrecover.org\\\/#website\"},\"primaryImageOfPage\":{\"@id\":\"https:\\\/\\\/fundacionrecover.org\\\/fundacion-recover-presente-en-los-medios-con-motivo-del-dia-de-africa\\\/#primaryimage\"},\"image\":{\"@id\":\"https:\\\/\\\/fundacionrecover.org\\\/fundacion-recover-presente-en-los-medios-con-motivo-del-dia-de-africa\\\/#primaryimage\"},\"thumbnailUrl\":\"https:\\\/\\\/fundacionrecover.org\\\/wp-content\\\/uploads\\\/2025\\\/05\\\/Kiosko-Dia-de-Africa-1.jpg\",\"datePublished\":\"2025-05-25T21:08:14+00:00\",\"dateModified\":\"2025-05-30T09:31:21+00:00\",\"breadcrumb\":{\"@id\":\"https:\\\/\\\/fundacionrecover.org\\\/fundacion-recover-presente-en-los-medios-con-motivo-del-dia-de-africa\\\/#breadcrumb\"},\"inLanguage\":\"en-GB\",\"potentialAction\":[{\"@type\":\"ReadAction\",\"target\":[\"https:\\\/\\\/fundacionrecover.org\\\/fundacion-recover-presente-en-los-medios-con-motivo-del-dia-de-africa\\\/\"]}]},{\"@type\":\"ImageObject\",\"inLanguage\":\"en-GB\",\"@id\":\"https:\\\/\\\/fundacionrecover.org\\\/fundacion-recover-presente-en-los-medios-con-motivo-del-dia-de-africa\\\/#primaryimage\",\"url\":\"https:\\\/\\\/fundacionrecover.org\\\/wp-content\\\/uploads\\\/2025\\\/05\\\/Kiosko-Dia-de-Africa-1.jpg\",\"contentUrl\":\"https:\\\/\\\/fundacionrecover.org\\\/wp-content\\\/uploads\\\/2025\\\/05\\\/Kiosko-Dia-de-Africa-1.jpg\",\"width\":1000,\"height\":450},{\"@type\":\"BreadcrumbList\",\"@id\":\"https:\\\/\\\/fundacionrecover.org\\\/fundacion-recover-presente-en-los-medios-con-motivo-del-dia-de-africa\\\/#breadcrumb\",\"itemListElement\":[{\"@type\":\"ListItem\",\"position\":1,\"name\":\"Home\",\"item\":\"https:\\\/\\\/fundacionrecover.org\\\/\"},{\"@type\":\"ListItem\",\"position\":2,\"name\":\"Recover en los medios\",\"item\":\"https:\\\/\\\/fundacionrecover.org\\\/category\\\/prensa\\\/\"},{\"@type\":\"ListItem\",\"position\":3,\"name\":\"Fundaci\u00f3n Recover, presente en los medios con motivo del D\u00eda de \u00c1frica\"}]},{\"@type\":\"WebSite\",\"@id\":\"https:\\\/\\\/fundacionrecover.org\\\/#website\",\"url\":\"https:\\\/\\\/fundacionrecover.org\\\/\",\"name\":\"Fundaci\u00f3n Recover Hospitales para \u00c1frica\",\"description\":\"Fundaci\u00f3n Recover\",\"publisher\":{\"@id\":\"https:\\\/\\\/fundacionrecover.org\\\/#organization\"},\"potentialAction\":[{\"@type\":\"SearchAction\",\"target\":{\"@type\":\"EntryPoint\",\"urlTemplate\":\"https:\\\/\\\/fundacionrecover.org\\\/?s={search_term_string}\"},\"query-input\":{\"@type\":\"PropertyValueSpecification\",\"valueRequired\":true,\"valueName\":\"search_term_string\"}}],\"inLanguage\":\"en-GB\"},{\"@type\":\"Organization\",\"@id\":\"https:\\\/\\\/fundacionrecover.org\\\/#organization\",\"name\":\"Fundaci\u00f3n Recover, Hospitales para \u00c1frica\",\"alternateName\":\"Fundaci\u00f3n Recover\",\"url\":\"https:\\\/\\\/fundacionrecover.org\\\/\",\"logo\":{\"@type\":\"ImageObject\",\"inLanguage\":\"en-GB\",\"@id\":\"https:\\\/\\\/fundacionrecover.org\\\/#\\\/schema\\\/logo\\\/image\\\/\",\"url\":\"https:\\\/\\\/fundacionrecover.org\\\/wp-content\\\/uploads\\\/2024\\\/03\\\/FundacionRecoverHospitalesParaAfrica_logo_blanco_cut.png\",\"contentUrl\":\"https:\\\/\\\/fundacionrecover.org\\\/wp-content\\\/uploads\\\/2024\\\/03\\\/FundacionRecoverHospitalesParaAfrica_logo_blanco_cut.png\",\"width\":335,\"height\":183,\"caption\":\"Fundaci\u00f3n Recover, Hospitales para \u00c1frica\"},\"image\":{\"@id\":\"https:\\\/\\\/fundacionrecover.org\\\/#\\\/schema\\\/logo\\\/image\\\/\"},\"sameAs\":[\"https:\\\/\\\/www.facebook.com\\\/fundacionrecover\\\/\",\"https:\\\/\\\/www.instagram.com\\\/fundacionrecover\\\/\",\"https:\\\/\\\/www.linkedin.com\\\/company\\\/fundaci\u00f3n-recover-hospitales-para-\u00e1frica\\\/\",\"https:\\\/\\\/www.tiktok.com\\\/@fundacionrecover\"]},{\"@type\":\"Person\",\"@id\":\"https:\\\/\\\/fundacionrecover.org\\\/#\\\/schema\\\/person\\\/dd196faabb13b5c6e72c88bc6f7c6fb6\",\"name\":\"Recover\",\"sameAs\":[\"https:\\\/\\\/fundacionrecover.org\"]}]}<\/script>\n<!-- \/ Yoast SEO plugin. -->","yoast_head_json":{"title":"Fundaci\u00f3n Recover, presente en los medios con motivo del D\u00eda de \u00c1frica - Fundaci\u00f3n Recover Hospitales para \u00c1frica","robots":{"index":"index","follow":"follow","max-snippet":"max-snippet:-1","max-image-preview":"max-image-preview:large","max-video-preview":"max-video-preview:-1"},"canonical":"https:\/\/fundacionrecover.org\/en\/recover-foundation-present-in-the-media-on-the-occasion-of-africa-day\/","og_locale":"en_GB","og_type":"article","og_title":"Fundaci\u00f3n Recover, presente en los medios con motivo del D\u00eda de \u00c1frica - Fundaci\u00f3n Recover Hospitales para \u00c1frica","og_description":"Entrevistas, reportajes y una campa\u00f1a en los quioscos de prensa de Madrid han servido para dar a conocer la labor de Fundaci\u00f3n Recover en \u00c1frica con motivo del 25 de mayo","og_url":"https:\/\/fundacionrecover.org\/en\/recover-foundation-present-in-the-media-on-the-occasion-of-africa-day\/","og_site_name":"Fundaci\u00f3n Recover Hospitales para \u00c1frica","article_publisher":"https:\/\/www.facebook.com\/fundacionrecover\/","article_published_time":"2025-05-25T21:08:14+00:00","article_modified_time":"2025-05-30T09:31:21+00:00","og_image":[{"width":1000,"height":450,"url":"https:\/\/fundacionrecover.org\/wp-content\/uploads\/2025\/05\/Kiosko-Dia-de-Africa-1.jpg","type":"image\/jpeg"}],"author":"Recover","twitter_card":"summary_large_image","twitter_misc":{"Written by":"Recover","Estimated reading time":"2 minutes"},"schema":{"@context":"https:\/\/schema.org","@graph":[{"@type":"Article","@id":"https:\/\/fundacionrecover.org\/fundacion-recover-presente-en-los-medios-con-motivo-del-dia-de-africa\/#article","isPartOf":{"@id":"https:\/\/fundacionrecover.org\/fundacion-recover-presente-en-los-medios-con-motivo-del-dia-de-africa\/"},"author":{"name":"Recover","@id":"https:\/\/fundacionrecover.org\/#\/schema\/person\/dd196faabb13b5c6e72c88bc6f7c6fb6"},"headline":"Fundaci\u00f3n Recover, presente en los medios con motivo del D\u00eda de \u00c1frica","datePublished":"2025-05-25T21:08:14+00:00","dateModified":"2025-05-30T09:31:21+00:00","mainEntityOfPage":{"@id":"https:\/\/fundacionrecover.org\/fundacion-recover-presente-en-los-medios-con-motivo-del-dia-de-africa\/"},"wordCount":351,"publisher":{"@id":"https:\/\/fundacionrecover.org\/#organization"},"image":{"@id":"https:\/\/fundacionrecover.org\/fundacion-recover-presente-en-los-medios-con-motivo-del-dia-de-africa\/#primaryimage"},"thumbnailUrl":"https:\/\/fundacionrecover.org\/wp-content\/uploads\/2025\/05\/Kiosko-Dia-de-Africa-1.jpg","articleSection":["Recover en los medios"],"inLanguage":"en-GB"},{"@type":"WebPage","@id":"https:\/\/fundacionrecover.org\/fundacion-recover-presente-en-los-medios-con-motivo-del-dia-de-africa\/","url":"https:\/\/fundacionrecover.org\/fundacion-recover-presente-en-los-medios-con-motivo-del-dia-de-africa\/","name":"Fundaci\u00f3n Recover, presente en los medios con motivo del D\u00eda de \u00c1frica - Fundaci\u00f3n Recover Hospitales para \u00c1frica","isPartOf":{"@id":"https:\/\/fundacionrecover.org\/#website"},"primaryImageOfPage":{"@id":"https:\/\/fundacionrecover.org\/fundacion-recover-presente-en-los-medios-con-motivo-del-dia-de-africa\/#primaryimage"},"image":{"@id":"https:\/\/fundacionrecover.org\/fundacion-recover-presente-en-los-medios-con-motivo-del-dia-de-africa\/#primaryimage"},"thumbnailUrl":"https:\/\/fundacionrecover.org\/wp-content\/uploads\/2025\/05\/Kiosko-Dia-de-Africa-1.jpg","datePublished":"2025-05-25T21:08:14+00:00","dateModified":"2025-05-30T09:31:21+00:00","breadcrumb":{"@id":"https:\/\/fundacionrecover.org\/fundacion-recover-presente-en-los-medios-con-motivo-del-dia-de-africa\/#breadcrumb"},"inLanguage":"en-GB","potentialAction":[{"@type":"ReadAction","target":["https:\/\/fundacionrecover.org\/fundacion-recover-presente-en-los-medios-con-motivo-del-dia-de-africa\/"]}]},{"@type":"ImageObject","inLanguage":"en-GB","@id":"https:\/\/fundacionrecover.org\/fundacion-recover-presente-en-los-medios-con-motivo-del-dia-de-africa\/#primaryimage","url":"https:\/\/fundacionrecover.org\/wp-content\/uploads\/2025\/05\/Kiosko-Dia-de-Africa-1.jpg","contentUrl":"https:\/\/fundacionrecover.org\/wp-content\/uploads\/2025\/05\/Kiosko-Dia-de-Africa-1.jpg","width":1000,"height":450},{"@type":"BreadcrumbList","@id":"https:\/\/fundacionrecover.org\/fundacion-recover-presente-en-los-medios-con-motivo-del-dia-de-africa\/#breadcrumb","itemListElement":[{"@type":"ListItem","position":1,"name":"Home","item":"https:\/\/fundacionrecover.org\/"},{"@type":"ListItem","position":2,"name":"Recover en los medios","item":"https:\/\/fundacionrecover.org\/category\/prensa\/"},{"@type":"ListItem","position":3,"name":"Fundaci\u00f3n Recover, presente en los medios con motivo del D\u00eda de \u00c1frica"}]},{"@type":"WebSite","@id":"https:\/\/fundacionrecover.org\/#website","url":"https:\/\/fundacionrecover.org\/","name":"Recover Foundation, Hospitals for Africa","description":"Recover Foundation","publisher":{"@id":"https:\/\/fundacionrecover.org\/#organization"},"potentialAction":[{"@type":"SearchAction","target":{"@type":"EntryPoint","urlTemplate":"https:\/\/fundacionrecover.org\/?s={search_term_string}"},"query-input":{"@type":"PropertyValueSpecification","valueRequired":true,"valueName":"search_term_string"}}],"inLanguage":"en-GB"},{"@type":"Organization","@id":"https:\/\/fundacionrecover.org\/#organization","name":"Recover Foundation, Hospitals for Africa","alternateName":"Fundaci\u00f3n Recover","url":"https:\/\/fundacionrecover.org\/","logo":{"@type":"ImageObject","inLanguage":"en-GB","@id":"https:\/\/fundacionrecover.org\/#\/schema\/logo\/image\/","url":"https:\/\/fundacionrecover.org\/wp-content\/uploads\/2024\/03\/FundacionRecoverHospitalesParaAfrica_logo_blanco_cut.png","contentUrl":"https:\/\/fundacionrecover.org\/wp-content\/uploads\/2024\/03\/FundacionRecoverHospitalesParaAfrica_logo_blanco_cut.png","width":335,"height":183,"caption":"Fundaci\u00f3n Recover, Hospitales para \u00c1frica"},"image":{"@id":"https:\/\/fundacionrecover.org\/#\/schema\/logo\/image\/"},"sameAs":["https:\/\/www.facebook.com\/fundacionrecover\/","https:\/\/www.instagram.com\/fundacionrecover\/","https:\/\/www.linkedin.com\/company\/fundaci\u00f3n-recover-hospitales-para-\u00e1frica\/","https:\/\/www.tiktok.com\/@fundacionrecover"]},{"@type":"Person","@id":"https:\/\/fundacionrecover.org\/#\/schema\/person\/dd196faabb13b5c6e72c88bc6f7c6fb6","name":"Recover","sameAs":["https:\/\/fundacionrecover.org"]}]}},"_links":{"self":[{"href":"https:\/\/fundacionrecover.org\/en\/wp-json\/wp\/v2\/posts\/9537","targetHints":{"allow":["GET"]}}],"collection":[{"href":"https:\/\/fundacionrecover.org\/en\/wp-json\/wp\/v2\/posts"}],"about":[{"href":"https:\/\/fundacionrecover.org\/en\/wp-json\/wp\/v2\/types\/post"}],"author":[{"embeddable":true,"href":"https:\/\/fundacionrecover.org\/en\/wp-json\/wp\/v2\/users\/1"}],"replies":[{"embeddable":true,"href":"https:\/\/fundacionrecover.org\/en\/wp-json\/wp\/v2\/comments?post=9537"}],"version-history":[{"count":0,"href":"https:\/\/fundacionrecover.org\/en\/wp-json\/wp\/v2\/posts\/9537\/revisions"}],"wp:featuredmedia":[{"embeddable":true,"href":"https:\/\/fundacionrecover.org\/en\/wp-json\/wp\/v2\/media\/9538"}],"wp:attachment":[{"href":"https:\/\/fundacionrecover.org\/en\/wp-json\/wp\/v2\/media?parent=9537"}],"wp:term":[{"taxonomy":"category","embeddable":true,"href":"https:\/\/fundacionrecover.org\/en\/wp-json\/wp\/v2\/categories?post=9537"},{"taxonomy":"post_tag","embeddable":true,"href":"https:\/\/fundacionrecover.org\/en\/wp-json\/wp\/v2\/tags?post=9537"}],"curies":[{"name":"wp","href":"https:\/\/api.w.org\/{rel}","templated":true}]}}