{"id":9756,"date":"2025-06-18T19:44:31","date_gmt":"2025-06-18T17:44:31","guid":{"rendered":"https:\/\/fundacionrecover.org\/?p=9756"},"modified":"2025-08-14T13:25:26","modified_gmt":"2025-08-14T11:25:26","slug":"foundation-recover-received-by-the-ministry-of-foreign-affairs-cameroon","status":"publish","type":"post","link":"https:\/\/fundacionrecover.org\/en\/fundacion-recover-recibida-por-ministerio-relaciones-exteriores-camerun\/","title":{"rendered":"The Director of the Recover Foundation, received by the Cameroonian Ministry of Foreign Affairs"},"content":{"rendered":"<figure class=\"wp-block-image size-large\"><img fetchpriority=\"high\" decoding=\"async\" width=\"1100\" height=\"733\" src=\"https:\/\/fundacionrecover.org\/wp-content\/uploads\/2025\/06\/WhatsApp-Image-2025-06-12-at-21.18.55-1-1-1-edited-1.jpg\" alt=\"\" class=\"wp-image-9773\" srcset=\"https:\/\/fundacionrecover.org\/wp-content\/uploads\/2025\/06\/WhatsApp-Image-2025-06-12-at-21.18.55-1-1-1-edited-1.jpg 1100w, https:\/\/fundacionrecover.org\/wp-content\/uploads\/2025\/06\/WhatsApp-Image-2025-06-12-at-21.18.55-1-1-1-edited-1-300x200.jpg 300w, https:\/\/fundacionrecover.org\/wp-content\/uploads\/2025\/06\/WhatsApp-Image-2025-06-12-at-21.18.55-1-1-1-edited-1-1024x682.jpg 1024w, https:\/\/fundacionrecover.org\/wp-content\/uploads\/2025\/06\/WhatsApp-Image-2025-06-12-at-21.18.55-1-1-1-edited-1-768x512.jpg 768w, https:\/\/fundacionrecover.org\/wp-content\/uploads\/2025\/06\/WhatsApp-Image-2025-06-12-at-21.18.55-1-1-1-edited-1-18x12.jpg 18w\" sizes=\"(max-width: 1100px) 100vw, 1100px\" \/><\/figure>\n\n\n\n<p>The Director General of the Recover Foundation, Marta Mara\u00f1\u00f3n, and the head of the Cameroon office, \u00c9milie Ngono, were honoured to be received in audience by the Cameroonian Minister of Foreign Affairs, responsible for relations with the Commonwealth, together with the Spanish Ambassador to Cameroon, Ignacio Garc\u00eda Lumbreras.<\/p>\n\n\n\n<p>During the meeting, key aspects of bilateral cooperation between Cameroon and Spain were discussed, as well as the important work that the Recover Foundation carries out in Cameroon in the field of health cooperation.<\/p>\n\n\n\n<figure class=\"wp-block-image aligncenter size-full\"><img decoding=\"async\" width=\"800\" height=\"565\" src=\"https:\/\/fundacionrecover.org\/wp-content\/uploads\/2025\/06\/WhatsApp-Image-2025-06-12-at-21.18.55.jpg\" alt=\"Meeting Cameroon Minister and Ambassador\" class=\"wp-image-9757\" srcset=\"https:\/\/fundacionrecover.org\/wp-content\/uploads\/2025\/06\/WhatsApp-Image-2025-06-12-at-21.18.55.jpg 800w, https:\/\/fundacionrecover.org\/wp-content\/uploads\/2025\/06\/WhatsApp-Image-2025-06-12-at-21.18.55-300x212.jpg 300w, https:\/\/fundacionrecover.org\/wp-content\/uploads\/2025\/06\/WhatsApp-Image-2025-06-12-at-21.18.55-768x542.jpg 768w, https:\/\/fundacionrecover.org\/wp-content\/uploads\/2025\/06\/WhatsApp-Image-2025-06-12-at-21.18.55-18x12.jpg 18w\" sizes=\"(max-width: 800px) 100vw, 800px\" \/><figcaption class=\"wp-element-caption\"><em><mark style=\"background-color:rgba(0, 0, 0, 0)\" class=\"has-inline-color has-luminous-vivid-orange-color\">From left to right, M. Bindzi Edzimbi Gervais, Director of Protocol, Ceremonial and Consular Affairs; \u00c9milie Ngono, Head of the Recover Foundation's Cameroon office; Marta Mara\u00f1\u00f3n Medina, Director General of the Recover Foundation; Ignacio Garc\u00eda Lumbreras, Spanish Ambassador to Cameroon; F\u00e9lix Mbayu, Minister of Foreign Affairs of Cameroon; Mouandjo Mouandjo Ebenezer and Takam Talom Renaud, Director and Deputy Director of United Nations and Decentralised and Non-Governmental Cooperation at the Ministry of Foreign Affairs of Cameroon.<\/mark><\/em><\/figcaption><\/figure>\n\n\n\n<p>This meeting reinforces our commitment to continue improving access to health care for the most disadvantaged people in Cameroon, working in coordination with the local administration and international actors to generate a positive and lasting impact.<\/p>\n\n\n\n<figure class=\"wp-block-image aligncenter size-full is-resized\"><img decoding=\"async\" width=\"800\" height=\"565\" src=\"https:\/\/fundacionrecover.org\/wp-content\/uploads\/2025\/06\/WhatsApp-Image-2025-06-12-at-21.18.55-2.jpg\" alt=\"\" class=\"wp-image-9758\" style=\"width:665px;height:auto\" srcset=\"https:\/\/fundacionrecover.org\/wp-content\/uploads\/2025\/06\/WhatsApp-Image-2025-06-12-at-21.18.55-2.jpg 800w, https:\/\/fundacionrecover.org\/wp-content\/uploads\/2025\/06\/WhatsApp-Image-2025-06-12-at-21.18.55-2-300x212.jpg 300w, https:\/\/fundacionrecover.org\/wp-content\/uploads\/2025\/06\/WhatsApp-Image-2025-06-12-at-21.18.55-2-768x542.jpg 768w, https:\/\/fundacionrecover.org\/wp-content\/uploads\/2025\/06\/WhatsApp-Image-2025-06-12-at-21.18.55-2-18x12.jpg 18w\" sizes=\"(max-width: 800px) 100vw, 800px\" \/><\/figure>","protected":false},"excerpt":{"rendered":"<p>The director general of the Recover Foundation and the head of the Cameroon office were received by the Cameroon Ministry of Foreign Affairs at a meeting with the Spanish ambassador. The work of the foundation in health cooperation and the shared commitment to continue improving access to health in the country were highlighted.<\/p>","protected":false},"author":1,"featured_media":9759,"comment_status":"closed","ping_status":"closed","sticky":false,"template":"","format":"standard","meta":{"give_campaign_id":0,"footnotes":""},"categories":[11],"tags":[83],"class_list":["post-9756","post","type-post","status-publish","format-standard","has-post-thumbnail","hentry","category-noticias","tag-video"],"yoast_head":"<!-- This site is optimized with the Yoast SEO plugin v27.4 - https:\/\/yoast.com\/product\/yoast-seo-wordpress\/ -->\n<title>La directora de Fundaci\u00f3n Recover, recibida por el Ministerio de Relaciones Exteriores de Camer\u00fan - Fundaci\u00f3n Recover Hospitales para \u00c1frica<\/title>\n<meta name=\"robots\" content=\"index, follow, max-snippet:-1, max-image-preview:large, max-video-preview:-1\" \/>\n<link rel=\"canonical\" href=\"https:\/\/fundacionrecover.org\/en\/foundation-recover-received-by-the-ministry-of-foreign-affairs-cameroon\/\" \/>\n<meta property=\"og:locale\" content=\"en_GB\" \/>\n<meta property=\"og:type\" content=\"article\" \/>\n<meta property=\"og:title\" content=\"La directora de Fundaci\u00f3n Recover, recibida por el Ministerio de Relaciones Exteriores de Camer\u00fan - Fundaci\u00f3n Recover Hospitales para \u00c1frica\" \/>\n<meta property=\"og:description\" content=\"La directora general de Fundaci\u00f3n Recover y la responsable de la oficina de Camer\u00fan fueron recibidas por el Ministerio de Relaciones Exteriores de Camer\u00fan, en un encuentro junto al embajador de Espa\u00f1a. Se destac\u00f3 la labor de la fundaci\u00f3n en cooperaci\u00f3n sanitaria y el compromiso compartido por seguir mejorando el acceso a la salud en el pa\u00eds.\" \/>\n<meta property=\"og:url\" content=\"https:\/\/fundacionrecover.org\/en\/foundation-recover-received-by-the-ministry-of-foreign-affairs-cameroon\/\" \/>\n<meta property=\"og:site_name\" content=\"Fundaci\u00f3n Recover Hospitales para \u00c1frica\" \/>\n<meta property=\"article:publisher\" content=\"https:\/\/www.facebook.com\/fundacionrecover\/\" \/>\n<meta property=\"article:published_time\" content=\"2025-06-18T17:44:31+00:00\" \/>\n<meta property=\"article:modified_time\" content=\"2025-08-14T11:25:26+00:00\" \/>\n<meta property=\"og:image\" content=\"https:\/\/fundacionrecover.org\/wp-content\/uploads\/2025\/06\/WhatsApp-Image-2025-06-12-at-21.18.55-1-1.jpg\" \/>\n\t<meta property=\"og:image:width\" content=\"1100\" \/>\n\t<meta property=\"og:image:height\" content=\"895\" \/>\n\t<meta property=\"og:image:type\" content=\"image\/jpeg\" \/>\n<meta name=\"author\" content=\"Recover\" \/>\n<meta name=\"twitter:card\" content=\"summary_large_image\" \/>\n<meta name=\"twitter:label1\" content=\"Written by\" \/>\n\t<meta name=\"twitter:data1\" content=\"Recover\" \/>\n\t<meta name=\"twitter:label2\" content=\"Estimated reading time\" \/>\n\t<meta name=\"twitter:data2\" content=\"2 minutes\" \/>\n<script type=\"application\/ld+json\" class=\"yoast-schema-graph\">{\"@context\":\"https:\\\/\\\/schema.org\",\"@graph\":[{\"@type\":\"Article\",\"@id\":\"https:\\\/\\\/fundacionrecover.org\\\/fundacion-recover-recibida-por-ministerio-relaciones-exteriores-camerun\\\/#article\",\"isPartOf\":{\"@id\":\"https:\\\/\\\/fundacionrecover.org\\\/fundacion-recover-recibida-por-ministerio-relaciones-exteriores-camerun\\\/\"},\"author\":{\"name\":\"Recover\",\"@id\":\"https:\\\/\\\/fundacionrecover.org\\\/#\\\/schema\\\/person\\\/dd196faabb13b5c6e72c88bc6f7c6fb6\"},\"headline\":\"La directora de Fundaci\u00f3n Recover, recibida por el Ministerio de Relaciones Exteriores de Camer\u00fan\",\"datePublished\":\"2025-06-18T17:44:31+00:00\",\"dateModified\":\"2025-08-14T11:25:26+00:00\",\"mainEntityOfPage\":{\"@id\":\"https:\\\/\\\/fundacionrecover.org\\\/fundacion-recover-recibida-por-ministerio-relaciones-exteriores-camerun\\\/\"},\"wordCount\":245,\"publisher\":{\"@id\":\"https:\\\/\\\/fundacionrecover.org\\\/#organization\"},\"image\":{\"@id\":\"https:\\\/\\\/fundacionrecover.org\\\/fundacion-recover-recibida-por-ministerio-relaciones-exteriores-camerun\\\/#primaryimage\"},\"thumbnailUrl\":\"https:\\\/\\\/fundacionrecover.org\\\/wp-content\\\/uploads\\\/2025\\\/06\\\/WhatsApp-Image-2025-06-12-at-21.18.55-1-1.jpg\",\"keywords\":[\"V\u00eddeo\"],\"articleSection\":[\"Noticias\"],\"inLanguage\":\"en-GB\"},{\"@type\":\"WebPage\",\"@id\":\"https:\\\/\\\/fundacionrecover.org\\\/fundacion-recover-recibida-por-ministerio-relaciones-exteriores-camerun\\\/\",\"url\":\"https:\\\/\\\/fundacionrecover.org\\\/fundacion-recover-recibida-por-ministerio-relaciones-exteriores-camerun\\\/\",\"name\":\"La directora de Fundaci\u00f3n Recover, recibida por el Ministerio de Relaciones Exteriores de Camer\u00fan - Fundaci\u00f3n Recover Hospitales para \u00c1frica\",\"isPartOf\":{\"@id\":\"https:\\\/\\\/fundacionrecover.org\\\/#website\"},\"primaryImageOfPage\":{\"@id\":\"https:\\\/\\\/fundacionrecover.org\\\/fundacion-recover-recibida-por-ministerio-relaciones-exteriores-camerun\\\/#primaryimage\"},\"image\":{\"@id\":\"https:\\\/\\\/fundacionrecover.org\\\/fundacion-recover-recibida-por-ministerio-relaciones-exteriores-camerun\\\/#primaryimage\"},\"thumbnailUrl\":\"https:\\\/\\\/fundacionrecover.org\\\/wp-content\\\/uploads\\\/2025\\\/06\\\/WhatsApp-Image-2025-06-12-at-21.18.55-1-1.jpg\",\"datePublished\":\"2025-06-18T17:44:31+00:00\",\"dateModified\":\"2025-08-14T11:25:26+00:00\",\"breadcrumb\":{\"@id\":\"https:\\\/\\\/fundacionrecover.org\\\/fundacion-recover-recibida-por-ministerio-relaciones-exteriores-camerun\\\/#breadcrumb\"},\"inLanguage\":\"en-GB\",\"potentialAction\":[{\"@type\":\"ReadAction\",\"target\":[\"https:\\\/\\\/fundacionrecover.org\\\/fundacion-recover-recibida-por-ministerio-relaciones-exteriores-camerun\\\/\"]}]},{\"@type\":\"ImageObject\",\"inLanguage\":\"en-GB\",\"@id\":\"https:\\\/\\\/fundacionrecover.org\\\/fundacion-recover-recibida-por-ministerio-relaciones-exteriores-camerun\\\/#primaryimage\",\"url\":\"https:\\\/\\\/fundacionrecover.org\\\/wp-content\\\/uploads\\\/2025\\\/06\\\/WhatsApp-Image-2025-06-12-at-21.18.55-1-1.jpg\",\"contentUrl\":\"https:\\\/\\\/fundacionrecover.org\\\/wp-content\\\/uploads\\\/2025\\\/06\\\/WhatsApp-Image-2025-06-12-at-21.18.55-1-1.jpg\",\"width\":1100,\"height\":895,\"caption\":\"Recover con Ministro Camer\u00fan\"},{\"@type\":\"BreadcrumbList\",\"@id\":\"https:\\\/\\\/fundacionrecover.org\\\/fundacion-recover-recibida-por-ministerio-relaciones-exteriores-camerun\\\/#breadcrumb\",\"itemListElement\":[{\"@type\":\"ListItem\",\"position\":1,\"name\":\"Home\",\"item\":\"https:\\\/\\\/fundacionrecover.org\\\/\"},{\"@type\":\"ListItem\",\"position\":2,\"name\":\"Noticias\",\"item\":\"https:\\\/\\\/fundacionrecover.org\\\/category\\\/noticias\\\/\"},{\"@type\":\"ListItem\",\"position\":3,\"name\":\"La directora de Fundaci\u00f3n Recover, recibida por el Ministerio de Relaciones Exteriores de Camer\u00fan\"}]},{\"@type\":\"WebSite\",\"@id\":\"https:\\\/\\\/fundacionrecover.org\\\/#website\",\"url\":\"https:\\\/\\\/fundacionrecover.org\\\/\",\"name\":\"Fundaci\u00f3n Recover Hospitales para \u00c1frica\",\"description\":\"Fundaci\u00f3n Recover\",\"publisher\":{\"@id\":\"https:\\\/\\\/fundacionrecover.org\\\/#organization\"},\"potentialAction\":[{\"@type\":\"SearchAction\",\"target\":{\"@type\":\"EntryPoint\",\"urlTemplate\":\"https:\\\/\\\/fundacionrecover.org\\\/?s={search_term_string}\"},\"query-input\":{\"@type\":\"PropertyValueSpecification\",\"valueRequired\":true,\"valueName\":\"search_term_string\"}}],\"inLanguage\":\"en-GB\"},{\"@type\":\"Organization\",\"@id\":\"https:\\\/\\\/fundacionrecover.org\\\/#organization\",\"name\":\"Fundaci\u00f3n Recover, Hospitales para \u00c1frica\",\"alternateName\":\"Fundaci\u00f3n Recover\",\"url\":\"https:\\\/\\\/fundacionrecover.org\\\/\",\"logo\":{\"@type\":\"ImageObject\",\"inLanguage\":\"en-GB\",\"@id\":\"https:\\\/\\\/fundacionrecover.org\\\/#\\\/schema\\\/logo\\\/image\\\/\",\"url\":\"https:\\\/\\\/fundacionrecover.org\\\/wp-content\\\/uploads\\\/2024\\\/03\\\/FundacionRecoverHospitalesParaAfrica_logo_blanco_cut.png\",\"contentUrl\":\"https:\\\/\\\/fundacionrecover.org\\\/wp-content\\\/uploads\\\/2024\\\/03\\\/FundacionRecoverHospitalesParaAfrica_logo_blanco_cut.png\",\"width\":335,\"height\":183,\"caption\":\"Fundaci\u00f3n Recover, Hospitales para \u00c1frica\"},\"image\":{\"@id\":\"https:\\\/\\\/fundacionrecover.org\\\/#\\\/schema\\\/logo\\\/image\\\/\"},\"sameAs\":[\"https:\\\/\\\/www.facebook.com\\\/fundacionrecover\\\/\",\"https:\\\/\\\/www.instagram.com\\\/fundacionrecover\\\/\",\"https:\\\/\\\/www.linkedin.com\\\/company\\\/fundaci\u00f3n-recover-hospitales-para-\u00e1frica\\\/\",\"https:\\\/\\\/www.tiktok.com\\\/@fundacionrecover\"]},{\"@type\":\"Person\",\"@id\":\"https:\\\/\\\/fundacionrecover.org\\\/#\\\/schema\\\/person\\\/dd196faabb13b5c6e72c88bc6f7c6fb6\",\"name\":\"Recover\",\"sameAs\":[\"https:\\\/\\\/fundacionrecover.org\"]}]}<\/script>\n<!-- \/ Yoast SEO plugin. -->","yoast_head_json":{"title":"The director of the Recover Foundation, received by the Cameroonian Ministry of Foreign Affairs - Fundaci\u00f3n Recover Hospitals for Africa Foundation","robots":{"index":"index","follow":"follow","max-snippet":"max-snippet:-1","max-image-preview":"max-image-preview:large","max-video-preview":"max-video-preview:-1"},"canonical":"https:\/\/fundacionrecover.org\/en\/foundation-recover-received-by-the-ministry-of-foreign-affairs-cameroon\/","og_locale":"en_GB","og_type":"article","og_title":"La directora de Fundaci\u00f3n Recover, recibida por el Ministerio de Relaciones Exteriores de Camer\u00fan - Fundaci\u00f3n Recover Hospitales para \u00c1frica","og_description":"La directora general de Fundaci\u00f3n Recover y la responsable de la oficina de Camer\u00fan fueron recibidas por el Ministerio de Relaciones Exteriores de Camer\u00fan, en un encuentro junto al embajador de Espa\u00f1a. Se destac\u00f3 la labor de la fundaci\u00f3n en cooperaci\u00f3n sanitaria y el compromiso compartido por seguir mejorando el acceso a la salud en el pa\u00eds.","og_url":"https:\/\/fundacionrecover.org\/en\/foundation-recover-received-by-the-ministry-of-foreign-affairs-cameroon\/","og_site_name":"Fundaci\u00f3n Recover Hospitales para \u00c1frica","article_publisher":"https:\/\/www.facebook.com\/fundacionrecover\/","article_published_time":"2025-06-18T17:44:31+00:00","article_modified_time":"2025-08-14T11:25:26+00:00","og_image":[{"width":1100,"height":895,"url":"https:\/\/fundacionrecover.org\/wp-content\/uploads\/2025\/06\/WhatsApp-Image-2025-06-12-at-21.18.55-1-1.jpg","type":"image\/jpeg"}],"author":"Recover","twitter_card":"summary_large_image","twitter_misc":{"Written by":"Recover","Estimated reading time":"2 minutes"},"schema":{"@context":"https:\/\/schema.org","@graph":[{"@type":"Article","@id":"https:\/\/fundacionrecover.org\/fundacion-recover-recibida-por-ministerio-relaciones-exteriores-camerun\/#article","isPartOf":{"@id":"https:\/\/fundacionrecover.org\/fundacion-recover-recibida-por-ministerio-relaciones-exteriores-camerun\/"},"author":{"name":"Recover","@id":"https:\/\/fundacionrecover.org\/#\/schema\/person\/dd196faabb13b5c6e72c88bc6f7c6fb6"},"headline":"La directora de Fundaci\u00f3n Recover, recibida por el Ministerio de Relaciones Exteriores de Camer\u00fan","datePublished":"2025-06-18T17:44:31+00:00","dateModified":"2025-08-14T11:25:26+00:00","mainEntityOfPage":{"@id":"https:\/\/fundacionrecover.org\/fundacion-recover-recibida-por-ministerio-relaciones-exteriores-camerun\/"},"wordCount":245,"publisher":{"@id":"https:\/\/fundacionrecover.org\/#organization"},"image":{"@id":"https:\/\/fundacionrecover.org\/fundacion-recover-recibida-por-ministerio-relaciones-exteriores-camerun\/#primaryimage"},"thumbnailUrl":"https:\/\/fundacionrecover.org\/wp-content\/uploads\/2025\/06\/WhatsApp-Image-2025-06-12-at-21.18.55-1-1.jpg","keywords":["V\u00eddeo"],"articleSection":["Noticias"],"inLanguage":"en-GB"},{"@type":"WebPage","@id":"https:\/\/fundacionrecover.org\/fundacion-recover-recibida-por-ministerio-relaciones-exteriores-camerun\/","url":"https:\/\/fundacionrecover.org\/fundacion-recover-recibida-por-ministerio-relaciones-exteriores-camerun\/","name":"The director of the Recover Foundation, received by the Cameroonian Ministry of Foreign Affairs - Fundaci\u00f3n Recover Hospitals for Africa Foundation","isPartOf":{"@id":"https:\/\/fundacionrecover.org\/#website"},"primaryImageOfPage":{"@id":"https:\/\/fundacionrecover.org\/fundacion-recover-recibida-por-ministerio-relaciones-exteriores-camerun\/#primaryimage"},"image":{"@id":"https:\/\/fundacionrecover.org\/fundacion-recover-recibida-por-ministerio-relaciones-exteriores-camerun\/#primaryimage"},"thumbnailUrl":"https:\/\/fundacionrecover.org\/wp-content\/uploads\/2025\/06\/WhatsApp-Image-2025-06-12-at-21.18.55-1-1.jpg","datePublished":"2025-06-18T17:44:31+00:00","dateModified":"2025-08-14T11:25:26+00:00","breadcrumb":{"@id":"https:\/\/fundacionrecover.org\/fundacion-recover-recibida-por-ministerio-relaciones-exteriores-camerun\/#breadcrumb"},"inLanguage":"en-GB","potentialAction":[{"@type":"ReadAction","target":["https:\/\/fundacionrecover.org\/fundacion-recover-recibida-por-ministerio-relaciones-exteriores-camerun\/"]}]},{"@type":"ImageObject","inLanguage":"en-GB","@id":"https:\/\/fundacionrecover.org\/fundacion-recover-recibida-por-ministerio-relaciones-exteriores-camerun\/#primaryimage","url":"https:\/\/fundacionrecover.org\/wp-content\/uploads\/2025\/06\/WhatsApp-Image-2025-06-12-at-21.18.55-1-1.jpg","contentUrl":"https:\/\/fundacionrecover.org\/wp-content\/uploads\/2025\/06\/WhatsApp-Image-2025-06-12-at-21.18.55-1-1.jpg","width":1100,"height":895,"caption":"Recover con Ministro Camer\u00fan"},{"@type":"BreadcrumbList","@id":"https:\/\/fundacionrecover.org\/fundacion-recover-recibida-por-ministerio-relaciones-exteriores-camerun\/#breadcrumb","itemListElement":[{"@type":"ListItem","position":1,"name":"Home","item":"https:\/\/fundacionrecover.org\/"},{"@type":"ListItem","position":2,"name":"Noticias","item":"https:\/\/fundacionrecover.org\/category\/noticias\/"},{"@type":"ListItem","position":3,"name":"La directora de Fundaci\u00f3n Recover, recibida por el Ministerio de Relaciones Exteriores de Camer\u00fan"}]},{"@type":"WebSite","@id":"https:\/\/fundacionrecover.org\/#website","url":"https:\/\/fundacionrecover.org\/","name":"Recover Foundation, Hospitals for Africa","description":"Recover Foundation","publisher":{"@id":"https:\/\/fundacionrecover.org\/#organization"},"potentialAction":[{"@type":"SearchAction","target":{"@type":"EntryPoint","urlTemplate":"https:\/\/fundacionrecover.org\/?s={search_term_string}"},"query-input":{"@type":"PropertyValueSpecification","valueRequired":true,"valueName":"search_term_string"}}],"inLanguage":"en-GB"},{"@type":"Organization","@id":"https:\/\/fundacionrecover.org\/#organization","name":"Recover Foundation, Hospitals for Africa","alternateName":"Fundaci\u00f3n Recover","url":"https:\/\/fundacionrecover.org\/","logo":{"@type":"ImageObject","inLanguage":"en-GB","@id":"https:\/\/fundacionrecover.org\/#\/schema\/logo\/image\/","url":"https:\/\/fundacionrecover.org\/wp-content\/uploads\/2024\/03\/FundacionRecoverHospitalesParaAfrica_logo_blanco_cut.png","contentUrl":"https:\/\/fundacionrecover.org\/wp-content\/uploads\/2024\/03\/FundacionRecoverHospitalesParaAfrica_logo_blanco_cut.png","width":335,"height":183,"caption":"Fundaci\u00f3n Recover, Hospitales para \u00c1frica"},"image":{"@id":"https:\/\/fundacionrecover.org\/#\/schema\/logo\/image\/"},"sameAs":["https:\/\/www.facebook.com\/fundacionrecover\/","https:\/\/www.instagram.com\/fundacionrecover\/","https:\/\/www.linkedin.com\/company\/fundaci\u00f3n-recover-hospitales-para-\u00e1frica\/","https:\/\/www.tiktok.com\/@fundacionrecover"]},{"@type":"Person","@id":"https:\/\/fundacionrecover.org\/#\/schema\/person\/dd196faabb13b5c6e72c88bc6f7c6fb6","name":"Recover","sameAs":["https:\/\/fundacionrecover.org"]}]}},"_links":{"self":[{"href":"https:\/\/fundacionrecover.org\/en\/wp-json\/wp\/v2\/posts\/9756","targetHints":{"allow":["GET"]}}],"collection":[{"href":"https:\/\/fundacionrecover.org\/en\/wp-json\/wp\/v2\/posts"}],"about":[{"href":"https:\/\/fundacionrecover.org\/en\/wp-json\/wp\/v2\/types\/post"}],"author":[{"embeddable":true,"href":"https:\/\/fundacionrecover.org\/en\/wp-json\/wp\/v2\/users\/1"}],"replies":[{"embeddable":true,"href":"https:\/\/fundacionrecover.org\/en\/wp-json\/wp\/v2\/comments?post=9756"}],"version-history":[{"count":0,"href":"https:\/\/fundacionrecover.org\/en\/wp-json\/wp\/v2\/posts\/9756\/revisions"}],"wp:featuredmedia":[{"embeddable":true,"href":"https:\/\/fundacionrecover.org\/en\/wp-json\/wp\/v2\/media\/9759"}],"wp:attachment":[{"href":"https:\/\/fundacionrecover.org\/en\/wp-json\/wp\/v2\/media?parent=9756"}],"wp:term":[{"taxonomy":"category","embeddable":true,"href":"https:\/\/fundacionrecover.org\/en\/wp-json\/wp\/v2\/categories?post=9756"},{"taxonomy":"post_tag","embeddable":true,"href":"https:\/\/fundacionrecover.org\/en\/wp-json\/wp\/v2\/tags?post=9756"}],"curies":[{"name":"wp","href":"https:\/\/api.w.org\/{rel}","templated":true}]}}