{"id":10422,"date":"2025-10-12T08:49:22","date_gmt":"2025-10-12T06:49:22","guid":{"rendered":"https:\/\/fundacionrecover.org\/?p=10422"},"modified":"2025-10-14T20:47:23","modified_gmt":"2025-10-14T18:47:23","slug":"fundacion-recover-alerta-sobre-salud-mental-en-africa","status":"publish","type":"post","link":"https:\/\/fundacionrecover.org\/fr\/fundacion-recover-alerta-sobre-salud-mental-en-africa\/","title":{"rendered":"La directora general de Fundaci\u00f3n Recover alerta sobre la falta de recursos en salud mental en \u00c1frica subsahariana"},"content":{"rendered":"<p>La directora general de Fundaci\u00f3n Recover, Marta Mara\u00f1\u00f3n, clausur\u00f3 el II Foro Permanente de Salud Mental L\u00f3pez-Ibor, organizado junto al Centro de Estudios Gregorio Mara\u00f1\u00f3n en la Fundaci\u00f3n Ortega-Mara\u00f1\u00f3n recordando que la <strong>salud mental es un reto global<\/strong> que tambi\u00e9n afecta a otras regiones del mundo como \u00c1frica.<\/p>\n\n\n\n<figure class=\"wp-block-image alignright size-full is-resized\"><img fetchpriority=\"high\" decoding=\"async\" width=\"800\" height=\"600\" src=\"https:\/\/fundacionrecover.org\/wp-content\/uploads\/2025\/10\/Marta-con-los-hermanos-Lopez-Ibor-en-el-Foro-de-Salud-Mental-2025.jpg\" alt=\"\" class=\"wp-image-10432\" style=\"width:442px;height:auto\" srcset=\"https:\/\/fundacionrecover.org\/wp-content\/uploads\/2025\/10\/Marta-con-los-hermanos-Lopez-Ibor-en-el-Foro-de-Salud-Mental-2025.jpg 800w, https:\/\/fundacionrecover.org\/wp-content\/uploads\/2025\/10\/Marta-con-los-hermanos-Lopez-Ibor-en-el-Foro-de-Salud-Mental-2025-300x225.jpg 300w, https:\/\/fundacionrecover.org\/wp-content\/uploads\/2025\/10\/Marta-con-los-hermanos-Lopez-Ibor-en-el-Foro-de-Salud-Mental-2025-768x576.jpg 768w, https:\/\/fundacionrecover.org\/wp-content\/uploads\/2025\/10\/Marta-con-los-hermanos-Lopez-Ibor-en-el-Foro-de-Salud-Mental-2025-16x12.jpg 16w\" sizes=\"(max-width: 800px) 100vw, 800px\" \/><\/figure>\n\n\n\n<p>En su intervenci\u00f3n destac\u00f3 datos alarmantes sobre la falta de capacidad en \u00c1frica subsahariana para abordar los problemas de salud mental, ya que <strong>cuentan con solo 1,6 profesionales de salud mental por cada 100.000 habitantes (frente a 45 en Europa)<\/strong> y muy pocos hospitales especializados y unidades psiqui\u00e1tricas. Por ejemplo, en Costa de Marfil hay 4 hospitales de salud mental y tan solo 2 unidades psiqui\u00e1tricas en centros sanitarios para 32 millones de personas.<\/p>\n\n\n\n<p>En estos pa\u00edses, donde solo el 60% de los j\u00f3venes tiene acceso a Internet (lo que genera una brecha digital entre las zonas rurales y las urbanas), los j\u00f3venes afrontan problemas de salud mental asociados principalmente al consumo de alcohol, cannabis y tramadol, que se encuentra a un precio muy accesible en el mercado negro, y pronto tambi\u00e9n los efectos del uso excesivo de redes sociales y dispositivos digitales, que ya preocupan en otras regiones del mundo.<br><br>Desde Fundaci\u00f3n Recover <a href=\"https:\/\/fundacionrecover.org\/fr\/comment-nous-travaillons\/\"><mark style=\"background-color:rgba(0, 0, 0, 0)\" class=\"has-inline-color has-luminous-vivid-orange-color\">fortalecemos las capacidades de los centros sanitarios y de los profesionales locales<\/mark><\/a>, tambi\u00e9n en el<strong> \u00e1rea de salud mental<\/strong>, conscientes de que, en una sociedad globalizada, los<strong> retos de la salud mental juvenil acabar\u00e1n afectando a quienes hoy tienen menos recursos para enfrentarlos<\/strong>.<br><br>Puedes leer el reportaje completo de la jornada en Prensa Social:<mark style=\"background-color:rgba(0, 0, 0, 0)\" class=\"has-inline-color has-luminous-vivid-orange-color\"> <\/mark><a href=\"https:\/\/prensasocial.es\/ii-foro-de-salud-mental-organizado-por-la-fundacion-lopez-ibor-y-ortega-maranon-las-redes-sociales-generan-poco-conocmiento-y-escasa-sabiduria\/\" target=\"_blank\" rel=\"noreferrer noopener nofollow\"><mark style=\"background-color:rgba(0, 0, 0, 0)\" class=\"has-inline-color has-luminous-vivid-orange-color\">https:\/\/prensasocial.es\/ii-foro-de-salud-mental-organizado-por-la-fundacion-lopez-ibor-y-ortega-maranon-las-redes-sociales-generan-poco-conocmiento-y-escasa-sabiduria\/<\/mark><\/a><\/p>","protected":false},"excerpt":{"rendered":"<p>Marta Mara\u00f1\u00f3n clausur\u00f3 el II Foro Permanente de Salud Mental L\u00f3pez-Ibor destacando datos alarmantes sobre la falta de capacidad en \u00c1frica subsahariana para abordar los problemas de salud mental.<\/p>","protected":false},"author":1,"featured_media":10423,"comment_status":"closed","ping_status":"closed","sticky":false,"template":"","format":"standard","meta":{"give_campaign_id":0,"footnotes":""},"categories":[11],"tags":[],"class_list":["post-10422","post","type-post","status-publish","format-standard","has-post-thumbnail","hentry","category-noticias"],"yoast_head":"<!-- This site is optimized with the Yoast SEO plugin v27.4 - https:\/\/yoast.com\/product\/yoast-seo-wordpress\/ -->\n<title>La directora general de Fundaci\u00f3n Recover alerta sobre la falta de recursos en salud mental en \u00c1frica subsahariana - Fundaci\u00f3n Recover Hospitales para \u00c1frica<\/title>\n<meta name=\"robots\" content=\"index, follow, max-snippet:-1, max-image-preview:large, max-video-preview:-1\" \/>\n<link rel=\"canonical\" href=\"https:\/\/fundacionrecover.org\/fr\/fundacion-recover-alerta-sobre-salud-mental-en-africa\/\" \/>\n<meta property=\"og:locale\" content=\"fr_FR\" \/>\n<meta property=\"og:type\" content=\"article\" \/>\n<meta property=\"og:title\" content=\"La directora general de Fundaci\u00f3n Recover alerta sobre la falta de recursos en salud mental en \u00c1frica subsahariana - Fundaci\u00f3n Recover Hospitales para \u00c1frica\" \/>\n<meta property=\"og:description\" content=\"Marta Mara\u00f1\u00f3n clausur\u00f3 el II Foro Permanente de Salud Mental L\u00f3pez-Ibor destacando datos alarmantes sobre la falta de capacidad en \u00c1frica subsahariana para abordar los problemas de salud mental.\" \/>\n<meta property=\"og:url\" content=\"https:\/\/fundacionrecover.org\/fr\/fundacion-recover-alerta-sobre-salud-mental-en-africa\/\" \/>\n<meta property=\"og:site_name\" content=\"Fundaci\u00f3n Recover Hospitales para \u00c1frica\" \/>\n<meta property=\"article:publisher\" content=\"https:\/\/www.facebook.com\/fundacionrecover\/\" \/>\n<meta property=\"article:published_time\" content=\"2025-10-12T06:49:22+00:00\" \/>\n<meta property=\"article:modified_time\" content=\"2025-10-14T18:47:23+00:00\" \/>\n<meta property=\"og:image\" content=\"https:\/\/fundacionrecover.org\/wp-content\/uploads\/2025\/10\/Marta-en-el-Foro-de-Salud-Mental-2025.jpg\" \/>\n\t<meta property=\"og:image:width\" content=\"1100\" \/>\n\t<meta property=\"og:image:height\" content=\"799\" \/>\n\t<meta property=\"og:image:type\" content=\"image\/jpeg\" \/>\n<meta name=\"author\" content=\"Recover\" \/>\n<meta name=\"twitter:card\" content=\"summary_large_image\" \/>\n<meta name=\"twitter:label1\" content=\"\u00c9crit par\" \/>\n\t<meta name=\"twitter:data1\" content=\"Recover\" \/>\n\t<meta name=\"twitter:label2\" content=\"Dur\u00e9e de lecture estim\u00e9e\" \/>\n\t<meta name=\"twitter:data2\" content=\"2 minutes\" \/>\n<script type=\"application\/ld+json\" class=\"yoast-schema-graph\">{\"@context\":\"https:\\\/\\\/schema.org\",\"@graph\":[{\"@type\":\"Article\",\"@id\":\"https:\\\/\\\/fundacionrecover.org\\\/fundacion-recover-alerta-sobre-salud-mental-en-africa\\\/#article\",\"isPartOf\":{\"@id\":\"https:\\\/\\\/fundacionrecover.org\\\/fundacion-recover-alerta-sobre-salud-mental-en-africa\\\/\"},\"author\":{\"name\":\"Recover\",\"@id\":\"https:\\\/\\\/fundacionrecover.org\\\/#\\\/schema\\\/person\\\/dd196faabb13b5c6e72c88bc6f7c6fb6\"},\"headline\":\"La directora general de Fundaci\u00f3n Recover alerta sobre la falta de recursos en salud mental en \u00c1frica subsahariana\",\"datePublished\":\"2025-10-12T06:49:22+00:00\",\"dateModified\":\"2025-10-14T18:47:23+00:00\",\"mainEntityOfPage\":{\"@id\":\"https:\\\/\\\/fundacionrecover.org\\\/fundacion-recover-alerta-sobre-salud-mental-en-africa\\\/\"},\"wordCount\":289,\"publisher\":{\"@id\":\"https:\\\/\\\/fundacionrecover.org\\\/#organization\"},\"image\":{\"@id\":\"https:\\\/\\\/fundacionrecover.org\\\/fundacion-recover-alerta-sobre-salud-mental-en-africa\\\/#primaryimage\"},\"thumbnailUrl\":\"https:\\\/\\\/fundacionrecover.org\\\/wp-content\\\/uploads\\\/2025\\\/10\\\/Marta-en-el-Foro-de-Salud-Mental-2025.jpg\",\"articleSection\":[\"Noticias\"],\"inLanguage\":\"fr-FR\"},{\"@type\":\"WebPage\",\"@id\":\"https:\\\/\\\/fundacionrecover.org\\\/fundacion-recover-alerta-sobre-salud-mental-en-africa\\\/\",\"url\":\"https:\\\/\\\/fundacionrecover.org\\\/fundacion-recover-alerta-sobre-salud-mental-en-africa\\\/\",\"name\":\"La directora general de Fundaci\u00f3n Recover alerta sobre la falta de recursos en salud mental en \u00c1frica subsahariana - Fundaci\u00f3n Recover Hospitales para \u00c1frica\",\"isPartOf\":{\"@id\":\"https:\\\/\\\/fundacionrecover.org\\\/#website\"},\"primaryImageOfPage\":{\"@id\":\"https:\\\/\\\/fundacionrecover.org\\\/fundacion-recover-alerta-sobre-salud-mental-en-africa\\\/#primaryimage\"},\"image\":{\"@id\":\"https:\\\/\\\/fundacionrecover.org\\\/fundacion-recover-alerta-sobre-salud-mental-en-africa\\\/#primaryimage\"},\"thumbnailUrl\":\"https:\\\/\\\/fundacionrecover.org\\\/wp-content\\\/uploads\\\/2025\\\/10\\\/Marta-en-el-Foro-de-Salud-Mental-2025.jpg\",\"datePublished\":\"2025-10-12T06:49:22+00:00\",\"dateModified\":\"2025-10-14T18:47:23+00:00\",\"breadcrumb\":{\"@id\":\"https:\\\/\\\/fundacionrecover.org\\\/fundacion-recover-alerta-sobre-salud-mental-en-africa\\\/#breadcrumb\"},\"inLanguage\":\"fr-FR\",\"potentialAction\":[{\"@type\":\"ReadAction\",\"target\":[\"https:\\\/\\\/fundacionrecover.org\\\/fundacion-recover-alerta-sobre-salud-mental-en-africa\\\/\"]}]},{\"@type\":\"ImageObject\",\"inLanguage\":\"fr-FR\",\"@id\":\"https:\\\/\\\/fundacionrecover.org\\\/fundacion-recover-alerta-sobre-salud-mental-en-africa\\\/#primaryimage\",\"url\":\"https:\\\/\\\/fundacionrecover.org\\\/wp-content\\\/uploads\\\/2025\\\/10\\\/Marta-en-el-Foro-de-Salud-Mental-2025.jpg\",\"contentUrl\":\"https:\\\/\\\/fundacionrecover.org\\\/wp-content\\\/uploads\\\/2025\\\/10\\\/Marta-en-el-Foro-de-Salud-Mental-2025.jpg\",\"width\":1100,\"height\":799,\"caption\":\"Marta en el Foro de Salud Mental 2025\"},{\"@type\":\"BreadcrumbList\",\"@id\":\"https:\\\/\\\/fundacionrecover.org\\\/fundacion-recover-alerta-sobre-salud-mental-en-africa\\\/#breadcrumb\",\"itemListElement\":[{\"@type\":\"ListItem\",\"position\":1,\"name\":\"Home\",\"item\":\"https:\\\/\\\/fundacionrecover.org\\\/\"},{\"@type\":\"ListItem\",\"position\":2,\"name\":\"Noticias\",\"item\":\"https:\\\/\\\/fundacionrecover.org\\\/category\\\/noticias\\\/\"},{\"@type\":\"ListItem\",\"position\":3,\"name\":\"La directora general de Fundaci\u00f3n Recover alerta sobre la falta de recursos en salud mental en \u00c1frica subsahariana\"}]},{\"@type\":\"WebSite\",\"@id\":\"https:\\\/\\\/fundacionrecover.org\\\/#website\",\"url\":\"https:\\\/\\\/fundacionrecover.org\\\/\",\"name\":\"Fundaci\u00f3n Recover Hospitales para \u00c1frica\",\"description\":\"Fundaci\u00f3n Recover\",\"publisher\":{\"@id\":\"https:\\\/\\\/fundacionrecover.org\\\/#organization\"},\"potentialAction\":[{\"@type\":\"SearchAction\",\"target\":{\"@type\":\"EntryPoint\",\"urlTemplate\":\"https:\\\/\\\/fundacionrecover.org\\\/?s={search_term_string}\"},\"query-input\":{\"@type\":\"PropertyValueSpecification\",\"valueRequired\":true,\"valueName\":\"search_term_string\"}}],\"inLanguage\":\"fr-FR\"},{\"@type\":\"Organization\",\"@id\":\"https:\\\/\\\/fundacionrecover.org\\\/#organization\",\"name\":\"Fundaci\u00f3n Recover, Hospitales para \u00c1frica\",\"alternateName\":\"Fundaci\u00f3n Recover\",\"url\":\"https:\\\/\\\/fundacionrecover.org\\\/\",\"logo\":{\"@type\":\"ImageObject\",\"inLanguage\":\"fr-FR\",\"@id\":\"https:\\\/\\\/fundacionrecover.org\\\/#\\\/schema\\\/logo\\\/image\\\/\",\"url\":\"https:\\\/\\\/fundacionrecover.org\\\/wp-content\\\/uploads\\\/2024\\\/03\\\/FundacionRecoverHospitalesParaAfrica_logo_blanco_cut.png\",\"contentUrl\":\"https:\\\/\\\/fundacionrecover.org\\\/wp-content\\\/uploads\\\/2024\\\/03\\\/FundacionRecoverHospitalesParaAfrica_logo_blanco_cut.png\",\"width\":335,\"height\":183,\"caption\":\"Fundaci\u00f3n Recover, Hospitales para \u00c1frica\"},\"image\":{\"@id\":\"https:\\\/\\\/fundacionrecover.org\\\/#\\\/schema\\\/logo\\\/image\\\/\"},\"sameAs\":[\"https:\\\/\\\/www.facebook.com\\\/fundacionrecover\\\/\",\"https:\\\/\\\/www.instagram.com\\\/fundacionrecover\\\/\",\"https:\\\/\\\/www.linkedin.com\\\/company\\\/fundaci\u00f3n-recover-hospitales-para-\u00e1frica\\\/\",\"https:\\\/\\\/www.tiktok.com\\\/@fundacionrecover\"]},{\"@type\":\"Person\",\"@id\":\"https:\\\/\\\/fundacionrecover.org\\\/#\\\/schema\\\/person\\\/dd196faabb13b5c6e72c88bc6f7c6fb6\",\"name\":\"Recover\",\"sameAs\":[\"https:\\\/\\\/fundacionrecover.org\"]}]}<\/script>\n<!-- \/ Yoast SEO plugin. -->","yoast_head_json":{"title":"La directora general de Fundaci\u00f3n Recover alerta sobre la falta de recursos en salud mental en \u00c1frica subsahariana - Fundaci\u00f3n Recover Hospitales para \u00c1frica","robots":{"index":"index","follow":"follow","max-snippet":"max-snippet:-1","max-image-preview":"max-image-preview:large","max-video-preview":"max-video-preview:-1"},"canonical":"https:\/\/fundacionrecover.org\/fr\/fundacion-recover-alerta-sobre-salud-mental-en-africa\/","og_locale":"fr_FR","og_type":"article","og_title":"La directora general de Fundaci\u00f3n Recover alerta sobre la falta de recursos en salud mental en \u00c1frica subsahariana - Fundaci\u00f3n Recover Hospitales para \u00c1frica","og_description":"Marta Mara\u00f1\u00f3n clausur\u00f3 el II Foro Permanente de Salud Mental L\u00f3pez-Ibor destacando datos alarmantes sobre la falta de capacidad en \u00c1frica subsahariana para abordar los problemas de salud mental.","og_url":"https:\/\/fundacionrecover.org\/fr\/fundacion-recover-alerta-sobre-salud-mental-en-africa\/","og_site_name":"Fundaci\u00f3n Recover Hospitales para \u00c1frica","article_publisher":"https:\/\/www.facebook.com\/fundacionrecover\/","article_published_time":"2025-10-12T06:49:22+00:00","article_modified_time":"2025-10-14T18:47:23+00:00","og_image":[{"width":1100,"height":799,"url":"https:\/\/fundacionrecover.org\/wp-content\/uploads\/2025\/10\/Marta-en-el-Foro-de-Salud-Mental-2025.jpg","type":"image\/jpeg"}],"author":"Recover","twitter_card":"summary_large_image","twitter_misc":{"\u00c9crit par":"Recover","Dur\u00e9e de lecture estim\u00e9e":"2 minutes"},"schema":{"@context":"https:\/\/schema.org","@graph":[{"@type":"Article","@id":"https:\/\/fundacionrecover.org\/fundacion-recover-alerta-sobre-salud-mental-en-africa\/#article","isPartOf":{"@id":"https:\/\/fundacionrecover.org\/fundacion-recover-alerta-sobre-salud-mental-en-africa\/"},"author":{"name":"Recover","@id":"https:\/\/fundacionrecover.org\/#\/schema\/person\/dd196faabb13b5c6e72c88bc6f7c6fb6"},"headline":"La directora general de Fundaci\u00f3n Recover alerta sobre la falta de recursos en salud mental en \u00c1frica subsahariana","datePublished":"2025-10-12T06:49:22+00:00","dateModified":"2025-10-14T18:47:23+00:00","mainEntityOfPage":{"@id":"https:\/\/fundacionrecover.org\/fundacion-recover-alerta-sobre-salud-mental-en-africa\/"},"wordCount":289,"publisher":{"@id":"https:\/\/fundacionrecover.org\/#organization"},"image":{"@id":"https:\/\/fundacionrecover.org\/fundacion-recover-alerta-sobre-salud-mental-en-africa\/#primaryimage"},"thumbnailUrl":"https:\/\/fundacionrecover.org\/wp-content\/uploads\/2025\/10\/Marta-en-el-Foro-de-Salud-Mental-2025.jpg","articleSection":["Noticias"],"inLanguage":"fr-FR"},{"@type":"WebPage","@id":"https:\/\/fundacionrecover.org\/fundacion-recover-alerta-sobre-salud-mental-en-africa\/","url":"https:\/\/fundacionrecover.org\/fundacion-recover-alerta-sobre-salud-mental-en-africa\/","name":"La directora general de Fundaci\u00f3n Recover alerta sobre la falta de recursos en salud mental en \u00c1frica subsahariana - Fundaci\u00f3n Recover Hospitales para \u00c1frica","isPartOf":{"@id":"https:\/\/fundacionrecover.org\/#website"},"primaryImageOfPage":{"@id":"https:\/\/fundacionrecover.org\/fundacion-recover-alerta-sobre-salud-mental-en-africa\/#primaryimage"},"image":{"@id":"https:\/\/fundacionrecover.org\/fundacion-recover-alerta-sobre-salud-mental-en-africa\/#primaryimage"},"thumbnailUrl":"https:\/\/fundacionrecover.org\/wp-content\/uploads\/2025\/10\/Marta-en-el-Foro-de-Salud-Mental-2025.jpg","datePublished":"2025-10-12T06:49:22+00:00","dateModified":"2025-10-14T18:47:23+00:00","breadcrumb":{"@id":"https:\/\/fundacionrecover.org\/fundacion-recover-alerta-sobre-salud-mental-en-africa\/#breadcrumb"},"inLanguage":"fr-FR","potentialAction":[{"@type":"ReadAction","target":["https:\/\/fundacionrecover.org\/fundacion-recover-alerta-sobre-salud-mental-en-africa\/"]}]},{"@type":"ImageObject","inLanguage":"fr-FR","@id":"https:\/\/fundacionrecover.org\/fundacion-recover-alerta-sobre-salud-mental-en-africa\/#primaryimage","url":"https:\/\/fundacionrecover.org\/wp-content\/uploads\/2025\/10\/Marta-en-el-Foro-de-Salud-Mental-2025.jpg","contentUrl":"https:\/\/fundacionrecover.org\/wp-content\/uploads\/2025\/10\/Marta-en-el-Foro-de-Salud-Mental-2025.jpg","width":1100,"height":799,"caption":"Marta en el Foro de Salud Mental 2025"},{"@type":"BreadcrumbList","@id":"https:\/\/fundacionrecover.org\/fundacion-recover-alerta-sobre-salud-mental-en-africa\/#breadcrumb","itemListElement":[{"@type":"ListItem","position":1,"name":"Home","item":"https:\/\/fundacionrecover.org\/"},{"@type":"ListItem","position":2,"name":"Noticias","item":"https:\/\/fundacionrecover.org\/category\/noticias\/"},{"@type":"ListItem","position":3,"name":"La directora general de Fundaci\u00f3n Recover alerta sobre la falta de recursos en salud mental en \u00c1frica subsahariana"}]},{"@type":"WebSite","@id":"https:\/\/fundacionrecover.org\/#website","url":"https:\/\/fundacionrecover.org\/","name":"La Fondation Recover, H\u00f2pitaux pour l\u2019Afrique","description":"La Fondation Recover","publisher":{"@id":"https:\/\/fundacionrecover.org\/#organization"},"potentialAction":[{"@type":"SearchAction","target":{"@type":"EntryPoint","urlTemplate":"https:\/\/fundacionrecover.org\/?s={search_term_string}"},"query-input":{"@type":"PropertyValueSpecification","valueRequired":true,"valueName":"search_term_string"}}],"inLanguage":"fr-FR"},{"@type":"Organization","@id":"https:\/\/fundacionrecover.org\/#organization","name":"La Fondation Recover, H\u00f2pitaux pour l\u2019Afrique","alternateName":"Fundaci\u00f3n Recover","url":"https:\/\/fundacionrecover.org\/","logo":{"@type":"ImageObject","inLanguage":"fr-FR","@id":"https:\/\/fundacionrecover.org\/#\/schema\/logo\/image\/","url":"https:\/\/fundacionrecover.org\/wp-content\/uploads\/2024\/03\/FundacionRecoverHospitalesParaAfrica_logo_blanco_cut.png","contentUrl":"https:\/\/fundacionrecover.org\/wp-content\/uploads\/2024\/03\/FundacionRecoverHospitalesParaAfrica_logo_blanco_cut.png","width":335,"height":183,"caption":"Fundaci\u00f3n Recover, Hospitales para \u00c1frica"},"image":{"@id":"https:\/\/fundacionrecover.org\/#\/schema\/logo\/image\/"},"sameAs":["https:\/\/www.facebook.com\/fundacionrecover\/","https:\/\/www.instagram.com\/fundacionrecover\/","https:\/\/www.linkedin.com\/company\/fundaci\u00f3n-recover-hospitales-para-\u00e1frica\/","https:\/\/www.tiktok.com\/@fundacionrecover"]},{"@type":"Person","@id":"https:\/\/fundacionrecover.org\/#\/schema\/person\/dd196faabb13b5c6e72c88bc6f7c6fb6","name":"R\u00e9cup\u00e9rer","sameAs":["https:\/\/fundacionrecover.org"]}]}},"_links":{"self":[{"href":"https:\/\/fundacionrecover.org\/fr\/wp-json\/wp\/v2\/posts\/10422","targetHints":{"allow":["GET"]}}],"collection":[{"href":"https:\/\/fundacionrecover.org\/fr\/wp-json\/wp\/v2\/posts"}],"about":[{"href":"https:\/\/fundacionrecover.org\/fr\/wp-json\/wp\/v2\/types\/post"}],"author":[{"embeddable":true,"href":"https:\/\/fundacionrecover.org\/fr\/wp-json\/wp\/v2\/users\/1"}],"replies":[{"embeddable":true,"href":"https:\/\/fundacionrecover.org\/fr\/wp-json\/wp\/v2\/comments?post=10422"}],"version-history":[{"count":0,"href":"https:\/\/fundacionrecover.org\/fr\/wp-json\/wp\/v2\/posts\/10422\/revisions"}],"wp:featuredmedia":[{"embeddable":true,"href":"https:\/\/fundacionrecover.org\/fr\/wp-json\/wp\/v2\/media\/10423"}],"wp:attachment":[{"href":"https:\/\/fundacionrecover.org\/fr\/wp-json\/wp\/v2\/media?parent=10422"}],"wp:term":[{"taxonomy":"category","embeddable":true,"href":"https:\/\/fundacionrecover.org\/fr\/wp-json\/wp\/v2\/categories?post=10422"},{"taxonomy":"post_tag","embeddable":true,"href":"https:\/\/fundacionrecover.org\/fr\/wp-json\/wp\/v2\/tags?post=10422"}],"curies":[{"name":"wp","href":"https:\/\/api.w.org\/{rel}","templated":true}]}}