{"id":10559,"date":"2025-11-19T21:43:19","date_gmt":"2025-11-19T20:43:19","guid":{"rendered":"https:\/\/fundacionrecover.org\/?p=10559"},"modified":"2025-11-26T19:58:45","modified_gmt":"2025-11-26T18:58:45","slug":"fundacion-recover-mejora-la-salud-y-el-futuro-de-miles-de-menores-en-africa","status":"publish","type":"post","link":"https:\/\/fundacionrecover.org\/fr\/fundacion-recover-mejora-la-salud-y-el-futuro-de-miles-de-menores-en-africa\/","title":{"rendered":"Fundaci\u00f3n Recover mejora la salud y el futuro de miles de menores en \u00c1frica"},"content":{"rendered":"<p>Con motivo del <strong>D\u00eda Mundial de la Infancia<\/strong>, que se celebra ma\u00f1ana 20 de noviembre, <strong>La Fondation Recover<\/strong> pone el foco en las ni\u00f1as y ni\u00f1os que cada d\u00eda se benefician de sus proyectos de salud en \u00c1frica.<\/p>\n\n\n\n<p>Entre otras acciones, m\u00e1s de 7.000 menores de 5 a\u00f1os se han beneficiado ya del programa NUTRI-m de Fundaci\u00f3n Recover que buscar reducir la desnutrici\u00f3n infantil cr\u00f3nica y aguda<\/p>\n\n\n\n<div class=\"wp-block-buttons is-layout-flex wp-block-buttons-is-layout-flex\">\n<div class=\"wp-block-button is-style-fill\"><a class=\"wp-block-button__link has-white-color has-luminous-vivid-orange-background-color has-text-color has-background has-link-color has-small-font-size has-custom-font-size wp-element-button\" href=\"https:\/\/fundacionrecover.org\/wp-content\/uploads\/2025\/11\/19.11.25_infancia-Recover.pdf\" style=\"border-radius:0px\" target=\"_blank\" rel=\"noreferrer noopener nofollow\">Descargar la nota completa aqu\u00ed<\/a><\/div>\n<\/div>\n\n\n\n<p><\/p>","protected":false},"excerpt":{"rendered":"<p>Con motivo del D\u00eda Mundial de la Infancia, que se celebra ma\u00f1ana 20 de noviembre, Fundaci\u00f3n Recover pone el foco en las ni\u00f1as y ni\u00f1os que cada d\u00eda se benefician de sus proyectos de salud en \u00c1frica. Entre otras acciones, m\u00e1s de 7.000 menores de 5 a\u00f1os se han beneficiado ya del programa NUTRI-m de [&hellip;]<\/p>\n","protected":false},"author":1,"featured_media":0,"comment_status":"closed","ping_status":"closed","sticky":false,"template":"","format":"standard","meta":{"give_campaign_id":0,"footnotes":""},"categories":[75],"tags":[],"class_list":["post-10559","post","type-post","status-publish","format-standard","hentry","category-notas-prensa"],"yoast_head":"<!-- This site is optimized with the Yoast SEO plugin v27.4 - https:\/\/yoast.com\/product\/yoast-seo-wordpress\/ -->\n<title>Fundaci\u00f3n Recover mejora la salud y el futuro de miles de menores en \u00c1frica - Fundaci\u00f3n Recover Hospitales para \u00c1frica<\/title>\n<meta name=\"robots\" content=\"index, follow, max-snippet:-1, max-image-preview:large, max-video-preview:-1\" \/>\n<link rel=\"canonical\" href=\"https:\/\/fundacionrecover.org\/fr\/fundacion-recover-mejora-la-salud-y-el-futuro-de-miles-de-menores-en-africa\/\" \/>\n<meta property=\"og:locale\" content=\"fr_FR\" \/>\n<meta property=\"og:type\" content=\"article\" \/>\n<meta property=\"og:title\" content=\"Fundaci\u00f3n Recover mejora la salud y el futuro de miles de menores en \u00c1frica - Fundaci\u00f3n Recover Hospitales para \u00c1frica\" \/>\n<meta property=\"og:description\" content=\"Con motivo del D\u00eda Mundial de la Infancia, que se celebra ma\u00f1ana 20 de noviembre, Fundaci\u00f3n Recover pone el foco en las ni\u00f1as y ni\u00f1os que cada d\u00eda se benefician de sus proyectos de salud en \u00c1frica. Entre otras acciones, m\u00e1s de 7.000 menores de 5 a\u00f1os se han beneficiado ya del programa NUTRI-m de [&hellip;]\" \/>\n<meta property=\"og:url\" content=\"https:\/\/fundacionrecover.org\/fr\/fundacion-recover-mejora-la-salud-y-el-futuro-de-miles-de-menores-en-africa\/\" \/>\n<meta property=\"og:site_name\" content=\"Fundaci\u00f3n Recover Hospitales para \u00c1frica\" \/>\n<meta property=\"article:publisher\" content=\"https:\/\/www.facebook.com\/fundacionrecover\/\" \/>\n<meta property=\"article:published_time\" content=\"2025-11-19T20:43:19+00:00\" \/>\n<meta property=\"article:modified_time\" content=\"2025-11-26T18:58:45+00:00\" \/>\n<meta property=\"og:image\" content=\"https:\/\/fundacionrecover.org\/wp-content\/uploads\/2024\/05\/Logotipo_FundacionRecover_FondoVerde_ESP.png\" \/>\n\t<meta property=\"og:image:width\" content=\"334\" \/>\n\t<meta property=\"og:image:height\" content=\"272\" \/>\n\t<meta property=\"og:image:type\" content=\"image\/png\" \/>\n<meta name=\"author\" content=\"Recover\" \/>\n<meta name=\"twitter:card\" content=\"summary_large_image\" \/>\n<meta name=\"twitter:label1\" content=\"\u00c9crit par\" \/>\n\t<meta name=\"twitter:data1\" content=\"Recover\" \/>\n\t<meta name=\"twitter:label2\" content=\"Dur\u00e9e de lecture estim\u00e9e\" \/>\n\t<meta name=\"twitter:data2\" content=\"1 minute\" \/>\n<script type=\"application\/ld+json\" class=\"yoast-schema-graph\">{\"@context\":\"https:\\\/\\\/schema.org\",\"@graph\":[{\"@type\":\"Article\",\"@id\":\"https:\\\/\\\/fundacionrecover.org\\\/fundacion-recover-mejora-la-salud-y-el-futuro-de-miles-de-menores-en-africa\\\/#article\",\"isPartOf\":{\"@id\":\"https:\\\/\\\/fundacionrecover.org\\\/fundacion-recover-mejora-la-salud-y-el-futuro-de-miles-de-menores-en-africa\\\/\"},\"author\":{\"name\":\"Recover\",\"@id\":\"https:\\\/\\\/fundacionrecover.org\\\/#\\\/schema\\\/person\\\/dd196faabb13b5c6e72c88bc6f7c6fb6\"},\"headline\":\"Fundaci\u00f3n Recover mejora la salud y el futuro de miles de menores en \u00c1frica\",\"datePublished\":\"2025-11-19T20:43:19+00:00\",\"dateModified\":\"2025-11-26T18:58:45+00:00\",\"mainEntityOfPage\":{\"@id\":\"https:\\\/\\\/fundacionrecover.org\\\/fundacion-recover-mejora-la-salud-y-el-futuro-de-miles-de-menores-en-africa\\\/\"},\"wordCount\":94,\"publisher\":{\"@id\":\"https:\\\/\\\/fundacionrecover.org\\\/#organization\"},\"articleSection\":[\"Notas de prensa\"],\"inLanguage\":\"fr-FR\"},{\"@type\":\"WebPage\",\"@id\":\"https:\\\/\\\/fundacionrecover.org\\\/fundacion-recover-mejora-la-salud-y-el-futuro-de-miles-de-menores-en-africa\\\/\",\"url\":\"https:\\\/\\\/fundacionrecover.org\\\/fundacion-recover-mejora-la-salud-y-el-futuro-de-miles-de-menores-en-africa\\\/\",\"name\":\"Fundaci\u00f3n Recover mejora la salud y el futuro de miles de menores en \u00c1frica - Fundaci\u00f3n Recover Hospitales para \u00c1frica\",\"isPartOf\":{\"@id\":\"https:\\\/\\\/fundacionrecover.org\\\/#website\"},\"datePublished\":\"2025-11-19T20:43:19+00:00\",\"dateModified\":\"2025-11-26T18:58:45+00:00\",\"breadcrumb\":{\"@id\":\"https:\\\/\\\/fundacionrecover.org\\\/fundacion-recover-mejora-la-salud-y-el-futuro-de-miles-de-menores-en-africa\\\/#breadcrumb\"},\"inLanguage\":\"fr-FR\",\"potentialAction\":[{\"@type\":\"ReadAction\",\"target\":[\"https:\\\/\\\/fundacionrecover.org\\\/fundacion-recover-mejora-la-salud-y-el-futuro-de-miles-de-menores-en-africa\\\/\"]}]},{\"@type\":\"BreadcrumbList\",\"@id\":\"https:\\\/\\\/fundacionrecover.org\\\/fundacion-recover-mejora-la-salud-y-el-futuro-de-miles-de-menores-en-africa\\\/#breadcrumb\",\"itemListElement\":[{\"@type\":\"ListItem\",\"position\":1,\"name\":\"Home\",\"item\":\"https:\\\/\\\/fundacionrecover.org\\\/\"},{\"@type\":\"ListItem\",\"position\":2,\"name\":\"Notas de prensa\",\"item\":\"https:\\\/\\\/fundacionrecover.org\\\/category\\\/notas-prensa\\\/\"},{\"@type\":\"ListItem\",\"position\":3,\"name\":\"Fundaci\u00f3n Recover mejora la salud y el futuro de miles de menores en \u00c1frica\"}]},{\"@type\":\"WebSite\",\"@id\":\"https:\\\/\\\/fundacionrecover.org\\\/#website\",\"url\":\"https:\\\/\\\/fundacionrecover.org\\\/\",\"name\":\"Fundaci\u00f3n Recover Hospitales para \u00c1frica\",\"description\":\"Fundaci\u00f3n Recover\",\"publisher\":{\"@id\":\"https:\\\/\\\/fundacionrecover.org\\\/#organization\"},\"potentialAction\":[{\"@type\":\"SearchAction\",\"target\":{\"@type\":\"EntryPoint\",\"urlTemplate\":\"https:\\\/\\\/fundacionrecover.org\\\/?s={search_term_string}\"},\"query-input\":{\"@type\":\"PropertyValueSpecification\",\"valueRequired\":true,\"valueName\":\"search_term_string\"}}],\"inLanguage\":\"fr-FR\"},{\"@type\":\"Organization\",\"@id\":\"https:\\\/\\\/fundacionrecover.org\\\/#organization\",\"name\":\"Fundaci\u00f3n Recover, Hospitales para \u00c1frica\",\"alternateName\":\"Fundaci\u00f3n Recover\",\"url\":\"https:\\\/\\\/fundacionrecover.org\\\/\",\"logo\":{\"@type\":\"ImageObject\",\"inLanguage\":\"fr-FR\",\"@id\":\"https:\\\/\\\/fundacionrecover.org\\\/#\\\/schema\\\/logo\\\/image\\\/\",\"url\":\"https:\\\/\\\/fundacionrecover.org\\\/wp-content\\\/uploads\\\/2024\\\/03\\\/FundacionRecoverHospitalesParaAfrica_logo_blanco_cut.png\",\"contentUrl\":\"https:\\\/\\\/fundacionrecover.org\\\/wp-content\\\/uploads\\\/2024\\\/03\\\/FundacionRecoverHospitalesParaAfrica_logo_blanco_cut.png\",\"width\":335,\"height\":183,\"caption\":\"Fundaci\u00f3n Recover, Hospitales para \u00c1frica\"},\"image\":{\"@id\":\"https:\\\/\\\/fundacionrecover.org\\\/#\\\/schema\\\/logo\\\/image\\\/\"},\"sameAs\":[\"https:\\\/\\\/www.facebook.com\\\/fundacionrecover\\\/\",\"https:\\\/\\\/www.instagram.com\\\/fundacionrecover\\\/\",\"https:\\\/\\\/www.linkedin.com\\\/company\\\/fundaci\u00f3n-recover-hospitales-para-\u00e1frica\\\/\",\"https:\\\/\\\/www.tiktok.com\\\/@fundacionrecover\"]},{\"@type\":\"Person\",\"@id\":\"https:\\\/\\\/fundacionrecover.org\\\/#\\\/schema\\\/person\\\/dd196faabb13b5c6e72c88bc6f7c6fb6\",\"name\":\"Recover\",\"sameAs\":[\"https:\\\/\\\/fundacionrecover.org\"]}]}<\/script>\n<!-- \/ Yoast SEO plugin. -->","yoast_head_json":{"title":"Fundaci\u00f3n Recover mejora la salud y el futuro de miles de menores en \u00c1frica - Fundaci\u00f3n Recover Hospitales para \u00c1frica","robots":{"index":"index","follow":"follow","max-snippet":"max-snippet:-1","max-image-preview":"max-image-preview:large","max-video-preview":"max-video-preview:-1"},"canonical":"https:\/\/fundacionrecover.org\/fr\/fundacion-recover-mejora-la-salud-y-el-futuro-de-miles-de-menores-en-africa\/","og_locale":"fr_FR","og_type":"article","og_title":"Fundaci\u00f3n Recover mejora la salud y el futuro de miles de menores en \u00c1frica - Fundaci\u00f3n Recover Hospitales para \u00c1frica","og_description":"Con motivo del D\u00eda Mundial de la Infancia, que se celebra ma\u00f1ana 20 de noviembre, Fundaci\u00f3n Recover pone el foco en las ni\u00f1as y ni\u00f1os que cada d\u00eda se benefician de sus proyectos de salud en \u00c1frica. Entre otras acciones, m\u00e1s de 7.000 menores de 5 a\u00f1os se han beneficiado ya del programa NUTRI-m de [&hellip;]","og_url":"https:\/\/fundacionrecover.org\/fr\/fundacion-recover-mejora-la-salud-y-el-futuro-de-miles-de-menores-en-africa\/","og_site_name":"Fundaci\u00f3n Recover Hospitales para \u00c1frica","article_publisher":"https:\/\/www.facebook.com\/fundacionrecover\/","article_published_time":"2025-11-19T20:43:19+00:00","article_modified_time":"2025-11-26T18:58:45+00:00","og_image":[{"width":334,"height":272,"url":"https:\/\/fundacionrecover.org\/wp-content\/uploads\/2024\/05\/Logotipo_FundacionRecover_FondoVerde_ESP.png","type":"image\/png"}],"author":"Recover","twitter_card":"summary_large_image","twitter_misc":{"\u00c9crit par":"Recover","Dur\u00e9e de lecture estim\u00e9e":"1 minute"},"schema":{"@context":"https:\/\/schema.org","@graph":[{"@type":"Article","@id":"https:\/\/fundacionrecover.org\/fundacion-recover-mejora-la-salud-y-el-futuro-de-miles-de-menores-en-africa\/#article","isPartOf":{"@id":"https:\/\/fundacionrecover.org\/fundacion-recover-mejora-la-salud-y-el-futuro-de-miles-de-menores-en-africa\/"},"author":{"name":"Recover","@id":"https:\/\/fundacionrecover.org\/#\/schema\/person\/dd196faabb13b5c6e72c88bc6f7c6fb6"},"headline":"Fundaci\u00f3n Recover mejora la salud y el futuro de miles de menores en \u00c1frica","datePublished":"2025-11-19T20:43:19+00:00","dateModified":"2025-11-26T18:58:45+00:00","mainEntityOfPage":{"@id":"https:\/\/fundacionrecover.org\/fundacion-recover-mejora-la-salud-y-el-futuro-de-miles-de-menores-en-africa\/"},"wordCount":94,"publisher":{"@id":"https:\/\/fundacionrecover.org\/#organization"},"articleSection":["Notas de prensa"],"inLanguage":"fr-FR"},{"@type":"WebPage","@id":"https:\/\/fundacionrecover.org\/fundacion-recover-mejora-la-salud-y-el-futuro-de-miles-de-menores-en-africa\/","url":"https:\/\/fundacionrecover.org\/fundacion-recover-mejora-la-salud-y-el-futuro-de-miles-de-menores-en-africa\/","name":"Fundaci\u00f3n Recover mejora la salud y el futuro de miles de menores en \u00c1frica - Fundaci\u00f3n Recover Hospitales para \u00c1frica","isPartOf":{"@id":"https:\/\/fundacionrecover.org\/#website"},"datePublished":"2025-11-19T20:43:19+00:00","dateModified":"2025-11-26T18:58:45+00:00","breadcrumb":{"@id":"https:\/\/fundacionrecover.org\/fundacion-recover-mejora-la-salud-y-el-futuro-de-miles-de-menores-en-africa\/#breadcrumb"},"inLanguage":"fr-FR","potentialAction":[{"@type":"ReadAction","target":["https:\/\/fundacionrecover.org\/fundacion-recover-mejora-la-salud-y-el-futuro-de-miles-de-menores-en-africa\/"]}]},{"@type":"BreadcrumbList","@id":"https:\/\/fundacionrecover.org\/fundacion-recover-mejora-la-salud-y-el-futuro-de-miles-de-menores-en-africa\/#breadcrumb","itemListElement":[{"@type":"ListItem","position":1,"name":"Home","item":"https:\/\/fundacionrecover.org\/"},{"@type":"ListItem","position":2,"name":"Notas de prensa","item":"https:\/\/fundacionrecover.org\/category\/notas-prensa\/"},{"@type":"ListItem","position":3,"name":"Fundaci\u00f3n Recover mejora la salud y el futuro de miles de menores en \u00c1frica"}]},{"@type":"WebSite","@id":"https:\/\/fundacionrecover.org\/#website","url":"https:\/\/fundacionrecover.org\/","name":"La Fondation Recover, H\u00f2pitaux pour l\u2019Afrique","description":"La Fondation Recover","publisher":{"@id":"https:\/\/fundacionrecover.org\/#organization"},"potentialAction":[{"@type":"SearchAction","target":{"@type":"EntryPoint","urlTemplate":"https:\/\/fundacionrecover.org\/?s={search_term_string}"},"query-input":{"@type":"PropertyValueSpecification","valueRequired":true,"valueName":"search_term_string"}}],"inLanguage":"fr-FR"},{"@type":"Organization","@id":"https:\/\/fundacionrecover.org\/#organization","name":"La Fondation Recover, H\u00f2pitaux pour l\u2019Afrique","alternateName":"Fundaci\u00f3n Recover","url":"https:\/\/fundacionrecover.org\/","logo":{"@type":"ImageObject","inLanguage":"fr-FR","@id":"https:\/\/fundacionrecover.org\/#\/schema\/logo\/image\/","url":"https:\/\/fundacionrecover.org\/wp-content\/uploads\/2024\/03\/FundacionRecoverHospitalesParaAfrica_logo_blanco_cut.png","contentUrl":"https:\/\/fundacionrecover.org\/wp-content\/uploads\/2024\/03\/FundacionRecoverHospitalesParaAfrica_logo_blanco_cut.png","width":335,"height":183,"caption":"Fundaci\u00f3n Recover, Hospitales para \u00c1frica"},"image":{"@id":"https:\/\/fundacionrecover.org\/#\/schema\/logo\/image\/"},"sameAs":["https:\/\/www.facebook.com\/fundacionrecover\/","https:\/\/www.instagram.com\/fundacionrecover\/","https:\/\/www.linkedin.com\/company\/fundaci\u00f3n-recover-hospitales-para-\u00e1frica\/","https:\/\/www.tiktok.com\/@fundacionrecover"]},{"@type":"Person","@id":"https:\/\/fundacionrecover.org\/#\/schema\/person\/dd196faabb13b5c6e72c88bc6f7c6fb6","name":"R\u00e9cup\u00e9rer","sameAs":["https:\/\/fundacionrecover.org"]}]}},"_links":{"self":[{"href":"https:\/\/fundacionrecover.org\/fr\/wp-json\/wp\/v2\/posts\/10559","targetHints":{"allow":["GET"]}}],"collection":[{"href":"https:\/\/fundacionrecover.org\/fr\/wp-json\/wp\/v2\/posts"}],"about":[{"href":"https:\/\/fundacionrecover.org\/fr\/wp-json\/wp\/v2\/types\/post"}],"author":[{"embeddable":true,"href":"https:\/\/fundacionrecover.org\/fr\/wp-json\/wp\/v2\/users\/1"}],"replies":[{"embeddable":true,"href":"https:\/\/fundacionrecover.org\/fr\/wp-json\/wp\/v2\/comments?post=10559"}],"version-history":[{"count":2,"href":"https:\/\/fundacionrecover.org\/fr\/wp-json\/wp\/v2\/posts\/10559\/revisions"}],"predecessor-version":[{"id":10564,"href":"https:\/\/fundacionrecover.org\/fr\/wp-json\/wp\/v2\/posts\/10559\/revisions\/10564"}],"wp:attachment":[{"href":"https:\/\/fundacionrecover.org\/fr\/wp-json\/wp\/v2\/media?parent=10559"}],"wp:term":[{"taxonomy":"category","embeddable":true,"href":"https:\/\/fundacionrecover.org\/fr\/wp-json\/wp\/v2\/categories?post=10559"},{"taxonomy":"post_tag","embeddable":true,"href":"https:\/\/fundacionrecover.org\/fr\/wp-json\/wp\/v2\/tags?post=10559"}],"curies":[{"name":"wp","href":"https:\/\/api.w.org\/{rel}","templated":true}]}}