{"id":10748,"date":"2026-02-12T10:43:30","date_gmt":"2026-02-12T09:43:30","guid":{"rendered":"https:\/\/fundacionrecover.org\/?p=10748"},"modified":"2026-02-20T12:34:09","modified_gmt":"2026-02-20T11:34:09","slug":"cooperacion-sanitaria-a-traves-de-la-telemedicina","status":"publish","type":"post","link":"https:\/\/fundacionrecover.org\/fr\/cooperacion-sanitaria-a-traves-de-la-telemedicina\/","title":{"rendered":"Cooperaci\u00f3n sanitaria a trav\u00e9s de la Telemedicina"},"content":{"rendered":"<p>En febrero, Fundaci\u00f3n Recover ha compartido su experiencia en cooperaci\u00f3n sanitaria basada en la Telemedicina en dos foros de referencia del \u00e1mbito pedi\u00e1trico y fundacional, poniendo el foco en el <strong>impacto real de este modelo en contextos con recursos limitados<\/strong>.<\/p>\n\n\n\n<p>El 7 de febrero, la directora general de Fundaci\u00f3n Recover, Marta Mara\u00f1\u00f3n, particip\u00f3 en las XII Jornadas de Cooperaci\u00f3n Sanitaria Pedi\u00e1tricas organizadas por la Sociedad Espa\u00f1ola de Infectolog\u00eda Pedi\u00e1trica. Durante su intervenci\u00f3n, expuso la<strong> visi\u00f3n estrat\u00e9gica de la organizaci\u00f3n y los resultados de su modelo de cooperaci\u00f3n<\/strong>, con especial atenci\u00f3n a los datos de la comunidad de Pediatr\u00eda dentro de la plataforma de Telemedicina.<\/p>\n\n\n\n<figure class=\"wp-block-image alignright size-full is-resized\"><img fetchpriority=\"high\" decoding=\"async\" width=\"600\" height=\"800\" src=\"https:\/\/fundacionrecover.org\/wp-content\/uploads\/2026\/02\/Intervencion-Nery-sobre-Telemedicina-03.jpg\" alt=\"\" class=\"wp-image-10749\" style=\"width:335px;height:auto\" srcset=\"https:\/\/fundacionrecover.org\/wp-content\/uploads\/2026\/02\/Intervencion-Nery-sobre-Telemedicina-03.jpg 600w, https:\/\/fundacionrecover.org\/wp-content\/uploads\/2026\/02\/Intervencion-Nery-sobre-Telemedicina-03-225x300.jpg 225w, https:\/\/fundacionrecover.org\/wp-content\/uploads\/2026\/02\/Intervencion-Nery-sobre-Telemedicina-03-9x12.jpg 9w\" sizes=\"(max-width: 600px) 100vw, 600px\" \/><figcaption class=\"wp-element-caption\"><em><sub>Nery Villalobos en el encuentro de la Asociaci\u00f3n Espa\u00f1ola de Fundaciones<\/sub><\/em><\/figcaption><\/figure>\n\n\n\n<p>La Dra. Katie Badillo complement\u00f3 la ponencia con la presentaci\u00f3n de casos cl\u00ednicos resueltos a trav\u00e9s de la plataforma, mostrando c\u00f3mo el intercambio entre profesionales permite <strong>mejorar diagn\u00f3sticos y tratamientos sin necesidad de desplazamientos<\/strong>. El inter\u00e9s suscitado fue notable, especialmente en relaci\u00f3n con la posibilidad de que <a href=\"https:\/\/fundacionrecover.org\/fr\/devient-volontaire\/\"><mark style=\"background-color:rgba(0, 0, 0, 0)\" class=\"has-inline-color has-luminous-vivid-orange-color\">m\u00e1s especialistas se incorporen a la<strong> red de voluntariado sanitario<\/strong><\/mark><\/a>.<\/p>\n\n\n\n<p>D\u00edas despu\u00e9s, el 11 de febrero, Fundaci\u00f3n Recover particip\u00f3 en la jornada \u201cRompiendo barreras tecnol\u00f3gicas y sociales en el \u00e1mbito de la salud\u201d, organizada por la Asociaci\u00f3n Espa\u00f1ola de Fundaciones en la sede de la Organizaci\u00f3n M\u00e9dica Colegial, en Madrid. En este encuentro anual del Grupo de trabajo de Fundaciones de Salud, Investigaci\u00f3n y Bienestar, del que Recover forma parte, la responsable de Telemedicina, Nery Villalobos, explic\u00f3 c\u00f3mo <strong>se utiliza la <a href=\"https:\/\/fundacionrecover.org\/fr\/comment-nous-travaillons\/#apoyocentrossalud\"><mark style=\"background-color:rgba(0, 0, 0, 0)\" class=\"has-inline-color has-luminous-vivid-orange-color\">tecnolog\u00eda para apoyar al personal sanitario local<\/mark><\/a> y reforzar la capacidad diagn\u00f3stica en hospitales africanos<\/strong>.<\/p>\n\n\n\n<p>La Dra. Katie Badillo aport\u00f3 tambi\u00e9n en este foro la perspectiva cl\u00ednica y su experiencia como voluntaria, evidenciando c\u00f3mo la Telemedicina no solo conecta profesionales, sino que <strong>construye comunidad y conocimiento compartido al servicio de pacientes<\/strong> que, de otro modo, tendr\u00edan un acceso muy limitado a especialistas.<\/p>\n\n\n\n<p><\/p>","protected":false},"excerpt":{"rendered":"<p>Fundaci\u00f3n Recover present\u00f3 su modelo de Telemedicina en las XII Jornadas de Cooperaci\u00f3n Sanitaria Pedi\u00e1tricas de la Sociedad Espa\u00f1ola de Infectolog\u00eda Pedi\u00e1trica y en la jornada del Grupo de trabajo de Fundaciones de Salud, Investigaci\u00f3n y Bienestar de la Asociaci\u00f3n Espa\u00f1ola de Fundaciones. En ambos encuentros expuso resultados, casos cl\u00ednicos y el impacto de la plataforma de Telemedicina en hospitales de \u00c1frica.<\/p>","protected":false},"author":1,"featured_media":10750,"comment_status":"closed","ping_status":"closed","sticky":false,"template":"","format":"standard","meta":{"give_campaign_id":0,"footnotes":""},"categories":[11],"tags":[],"class_list":["post-10748","post","type-post","status-publish","format-standard","has-post-thumbnail","hentry","category-noticias"],"yoast_head":"<!-- This site is optimized with the Yoast SEO plugin v27.4 - https:\/\/yoast.com\/product\/yoast-seo-wordpress\/ -->\n<title>Cooperaci\u00f3n sanitaria a trav\u00e9s de la Telemedicina - Fundaci\u00f3n Recover Hospitales para \u00c1frica<\/title>\n<meta name=\"robots\" content=\"index, follow, max-snippet:-1, max-image-preview:large, max-video-preview:-1\" \/>\n<link rel=\"canonical\" href=\"https:\/\/fundacionrecover.org\/fr\/cooperacion-sanitaria-a-traves-de-la-telemedicina\/\" \/>\n<meta property=\"og:locale\" content=\"fr_FR\" \/>\n<meta property=\"og:type\" content=\"article\" \/>\n<meta property=\"og:title\" content=\"Cooperaci\u00f3n sanitaria a trav\u00e9s de la Telemedicina - Fundaci\u00f3n Recover Hospitales para \u00c1frica\" \/>\n<meta property=\"og:description\" content=\"Fundaci\u00f3n Recover present\u00f3 su modelo de Telemedicina en las XII Jornadas de Cooperaci\u00f3n Sanitaria Pedi\u00e1tricas de la Sociedad Espa\u00f1ola de Infectolog\u00eda Pedi\u00e1trica y en la jornada del Grupo de trabajo de Fundaciones de Salud, Investigaci\u00f3n y Bienestar de la Asociaci\u00f3n Espa\u00f1ola de Fundaciones. En ambos encuentros expuso resultados, casos cl\u00ednicos y el impacto de la plataforma de Telemedicina en hospitales de \u00c1frica.\" \/>\n<meta property=\"og:url\" content=\"https:\/\/fundacionrecover.org\/fr\/cooperacion-sanitaria-a-traves-de-la-telemedicina\/\" \/>\n<meta property=\"og:site_name\" content=\"Fundaci\u00f3n Recover Hospitales para \u00c1frica\" \/>\n<meta property=\"article:publisher\" content=\"https:\/\/www.facebook.com\/fundacionrecover\/\" \/>\n<meta property=\"article:published_time\" content=\"2026-02-12T09:43:30+00:00\" \/>\n<meta property=\"article:modified_time\" content=\"2026-02-20T11:34:09+00:00\" \/>\n<meta property=\"og:image\" content=\"https:\/\/fundacionrecover.org\/wp-content\/uploads\/2026\/02\/Intervencion-Nery-sobre-Telemedicina.jpg\" \/>\n\t<meta property=\"og:image:width\" content=\"1100\" \/>\n\t<meta property=\"og:image:height\" content=\"825\" \/>\n\t<meta property=\"og:image:type\" content=\"image\/jpeg\" \/>\n<meta name=\"author\" content=\"Recover\" \/>\n<meta name=\"twitter:card\" content=\"summary_large_image\" \/>\n<meta name=\"twitter:label1\" content=\"\u00c9crit par\" \/>\n\t<meta name=\"twitter:data1\" content=\"Recover\" \/>\n\t<meta name=\"twitter:label2\" content=\"Dur\u00e9e de lecture estim\u00e9e\" \/>\n\t<meta name=\"twitter:data2\" content=\"2 minutes\" \/>\n<script type=\"application\/ld+json\" class=\"yoast-schema-graph\">{\"@context\":\"https:\\\/\\\/schema.org\",\"@graph\":[{\"@type\":\"Article\",\"@id\":\"https:\\\/\\\/fundacionrecover.org\\\/cooperacion-sanitaria-a-traves-de-la-telemedicina\\\/#article\",\"isPartOf\":{\"@id\":\"https:\\\/\\\/fundacionrecover.org\\\/cooperacion-sanitaria-a-traves-de-la-telemedicina\\\/\"},\"author\":{\"name\":\"Recover\",\"@id\":\"https:\\\/\\\/fundacionrecover.org\\\/#\\\/schema\\\/person\\\/dd196faabb13b5c6e72c88bc6f7c6fb6\"},\"headline\":\"Cooperaci\u00f3n sanitaria a trav\u00e9s de la Telemedicina\",\"datePublished\":\"2026-02-12T09:43:30+00:00\",\"dateModified\":\"2026-02-20T11:34:09+00:00\",\"mainEntityOfPage\":{\"@id\":\"https:\\\/\\\/fundacionrecover.org\\\/cooperacion-sanitaria-a-traves-de-la-telemedicina\\\/\"},\"wordCount\":355,\"publisher\":{\"@id\":\"https:\\\/\\\/fundacionrecover.org\\\/#organization\"},\"image\":{\"@id\":\"https:\\\/\\\/fundacionrecover.org\\\/cooperacion-sanitaria-a-traves-de-la-telemedicina\\\/#primaryimage\"},\"thumbnailUrl\":\"https:\\\/\\\/fundacionrecover.org\\\/wp-content\\\/uploads\\\/2026\\\/02\\\/Intervencion-Nery-sobre-Telemedicina.jpg\",\"articleSection\":[\"Noticias\"],\"inLanguage\":\"fr-FR\"},{\"@type\":\"WebPage\",\"@id\":\"https:\\\/\\\/fundacionrecover.org\\\/cooperacion-sanitaria-a-traves-de-la-telemedicina\\\/\",\"url\":\"https:\\\/\\\/fundacionrecover.org\\\/cooperacion-sanitaria-a-traves-de-la-telemedicina\\\/\",\"name\":\"Cooperaci\u00f3n sanitaria a trav\u00e9s de la Telemedicina - Fundaci\u00f3n Recover Hospitales para \u00c1frica\",\"isPartOf\":{\"@id\":\"https:\\\/\\\/fundacionrecover.org\\\/#website\"},\"primaryImageOfPage\":{\"@id\":\"https:\\\/\\\/fundacionrecover.org\\\/cooperacion-sanitaria-a-traves-de-la-telemedicina\\\/#primaryimage\"},\"image\":{\"@id\":\"https:\\\/\\\/fundacionrecover.org\\\/cooperacion-sanitaria-a-traves-de-la-telemedicina\\\/#primaryimage\"},\"thumbnailUrl\":\"https:\\\/\\\/fundacionrecover.org\\\/wp-content\\\/uploads\\\/2026\\\/02\\\/Intervencion-Nery-sobre-Telemedicina.jpg\",\"datePublished\":\"2026-02-12T09:43:30+00:00\",\"dateModified\":\"2026-02-20T11:34:09+00:00\",\"breadcrumb\":{\"@id\":\"https:\\\/\\\/fundacionrecover.org\\\/cooperacion-sanitaria-a-traves-de-la-telemedicina\\\/#breadcrumb\"},\"inLanguage\":\"fr-FR\",\"potentialAction\":[{\"@type\":\"ReadAction\",\"target\":[\"https:\\\/\\\/fundacionrecover.org\\\/cooperacion-sanitaria-a-traves-de-la-telemedicina\\\/\"]}]},{\"@type\":\"ImageObject\",\"inLanguage\":\"fr-FR\",\"@id\":\"https:\\\/\\\/fundacionrecover.org\\\/cooperacion-sanitaria-a-traves-de-la-telemedicina\\\/#primaryimage\",\"url\":\"https:\\\/\\\/fundacionrecover.org\\\/wp-content\\\/uploads\\\/2026\\\/02\\\/Intervencion-Nery-sobre-Telemedicina.jpg\",\"contentUrl\":\"https:\\\/\\\/fundacionrecover.org\\\/wp-content\\\/uploads\\\/2026\\\/02\\\/Intervencion-Nery-sobre-Telemedicina.jpg\",\"width\":1100,\"height\":825,\"caption\":\"Intervenci\u00f3n Nery sobre Telemedicina\"},{\"@type\":\"BreadcrumbList\",\"@id\":\"https:\\\/\\\/fundacionrecover.org\\\/cooperacion-sanitaria-a-traves-de-la-telemedicina\\\/#breadcrumb\",\"itemListElement\":[{\"@type\":\"ListItem\",\"position\":1,\"name\":\"Home\",\"item\":\"https:\\\/\\\/fundacionrecover.org\\\/\"},{\"@type\":\"ListItem\",\"position\":2,\"name\":\"Noticias\",\"item\":\"https:\\\/\\\/fundacionrecover.org\\\/category\\\/noticias\\\/\"},{\"@type\":\"ListItem\",\"position\":3,\"name\":\"Cooperaci\u00f3n sanitaria a trav\u00e9s de la Telemedicina\"}]},{\"@type\":\"WebSite\",\"@id\":\"https:\\\/\\\/fundacionrecover.org\\\/#website\",\"url\":\"https:\\\/\\\/fundacionrecover.org\\\/\",\"name\":\"Fundaci\u00f3n Recover Hospitales para \u00c1frica\",\"description\":\"Fundaci\u00f3n Recover\",\"publisher\":{\"@id\":\"https:\\\/\\\/fundacionrecover.org\\\/#organization\"},\"potentialAction\":[{\"@type\":\"SearchAction\",\"target\":{\"@type\":\"EntryPoint\",\"urlTemplate\":\"https:\\\/\\\/fundacionrecover.org\\\/?s={search_term_string}\"},\"query-input\":{\"@type\":\"PropertyValueSpecification\",\"valueRequired\":true,\"valueName\":\"search_term_string\"}}],\"inLanguage\":\"fr-FR\"},{\"@type\":\"Organization\",\"@id\":\"https:\\\/\\\/fundacionrecover.org\\\/#organization\",\"name\":\"Fundaci\u00f3n Recover, Hospitales para \u00c1frica\",\"alternateName\":\"Fundaci\u00f3n Recover\",\"url\":\"https:\\\/\\\/fundacionrecover.org\\\/\",\"logo\":{\"@type\":\"ImageObject\",\"inLanguage\":\"fr-FR\",\"@id\":\"https:\\\/\\\/fundacionrecover.org\\\/#\\\/schema\\\/logo\\\/image\\\/\",\"url\":\"https:\\\/\\\/fundacionrecover.org\\\/wp-content\\\/uploads\\\/2024\\\/03\\\/FundacionRecoverHospitalesParaAfrica_logo_blanco_cut.png\",\"contentUrl\":\"https:\\\/\\\/fundacionrecover.org\\\/wp-content\\\/uploads\\\/2024\\\/03\\\/FundacionRecoverHospitalesParaAfrica_logo_blanco_cut.png\",\"width\":335,\"height\":183,\"caption\":\"Fundaci\u00f3n Recover, Hospitales para \u00c1frica\"},\"image\":{\"@id\":\"https:\\\/\\\/fundacionrecover.org\\\/#\\\/schema\\\/logo\\\/image\\\/\"},\"sameAs\":[\"https:\\\/\\\/www.facebook.com\\\/fundacionrecover\\\/\",\"https:\\\/\\\/www.instagram.com\\\/fundacionrecover\\\/\",\"https:\\\/\\\/www.linkedin.com\\\/company\\\/fundaci\u00f3n-recover-hospitales-para-\u00e1frica\\\/\",\"https:\\\/\\\/www.tiktok.com\\\/@fundacionrecover\"]},{\"@type\":\"Person\",\"@id\":\"https:\\\/\\\/fundacionrecover.org\\\/#\\\/schema\\\/person\\\/dd196faabb13b5c6e72c88bc6f7c6fb6\",\"name\":\"Recover\",\"sameAs\":[\"https:\\\/\\\/fundacionrecover.org\"]}]}<\/script>\n<!-- \/ Yoast SEO plugin. -->","yoast_head_json":{"title":"Cooperaci\u00f3n sanitaria a trav\u00e9s de la Telemedicina - Fundaci\u00f3n Recover Hospitales para \u00c1frica","robots":{"index":"index","follow":"follow","max-snippet":"max-snippet:-1","max-image-preview":"max-image-preview:large","max-video-preview":"max-video-preview:-1"},"canonical":"https:\/\/fundacionrecover.org\/fr\/cooperacion-sanitaria-a-traves-de-la-telemedicina\/","og_locale":"fr_FR","og_type":"article","og_title":"Cooperaci\u00f3n sanitaria a trav\u00e9s de la Telemedicina - Fundaci\u00f3n Recover Hospitales para \u00c1frica","og_description":"Fundaci\u00f3n Recover present\u00f3 su modelo de Telemedicina en las XII Jornadas de Cooperaci\u00f3n Sanitaria Pedi\u00e1tricas de la Sociedad Espa\u00f1ola de Infectolog\u00eda Pedi\u00e1trica y en la jornada del Grupo de trabajo de Fundaciones de Salud, Investigaci\u00f3n y Bienestar de la Asociaci\u00f3n Espa\u00f1ola de Fundaciones. En ambos encuentros expuso resultados, casos cl\u00ednicos y el impacto de la plataforma de Telemedicina en hospitales de \u00c1frica.","og_url":"https:\/\/fundacionrecover.org\/fr\/cooperacion-sanitaria-a-traves-de-la-telemedicina\/","og_site_name":"Fundaci\u00f3n Recover Hospitales para \u00c1frica","article_publisher":"https:\/\/www.facebook.com\/fundacionrecover\/","article_published_time":"2026-02-12T09:43:30+00:00","article_modified_time":"2026-02-20T11:34:09+00:00","og_image":[{"width":1100,"height":825,"url":"https:\/\/fundacionrecover.org\/wp-content\/uploads\/2026\/02\/Intervencion-Nery-sobre-Telemedicina.jpg","type":"image\/jpeg"}],"author":"Recover","twitter_card":"summary_large_image","twitter_misc":{"\u00c9crit par":"Recover","Dur\u00e9e de lecture estim\u00e9e":"2 minutes"},"schema":{"@context":"https:\/\/schema.org","@graph":[{"@type":"Article","@id":"https:\/\/fundacionrecover.org\/cooperacion-sanitaria-a-traves-de-la-telemedicina\/#article","isPartOf":{"@id":"https:\/\/fundacionrecover.org\/cooperacion-sanitaria-a-traves-de-la-telemedicina\/"},"author":{"name":"Recover","@id":"https:\/\/fundacionrecover.org\/#\/schema\/person\/dd196faabb13b5c6e72c88bc6f7c6fb6"},"headline":"Cooperaci\u00f3n sanitaria a trav\u00e9s de la Telemedicina","datePublished":"2026-02-12T09:43:30+00:00","dateModified":"2026-02-20T11:34:09+00:00","mainEntityOfPage":{"@id":"https:\/\/fundacionrecover.org\/cooperacion-sanitaria-a-traves-de-la-telemedicina\/"},"wordCount":355,"publisher":{"@id":"https:\/\/fundacionrecover.org\/#organization"},"image":{"@id":"https:\/\/fundacionrecover.org\/cooperacion-sanitaria-a-traves-de-la-telemedicina\/#primaryimage"},"thumbnailUrl":"https:\/\/fundacionrecover.org\/wp-content\/uploads\/2026\/02\/Intervencion-Nery-sobre-Telemedicina.jpg","articleSection":["Noticias"],"inLanguage":"fr-FR"},{"@type":"WebPage","@id":"https:\/\/fundacionrecover.org\/cooperacion-sanitaria-a-traves-de-la-telemedicina\/","url":"https:\/\/fundacionrecover.org\/cooperacion-sanitaria-a-traves-de-la-telemedicina\/","name":"Cooperaci\u00f3n sanitaria a trav\u00e9s de la Telemedicina - Fundaci\u00f3n Recover Hospitales para \u00c1frica","isPartOf":{"@id":"https:\/\/fundacionrecover.org\/#website"},"primaryImageOfPage":{"@id":"https:\/\/fundacionrecover.org\/cooperacion-sanitaria-a-traves-de-la-telemedicina\/#primaryimage"},"image":{"@id":"https:\/\/fundacionrecover.org\/cooperacion-sanitaria-a-traves-de-la-telemedicina\/#primaryimage"},"thumbnailUrl":"https:\/\/fundacionrecover.org\/wp-content\/uploads\/2026\/02\/Intervencion-Nery-sobre-Telemedicina.jpg","datePublished":"2026-02-12T09:43:30+00:00","dateModified":"2026-02-20T11:34:09+00:00","breadcrumb":{"@id":"https:\/\/fundacionrecover.org\/cooperacion-sanitaria-a-traves-de-la-telemedicina\/#breadcrumb"},"inLanguage":"fr-FR","potentialAction":[{"@type":"ReadAction","target":["https:\/\/fundacionrecover.org\/cooperacion-sanitaria-a-traves-de-la-telemedicina\/"]}]},{"@type":"ImageObject","inLanguage":"fr-FR","@id":"https:\/\/fundacionrecover.org\/cooperacion-sanitaria-a-traves-de-la-telemedicina\/#primaryimage","url":"https:\/\/fundacionrecover.org\/wp-content\/uploads\/2026\/02\/Intervencion-Nery-sobre-Telemedicina.jpg","contentUrl":"https:\/\/fundacionrecover.org\/wp-content\/uploads\/2026\/02\/Intervencion-Nery-sobre-Telemedicina.jpg","width":1100,"height":825,"caption":"Intervenci\u00f3n Nery sobre Telemedicina"},{"@type":"BreadcrumbList","@id":"https:\/\/fundacionrecover.org\/cooperacion-sanitaria-a-traves-de-la-telemedicina\/#breadcrumb","itemListElement":[{"@type":"ListItem","position":1,"name":"Home","item":"https:\/\/fundacionrecover.org\/"},{"@type":"ListItem","position":2,"name":"Noticias","item":"https:\/\/fundacionrecover.org\/category\/noticias\/"},{"@type":"ListItem","position":3,"name":"Cooperaci\u00f3n sanitaria a trav\u00e9s de la Telemedicina"}]},{"@type":"WebSite","@id":"https:\/\/fundacionrecover.org\/#website","url":"https:\/\/fundacionrecover.org\/","name":"La Fondation Recover, H\u00f2pitaux pour l\u2019Afrique","description":"La Fondation Recover","publisher":{"@id":"https:\/\/fundacionrecover.org\/#organization"},"potentialAction":[{"@type":"SearchAction","target":{"@type":"EntryPoint","urlTemplate":"https:\/\/fundacionrecover.org\/?s={search_term_string}"},"query-input":{"@type":"PropertyValueSpecification","valueRequired":true,"valueName":"search_term_string"}}],"inLanguage":"fr-FR"},{"@type":"Organization","@id":"https:\/\/fundacionrecover.org\/#organization","name":"La Fondation Recover, H\u00f2pitaux pour l\u2019Afrique","alternateName":"Fundaci\u00f3n Recover","url":"https:\/\/fundacionrecover.org\/","logo":{"@type":"ImageObject","inLanguage":"fr-FR","@id":"https:\/\/fundacionrecover.org\/#\/schema\/logo\/image\/","url":"https:\/\/fundacionrecover.org\/wp-content\/uploads\/2024\/03\/FundacionRecoverHospitalesParaAfrica_logo_blanco_cut.png","contentUrl":"https:\/\/fundacionrecover.org\/wp-content\/uploads\/2024\/03\/FundacionRecoverHospitalesParaAfrica_logo_blanco_cut.png","width":335,"height":183,"caption":"Fundaci\u00f3n Recover, Hospitales para \u00c1frica"},"image":{"@id":"https:\/\/fundacionrecover.org\/#\/schema\/logo\/image\/"},"sameAs":["https:\/\/www.facebook.com\/fundacionrecover\/","https:\/\/www.instagram.com\/fundacionrecover\/","https:\/\/www.linkedin.com\/company\/fundaci\u00f3n-recover-hospitales-para-\u00e1frica\/","https:\/\/www.tiktok.com\/@fundacionrecover"]},{"@type":"Person","@id":"https:\/\/fundacionrecover.org\/#\/schema\/person\/dd196faabb13b5c6e72c88bc6f7c6fb6","name":"R\u00e9cup\u00e9rer","sameAs":["https:\/\/fundacionrecover.org"]}]}},"_links":{"self":[{"href":"https:\/\/fundacionrecover.org\/fr\/wp-json\/wp\/v2\/posts\/10748","targetHints":{"allow":["GET"]}}],"collection":[{"href":"https:\/\/fundacionrecover.org\/fr\/wp-json\/wp\/v2\/posts"}],"about":[{"href":"https:\/\/fundacionrecover.org\/fr\/wp-json\/wp\/v2\/types\/post"}],"author":[{"embeddable":true,"href":"https:\/\/fundacionrecover.org\/fr\/wp-json\/wp\/v2\/users\/1"}],"replies":[{"embeddable":true,"href":"https:\/\/fundacionrecover.org\/fr\/wp-json\/wp\/v2\/comments?post=10748"}],"version-history":[{"count":10,"href":"https:\/\/fundacionrecover.org\/fr\/wp-json\/wp\/v2\/posts\/10748\/revisions"}],"predecessor-version":[{"id":10761,"href":"https:\/\/fundacionrecover.org\/fr\/wp-json\/wp\/v2\/posts\/10748\/revisions\/10761"}],"wp:featuredmedia":[{"embeddable":true,"href":"https:\/\/fundacionrecover.org\/fr\/wp-json\/wp\/v2\/media\/10750"}],"wp:attachment":[{"href":"https:\/\/fundacionrecover.org\/fr\/wp-json\/wp\/v2\/media?parent=10748"}],"wp:term":[{"taxonomy":"category","embeddable":true,"href":"https:\/\/fundacionrecover.org\/fr\/wp-json\/wp\/v2\/categories?post=10748"},{"taxonomy":"post_tag","embeddable":true,"href":"https:\/\/fundacionrecover.org\/fr\/wp-json\/wp\/v2\/tags?post=10748"}],"curies":[{"name":"wp","href":"https:\/\/api.w.org\/{rel}","templated":true}]}}