{"id":10764,"date":"2026-03-06T12:19:37","date_gmt":"2026-03-06T11:19:37","guid":{"rendered":"https:\/\/fundacionrecover.org\/?p=10764"},"modified":"2026-03-06T12:43:46","modified_gmt":"2026-03-06T11:43:46","slug":"dia-mujer-2026","status":"publish","type":"post","link":"https:\/\/fundacionrecover.org\/fr\/dia-mujer-2026\/","title":{"rendered":"Fundaci\u00f3n Recover refuerza su compromiso con el derecho a la salud de millones de mujeres y ni\u00f1as en \u00c1frica"},"content":{"rendered":"<p>En muchos pa\u00edses de \u00c1frica subsahariana, las mujeres siguen enfrent\u00e1ndose a enormes dificultades para acceder a la atenci\u00f3n sanitaria. Las desigualdades econ\u00f3micas, educativas, sociales y geogr\u00e1ficas, as\u00ed como el contexto sociocultural (roles y relaciones de poder para la toma de decisiones y el acceso a recursos como la alimentaci\u00f3n, la tierra, la vivienda\u2026). Las mujeres disponen, con mucha frecuencia, de muy poca autonom\u00eda (no solo financiera) para acceder a atenci\u00f3n m\u00e9dica por su cuenta, lo que limita y retrasa tambi\u00e9n su acceso a revisiones m\u00e9dicas, pruebas diagn\u00f3sticas y tratamientos, agrav\u00e1ndose su vulnerabilidad frente a enfermedades prevenibles o tratables.<\/p>\n\n\n\n<p>En este contexto, Fundaci\u00f3n Recover, Hospitales para \u00c1frica, trabaja para <a href=\"https:\/\/fundacionrecover.org\/fr\/comment-nous-travaillons\/#formacion\"><mark style=\"background-color:rgba(0, 0, 0, 0)\" class=\"has-inline-color has-luminous-vivid-orange-color\">garantizar el derecho a la salud de mujeres y ni\u00f1as <\/mark><\/a>mediante el fortalecimiento de centros sanitarios, la dotaci\u00f3n de equipamiento m\u00e9dico, el desarrollo de campa\u00f1as de salud espec\u00edficas para mujeres y el impulso de la telemedicina. Estas intervenciones permiten mejorar la calidad de la atenci\u00f3n sanitaria y facilitar el acceso a servicios m\u00e9dicos dignos y asequibles para decenas de miles de mujeres. Desde 2016, casi 32.000 mujeres y ni\u00f1as se han beneficiado de las campa\u00f1as sanitarias impulsadas por la organizaci\u00f3n.<\/p>\n\n\n\n<h2 class=\"wp-block-heading\"><strong>Seguimiento del embarazo y mejora de la salud materno-infantil<\/strong><\/h2>\n\n\n\n<p>El acceso a la atenci\u00f3n sanitaria durante el embarazo es uno de los \u00e1mbitos donde las desigualdades entre pa\u00edses m\u00e1s y menos desarrollados se evidencian m\u00e1s. En pa\u00edses como en <a href=\"https:\/\/fundacionrecover.org\/fr\/nouvelle-mission-gynecologique-au-cameroun\/\"><mark style=\"background-color:rgba(0, 0, 0, 0)\" class=\"has-inline-color has-luminous-vivid-orange-color\">Cameroun<\/mark><\/a>, Ben\u00edn o Costa de Marfil, millones de mujeres viven los nueve meses de su embarazo sin una sola revisi\u00f3n m\u00e9dica. En la mayor\u00eda de los casos, sobre todo en el entorno rural y en las zonas periurbanas m\u00e1s desfavorecidas, la costumbre es acudir al centro sanitario s\u00f3lo cuando surgen complicaciones a la hora de parir.<\/p>\n\n\n\n<figure class=\"wp-block-image alignright size-full is-resized\"><img fetchpriority=\"high\" decoding=\"async\" width=\"600\" height=\"800\" src=\"https:\/\/fundacionrecover.org\/wp-content\/uploads\/2026\/03\/Mujer-beneficiaria-con-bebe-1.jpg\" alt=\"\" class=\"wp-image-10770\" style=\"width:321px;height:auto\" srcset=\"https:\/\/fundacionrecover.org\/wp-content\/uploads\/2026\/03\/Mujer-beneficiaria-con-bebe-1.jpg 600w, https:\/\/fundacionrecover.org\/wp-content\/uploads\/2026\/03\/Mujer-beneficiaria-con-bebe-1-225x300.jpg 225w, https:\/\/fundacionrecover.org\/wp-content\/uploads\/2026\/03\/Mujer-beneficiaria-con-bebe-1-9x12.jpg 9w\" sizes=\"(max-width: 600px) 100vw, 600px\" \/><\/figure>\n\n\n\n<p>A trav\u00e9s de sus programas de salud materno-infantil, Fundaci\u00f3n Recover facilita el acceso a consultas prenatales, ecograf\u00edas y pruebas diagn\u00f3sticas, contribuyendo a la detecci\u00f3n precoz de complicaciones y a la mejora de la salud materna y tambi\u00e9n neonatal. Desde 2016, m\u00e1s de 5.000 mujeres <strong>embarazadas recibieron seguimiento prenatal y acceso a pruebas m\u00e9dicas esenciales<\/strong> (como, por ejemplo, ecograf\u00edas, hemogramas, an\u00e1lisis de orina o cribado de malaria, VIH y otras enfermedades infecciosas, algunas de ellas de transmisi\u00f3n sexual), as\u00ed como la garant\u00eda de un parto seguro, gracias a estos programas.<\/p>\n\n\n\n<p>Asimismo, la organizaci\u00f3n refuerza las salas de maternidad de los centros sanitarios con los que colabora mediante la dotaci\u00f3n de equipamiento b\u00e1sico como camas de parto, ec\u00f3grafos, monitores fetales, l\u00e1mparas ginecol\u00f3gicas, redes de ox\u00edgeno para las salas de urgencia y maternidad, as\u00ed como equipamiento neonatal (incubadoras, mesas radiantes, jeringuillas el\u00e9ctricas) mejorando las condiciones en las que las mujeres dan a luz, reduciendo los riesgos asociados al parto y garantizando mayores tasas de supervivencia neonatal.<\/p>\n\n\n\n<p>Este trabajo se complementa con campa\u00f1as m\u00e9dicas llevadas a cabo con <a href=\"https:\/\/fundacionrecover.org\/fr\/voluntaria-te-llevas-un-poquito-de-ellos\/\"><mark style=\"background-color:rgba(0, 0, 0, 0)\" class=\"has-inline-color has-luminous-vivid-orange-color\">personal sanitario voluntario<\/mark><\/a> que colabora con Recover, as\u00ed como con el uso de la telemedicina, que permite a profesionales sanitarios locales consultar casos cl\u00ednicos con especialistas de Espa\u00f1a y otros pa\u00edses, mejorando la capacidad de diagn\u00f3stico y tratamiento en contextos que cuentan con escasez de recursos y falta de personal m\u00e9dico cualificado, ya que la mayor parte del trabajo es llevado a cabo por personal de enfermer\u00eda o auxiliar.<\/p>\n\n\n\n<h2 class=\"wp-block-heading\"><strong>Prevenci\u00f3n del c\u00e1ncer de cuello de \u00fatero y acceso a revisiones ginecol\u00f3gicas<\/strong><\/h2>\n\n\n\n<figure class=\"wp-block-image alignleft size-full is-resized\"><img decoding=\"async\" width=\"600\" height=\"800\" src=\"https:\/\/fundacionrecover.org\/wp-content\/uploads\/2026\/03\/Campo-de-desplazados-externos-de-Djougoule-mujeres-1.jpg\" alt=\"\" class=\"wp-image-10771\" style=\"width:278px;height:auto\" srcset=\"https:\/\/fundacionrecover.org\/wp-content\/uploads\/2026\/03\/Campo-de-desplazados-externos-de-Djougoule-mujeres-1.jpg 600w, https:\/\/fundacionrecover.org\/wp-content\/uploads\/2026\/03\/Campo-de-desplazados-externos-de-Djougoule-mujeres-1-225x300.jpg 225w, https:\/\/fundacionrecover.org\/wp-content\/uploads\/2026\/03\/Campo-de-desplazados-externos-de-Djougoule-mujeres-1-9x12.jpg 9w\" sizes=\"(max-width: 600px) 100vw, 600px\" \/><\/figure>\n\n\n\n<p>Fundaci\u00f3n Recover tambi\u00e9n ha impulsado campa\u00f1as espec\u00edficas dirigidas a la <a href=\"https:\/\/fundacionrecover.org\/fr\/rapport-sur-le-cancer-du-col-de-luterus-en-afrique-subsaharienne\/\" target=\"_blank\" rel=\"noreferrer noopener\"><mark style=\"background-color:rgba(0, 0, 0, 0)\" class=\"has-inline-color has-luminous-vivid-orange-color\">prevenci\u00f3n y detecci\u00f3n precoz del c\u00e1ncer de cuello de \u00fatero<\/mark><\/a>, una de las principales causas de mortalidad femenina en \u00c1frica subsahariana.<\/p>\n\n\n\n<p>A trav\u00e9s de estas campa\u00f1as, la organizaci\u00f3n ha sensibilizado a casi <strong>7.500 mujeres<\/strong> <strong>sobre la prevenci\u00f3n del c\u00e1ncer de c\u00e9rvix<\/strong> y ha facilitado el acceso a revisiones ginecol\u00f3gicas y pruebas de detecci\u00f3n precoz en centros donde estos servicios eran inexistentes o insuficientes.<\/p>\n\n\n\n<h2 class=\"wp-block-heading\"><strong>Salud mental: un \u00e1mbito prioritario con enfoque de g\u00e9nero<\/strong><\/h2>\n\n\n\n<p>La salud mental es prioritaria en la estrategia de Fundaci\u00f3n Recover desde 2024. En muchos de los contextos y pa\u00edses donde trabaja Fundaci\u00f3n Recover, las personas que padecen enfermedades mentales est\u00e1n estigmatizadas porque all\u00ed es un tema invisible. Hay muy pocos psiquiatras, psic\u00f3logos y centros especializados. Lo normal es que no se distinga entre enfermedades neurol\u00f3gicas y mentales, ni entre enfermedades cr\u00f3nicas o transitorias, ni entre las graves y las leves. A veces, los pacientes malviven mezclados en espacios comunes en unas condiciones deplorables. Si una mujer padece, por ejemplo, una depresi\u00f3n posparto (algo que est\u00e1 socialmente m\u00e1s normalizado en pa\u00edses m\u00e1s desarrollados), all\u00ed puede quedar se\u00f1alada como una \u201cloca\u201d de por vida, sin que est\u00e9 garantizado que vaya a recibir ni un diagn\u00f3stico ni un tratamiento adecuados.<\/p>\n\n\n\n<figure class=\"wp-block-image alignright size-full is-resized\"><img decoding=\"async\" width=\"1000\" height=\"1000\" src=\"https:\/\/fundacionrecover.org\/wp-content\/uploads\/2024\/05\/Mujer-caminando-cerca-de-Batcham.jpg\" alt=\"\" class=\"wp-image-5038\" style=\"width:314px;height:auto\" srcset=\"https:\/\/fundacionrecover.org\/wp-content\/uploads\/2024\/05\/Mujer-caminando-cerca-de-Batcham.jpg 1000w, https:\/\/fundacionrecover.org\/wp-content\/uploads\/2024\/05\/Mujer-caminando-cerca-de-Batcham-300x300.jpg 300w, https:\/\/fundacionrecover.org\/wp-content\/uploads\/2024\/05\/Mujer-caminando-cerca-de-Batcham-150x150.jpg 150w, https:\/\/fundacionrecover.org\/wp-content\/uploads\/2024\/05\/Mujer-caminando-cerca-de-Batcham-768x768.jpg 768w\" sizes=\"(max-width: 1000px) 100vw, 1000px\" \/><\/figure>\n\n\n\n<p>En 2025, en Costa de Marfil, Fundaci\u00f3n Recover, de la mano de la asociaci\u00f3n Mindful Change Foundation, especializada en salud mental comunitaria, ha sensibilizado a cerca de <strong>4.000 mujeres<\/strong> <strong>sobre salud mental y bienestar emocional<\/strong>, contribuyendo a mejorar el acceso a apoyo psicol\u00f3gico y a reducir el estigma asociado a enfermedades de salud mental.<\/p>\n\n\n\n<p>Como se\u00f1ala Marta Mara\u00f1\u00f3n, directora general de Fundaci\u00f3n Recover: \u201cEn muchos pa\u00edses de \u00c1frica persisten enormes desigualdades que perjudican a mujeres y ni\u00f1as, sobre todo en entornos rurales y m\u00e1s desfavorecidos. Por ello, en Fundaci\u00f3n Recover nos comprometemos a aplicar un enfoque de g\u00e9nero integral en todos nuestros proyectos y campa\u00f1as. No se trata de hacer solo campa\u00f1as de salud para las mujeres, o medir el alcance de nuestras intervenciones en mujeres y ni\u00f1as desagregando por g\u00e9nero los indicadores. Se trata de ir m\u00e1s all\u00e1. De adaptarse en cada intervenci\u00f3n a los horarios y necesidades de las mujeres, a su entorno y sus circunstancias, de involucrar tambi\u00e9n a los hombres en la prevenci\u00f3n, en la sensibilizaci\u00f3n y en los procesos de cambio, para que, de manera sostenible, podamos generar cambios positivos en las vidas de cientos de miles de mujeres y ni\u00f1as, y contribuyamos a reducir los obst\u00e1culos que impiden su acceso a la salud en igualdad de condiciones\u201d.<\/p>\n\n\n\n<p><\/p>\n\n\n\n<p><\/p>","protected":false},"excerpt":{"rendered":"<p>En el D\u00eda Internacional de la Mujer, la organizaci\u00f3n destaca su labor para mejorar el acceso de mujeres y ni\u00f1as a revisiones m\u00e9dicas, diagn\u00f3stico precoz y atenci\u00f3n especializada en contextos donde son uno de los colectivos m\u00e1s vulnerable. Casi 32.000 mujeres y ni\u00f1as se han beneficiado de las campa\u00f1as de salud Fundaci\u00f3n Recover en los \u00faltimos diez a\u00f1os.<\/p>","protected":false},"author":1,"featured_media":10765,"comment_status":"closed","ping_status":"closed","sticky":false,"template":"","format":"standard","meta":{"give_campaign_id":0,"footnotes":""},"categories":[11],"tags":[],"class_list":["post-10764","post","type-post","status-publish","format-standard","has-post-thumbnail","hentry","category-noticias"],"yoast_head":"<!-- This site is optimized with the Yoast SEO plugin v27.4 - https:\/\/yoast.com\/product\/yoast-seo-wordpress\/ -->\n<title>Fundaci\u00f3n Recover refuerza su compromiso con el derecho a la salud de millones de mujeres y ni\u00f1as en \u00c1frica - Fundaci\u00f3n Recover Hospitales para \u00c1frica<\/title>\n<meta name=\"robots\" content=\"index, follow, max-snippet:-1, max-image-preview:large, max-video-preview:-1\" \/>\n<link rel=\"canonical\" href=\"https:\/\/fundacionrecover.org\/fr\/dia-mujer-2026\/\" \/>\n<meta property=\"og:locale\" content=\"fr_FR\" \/>\n<meta property=\"og:type\" content=\"article\" \/>\n<meta property=\"og:title\" content=\"Fundaci\u00f3n Recover refuerza su compromiso con el derecho a la salud de millones de mujeres y ni\u00f1as en \u00c1frica - Fundaci\u00f3n Recover Hospitales para \u00c1frica\" \/>\n<meta property=\"og:description\" content=\"En el D\u00eda Internacional de la Mujer, la organizaci\u00f3n destaca su labor para mejorar el acceso de mujeres y ni\u00f1as a revisiones m\u00e9dicas, diagn\u00f3stico precoz y atenci\u00f3n especializada en contextos donde son uno de los colectivos m\u00e1s vulnerable. Casi 32.000 mujeres y ni\u00f1as se han beneficiado de las campa\u00f1as de salud Fundaci\u00f3n Recover en los \u00faltimos diez a\u00f1os.\" \/>\n<meta property=\"og:url\" content=\"https:\/\/fundacionrecover.org\/fr\/dia-mujer-2026\/\" \/>\n<meta property=\"og:site_name\" content=\"Fundaci\u00f3n Recover Hospitales para \u00c1frica\" \/>\n<meta property=\"article:publisher\" content=\"https:\/\/www.facebook.com\/fundacionrecover\/\" \/>\n<meta property=\"article:published_time\" content=\"2026-03-06T11:19:37+00:00\" \/>\n<meta property=\"article:modified_time\" content=\"2026-03-06T11:43:46+00:00\" \/>\n<meta property=\"og:image\" content=\"https:\/\/fundacionrecover.org\/wp-content\/uploads\/2026\/03\/Campo-de-desplazados-externos-de-Djougoule-mujeres-7-1-e1772796386393.jpg\" \/>\n\t<meta property=\"og:image:width\" content=\"1100\" \/>\n\t<meta property=\"og:image:height\" content=\"750\" \/>\n\t<meta property=\"og:image:type\" content=\"image\/jpeg\" \/>\n<meta name=\"author\" content=\"Recover\" \/>\n<meta name=\"twitter:card\" content=\"summary_large_image\" \/>\n<meta name=\"twitter:label1\" content=\"\u00c9crit par\" \/>\n\t<meta name=\"twitter:data1\" content=\"Recover\" \/>\n\t<meta name=\"twitter:label2\" content=\"Dur\u00e9e de lecture estim\u00e9e\" \/>\n\t<meta name=\"twitter:data2\" content=\"6 minutes\" \/>\n<script type=\"application\/ld+json\" class=\"yoast-schema-graph\">{\"@context\":\"https:\\\/\\\/schema.org\",\"@graph\":[{\"@type\":\"Article\",\"@id\":\"https:\\\/\\\/fundacionrecover.org\\\/dia-mujer-2026\\\/#article\",\"isPartOf\":{\"@id\":\"https:\\\/\\\/fundacionrecover.org\\\/dia-mujer-2026\\\/\"},\"author\":{\"name\":\"Recover\",\"@id\":\"https:\\\/\\\/fundacionrecover.org\\\/#\\\/schema\\\/person\\\/dd196faabb13b5c6e72c88bc6f7c6fb6\"},\"headline\":\"Fundaci\u00f3n Recover refuerza su compromiso con el derecho a la salud de millones de mujeres y ni\u00f1as en \u00c1frica\",\"datePublished\":\"2026-03-06T11:19:37+00:00\",\"dateModified\":\"2026-03-06T11:43:46+00:00\",\"mainEntityOfPage\":{\"@id\":\"https:\\\/\\\/fundacionrecover.org\\\/dia-mujer-2026\\\/\"},\"wordCount\":1092,\"publisher\":{\"@id\":\"https:\\\/\\\/fundacionrecover.org\\\/#organization\"},\"image\":{\"@id\":\"https:\\\/\\\/fundacionrecover.org\\\/dia-mujer-2026\\\/#primaryimage\"},\"thumbnailUrl\":\"https:\\\/\\\/fundacionrecover.org\\\/wp-content\\\/uploads\\\/2026\\\/03\\\/Campo-de-desplazados-externos-de-Djougoule-mujeres-7-1-e1772796386393.jpg\",\"articleSection\":[\"Noticias\"],\"inLanguage\":\"fr-FR\"},{\"@type\":\"WebPage\",\"@id\":\"https:\\\/\\\/fundacionrecover.org\\\/dia-mujer-2026\\\/\",\"url\":\"https:\\\/\\\/fundacionrecover.org\\\/dia-mujer-2026\\\/\",\"name\":\"Fundaci\u00f3n Recover refuerza su compromiso con el derecho a la salud de millones de mujeres y ni\u00f1as en \u00c1frica - Fundaci\u00f3n Recover Hospitales para \u00c1frica\",\"isPartOf\":{\"@id\":\"https:\\\/\\\/fundacionrecover.org\\\/#website\"},\"primaryImageOfPage\":{\"@id\":\"https:\\\/\\\/fundacionrecover.org\\\/dia-mujer-2026\\\/#primaryimage\"},\"image\":{\"@id\":\"https:\\\/\\\/fundacionrecover.org\\\/dia-mujer-2026\\\/#primaryimage\"},\"thumbnailUrl\":\"https:\\\/\\\/fundacionrecover.org\\\/wp-content\\\/uploads\\\/2026\\\/03\\\/Campo-de-desplazados-externos-de-Djougoule-mujeres-7-1-e1772796386393.jpg\",\"datePublished\":\"2026-03-06T11:19:37+00:00\",\"dateModified\":\"2026-03-06T11:43:46+00:00\",\"breadcrumb\":{\"@id\":\"https:\\\/\\\/fundacionrecover.org\\\/dia-mujer-2026\\\/#breadcrumb\"},\"inLanguage\":\"fr-FR\",\"potentialAction\":[{\"@type\":\"ReadAction\",\"target\":[\"https:\\\/\\\/fundacionrecover.org\\\/dia-mujer-2026\\\/\"]}]},{\"@type\":\"ImageObject\",\"inLanguage\":\"fr-FR\",\"@id\":\"https:\\\/\\\/fundacionrecover.org\\\/dia-mujer-2026\\\/#primaryimage\",\"url\":\"https:\\\/\\\/fundacionrecover.org\\\/wp-content\\\/uploads\\\/2026\\\/03\\\/Campo-de-desplazados-externos-de-Djougoule-mujeres-7-1-e1772796386393.jpg\",\"contentUrl\":\"https:\\\/\\\/fundacionrecover.org\\\/wp-content\\\/uploads\\\/2026\\\/03\\\/Campo-de-desplazados-externos-de-Djougoule-mujeres-7-1-e1772796386393.jpg\",\"width\":1100,\"height\":750,\"caption\":\"ampo-de-desplazados-externos-de-Djougoule-mujeres\"},{\"@type\":\"BreadcrumbList\",\"@id\":\"https:\\\/\\\/fundacionrecover.org\\\/dia-mujer-2026\\\/#breadcrumb\",\"itemListElement\":[{\"@type\":\"ListItem\",\"position\":1,\"name\":\"Home\",\"item\":\"https:\\\/\\\/fundacionrecover.org\\\/\"},{\"@type\":\"ListItem\",\"position\":2,\"name\":\"Noticias\",\"item\":\"https:\\\/\\\/fundacionrecover.org\\\/category\\\/noticias\\\/\"},{\"@type\":\"ListItem\",\"position\":3,\"name\":\"Fundaci\u00f3n Recover refuerza su compromiso con el derecho a la salud de millones de mujeres y ni\u00f1as en \u00c1frica\"}]},{\"@type\":\"WebSite\",\"@id\":\"https:\\\/\\\/fundacionrecover.org\\\/#website\",\"url\":\"https:\\\/\\\/fundacionrecover.org\\\/\",\"name\":\"Fundaci\u00f3n Recover Hospitales para \u00c1frica\",\"description\":\"Fundaci\u00f3n Recover\",\"publisher\":{\"@id\":\"https:\\\/\\\/fundacionrecover.org\\\/#organization\"},\"potentialAction\":[{\"@type\":\"SearchAction\",\"target\":{\"@type\":\"EntryPoint\",\"urlTemplate\":\"https:\\\/\\\/fundacionrecover.org\\\/?s={search_term_string}\"},\"query-input\":{\"@type\":\"PropertyValueSpecification\",\"valueRequired\":true,\"valueName\":\"search_term_string\"}}],\"inLanguage\":\"fr-FR\"},{\"@type\":\"Organization\",\"@id\":\"https:\\\/\\\/fundacionrecover.org\\\/#organization\",\"name\":\"Fundaci\u00f3n Recover, Hospitales para \u00c1frica\",\"alternateName\":\"Fundaci\u00f3n Recover\",\"url\":\"https:\\\/\\\/fundacionrecover.org\\\/\",\"logo\":{\"@type\":\"ImageObject\",\"inLanguage\":\"fr-FR\",\"@id\":\"https:\\\/\\\/fundacionrecover.org\\\/#\\\/schema\\\/logo\\\/image\\\/\",\"url\":\"https:\\\/\\\/fundacionrecover.org\\\/wp-content\\\/uploads\\\/2024\\\/03\\\/FundacionRecoverHospitalesParaAfrica_logo_blanco_cut.png\",\"contentUrl\":\"https:\\\/\\\/fundacionrecover.org\\\/wp-content\\\/uploads\\\/2024\\\/03\\\/FundacionRecoverHospitalesParaAfrica_logo_blanco_cut.png\",\"width\":335,\"height\":183,\"caption\":\"Fundaci\u00f3n Recover, Hospitales para \u00c1frica\"},\"image\":{\"@id\":\"https:\\\/\\\/fundacionrecover.org\\\/#\\\/schema\\\/logo\\\/image\\\/\"},\"sameAs\":[\"https:\\\/\\\/www.facebook.com\\\/fundacionrecover\\\/\",\"https:\\\/\\\/www.instagram.com\\\/fundacionrecover\\\/\",\"https:\\\/\\\/www.linkedin.com\\\/company\\\/fundaci\u00f3n-recover-hospitales-para-\u00e1frica\\\/\",\"https:\\\/\\\/www.tiktok.com\\\/@fundacionrecover\"]},{\"@type\":\"Person\",\"@id\":\"https:\\\/\\\/fundacionrecover.org\\\/#\\\/schema\\\/person\\\/dd196faabb13b5c6e72c88bc6f7c6fb6\",\"name\":\"Recover\",\"sameAs\":[\"https:\\\/\\\/fundacionrecover.org\"]}]}<\/script>\n<!-- \/ Yoast SEO plugin. -->","yoast_head_json":{"title":"Fundaci\u00f3n Recover refuerza su compromiso con el derecho a la salud de millones de mujeres y ni\u00f1as en \u00c1frica - Fundaci\u00f3n Recover Hospitales para \u00c1frica","robots":{"index":"index","follow":"follow","max-snippet":"max-snippet:-1","max-image-preview":"max-image-preview:large","max-video-preview":"max-video-preview:-1"},"canonical":"https:\/\/fundacionrecover.org\/fr\/dia-mujer-2026\/","og_locale":"fr_FR","og_type":"article","og_title":"Fundaci\u00f3n Recover refuerza su compromiso con el derecho a la salud de millones de mujeres y ni\u00f1as en \u00c1frica - Fundaci\u00f3n Recover Hospitales para \u00c1frica","og_description":"En el D\u00eda Internacional de la Mujer, la organizaci\u00f3n destaca su labor para mejorar el acceso de mujeres y ni\u00f1as a revisiones m\u00e9dicas, diagn\u00f3stico precoz y atenci\u00f3n especializada en contextos donde son uno de los colectivos m\u00e1s vulnerable. Casi 32.000 mujeres y ni\u00f1as se han beneficiado de las campa\u00f1as de salud Fundaci\u00f3n Recover en los \u00faltimos diez a\u00f1os.","og_url":"https:\/\/fundacionrecover.org\/fr\/dia-mujer-2026\/","og_site_name":"Fundaci\u00f3n Recover Hospitales para \u00c1frica","article_publisher":"https:\/\/www.facebook.com\/fundacionrecover\/","article_published_time":"2026-03-06T11:19:37+00:00","article_modified_time":"2026-03-06T11:43:46+00:00","og_image":[{"width":1100,"height":750,"url":"https:\/\/fundacionrecover.org\/wp-content\/uploads\/2026\/03\/Campo-de-desplazados-externos-de-Djougoule-mujeres-7-1-e1772796386393.jpg","type":"image\/jpeg"}],"author":"Recover","twitter_card":"summary_large_image","twitter_misc":{"\u00c9crit par":"Recover","Dur\u00e9e de lecture estim\u00e9e":"6 minutes"},"schema":{"@context":"https:\/\/schema.org","@graph":[{"@type":"Article","@id":"https:\/\/fundacionrecover.org\/dia-mujer-2026\/#article","isPartOf":{"@id":"https:\/\/fundacionrecover.org\/dia-mujer-2026\/"},"author":{"name":"Recover","@id":"https:\/\/fundacionrecover.org\/#\/schema\/person\/dd196faabb13b5c6e72c88bc6f7c6fb6"},"headline":"Fundaci\u00f3n Recover refuerza su compromiso con el derecho a la salud de millones de mujeres y ni\u00f1as en \u00c1frica","datePublished":"2026-03-06T11:19:37+00:00","dateModified":"2026-03-06T11:43:46+00:00","mainEntityOfPage":{"@id":"https:\/\/fundacionrecover.org\/dia-mujer-2026\/"},"wordCount":1092,"publisher":{"@id":"https:\/\/fundacionrecover.org\/#organization"},"image":{"@id":"https:\/\/fundacionrecover.org\/dia-mujer-2026\/#primaryimage"},"thumbnailUrl":"https:\/\/fundacionrecover.org\/wp-content\/uploads\/2026\/03\/Campo-de-desplazados-externos-de-Djougoule-mujeres-7-1-e1772796386393.jpg","articleSection":["Noticias"],"inLanguage":"fr-FR"},{"@type":"WebPage","@id":"https:\/\/fundacionrecover.org\/dia-mujer-2026\/","url":"https:\/\/fundacionrecover.org\/dia-mujer-2026\/","name":"Fundaci\u00f3n Recover refuerza su compromiso con el derecho a la salud de millones de mujeres y ni\u00f1as en \u00c1frica - Fundaci\u00f3n Recover Hospitales para \u00c1frica","isPartOf":{"@id":"https:\/\/fundacionrecover.org\/#website"},"primaryImageOfPage":{"@id":"https:\/\/fundacionrecover.org\/dia-mujer-2026\/#primaryimage"},"image":{"@id":"https:\/\/fundacionrecover.org\/dia-mujer-2026\/#primaryimage"},"thumbnailUrl":"https:\/\/fundacionrecover.org\/wp-content\/uploads\/2026\/03\/Campo-de-desplazados-externos-de-Djougoule-mujeres-7-1-e1772796386393.jpg","datePublished":"2026-03-06T11:19:37+00:00","dateModified":"2026-03-06T11:43:46+00:00","breadcrumb":{"@id":"https:\/\/fundacionrecover.org\/dia-mujer-2026\/#breadcrumb"},"inLanguage":"fr-FR","potentialAction":[{"@type":"ReadAction","target":["https:\/\/fundacionrecover.org\/dia-mujer-2026\/"]}]},{"@type":"ImageObject","inLanguage":"fr-FR","@id":"https:\/\/fundacionrecover.org\/dia-mujer-2026\/#primaryimage","url":"https:\/\/fundacionrecover.org\/wp-content\/uploads\/2026\/03\/Campo-de-desplazados-externos-de-Djougoule-mujeres-7-1-e1772796386393.jpg","contentUrl":"https:\/\/fundacionrecover.org\/wp-content\/uploads\/2026\/03\/Campo-de-desplazados-externos-de-Djougoule-mujeres-7-1-e1772796386393.jpg","width":1100,"height":750,"caption":"ampo-de-desplazados-externos-de-Djougoule-mujeres"},{"@type":"BreadcrumbList","@id":"https:\/\/fundacionrecover.org\/dia-mujer-2026\/#breadcrumb","itemListElement":[{"@type":"ListItem","position":1,"name":"Home","item":"https:\/\/fundacionrecover.org\/"},{"@type":"ListItem","position":2,"name":"Noticias","item":"https:\/\/fundacionrecover.org\/category\/noticias\/"},{"@type":"ListItem","position":3,"name":"Fundaci\u00f3n Recover refuerza su compromiso con el derecho a la salud de millones de mujeres y ni\u00f1as en \u00c1frica"}]},{"@type":"WebSite","@id":"https:\/\/fundacionrecover.org\/#website","url":"https:\/\/fundacionrecover.org\/","name":"La Fondation Recover, H\u00f2pitaux pour l\u2019Afrique","description":"La Fondation Recover","publisher":{"@id":"https:\/\/fundacionrecover.org\/#organization"},"potentialAction":[{"@type":"SearchAction","target":{"@type":"EntryPoint","urlTemplate":"https:\/\/fundacionrecover.org\/?s={search_term_string}"},"query-input":{"@type":"PropertyValueSpecification","valueRequired":true,"valueName":"search_term_string"}}],"inLanguage":"fr-FR"},{"@type":"Organization","@id":"https:\/\/fundacionrecover.org\/#organization","name":"La Fondation Recover, H\u00f2pitaux pour l\u2019Afrique","alternateName":"Fundaci\u00f3n Recover","url":"https:\/\/fundacionrecover.org\/","logo":{"@type":"ImageObject","inLanguage":"fr-FR","@id":"https:\/\/fundacionrecover.org\/#\/schema\/logo\/image\/","url":"https:\/\/fundacionrecover.org\/wp-content\/uploads\/2024\/03\/FundacionRecoverHospitalesParaAfrica_logo_blanco_cut.png","contentUrl":"https:\/\/fundacionrecover.org\/wp-content\/uploads\/2024\/03\/FundacionRecoverHospitalesParaAfrica_logo_blanco_cut.png","width":335,"height":183,"caption":"Fundaci\u00f3n Recover, Hospitales para \u00c1frica"},"image":{"@id":"https:\/\/fundacionrecover.org\/#\/schema\/logo\/image\/"},"sameAs":["https:\/\/www.facebook.com\/fundacionrecover\/","https:\/\/www.instagram.com\/fundacionrecover\/","https:\/\/www.linkedin.com\/company\/fundaci\u00f3n-recover-hospitales-para-\u00e1frica\/","https:\/\/www.tiktok.com\/@fundacionrecover"]},{"@type":"Person","@id":"https:\/\/fundacionrecover.org\/#\/schema\/person\/dd196faabb13b5c6e72c88bc6f7c6fb6","name":"R\u00e9cup\u00e9rer","sameAs":["https:\/\/fundacionrecover.org"]}]}},"_links":{"self":[{"href":"https:\/\/fundacionrecover.org\/fr\/wp-json\/wp\/v2\/posts\/10764","targetHints":{"allow":["GET"]}}],"collection":[{"href":"https:\/\/fundacionrecover.org\/fr\/wp-json\/wp\/v2\/posts"}],"about":[{"href":"https:\/\/fundacionrecover.org\/fr\/wp-json\/wp\/v2\/types\/post"}],"author":[{"embeddable":true,"href":"https:\/\/fundacionrecover.org\/fr\/wp-json\/wp\/v2\/users\/1"}],"replies":[{"embeddable":true,"href":"https:\/\/fundacionrecover.org\/fr\/wp-json\/wp\/v2\/comments?post=10764"}],"version-history":[{"count":6,"href":"https:\/\/fundacionrecover.org\/fr\/wp-json\/wp\/v2\/posts\/10764\/revisions"}],"predecessor-version":[{"id":10777,"href":"https:\/\/fundacionrecover.org\/fr\/wp-json\/wp\/v2\/posts\/10764\/revisions\/10777"}],"wp:featuredmedia":[{"embeddable":true,"href":"https:\/\/fundacionrecover.org\/fr\/wp-json\/wp\/v2\/media\/10765"}],"wp:attachment":[{"href":"https:\/\/fundacionrecover.org\/fr\/wp-json\/wp\/v2\/media?parent=10764"}],"wp:term":[{"taxonomy":"category","embeddable":true,"href":"https:\/\/fundacionrecover.org\/fr\/wp-json\/wp\/v2\/categories?post=10764"},{"taxonomy":"post_tag","embeddable":true,"href":"https:\/\/fundacionrecover.org\/fr\/wp-json\/wp\/v2\/tags?post=10764"}],"curies":[{"name":"wp","href":"https:\/\/api.w.org\/{rel}","templated":true}]}}