{"id":11135,"date":"2026-04-29T22:29:47","date_gmt":"2026-04-29T20:29:47","guid":{"rendered":"https:\/\/fundacionrecover.org\/?p=11135"},"modified":"2026-04-29T22:29:49","modified_gmt":"2026-04-29T20:29:49","slug":"fundacion-recover-analiza-oportunidades-de-colaboracion-en-namibia","status":"publish","type":"post","link":"https:\/\/fundacionrecover.org\/fr\/fundacion-recover-analiza-oportunidades-de-colaboracion-en-namibia\/","title":{"rendered":"Fundaci\u00f3n Recover analiza oportunidades de colaboraci\u00f3n en el \u00e1mbito sanitario en Namibia"},"content":{"rendered":"<p>Fundaci\u00f3n Recover ha llevado a cabo una misi\u00f3n de prospecci\u00f3n y an\u00e1lisis de necesidades en la regi\u00f3n de Kavango, en Namibia, situada en la frontera con Angola y Botsuana, con el objetivo de identificar posibles l\u00edneas de intervenci\u00f3n orientadas a mejorar el acceso a la atenci\u00f3n sanitaria en comunidades muy vulnerables.<\/p>\n\n\n\n<p>La delegaci\u00f3n, formada por Marta Mara\u00f1\u00f3n, directora de Fundaci\u00f3n Recover, y Nery Villalobos, coordinadora de la organizaci\u00f3n, ha desarrollado esta misi\u00f3n en el marco del programa de responsabilidad social corporativa de Vestige-Namibia, una empresa de turismo sostenible de alta gama que co-invierte junto a las comunidades locales en la gesti\u00f3n de \u00e1reas de conservaci\u00f3n.<\/p>\n\n\n\n<figure class=\"wp-block-gallery has-nested-images columns-default is-cropped wp-block-gallery-1 is-layout-flex wp-block-gallery-is-layout-flex\">\n<figure class=\"wp-block-image size-large\"><img fetchpriority=\"high\" decoding=\"async\" width=\"1000\" height=\"750\" data-id=\"11137\" src=\"https:\/\/fundacionrecover.org\/wp-content\/uploads\/2026\/04\/Marta-durante-la-mision-de-prospeccion-en-Namibia.jpg\" alt=\"\" class=\"wp-image-11137\" srcset=\"https:\/\/fundacionrecover.org\/wp-content\/uploads\/2026\/04\/Marta-durante-la-mision-de-prospeccion-en-Namibia.jpg 1000w, https:\/\/fundacionrecover.org\/wp-content\/uploads\/2026\/04\/Marta-durante-la-mision-de-prospeccion-en-Namibia-300x225.jpg 300w, https:\/\/fundacionrecover.org\/wp-content\/uploads\/2026\/04\/Marta-durante-la-mision-de-prospeccion-en-Namibia-768x576.jpg 768w, https:\/\/fundacionrecover.org\/wp-content\/uploads\/2026\/04\/Marta-durante-la-mision-de-prospeccion-en-Namibia-16x12.jpg 16w\" sizes=\"(max-width: 1000px) 100vw, 1000px\" \/><\/figure>\n\n\n\n<figure class=\"wp-block-image size-large\"><img decoding=\"async\" width=\"1000\" height=\"750\" data-id=\"11138\" src=\"https:\/\/fundacionrecover.org\/wp-content\/uploads\/2026\/04\/Nery-durante-la-mision-en-Namibia.jpg\" alt=\"\" class=\"wp-image-11138\" srcset=\"https:\/\/fundacionrecover.org\/wp-content\/uploads\/2026\/04\/Nery-durante-la-mision-en-Namibia.jpg 1000w, https:\/\/fundacionrecover.org\/wp-content\/uploads\/2026\/04\/Nery-durante-la-mision-en-Namibia-300x225.jpg 300w, https:\/\/fundacionrecover.org\/wp-content\/uploads\/2026\/04\/Nery-durante-la-mision-en-Namibia-768x576.jpg 768w, https:\/\/fundacionrecover.org\/wp-content\/uploads\/2026\/04\/Nery-durante-la-mision-en-Namibia-16x12.jpg 16w\" sizes=\"(max-width: 1000px) 100vw, 1000px\" \/><\/figure>\n<\/figure>\n\n\n\n<p>La futura colaboraci\u00f3n entre Vestige-Namibia y Fundaci\u00f3n Recover permitir\u00e1 impulsar iniciativas destinadas a mejorar el acceso a la salud de miles de personas que viven en zonas remotas y de dif\u00edcil acceso a la salud. En muchos casos, estas comunidades se enfrentan a importantes barreras geogr\u00e1ficas para acceder a los servicios sanitarios, con dispensarios ubicados a m\u00e1s de 18 kil\u00f3metros a pie (ida y vuelta), a trav\u00e9s de caminos de arena que atraviesan \u00e1reas de bosque, de sabana y de denso matorral.<\/p>\n\n\n\n<figure class=\"wp-block-image alignright size-full is-resized\"><img decoding=\"async\" width=\"1000\" height=\"750\" src=\"https:\/\/fundacionrecover.org\/wp-content\/uploads\/2026\/04\/Reunion-de-trabajo-en-Namibia.jpg\" alt=\"\" class=\"wp-image-11139\" style=\"width:508px;height:auto\" srcset=\"https:\/\/fundacionrecover.org\/wp-content\/uploads\/2026\/04\/Reunion-de-trabajo-en-Namibia.jpg 1000w, https:\/\/fundacionrecover.org\/wp-content\/uploads\/2026\/04\/Reunion-de-trabajo-en-Namibia-300x225.jpg 300w, https:\/\/fundacionrecover.org\/wp-content\/uploads\/2026\/04\/Reunion-de-trabajo-en-Namibia-768x576.jpg 768w, https:\/\/fundacionrecover.org\/wp-content\/uploads\/2026\/04\/Reunion-de-trabajo-en-Namibia-16x12.jpg 16w\" sizes=\"(max-width: 1000px) 100vw, 1000px\" \/><\/figure>\n\n\n\n<p>Durante la misi\u00f3n, el equipo ha podido conocer de primera mano el entorno en el que se desarrollan estas comunidades, as\u00ed como las condiciones en las que operan las infraestructuras sanitarias locales. Asimismo, se han mantenido encuentros institucionales clave para fortalecer futuras l\u00edneas de colaboraci\u00f3n.<\/p>\n\n\n\n<p>En el marco de esta misi\u00f3n, el Excmo. Embajador de Espa\u00f1a en Namibia, Francisco Javier Pagalday Gastelurrutia, recibi\u00f3 a la delegaci\u00f3n de Fundaci\u00f3n Recover en la Embajada de Espa\u00f1a. A la reuni\u00f3n se sum\u00f3 Emilia Celem\u00edn Redondo, segunda jefatura de la Embajada, en un encuentro que permiti\u00f3 reforzar el di\u00e1logo institucional y explorar posibles v\u00edas de apoyo.<\/p>","protected":false},"excerpt":{"rendered":"<p>Una misi\u00f3n en la regi\u00f3n de Kavango permite avanzar en la identificaci\u00f3n de necesidades y en la articulaci\u00f3n de futuras alianzas para mejorar el acceso a la atenci\u00f3n sanitaria.<\/p>","protected":false},"author":1,"featured_media":11136,"comment_status":"closed","ping_status":"closed","sticky":false,"template":"","format":"standard","meta":{"give_campaign_id":0,"footnotes":""},"categories":[11],"tags":[],"class_list":["post-11135","post","type-post","status-publish","format-standard","has-post-thumbnail","hentry","category-noticias"],"yoast_head":"<!-- This site is optimized with the Yoast SEO plugin v27.4 - https:\/\/yoast.com\/product\/yoast-seo-wordpress\/ -->\n<title>Fundaci\u00f3n Recover analiza oportunidades de colaboraci\u00f3n en el \u00e1mbito sanitario en Namibia - Fundaci\u00f3n Recover Hospitales para \u00c1frica<\/title>\n<meta name=\"robots\" content=\"index, follow, max-snippet:-1, max-image-preview:large, max-video-preview:-1\" \/>\n<link rel=\"canonical\" href=\"https:\/\/fundacionrecover.org\/fr\/fundacion-recover-analiza-oportunidades-de-colaboracion-en-namibia\/\" \/>\n<meta property=\"og:locale\" content=\"fr_FR\" \/>\n<meta property=\"og:type\" content=\"article\" \/>\n<meta property=\"og:title\" content=\"Fundaci\u00f3n Recover analiza oportunidades de colaboraci\u00f3n en el \u00e1mbito sanitario en Namibia - Fundaci\u00f3n Recover Hospitales para \u00c1frica\" \/>\n<meta property=\"og:description\" content=\"Una misi\u00f3n en la regi\u00f3n de Kavango permite avanzar en la identificaci\u00f3n de necesidades y en la articulaci\u00f3n de futuras alianzas para mejorar el acceso a la atenci\u00f3n sanitaria.\" \/>\n<meta property=\"og:url\" content=\"https:\/\/fundacionrecover.org\/fr\/fundacion-recover-analiza-oportunidades-de-colaboracion-en-namibia\/\" \/>\n<meta property=\"og:site_name\" content=\"Fundaci\u00f3n Recover Hospitales para \u00c1frica\" \/>\n<meta property=\"article:publisher\" content=\"https:\/\/www.facebook.com\/fundacionrecover\/\" \/>\n<meta property=\"article:published_time\" content=\"2026-04-29T20:29:47+00:00\" \/>\n<meta property=\"article:modified_time\" content=\"2026-04-29T20:29:49+00:00\" \/>\n<meta property=\"og:image\" content=\"https:\/\/fundacionrecover.org\/wp-content\/uploads\/2026\/04\/Poblado-Namibia-e1777494466677.jpg\" \/>\n\t<meta property=\"og:image:width\" content=\"1800\" \/>\n\t<meta property=\"og:image:height\" content=\"1143\" \/>\n\t<meta property=\"og:image:type\" content=\"image\/jpeg\" \/>\n<meta name=\"author\" content=\"Recover\" \/>\n<meta name=\"twitter:card\" content=\"summary_large_image\" \/>\n<meta name=\"twitter:label1\" content=\"\u00c9crit par\" \/>\n\t<meta name=\"twitter:data1\" content=\"Recover\" \/>\n\t<meta name=\"twitter:label2\" content=\"Dur\u00e9e de lecture estim\u00e9e\" \/>\n\t<meta name=\"twitter:data2\" content=\"3 minutes\" \/>\n<script type=\"application\/ld+json\" class=\"yoast-schema-graph\">{\"@context\":\"https:\\\/\\\/schema.org\",\"@graph\":[{\"@type\":\"Article\",\"@id\":\"https:\\\/\\\/fundacionrecover.org\\\/fundacion-recover-analiza-oportunidades-de-colaboracion-en-namibia\\\/#article\",\"isPartOf\":{\"@id\":\"https:\\\/\\\/fundacionrecover.org\\\/fundacion-recover-analiza-oportunidades-de-colaboracion-en-namibia\\\/\"},\"author\":{\"name\":\"Recover\",\"@id\":\"https:\\\/\\\/fundacionrecover.org\\\/#\\\/schema\\\/person\\\/dd196faabb13b5c6e72c88bc6f7c6fb6\"},\"headline\":\"Fundaci\u00f3n Recover analiza oportunidades de colaboraci\u00f3n en el \u00e1mbito sanitario en Namibia\",\"datePublished\":\"2026-04-29T20:29:47+00:00\",\"dateModified\":\"2026-04-29T20:29:49+00:00\",\"mainEntityOfPage\":{\"@id\":\"https:\\\/\\\/fundacionrecover.org\\\/fundacion-recover-analiza-oportunidades-de-colaboracion-en-namibia\\\/\"},\"wordCount\":336,\"publisher\":{\"@id\":\"https:\\\/\\\/fundacionrecover.org\\\/#organization\"},\"image\":{\"@id\":\"https:\\\/\\\/fundacionrecover.org\\\/fundacion-recover-analiza-oportunidades-de-colaboracion-en-namibia\\\/#primaryimage\"},\"thumbnailUrl\":\"https:\\\/\\\/fundacionrecover.org\\\/wp-content\\\/uploads\\\/2026\\\/04\\\/Poblado-Namibia-e1777494466677.jpg\",\"articleSection\":[\"Noticias\"],\"inLanguage\":\"fr-FR\"},{\"@type\":\"WebPage\",\"@id\":\"https:\\\/\\\/fundacionrecover.org\\\/fundacion-recover-analiza-oportunidades-de-colaboracion-en-namibia\\\/\",\"url\":\"https:\\\/\\\/fundacionrecover.org\\\/fundacion-recover-analiza-oportunidades-de-colaboracion-en-namibia\\\/\",\"name\":\"Fundaci\u00f3n Recover analiza oportunidades de colaboraci\u00f3n en el \u00e1mbito sanitario en Namibia - Fundaci\u00f3n Recover Hospitales para \u00c1frica\",\"isPartOf\":{\"@id\":\"https:\\\/\\\/fundacionrecover.org\\\/#website\"},\"primaryImageOfPage\":{\"@id\":\"https:\\\/\\\/fundacionrecover.org\\\/fundacion-recover-analiza-oportunidades-de-colaboracion-en-namibia\\\/#primaryimage\"},\"image\":{\"@id\":\"https:\\\/\\\/fundacionrecover.org\\\/fundacion-recover-analiza-oportunidades-de-colaboracion-en-namibia\\\/#primaryimage\"},\"thumbnailUrl\":\"https:\\\/\\\/fundacionrecover.org\\\/wp-content\\\/uploads\\\/2026\\\/04\\\/Poblado-Namibia-e1777494466677.jpg\",\"datePublished\":\"2026-04-29T20:29:47+00:00\",\"dateModified\":\"2026-04-29T20:29:49+00:00\",\"breadcrumb\":{\"@id\":\"https:\\\/\\\/fundacionrecover.org\\\/fundacion-recover-analiza-oportunidades-de-colaboracion-en-namibia\\\/#breadcrumb\"},\"inLanguage\":\"fr-FR\",\"potentialAction\":[{\"@type\":\"ReadAction\",\"target\":[\"https:\\\/\\\/fundacionrecover.org\\\/fundacion-recover-analiza-oportunidades-de-colaboracion-en-namibia\\\/\"]}]},{\"@type\":\"ImageObject\",\"inLanguage\":\"fr-FR\",\"@id\":\"https:\\\/\\\/fundacionrecover.org\\\/fundacion-recover-analiza-oportunidades-de-colaboracion-en-namibia\\\/#primaryimage\",\"url\":\"https:\\\/\\\/fundacionrecover.org\\\/wp-content\\\/uploads\\\/2026\\\/04\\\/Poblado-Namibia-e1777494466677.jpg\",\"contentUrl\":\"https:\\\/\\\/fundacionrecover.org\\\/wp-content\\\/uploads\\\/2026\\\/04\\\/Poblado-Namibia-e1777494466677.jpg\",\"width\":1800,\"height\":1143,\"caption\":\"Poblado Namibia\"},{\"@type\":\"BreadcrumbList\",\"@id\":\"https:\\\/\\\/fundacionrecover.org\\\/fundacion-recover-analiza-oportunidades-de-colaboracion-en-namibia\\\/#breadcrumb\",\"itemListElement\":[{\"@type\":\"ListItem\",\"position\":1,\"name\":\"Home\",\"item\":\"https:\\\/\\\/fundacionrecover.org\\\/\"},{\"@type\":\"ListItem\",\"position\":2,\"name\":\"Noticias\",\"item\":\"https:\\\/\\\/fundacionrecover.org\\\/category\\\/noticias\\\/\"},{\"@type\":\"ListItem\",\"position\":3,\"name\":\"Fundaci\u00f3n Recover analiza oportunidades de colaboraci\u00f3n en el \u00e1mbito sanitario en Namibia\"}]},{\"@type\":\"WebSite\",\"@id\":\"https:\\\/\\\/fundacionrecover.org\\\/#website\",\"url\":\"https:\\\/\\\/fundacionrecover.org\\\/\",\"name\":\"Fundaci\u00f3n Recover Hospitales para \u00c1frica\",\"description\":\"Fundaci\u00f3n Recover\",\"publisher\":{\"@id\":\"https:\\\/\\\/fundacionrecover.org\\\/#organization\"},\"potentialAction\":[{\"@type\":\"SearchAction\",\"target\":{\"@type\":\"EntryPoint\",\"urlTemplate\":\"https:\\\/\\\/fundacionrecover.org\\\/?s={search_term_string}\"},\"query-input\":{\"@type\":\"PropertyValueSpecification\",\"valueRequired\":true,\"valueName\":\"search_term_string\"}}],\"inLanguage\":\"fr-FR\"},{\"@type\":\"Organization\",\"@id\":\"https:\\\/\\\/fundacionrecover.org\\\/#organization\",\"name\":\"Fundaci\u00f3n Recover, Hospitales para \u00c1frica\",\"alternateName\":\"Fundaci\u00f3n Recover\",\"url\":\"https:\\\/\\\/fundacionrecover.org\\\/\",\"logo\":{\"@type\":\"ImageObject\",\"inLanguage\":\"fr-FR\",\"@id\":\"https:\\\/\\\/fundacionrecover.org\\\/#\\\/schema\\\/logo\\\/image\\\/\",\"url\":\"https:\\\/\\\/fundacionrecover.org\\\/wp-content\\\/uploads\\\/2024\\\/03\\\/FundacionRecoverHospitalesParaAfrica_logo_blanco_cut.png\",\"contentUrl\":\"https:\\\/\\\/fundacionrecover.org\\\/wp-content\\\/uploads\\\/2024\\\/03\\\/FundacionRecoverHospitalesParaAfrica_logo_blanco_cut.png\",\"width\":335,\"height\":183,\"caption\":\"Fundaci\u00f3n Recover, Hospitales para \u00c1frica\"},\"image\":{\"@id\":\"https:\\\/\\\/fundacionrecover.org\\\/#\\\/schema\\\/logo\\\/image\\\/\"},\"sameAs\":[\"https:\\\/\\\/www.facebook.com\\\/fundacionrecover\\\/\",\"https:\\\/\\\/www.instagram.com\\\/fundacionrecover\\\/\",\"https:\\\/\\\/www.linkedin.com\\\/company\\\/fundaci\u00f3n-recover-hospitales-para-\u00e1frica\\\/\",\"https:\\\/\\\/www.tiktok.com\\\/@fundacionrecover\"]},{\"@type\":\"Person\",\"@id\":\"https:\\\/\\\/fundacionrecover.org\\\/#\\\/schema\\\/person\\\/dd196faabb13b5c6e72c88bc6f7c6fb6\",\"name\":\"Recover\",\"sameAs\":[\"https:\\\/\\\/fundacionrecover.org\"]}]}<\/script>\n<!-- \/ Yoast SEO plugin. -->","yoast_head_json":{"title":"Fundaci\u00f3n Recover analiza oportunidades de colaboraci\u00f3n en el \u00e1mbito sanitario en Namibia - Fundaci\u00f3n Recover Hospitales para \u00c1frica","robots":{"index":"index","follow":"follow","max-snippet":"max-snippet:-1","max-image-preview":"max-image-preview:large","max-video-preview":"max-video-preview:-1"},"canonical":"https:\/\/fundacionrecover.org\/fr\/fundacion-recover-analiza-oportunidades-de-colaboracion-en-namibia\/","og_locale":"fr_FR","og_type":"article","og_title":"Fundaci\u00f3n Recover analiza oportunidades de colaboraci\u00f3n en el \u00e1mbito sanitario en Namibia - Fundaci\u00f3n Recover Hospitales para \u00c1frica","og_description":"Una misi\u00f3n en la regi\u00f3n de Kavango permite avanzar en la identificaci\u00f3n de necesidades y en la articulaci\u00f3n de futuras alianzas para mejorar el acceso a la atenci\u00f3n sanitaria.","og_url":"https:\/\/fundacionrecover.org\/fr\/fundacion-recover-analiza-oportunidades-de-colaboracion-en-namibia\/","og_site_name":"Fundaci\u00f3n Recover Hospitales para \u00c1frica","article_publisher":"https:\/\/www.facebook.com\/fundacionrecover\/","article_published_time":"2026-04-29T20:29:47+00:00","article_modified_time":"2026-04-29T20:29:49+00:00","og_image":[{"width":1800,"height":1143,"url":"https:\/\/fundacionrecover.org\/wp-content\/uploads\/2026\/04\/Poblado-Namibia-e1777494466677.jpg","type":"image\/jpeg"}],"author":"Recover","twitter_card":"summary_large_image","twitter_misc":{"\u00c9crit par":"Recover","Dur\u00e9e de lecture estim\u00e9e":"3 minutes"},"schema":{"@context":"https:\/\/schema.org","@graph":[{"@type":"Article","@id":"https:\/\/fundacionrecover.org\/fundacion-recover-analiza-oportunidades-de-colaboracion-en-namibia\/#article","isPartOf":{"@id":"https:\/\/fundacionrecover.org\/fundacion-recover-analiza-oportunidades-de-colaboracion-en-namibia\/"},"author":{"name":"Recover","@id":"https:\/\/fundacionrecover.org\/#\/schema\/person\/dd196faabb13b5c6e72c88bc6f7c6fb6"},"headline":"Fundaci\u00f3n Recover analiza oportunidades de colaboraci\u00f3n en el \u00e1mbito sanitario en Namibia","datePublished":"2026-04-29T20:29:47+00:00","dateModified":"2026-04-29T20:29:49+00:00","mainEntityOfPage":{"@id":"https:\/\/fundacionrecover.org\/fundacion-recover-analiza-oportunidades-de-colaboracion-en-namibia\/"},"wordCount":336,"publisher":{"@id":"https:\/\/fundacionrecover.org\/#organization"},"image":{"@id":"https:\/\/fundacionrecover.org\/fundacion-recover-analiza-oportunidades-de-colaboracion-en-namibia\/#primaryimage"},"thumbnailUrl":"https:\/\/fundacionrecover.org\/wp-content\/uploads\/2026\/04\/Poblado-Namibia-e1777494466677.jpg","articleSection":["Noticias"],"inLanguage":"fr-FR"},{"@type":"WebPage","@id":"https:\/\/fundacionrecover.org\/fundacion-recover-analiza-oportunidades-de-colaboracion-en-namibia\/","url":"https:\/\/fundacionrecover.org\/fundacion-recover-analiza-oportunidades-de-colaboracion-en-namibia\/","name":"Fundaci\u00f3n Recover analiza oportunidades de colaboraci\u00f3n en el \u00e1mbito sanitario en Namibia - Fundaci\u00f3n Recover Hospitales para \u00c1frica","isPartOf":{"@id":"https:\/\/fundacionrecover.org\/#website"},"primaryImageOfPage":{"@id":"https:\/\/fundacionrecover.org\/fundacion-recover-analiza-oportunidades-de-colaboracion-en-namibia\/#primaryimage"},"image":{"@id":"https:\/\/fundacionrecover.org\/fundacion-recover-analiza-oportunidades-de-colaboracion-en-namibia\/#primaryimage"},"thumbnailUrl":"https:\/\/fundacionrecover.org\/wp-content\/uploads\/2026\/04\/Poblado-Namibia-e1777494466677.jpg","datePublished":"2026-04-29T20:29:47+00:00","dateModified":"2026-04-29T20:29:49+00:00","breadcrumb":{"@id":"https:\/\/fundacionrecover.org\/fundacion-recover-analiza-oportunidades-de-colaboracion-en-namibia\/#breadcrumb"},"inLanguage":"fr-FR","potentialAction":[{"@type":"ReadAction","target":["https:\/\/fundacionrecover.org\/fundacion-recover-analiza-oportunidades-de-colaboracion-en-namibia\/"]}]},{"@type":"ImageObject","inLanguage":"fr-FR","@id":"https:\/\/fundacionrecover.org\/fundacion-recover-analiza-oportunidades-de-colaboracion-en-namibia\/#primaryimage","url":"https:\/\/fundacionrecover.org\/wp-content\/uploads\/2026\/04\/Poblado-Namibia-e1777494466677.jpg","contentUrl":"https:\/\/fundacionrecover.org\/wp-content\/uploads\/2026\/04\/Poblado-Namibia-e1777494466677.jpg","width":1800,"height":1143,"caption":"Poblado Namibia"},{"@type":"BreadcrumbList","@id":"https:\/\/fundacionrecover.org\/fundacion-recover-analiza-oportunidades-de-colaboracion-en-namibia\/#breadcrumb","itemListElement":[{"@type":"ListItem","position":1,"name":"Home","item":"https:\/\/fundacionrecover.org\/"},{"@type":"ListItem","position":2,"name":"Noticias","item":"https:\/\/fundacionrecover.org\/category\/noticias\/"},{"@type":"ListItem","position":3,"name":"Fundaci\u00f3n Recover analiza oportunidades de colaboraci\u00f3n en el \u00e1mbito sanitario en Namibia"}]},{"@type":"WebSite","@id":"https:\/\/fundacionrecover.org\/#website","url":"https:\/\/fundacionrecover.org\/","name":"La Fondation Recover, H\u00f2pitaux pour l\u2019Afrique","description":"La Fondation Recover","publisher":{"@id":"https:\/\/fundacionrecover.org\/#organization"},"potentialAction":[{"@type":"SearchAction","target":{"@type":"EntryPoint","urlTemplate":"https:\/\/fundacionrecover.org\/?s={search_term_string}"},"query-input":{"@type":"PropertyValueSpecification","valueRequired":true,"valueName":"search_term_string"}}],"inLanguage":"fr-FR"},{"@type":"Organization","@id":"https:\/\/fundacionrecover.org\/#organization","name":"La Fondation Recover, H\u00f2pitaux pour l\u2019Afrique","alternateName":"Fundaci\u00f3n Recover","url":"https:\/\/fundacionrecover.org\/","logo":{"@type":"ImageObject","inLanguage":"fr-FR","@id":"https:\/\/fundacionrecover.org\/#\/schema\/logo\/image\/","url":"https:\/\/fundacionrecover.org\/wp-content\/uploads\/2024\/03\/FundacionRecoverHospitalesParaAfrica_logo_blanco_cut.png","contentUrl":"https:\/\/fundacionrecover.org\/wp-content\/uploads\/2024\/03\/FundacionRecoverHospitalesParaAfrica_logo_blanco_cut.png","width":335,"height":183,"caption":"Fundaci\u00f3n Recover, Hospitales para \u00c1frica"},"image":{"@id":"https:\/\/fundacionrecover.org\/#\/schema\/logo\/image\/"},"sameAs":["https:\/\/www.facebook.com\/fundacionrecover\/","https:\/\/www.instagram.com\/fundacionrecover\/","https:\/\/www.linkedin.com\/company\/fundaci\u00f3n-recover-hospitales-para-\u00e1frica\/","https:\/\/www.tiktok.com\/@fundacionrecover"]},{"@type":"Person","@id":"https:\/\/fundacionrecover.org\/#\/schema\/person\/dd196faabb13b5c6e72c88bc6f7c6fb6","name":"R\u00e9cup\u00e9rer","sameAs":["https:\/\/fundacionrecover.org"]}]}},"_links":{"self":[{"href":"https:\/\/fundacionrecover.org\/fr\/wp-json\/wp\/v2\/posts\/11135","targetHints":{"allow":["GET"]}}],"collection":[{"href":"https:\/\/fundacionrecover.org\/fr\/wp-json\/wp\/v2\/posts"}],"about":[{"href":"https:\/\/fundacionrecover.org\/fr\/wp-json\/wp\/v2\/types\/post"}],"author":[{"embeddable":true,"href":"https:\/\/fundacionrecover.org\/fr\/wp-json\/wp\/v2\/users\/1"}],"replies":[{"embeddable":true,"href":"https:\/\/fundacionrecover.org\/fr\/wp-json\/wp\/v2\/comments?post=11135"}],"version-history":[{"count":1,"href":"https:\/\/fundacionrecover.org\/fr\/wp-json\/wp\/v2\/posts\/11135\/revisions"}],"predecessor-version":[{"id":11140,"href":"https:\/\/fundacionrecover.org\/fr\/wp-json\/wp\/v2\/posts\/11135\/revisions\/11140"}],"wp:featuredmedia":[{"embeddable":true,"href":"https:\/\/fundacionrecover.org\/fr\/wp-json\/wp\/v2\/media\/11136"}],"wp:attachment":[{"href":"https:\/\/fundacionrecover.org\/fr\/wp-json\/wp\/v2\/media?parent=11135"}],"wp:term":[{"taxonomy":"category","embeddable":true,"href":"https:\/\/fundacionrecover.org\/fr\/wp-json\/wp\/v2\/categories?post=11135"},{"taxonomy":"post_tag","embeddable":true,"href":"https:\/\/fundacionrecover.org\/fr\/wp-json\/wp\/v2\/tags?post=11135"}],"curies":[{"name":"wp","href":"https:\/\/api.w.org\/{rel}","templated":true}]}}