{"id":3327,"date":"2022-12-23T13:05:48","date_gmt":"2022-12-23T12:05:48","guid":{"rendered":"https:\/\/fundacionrecover.org\/?p=13824"},"modified":"2024-06-25T12:23:48","modified_gmt":"2024-06-25T10:23:48","slug":"graphiste-benevole-soutenant-lespace-de-communication-a-madrid-2","status":"publish","type":"post","link":"https:\/\/fundacionrecover.org\/fr\/voluntariado-diseno-grafico-apoyando-al-area-de-comunicacion-en-madrid-2\/","title":{"rendered":"Volontariat en graphisme, soutien \u00e0 l'espace de communication \u00e0 Madrid"},"content":{"rendered":"<h2>STATUT : FERM\u00c9<\/h2>\n<p style=\"font-weight: 400;\">Voulez-vous contribuer \u00e0 l'am\u00e9lioration des soins de sant\u00e9 en Afrique en soutenant la Fundaci\u00f3n Recover depuis votre domicile ?  La Fundaci\u00f3n Recover recherche un volontaire pour soutenir notre organisation dans des t\u00e2ches de conception graphique d'images et de vid\u00e9os, dans l'environnement CANVA.<\/p>\n<h3>Activit\u00e9s que vous feriez<\/h3>\n<ul>\n<li style=\"font-weight: 400;\">Conception de la cr\u00e9ativit\u00e9<\/li>\n<li style=\"font-weight: 400;\">\u00c9dition d'images num\u00e9riques<\/li>\n<li>Cr\u00e9ation de vid\u00e9os<\/li>\n<li style=\"font-weight: 400;\">Soutien \u00e0 la gestion de la campagne annuelle<\/li>\n<\/ul>\n<h3>Exigences et d\u00e9tails<\/h3>\n<ul style=\"font-weight: 400;\">\n<li>Connaissance de l'outil CANVA<\/li>\n<li>Exp\u00e9rience en graphisme<\/li>\n<li>Langue - la connaissance du FRAN\u00c7AIS serait un atout<\/li>\n<li>Conna\u00eetre la mission de la Fondation Recover<\/li>\n<li>L'autonomie<\/li>\n<\/ul>\n<h3><\/h3>\n<h3><strong>Donnez de votre temps<\/strong><\/h3>\n<p style=\"text-align: left;\"><strong><a class=\"boton\" href=\"https:\/\/fundacionrecover.org\/fr\/devient-volontaire\/\" target=\"_blank\" rel=\"noopener noreferrer\">&gt;&gt; S'inscrire !<\/a><\/strong><\/p>","protected":false},"excerpt":{"rendered":"<h2>STATUT : FERM\u00c9<\/h2>\n<p style=\"font-weight: 400;\">Voulez-vous contribuer \u00e0 l'am\u00e9lioration des soins de sant\u00e9 en Afrique en soutenant la Fundaci\u00f3n Recover depuis votre domicile ?  La Fundaci\u00f3n Recover recherche un volontaire pour soutenir notre organisation dans des t\u00e2ches de conception graphique d'images et de vid\u00e9os, dans l'environnement CANVA.<\/p>","protected":false},"author":1,"featured_media":3328,"comment_status":"closed","ping_status":"closed","sticky":false,"template":"","format":"standard","meta":{"give_campaign_id":0,"footnotes":""},"categories":[26],"tags":[],"class_list":["post-3327","post","type-post","status-publish","format-standard","has-post-thumbnail","hentry","category-ofertas-de-voluntariado"],"yoast_head":"<!-- This site is optimized with the Yoast SEO plugin v27.4 - https:\/\/yoast.com\/product\/yoast-seo-wordpress\/ -->\n<title>Voluntariado | Dise\u00f1o Gr\u00e1fico, apoyando al \u00c1rea de comunicaci\u00f3n en Madrid - Fundaci\u00f3n Recover Hospitales para \u00c1frica<\/title>\n<meta name=\"robots\" content=\"index, follow, max-snippet:-1, max-image-preview:large, max-video-preview:-1\" \/>\n<link rel=\"canonical\" href=\"https:\/\/fundacionrecover.org\/fr\/graphiste-benevole-soutenant-lespace-de-communication-a-madrid-2\/\" \/>\n<meta property=\"og:locale\" content=\"fr_FR\" \/>\n<meta property=\"og:type\" content=\"article\" \/>\n<meta property=\"og:title\" content=\"Voluntariado | Dise\u00f1o Gr\u00e1fico, apoyando al \u00c1rea de comunicaci\u00f3n en Madrid - Fundaci\u00f3n Recover Hospitales para \u00c1frica\" \/>\n<meta property=\"og:description\" content=\"ESTADO: CERRADA \u00bfQuieres ayudar a mejorar la sanidad en \u00c1frica apoyando a Fundaci\u00f3n Recover y desde tu casa?.\u00a0 En Fundaci\u00f3n Recover estamos buscando la colaboraci\u00f3n de un voluntario\/a para apoyar a nuestra organizaci\u00f3n en tareas de dise\u00f1o gr\u00e1fico de im\u00e1genes y v\u00eddeos, en entorno CANVA.\" \/>\n<meta property=\"og:url\" content=\"https:\/\/fundacionrecover.org\/fr\/graphiste-benevole-soutenant-lespace-de-communication-a-madrid-2\/\" \/>\n<meta property=\"og:site_name\" content=\"Fundaci\u00f3n Recover Hospitales para \u00c1frica\" \/>\n<meta property=\"article:publisher\" content=\"https:\/\/www.facebook.com\/fundacionrecover\/\" \/>\n<meta property=\"article:published_time\" content=\"2022-12-23T12:05:48+00:00\" \/>\n<meta property=\"article:modified_time\" content=\"2024-06-25T10:23:48+00:00\" \/>\n<meta property=\"og:image\" content=\"https:\/\/fundacionrecover.org\/wp-content\/uploads\/2022\/12\/General-04.jpg\" \/>\n\t<meta property=\"og:image:width\" content=\"1116\" \/>\n\t<meta property=\"og:image:height\" content=\"617\" \/>\n\t<meta property=\"og:image:type\" content=\"image\/jpeg\" \/>\n<meta name=\"author\" content=\"Recover\" \/>\n<meta name=\"twitter:card\" content=\"summary_large_image\" \/>\n<meta name=\"twitter:label1\" content=\"\u00c9crit par\" \/>\n\t<meta name=\"twitter:data1\" content=\"Recover\" \/>\n\t<meta name=\"twitter:label2\" content=\"Dur\u00e9e de lecture estim\u00e9e\" \/>\n\t<meta name=\"twitter:data2\" content=\"1 minute\" \/>\n<script type=\"application\/ld+json\" class=\"yoast-schema-graph\">{\"@context\":\"https:\\\/\\\/schema.org\",\"@graph\":[{\"@type\":\"Article\",\"@id\":\"https:\\\/\\\/fundacionrecover.org\\\/voluntariado-diseno-grafico-apoyando-al-area-de-comunicacion-en-madrid-2\\\/#article\",\"isPartOf\":{\"@id\":\"https:\\\/\\\/fundacionrecover.org\\\/voluntariado-diseno-grafico-apoyando-al-area-de-comunicacion-en-madrid-2\\\/\"},\"author\":{\"name\":\"Recover\",\"@id\":\"https:\\\/\\\/fundacionrecover.org\\\/#\\\/schema\\\/person\\\/dd196faabb13b5c6e72c88bc6f7c6fb6\"},\"headline\":\"Voluntariado | Dise\u00f1o Gr\u00e1fico, apoyando al \u00c1rea de comunicaci\u00f3n en Madrid\",\"datePublished\":\"2022-12-23T12:05:48+00:00\",\"dateModified\":\"2024-06-25T10:23:48+00:00\",\"mainEntityOfPage\":{\"@id\":\"https:\\\/\\\/fundacionrecover.org\\\/voluntariado-diseno-grafico-apoyando-al-area-de-comunicacion-en-madrid-2\\\/\"},\"wordCount\":135,\"publisher\":{\"@id\":\"https:\\\/\\\/fundacionrecover.org\\\/#organization\"},\"image\":{\"@id\":\"https:\\\/\\\/fundacionrecover.org\\\/voluntariado-diseno-grafico-apoyando-al-area-de-comunicacion-en-madrid-2\\\/#primaryimage\"},\"thumbnailUrl\":\"https:\\\/\\\/fundacionrecover.org\\\/wp-content\\\/uploads\\\/2022\\\/12\\\/General-04.jpg\",\"articleSection\":[\"Ofertas de voluntariado\"],\"inLanguage\":\"fr-FR\"},{\"@type\":\"WebPage\",\"@id\":\"https:\\\/\\\/fundacionrecover.org\\\/voluntariado-diseno-grafico-apoyando-al-area-de-comunicacion-en-madrid-2\\\/\",\"url\":\"https:\\\/\\\/fundacionrecover.org\\\/voluntariado-diseno-grafico-apoyando-al-area-de-comunicacion-en-madrid-2\\\/\",\"name\":\"Voluntariado | Dise\u00f1o Gr\u00e1fico, apoyando al \u00c1rea de comunicaci\u00f3n en Madrid - Fundaci\u00f3n Recover Hospitales para \u00c1frica\",\"isPartOf\":{\"@id\":\"https:\\\/\\\/fundacionrecover.org\\\/#website\"},\"primaryImageOfPage\":{\"@id\":\"https:\\\/\\\/fundacionrecover.org\\\/voluntariado-diseno-grafico-apoyando-al-area-de-comunicacion-en-madrid-2\\\/#primaryimage\"},\"image\":{\"@id\":\"https:\\\/\\\/fundacionrecover.org\\\/voluntariado-diseno-grafico-apoyando-al-area-de-comunicacion-en-madrid-2\\\/#primaryimage\"},\"thumbnailUrl\":\"https:\\\/\\\/fundacionrecover.org\\\/wp-content\\\/uploads\\\/2022\\\/12\\\/General-04.jpg\",\"datePublished\":\"2022-12-23T12:05:48+00:00\",\"dateModified\":\"2024-06-25T10:23:48+00:00\",\"breadcrumb\":{\"@id\":\"https:\\\/\\\/fundacionrecover.org\\\/voluntariado-diseno-grafico-apoyando-al-area-de-comunicacion-en-madrid-2\\\/#breadcrumb\"},\"inLanguage\":\"fr-FR\",\"potentialAction\":[{\"@type\":\"ReadAction\",\"target\":[\"https:\\\/\\\/fundacionrecover.org\\\/voluntariado-diseno-grafico-apoyando-al-area-de-comunicacion-en-madrid-2\\\/\"]}]},{\"@type\":\"ImageObject\",\"inLanguage\":\"fr-FR\",\"@id\":\"https:\\\/\\\/fundacionrecover.org\\\/voluntariado-diseno-grafico-apoyando-al-area-de-comunicacion-en-madrid-2\\\/#primaryimage\",\"url\":\"https:\\\/\\\/fundacionrecover.org\\\/wp-content\\\/uploads\\\/2022\\\/12\\\/General-04.jpg\",\"contentUrl\":\"https:\\\/\\\/fundacionrecover.org\\\/wp-content\\\/uploads\\\/2022\\\/12\\\/General-04.jpg\",\"width\":1116,\"height\":617},{\"@type\":\"BreadcrumbList\",\"@id\":\"https:\\\/\\\/fundacionrecover.org\\\/voluntariado-diseno-grafico-apoyando-al-area-de-comunicacion-en-madrid-2\\\/#breadcrumb\",\"itemListElement\":[{\"@type\":\"ListItem\",\"position\":1,\"name\":\"Home\",\"item\":\"https:\\\/\\\/fundacionrecover.org\\\/\"},{\"@type\":\"ListItem\",\"position\":2,\"name\":\"Ofertas de voluntariado\",\"item\":\"https:\\\/\\\/fundacionrecover.org\\\/category\\\/ofertas-de-voluntariado\\\/\"},{\"@type\":\"ListItem\",\"position\":3,\"name\":\"Voluntariado | Dise\u00f1o Gr\u00e1fico, apoyando al \u00c1rea de comunicaci\u00f3n en Madrid\"}]},{\"@type\":\"WebSite\",\"@id\":\"https:\\\/\\\/fundacionrecover.org\\\/#website\",\"url\":\"https:\\\/\\\/fundacionrecover.org\\\/\",\"name\":\"Fundaci\u00f3n Recover Hospitales para \u00c1frica\",\"description\":\"Fundaci\u00f3n Recover\",\"publisher\":{\"@id\":\"https:\\\/\\\/fundacionrecover.org\\\/#organization\"},\"potentialAction\":[{\"@type\":\"SearchAction\",\"target\":{\"@type\":\"EntryPoint\",\"urlTemplate\":\"https:\\\/\\\/fundacionrecover.org\\\/?s={search_term_string}\"},\"query-input\":{\"@type\":\"PropertyValueSpecification\",\"valueRequired\":true,\"valueName\":\"search_term_string\"}}],\"inLanguage\":\"fr-FR\"},{\"@type\":\"Organization\",\"@id\":\"https:\\\/\\\/fundacionrecover.org\\\/#organization\",\"name\":\"Fundaci\u00f3n Recover, Hospitales para \u00c1frica\",\"alternateName\":\"Fundaci\u00f3n Recover\",\"url\":\"https:\\\/\\\/fundacionrecover.org\\\/\",\"logo\":{\"@type\":\"ImageObject\",\"inLanguage\":\"fr-FR\",\"@id\":\"https:\\\/\\\/fundacionrecover.org\\\/#\\\/schema\\\/logo\\\/image\\\/\",\"url\":\"https:\\\/\\\/fundacionrecover.org\\\/wp-content\\\/uploads\\\/2024\\\/03\\\/FundacionRecoverHospitalesParaAfrica_logo_blanco_cut.png\",\"contentUrl\":\"https:\\\/\\\/fundacionrecover.org\\\/wp-content\\\/uploads\\\/2024\\\/03\\\/FundacionRecoverHospitalesParaAfrica_logo_blanco_cut.png\",\"width\":335,\"height\":183,\"caption\":\"Fundaci\u00f3n Recover, Hospitales para \u00c1frica\"},\"image\":{\"@id\":\"https:\\\/\\\/fundacionrecover.org\\\/#\\\/schema\\\/logo\\\/image\\\/\"},\"sameAs\":[\"https:\\\/\\\/www.facebook.com\\\/fundacionrecover\\\/\",\"https:\\\/\\\/www.instagram.com\\\/fundacionrecover\\\/\",\"https:\\\/\\\/www.linkedin.com\\\/company\\\/fundaci\u00f3n-recover-hospitales-para-\u00e1frica\\\/\",\"https:\\\/\\\/www.tiktok.com\\\/@fundacionrecover\"]},{\"@type\":\"Person\",\"@id\":\"https:\\\/\\\/fundacionrecover.org\\\/#\\\/schema\\\/person\\\/dd196faabb13b5c6e72c88bc6f7c6fb6\",\"name\":\"Recover\",\"sameAs\":[\"https:\\\/\\\/fundacionrecover.org\"]}]}<\/script>\n<!-- \/ Yoast SEO plugin. -->","yoast_head_json":{"title":"Volontariat en design graphique, pour soutenir l'espace de communication \u00e0 Madrid - Fundaci\u00f3n Recover Hospitales para \u00c1frica","robots":{"index":"index","follow":"follow","max-snippet":"max-snippet:-1","max-image-preview":"max-image-preview:large","max-video-preview":"max-video-preview:-1"},"canonical":"https:\/\/fundacionrecover.org\/fr\/graphiste-benevole-soutenant-lespace-de-communication-a-madrid-2\/","og_locale":"fr_FR","og_type":"article","og_title":"Voluntariado | Dise\u00f1o Gr\u00e1fico, apoyando al \u00c1rea de comunicaci\u00f3n en Madrid - Fundaci\u00f3n Recover Hospitales para \u00c1frica","og_description":"ESTADO: CERRADA \u00bfQuieres ayudar a mejorar la sanidad en \u00c1frica apoyando a Fundaci\u00f3n Recover y desde tu casa?.\u00a0 En Fundaci\u00f3n Recover estamos buscando la colaboraci\u00f3n de un voluntario\/a para apoyar a nuestra organizaci\u00f3n en tareas de dise\u00f1o gr\u00e1fico de im\u00e1genes y v\u00eddeos, en entorno CANVA.","og_url":"https:\/\/fundacionrecover.org\/fr\/graphiste-benevole-soutenant-lespace-de-communication-a-madrid-2\/","og_site_name":"Fundaci\u00f3n Recover Hospitales para \u00c1frica","article_publisher":"https:\/\/www.facebook.com\/fundacionrecover\/","article_published_time":"2022-12-23T12:05:48+00:00","article_modified_time":"2024-06-25T10:23:48+00:00","og_image":[{"width":1116,"height":617,"url":"https:\/\/fundacionrecover.org\/wp-content\/uploads\/2022\/12\/General-04.jpg","type":"image\/jpeg"}],"author":"Recover","twitter_card":"summary_large_image","twitter_misc":{"\u00c9crit par":"Recover","Dur\u00e9e de lecture estim\u00e9e":"1 minute"},"schema":{"@context":"https:\/\/schema.org","@graph":[{"@type":"Article","@id":"https:\/\/fundacionrecover.org\/voluntariado-diseno-grafico-apoyando-al-area-de-comunicacion-en-madrid-2\/#article","isPartOf":{"@id":"https:\/\/fundacionrecover.org\/voluntariado-diseno-grafico-apoyando-al-area-de-comunicacion-en-madrid-2\/"},"author":{"name":"Recover","@id":"https:\/\/fundacionrecover.org\/#\/schema\/person\/dd196faabb13b5c6e72c88bc6f7c6fb6"},"headline":"Voluntariado | Dise\u00f1o Gr\u00e1fico, apoyando al \u00c1rea de comunicaci\u00f3n en Madrid","datePublished":"2022-12-23T12:05:48+00:00","dateModified":"2024-06-25T10:23:48+00:00","mainEntityOfPage":{"@id":"https:\/\/fundacionrecover.org\/voluntariado-diseno-grafico-apoyando-al-area-de-comunicacion-en-madrid-2\/"},"wordCount":135,"publisher":{"@id":"https:\/\/fundacionrecover.org\/#organization"},"image":{"@id":"https:\/\/fundacionrecover.org\/voluntariado-diseno-grafico-apoyando-al-area-de-comunicacion-en-madrid-2\/#primaryimage"},"thumbnailUrl":"https:\/\/fundacionrecover.org\/wp-content\/uploads\/2022\/12\/General-04.jpg","articleSection":["Ofertas de voluntariado"],"inLanguage":"fr-FR"},{"@type":"WebPage","@id":"https:\/\/fundacionrecover.org\/voluntariado-diseno-grafico-apoyando-al-area-de-comunicacion-en-madrid-2\/","url":"https:\/\/fundacionrecover.org\/voluntariado-diseno-grafico-apoyando-al-area-de-comunicacion-en-madrid-2\/","name":"Volontariat en design graphique, pour soutenir l'espace de communication \u00e0 Madrid - Fundaci\u00f3n Recover Hospitales para \u00c1frica","isPartOf":{"@id":"https:\/\/fundacionrecover.org\/#website"},"primaryImageOfPage":{"@id":"https:\/\/fundacionrecover.org\/voluntariado-diseno-grafico-apoyando-al-area-de-comunicacion-en-madrid-2\/#primaryimage"},"image":{"@id":"https:\/\/fundacionrecover.org\/voluntariado-diseno-grafico-apoyando-al-area-de-comunicacion-en-madrid-2\/#primaryimage"},"thumbnailUrl":"https:\/\/fundacionrecover.org\/wp-content\/uploads\/2022\/12\/General-04.jpg","datePublished":"2022-12-23T12:05:48+00:00","dateModified":"2024-06-25T10:23:48+00:00","breadcrumb":{"@id":"https:\/\/fundacionrecover.org\/voluntariado-diseno-grafico-apoyando-al-area-de-comunicacion-en-madrid-2\/#breadcrumb"},"inLanguage":"fr-FR","potentialAction":[{"@type":"ReadAction","target":["https:\/\/fundacionrecover.org\/voluntariado-diseno-grafico-apoyando-al-area-de-comunicacion-en-madrid-2\/"]}]},{"@type":"ImageObject","inLanguage":"fr-FR","@id":"https:\/\/fundacionrecover.org\/voluntariado-diseno-grafico-apoyando-al-area-de-comunicacion-en-madrid-2\/#primaryimage","url":"https:\/\/fundacionrecover.org\/wp-content\/uploads\/2022\/12\/General-04.jpg","contentUrl":"https:\/\/fundacionrecover.org\/wp-content\/uploads\/2022\/12\/General-04.jpg","width":1116,"height":617},{"@type":"BreadcrumbList","@id":"https:\/\/fundacionrecover.org\/voluntariado-diseno-grafico-apoyando-al-area-de-comunicacion-en-madrid-2\/#breadcrumb","itemListElement":[{"@type":"ListItem","position":1,"name":"Home","item":"https:\/\/fundacionrecover.org\/"},{"@type":"ListItem","position":2,"name":"Ofertas de voluntariado","item":"https:\/\/fundacionrecover.org\/category\/ofertas-de-voluntariado\/"},{"@type":"ListItem","position":3,"name":"Voluntariado | Dise\u00f1o Gr\u00e1fico, apoyando al \u00c1rea de comunicaci\u00f3n en Madrid"}]},{"@type":"WebSite","@id":"https:\/\/fundacionrecover.org\/#website","url":"https:\/\/fundacionrecover.org\/","name":"La Fondation Recover, H\u00f2pitaux pour l\u2019Afrique","description":"La Fondation Recover","publisher":{"@id":"https:\/\/fundacionrecover.org\/#organization"},"potentialAction":[{"@type":"SearchAction","target":{"@type":"EntryPoint","urlTemplate":"https:\/\/fundacionrecover.org\/?s={search_term_string}"},"query-input":{"@type":"PropertyValueSpecification","valueRequired":true,"valueName":"search_term_string"}}],"inLanguage":"fr-FR"},{"@type":"Organization","@id":"https:\/\/fundacionrecover.org\/#organization","name":"La Fondation Recover, H\u00f2pitaux pour l\u2019Afrique","alternateName":"Fundaci\u00f3n Recover","url":"https:\/\/fundacionrecover.org\/","logo":{"@type":"ImageObject","inLanguage":"fr-FR","@id":"https:\/\/fundacionrecover.org\/#\/schema\/logo\/image\/","url":"https:\/\/fundacionrecover.org\/wp-content\/uploads\/2024\/03\/FundacionRecoverHospitalesParaAfrica_logo_blanco_cut.png","contentUrl":"https:\/\/fundacionrecover.org\/wp-content\/uploads\/2024\/03\/FundacionRecoverHospitalesParaAfrica_logo_blanco_cut.png","width":335,"height":183,"caption":"Fundaci\u00f3n Recover, Hospitales para \u00c1frica"},"image":{"@id":"https:\/\/fundacionrecover.org\/#\/schema\/logo\/image\/"},"sameAs":["https:\/\/www.facebook.com\/fundacionrecover\/","https:\/\/www.instagram.com\/fundacionrecover\/","https:\/\/www.linkedin.com\/company\/fundaci\u00f3n-recover-hospitales-para-\u00e1frica\/","https:\/\/www.tiktok.com\/@fundacionrecover"]},{"@type":"Person","@id":"https:\/\/fundacionrecover.org\/#\/schema\/person\/dd196faabb13b5c6e72c88bc6f7c6fb6","name":"R\u00e9cup\u00e9rer","sameAs":["https:\/\/fundacionrecover.org"]}]}},"_links":{"self":[{"href":"https:\/\/fundacionrecover.org\/fr\/wp-json\/wp\/v2\/posts\/3327","targetHints":{"allow":["GET"]}}],"collection":[{"href":"https:\/\/fundacionrecover.org\/fr\/wp-json\/wp\/v2\/posts"}],"about":[{"href":"https:\/\/fundacionrecover.org\/fr\/wp-json\/wp\/v2\/types\/post"}],"author":[{"embeddable":true,"href":"https:\/\/fundacionrecover.org\/fr\/wp-json\/wp\/v2\/users\/1"}],"replies":[{"embeddable":true,"href":"https:\/\/fundacionrecover.org\/fr\/wp-json\/wp\/v2\/comments?post=3327"}],"version-history":[{"count":0,"href":"https:\/\/fundacionrecover.org\/fr\/wp-json\/wp\/v2\/posts\/3327\/revisions"}],"wp:featuredmedia":[{"embeddable":true,"href":"https:\/\/fundacionrecover.org\/fr\/wp-json\/wp\/v2\/media\/3328"}],"wp:attachment":[{"href":"https:\/\/fundacionrecover.org\/fr\/wp-json\/wp\/v2\/media?parent=3327"}],"wp:term":[{"taxonomy":"category","embeddable":true,"href":"https:\/\/fundacionrecover.org\/fr\/wp-json\/wp\/v2\/categories?post=3327"},{"taxonomy":"post_tag","embeddable":true,"href":"https:\/\/fundacionrecover.org\/fr\/wp-json\/wp\/v2\/tags?post=3327"}],"curies":[{"name":"wp","href":"https:\/\/api.w.org\/{rel}","templated":true}]}}