{"id":3329,"date":"2022-12-16T13:17:01","date_gmt":"2022-12-16T12:17:01","guid":{"rendered":"https:\/\/fundacionrecover.org\/?p=13805"},"modified":"2024-05-30T10:30:39","modified_gmt":"2024-05-30T08:30:39","slug":"v-conference-sur-la-telemedecine-a-madrid","status":"publish","type":"post","link":"https:\/\/fundacionrecover.org\/fr\/v-jornada-sobre-telemedicina-en-madrid\/","title":{"rendered":"La cinqui\u00e8me conf\u00e9rence sur la t\u00e9l\u00e9m\u00e9decine \u00e0 Madrid dans les m\u00e9dias"},"content":{"rendered":"<p>Le 22 novembre, \u00e0 Madrid, s'est tenue la cinqui\u00e8me conf\u00e9rence de notre programme \"T\u00e9l\u00e9m\u00e9decine : une fen\u00eatre sur le d\u00e9veloppement de la sant\u00e9 en Afrique\".<\/p>\n<p>Gr\u00e2ce \u00e0 ce programme, nous mettons en relation des infirmi\u00e8res et des m\u00e9decins d'Afrique avec des sp\u00e9cialistes d'Espagne et d'autres pays du monde qui offrent b\u00e9n\u00e9volement leurs connaissances pour r\u00e9soudre des cas de diagnostic complexes et assurer une formation continue. Lors de cette conf\u00e9rence, avec des organismes de sant\u00e9, des ONG, des d\u00e9veloppeurs de technologies, des experts en sant\u00e9 num\u00e9rique et des professionnels de la sant\u00e9 africains, nous avons partag\u00e9 nos exp\u00e9riences et discut\u00e9 des avantages et des d\u00e9fis de la t\u00e9l\u00e9m\u00e9decine en tant que plateforme de partage des connaissances.<\/p>\n<p>Lire les articles dans :<\/p>\n<p><strong><a href=\"https:\/\/www.europapress.es\/epsocial\/cooperacion-desarrollo\/noticia-programa-telemedicina-fundacion-recover-alcanza-mas-50-hospitales-africanos-20221123124937.html\" target=\"_blank\" rel=\"noopener\">&gt;&gt; Europa Press<\/a><\/strong><\/p>\n<p><strong><a href=\"https:\/\/www.lavanguardia.com\/vida\/20221123\/8618506\/50-hospitales-africanos-cuentan-telemedicina-gracias-fundacion-recover.html\" target=\"_blank\" rel=\"noopener\">&gt;&gt; La Vanguardia<\/a><\/strong><\/p>\n<p><strong><a href=\"https:\/\/www.infosalus.com\/asistencia\/noticia-programa-telemedicina-fundacion-recover-alcanza-mas-50-hospitales-africanos-20221123124634.html\" target=\"_blank\" rel=\"noopener\">&gt;&gt; Infosalus<\/a><\/strong><\/p>\n<p><strong><a href=\"https:\/\/www.diariosigloxxi.com\/texto-ep\/mostrar\/20221123124634\/programa-telemedicina-fundacion-recover-alcanza-50-hospitales-africanos\">&gt;&gt; Le 21e si\u00e8cle<\/a><\/strong><\/p>\n<p><strong><a href=\"https:\/\/cronicadecantabria.com\/cr\/el-programa-de-telemedicina-de-la-fundacin-recover-alcanza-a-ms-de-50-hospitales-africanos\/\" target=\"_blank\" rel=\"noopener\">&gt;&gt; Cr\u00f3nica de Cantabria<\/a><\/strong><\/p>\n<p><strong><a href=\"https:\/\/www.phmk.es\/rsc\/el-programa-de-telemedicina-de-la-fundacion-recover-alcanza-a-mas-de-50-hospitales-africanos\" target=\"_blank\" rel=\"noopener\">&gt;&gt; Pharmamarket<\/a><\/strong><\/p>","protected":false},"excerpt":{"rendered":"<p>Le 22 novembre, nous avons organis\u00e9 la cinqui\u00e8me conf\u00e9rence de notre programme \"T\u00e9l\u00e9m\u00e9decine : une fen\u00eatre sur le d\u00e9veloppement de la sant\u00e9 en Afrique\", au cours de laquelle nous avons partag\u00e9 nos exp\u00e9riences avec des professionnels de la sant\u00e9 africains.<\/p>","protected":false},"author":1,"featured_media":3330,"comment_status":"closed","ping_status":"closed","sticky":false,"template":"","format":"standard","meta":{"give_campaign_id":0,"footnotes":""},"categories":[13],"tags":[],"class_list":["post-3329","post","type-post","status-publish","format-standard","has-post-thumbnail","hentry","category-prensa"],"yoast_head":"<!-- This site is optimized with the Yoast SEO plugin v27.4 - https:\/\/yoast.com\/product\/yoast-seo-wordpress\/ -->\n<title>La V Jornada sobre Telemedicina en Madrid en los medios de comunicaci\u00f3n - Fundaci\u00f3n Recover Hospitales para \u00c1frica<\/title>\n<meta name=\"robots\" content=\"index, follow, max-snippet:-1, max-image-preview:large, max-video-preview:-1\" \/>\n<link rel=\"canonical\" href=\"https:\/\/fundacionrecover.org\/fr\/v-conference-sur-la-telemedecine-a-madrid\/\" \/>\n<meta property=\"og:locale\" content=\"fr_FR\" \/>\n<meta property=\"og:type\" content=\"article\" \/>\n<meta property=\"og:title\" content=\"La V Jornada sobre Telemedicina en Madrid en los medios de comunicaci\u00f3n - Fundaci\u00f3n Recover Hospitales para \u00c1frica\" \/>\n<meta property=\"og:description\" content=\"El 22 de noviembre realizamos la V Jornada de nuestro Programa \u201cTelemedicina: una ventana al desarrollo sanitario en \u00c1frica\u201d en la que compartimos experiencias con sanitarios africanos\" \/>\n<meta property=\"og:url\" content=\"https:\/\/fundacionrecover.org\/fr\/v-conference-sur-la-telemedecine-a-madrid\/\" \/>\n<meta property=\"og:site_name\" content=\"Fundaci\u00f3n Recover Hospitales para \u00c1frica\" \/>\n<meta property=\"article:publisher\" content=\"https:\/\/www.facebook.com\/fundacionrecover\/\" \/>\n<meta property=\"article:published_time\" content=\"2022-12-16T12:17:01+00:00\" \/>\n<meta property=\"article:modified_time\" content=\"2024-05-30T08:30:39+00:00\" \/>\n<meta property=\"og:image\" content=\"https:\/\/fundacionrecover.org\/wp-content\/uploads\/2022\/12\/WhatsApp-Image-2022-11-22-at-8.32.04-PM-1024x768-1.jpeg\" \/>\n\t<meta property=\"og:image:width\" content=\"1024\" \/>\n\t<meta property=\"og:image:height\" content=\"768\" \/>\n\t<meta property=\"og:image:type\" content=\"image\/jpeg\" \/>\n<meta name=\"author\" content=\"Recover\" \/>\n<meta name=\"twitter:card\" content=\"summary_large_image\" \/>\n<meta name=\"twitter:label1\" content=\"\u00c9crit par\" \/>\n\t<meta name=\"twitter:data1\" content=\"Recover\" \/>\n\t<meta name=\"twitter:label2\" content=\"Dur\u00e9e de lecture estim\u00e9e\" \/>\n\t<meta name=\"twitter:data2\" content=\"1 minute\" \/>\n<script type=\"application\/ld+json\" class=\"yoast-schema-graph\">{\"@context\":\"https:\\\/\\\/schema.org\",\"@graph\":[{\"@type\":\"Article\",\"@id\":\"https:\\\/\\\/fundacionrecover.org\\\/v-jornada-sobre-telemedicina-en-madrid\\\/#article\",\"isPartOf\":{\"@id\":\"https:\\\/\\\/fundacionrecover.org\\\/v-jornada-sobre-telemedicina-en-madrid\\\/\"},\"author\":{\"name\":\"Recover\",\"@id\":\"https:\\\/\\\/fundacionrecover.org\\\/#\\\/schema\\\/person\\\/dd196faabb13b5c6e72c88bc6f7c6fb6\"},\"headline\":\"La V Jornada sobre Telemedicina en Madrid en los medios de comunicaci\u00f3n\",\"datePublished\":\"2022-12-16T12:17:01+00:00\",\"dateModified\":\"2024-05-30T08:30:39+00:00\",\"mainEntityOfPage\":{\"@id\":\"https:\\\/\\\/fundacionrecover.org\\\/v-jornada-sobre-telemedicina-en-madrid\\\/\"},\"wordCount\":143,\"publisher\":{\"@id\":\"https:\\\/\\\/fundacionrecover.org\\\/#organization\"},\"image\":{\"@id\":\"https:\\\/\\\/fundacionrecover.org\\\/v-jornada-sobre-telemedicina-en-madrid\\\/#primaryimage\"},\"thumbnailUrl\":\"https:\\\/\\\/fundacionrecover.org\\\/wp-content\\\/uploads\\\/2022\\\/12\\\/WhatsApp-Image-2022-11-22-at-8.32.04-PM-1024x768-1.jpeg\",\"articleSection\":[\"Recover en los medios\"],\"inLanguage\":\"fr-FR\"},{\"@type\":\"WebPage\",\"@id\":\"https:\\\/\\\/fundacionrecover.org\\\/v-jornada-sobre-telemedicina-en-madrid\\\/\",\"url\":\"https:\\\/\\\/fundacionrecover.org\\\/v-jornada-sobre-telemedicina-en-madrid\\\/\",\"name\":\"La V Jornada sobre Telemedicina en Madrid en los medios de comunicaci\u00f3n - Fundaci\u00f3n Recover Hospitales para \u00c1frica\",\"isPartOf\":{\"@id\":\"https:\\\/\\\/fundacionrecover.org\\\/#website\"},\"primaryImageOfPage\":{\"@id\":\"https:\\\/\\\/fundacionrecover.org\\\/v-jornada-sobre-telemedicina-en-madrid\\\/#primaryimage\"},\"image\":{\"@id\":\"https:\\\/\\\/fundacionrecover.org\\\/v-jornada-sobre-telemedicina-en-madrid\\\/#primaryimage\"},\"thumbnailUrl\":\"https:\\\/\\\/fundacionrecover.org\\\/wp-content\\\/uploads\\\/2022\\\/12\\\/WhatsApp-Image-2022-11-22-at-8.32.04-PM-1024x768-1.jpeg\",\"datePublished\":\"2022-12-16T12:17:01+00:00\",\"dateModified\":\"2024-05-30T08:30:39+00:00\",\"breadcrumb\":{\"@id\":\"https:\\\/\\\/fundacionrecover.org\\\/v-jornada-sobre-telemedicina-en-madrid\\\/#breadcrumb\"},\"inLanguage\":\"fr-FR\",\"potentialAction\":[{\"@type\":\"ReadAction\",\"target\":[\"https:\\\/\\\/fundacionrecover.org\\\/v-jornada-sobre-telemedicina-en-madrid\\\/\"]}]},{\"@type\":\"ImageObject\",\"inLanguage\":\"fr-FR\",\"@id\":\"https:\\\/\\\/fundacionrecover.org\\\/v-jornada-sobre-telemedicina-en-madrid\\\/#primaryimage\",\"url\":\"https:\\\/\\\/fundacionrecover.org\\\/wp-content\\\/uploads\\\/2022\\\/12\\\/WhatsApp-Image-2022-11-22-at-8.32.04-PM-1024x768-1.jpeg\",\"contentUrl\":\"https:\\\/\\\/fundacionrecover.org\\\/wp-content\\\/uploads\\\/2022\\\/12\\\/WhatsApp-Image-2022-11-22-at-8.32.04-PM-1024x768-1.jpeg\",\"width\":1024,\"height\":768},{\"@type\":\"BreadcrumbList\",\"@id\":\"https:\\\/\\\/fundacionrecover.org\\\/v-jornada-sobre-telemedicina-en-madrid\\\/#breadcrumb\",\"itemListElement\":[{\"@type\":\"ListItem\",\"position\":1,\"name\":\"Home\",\"item\":\"https:\\\/\\\/fundacionrecover.org\\\/\"},{\"@type\":\"ListItem\",\"position\":2,\"name\":\"Recover en los medios\",\"item\":\"https:\\\/\\\/fundacionrecover.org\\\/category\\\/prensa\\\/\"},{\"@type\":\"ListItem\",\"position\":3,\"name\":\"La V Jornada sobre Telemedicina en Madrid en los medios de comunicaci\u00f3n\"}]},{\"@type\":\"WebSite\",\"@id\":\"https:\\\/\\\/fundacionrecover.org\\\/#website\",\"url\":\"https:\\\/\\\/fundacionrecover.org\\\/\",\"name\":\"Fundaci\u00f3n Recover Hospitales para \u00c1frica\",\"description\":\"Fundaci\u00f3n Recover\",\"publisher\":{\"@id\":\"https:\\\/\\\/fundacionrecover.org\\\/#organization\"},\"potentialAction\":[{\"@type\":\"SearchAction\",\"target\":{\"@type\":\"EntryPoint\",\"urlTemplate\":\"https:\\\/\\\/fundacionrecover.org\\\/?s={search_term_string}\"},\"query-input\":{\"@type\":\"PropertyValueSpecification\",\"valueRequired\":true,\"valueName\":\"search_term_string\"}}],\"inLanguage\":\"fr-FR\"},{\"@type\":\"Organization\",\"@id\":\"https:\\\/\\\/fundacionrecover.org\\\/#organization\",\"name\":\"Fundaci\u00f3n Recover, Hospitales para \u00c1frica\",\"alternateName\":\"Fundaci\u00f3n Recover\",\"url\":\"https:\\\/\\\/fundacionrecover.org\\\/\",\"logo\":{\"@type\":\"ImageObject\",\"inLanguage\":\"fr-FR\",\"@id\":\"https:\\\/\\\/fundacionrecover.org\\\/#\\\/schema\\\/logo\\\/image\\\/\",\"url\":\"https:\\\/\\\/fundacionrecover.org\\\/wp-content\\\/uploads\\\/2024\\\/03\\\/FundacionRecoverHospitalesParaAfrica_logo_blanco_cut.png\",\"contentUrl\":\"https:\\\/\\\/fundacionrecover.org\\\/wp-content\\\/uploads\\\/2024\\\/03\\\/FundacionRecoverHospitalesParaAfrica_logo_blanco_cut.png\",\"width\":335,\"height\":183,\"caption\":\"Fundaci\u00f3n Recover, Hospitales para \u00c1frica\"},\"image\":{\"@id\":\"https:\\\/\\\/fundacionrecover.org\\\/#\\\/schema\\\/logo\\\/image\\\/\"},\"sameAs\":[\"https:\\\/\\\/www.facebook.com\\\/fundacionrecover\\\/\",\"https:\\\/\\\/www.instagram.com\\\/fundacionrecover\\\/\",\"https:\\\/\\\/www.linkedin.com\\\/company\\\/fundaci\u00f3n-recover-hospitales-para-\u00e1frica\\\/\",\"https:\\\/\\\/www.tiktok.com\\\/@fundacionrecover\"]},{\"@type\":\"Person\",\"@id\":\"https:\\\/\\\/fundacionrecover.org\\\/#\\\/schema\\\/person\\\/dd196faabb13b5c6e72c88bc6f7c6fb6\",\"name\":\"Recover\",\"sameAs\":[\"https:\\\/\\\/fundacionrecover.org\"]}]}<\/script>\n<!-- \/ Yoast SEO plugin. -->","yoast_head_json":{"title":"La V\u00e8me Conf\u00e9rence sur la T\u00e9l\u00e9m\u00e9decine \u00e0 Madrid dans les m\u00e9dias - Recover Hospitals for Africa Foundation","robots":{"index":"index","follow":"follow","max-snippet":"max-snippet:-1","max-image-preview":"max-image-preview:large","max-video-preview":"max-video-preview:-1"},"canonical":"https:\/\/fundacionrecover.org\/fr\/v-conference-sur-la-telemedecine-a-madrid\/","og_locale":"fr_FR","og_type":"article","og_title":"La V Jornada sobre Telemedicina en Madrid en los medios de comunicaci\u00f3n - Fundaci\u00f3n Recover Hospitales para \u00c1frica","og_description":"El 22 de noviembre realizamos la V Jornada de nuestro Programa \u201cTelemedicina: una ventana al desarrollo sanitario en \u00c1frica\u201d en la que compartimos experiencias con sanitarios africanos","og_url":"https:\/\/fundacionrecover.org\/fr\/v-conference-sur-la-telemedecine-a-madrid\/","og_site_name":"Fundaci\u00f3n Recover Hospitales para \u00c1frica","article_publisher":"https:\/\/www.facebook.com\/fundacionrecover\/","article_published_time":"2022-12-16T12:17:01+00:00","article_modified_time":"2024-05-30T08:30:39+00:00","og_image":[{"width":1024,"height":768,"url":"https:\/\/fundacionrecover.org\/wp-content\/uploads\/2022\/12\/WhatsApp-Image-2022-11-22-at-8.32.04-PM-1024x768-1.jpeg","type":"image\/jpeg"}],"author":"Recover","twitter_card":"summary_large_image","twitter_misc":{"\u00c9crit par":"Recover","Dur\u00e9e de lecture estim\u00e9e":"1 minute"},"schema":{"@context":"https:\/\/schema.org","@graph":[{"@type":"Article","@id":"https:\/\/fundacionrecover.org\/v-jornada-sobre-telemedicina-en-madrid\/#article","isPartOf":{"@id":"https:\/\/fundacionrecover.org\/v-jornada-sobre-telemedicina-en-madrid\/"},"author":{"name":"Recover","@id":"https:\/\/fundacionrecover.org\/#\/schema\/person\/dd196faabb13b5c6e72c88bc6f7c6fb6"},"headline":"La V Jornada sobre Telemedicina en Madrid en los medios de comunicaci\u00f3n","datePublished":"2022-12-16T12:17:01+00:00","dateModified":"2024-05-30T08:30:39+00:00","mainEntityOfPage":{"@id":"https:\/\/fundacionrecover.org\/v-jornada-sobre-telemedicina-en-madrid\/"},"wordCount":143,"publisher":{"@id":"https:\/\/fundacionrecover.org\/#organization"},"image":{"@id":"https:\/\/fundacionrecover.org\/v-jornada-sobre-telemedicina-en-madrid\/#primaryimage"},"thumbnailUrl":"https:\/\/fundacionrecover.org\/wp-content\/uploads\/2022\/12\/WhatsApp-Image-2022-11-22-at-8.32.04-PM-1024x768-1.jpeg","articleSection":["Recover en los medios"],"inLanguage":"fr-FR"},{"@type":"WebPage","@id":"https:\/\/fundacionrecover.org\/v-jornada-sobre-telemedicina-en-madrid\/","url":"https:\/\/fundacionrecover.org\/v-jornada-sobre-telemedicina-en-madrid\/","name":"La V\u00e8me Conf\u00e9rence sur la T\u00e9l\u00e9m\u00e9decine \u00e0 Madrid dans les m\u00e9dias - Recover Hospitals for Africa Foundation","isPartOf":{"@id":"https:\/\/fundacionrecover.org\/#website"},"primaryImageOfPage":{"@id":"https:\/\/fundacionrecover.org\/v-jornada-sobre-telemedicina-en-madrid\/#primaryimage"},"image":{"@id":"https:\/\/fundacionrecover.org\/v-jornada-sobre-telemedicina-en-madrid\/#primaryimage"},"thumbnailUrl":"https:\/\/fundacionrecover.org\/wp-content\/uploads\/2022\/12\/WhatsApp-Image-2022-11-22-at-8.32.04-PM-1024x768-1.jpeg","datePublished":"2022-12-16T12:17:01+00:00","dateModified":"2024-05-30T08:30:39+00:00","breadcrumb":{"@id":"https:\/\/fundacionrecover.org\/v-jornada-sobre-telemedicina-en-madrid\/#breadcrumb"},"inLanguage":"fr-FR","potentialAction":[{"@type":"ReadAction","target":["https:\/\/fundacionrecover.org\/v-jornada-sobre-telemedicina-en-madrid\/"]}]},{"@type":"ImageObject","inLanguage":"fr-FR","@id":"https:\/\/fundacionrecover.org\/v-jornada-sobre-telemedicina-en-madrid\/#primaryimage","url":"https:\/\/fundacionrecover.org\/wp-content\/uploads\/2022\/12\/WhatsApp-Image-2022-11-22-at-8.32.04-PM-1024x768-1.jpeg","contentUrl":"https:\/\/fundacionrecover.org\/wp-content\/uploads\/2022\/12\/WhatsApp-Image-2022-11-22-at-8.32.04-PM-1024x768-1.jpeg","width":1024,"height":768},{"@type":"BreadcrumbList","@id":"https:\/\/fundacionrecover.org\/v-jornada-sobre-telemedicina-en-madrid\/#breadcrumb","itemListElement":[{"@type":"ListItem","position":1,"name":"Home","item":"https:\/\/fundacionrecover.org\/"},{"@type":"ListItem","position":2,"name":"Recover en los medios","item":"https:\/\/fundacionrecover.org\/category\/prensa\/"},{"@type":"ListItem","position":3,"name":"La V Jornada sobre Telemedicina en Madrid en los medios de comunicaci\u00f3n"}]},{"@type":"WebSite","@id":"https:\/\/fundacionrecover.org\/#website","url":"https:\/\/fundacionrecover.org\/","name":"La Fondation Recover, H\u00f2pitaux pour l\u2019Afrique","description":"La Fondation Recover","publisher":{"@id":"https:\/\/fundacionrecover.org\/#organization"},"potentialAction":[{"@type":"SearchAction","target":{"@type":"EntryPoint","urlTemplate":"https:\/\/fundacionrecover.org\/?s={search_term_string}"},"query-input":{"@type":"PropertyValueSpecification","valueRequired":true,"valueName":"search_term_string"}}],"inLanguage":"fr-FR"},{"@type":"Organization","@id":"https:\/\/fundacionrecover.org\/#organization","name":"La Fondation Recover, H\u00f2pitaux pour l\u2019Afrique","alternateName":"Fundaci\u00f3n Recover","url":"https:\/\/fundacionrecover.org\/","logo":{"@type":"ImageObject","inLanguage":"fr-FR","@id":"https:\/\/fundacionrecover.org\/#\/schema\/logo\/image\/","url":"https:\/\/fundacionrecover.org\/wp-content\/uploads\/2024\/03\/FundacionRecoverHospitalesParaAfrica_logo_blanco_cut.png","contentUrl":"https:\/\/fundacionrecover.org\/wp-content\/uploads\/2024\/03\/FundacionRecoverHospitalesParaAfrica_logo_blanco_cut.png","width":335,"height":183,"caption":"Fundaci\u00f3n Recover, Hospitales para \u00c1frica"},"image":{"@id":"https:\/\/fundacionrecover.org\/#\/schema\/logo\/image\/"},"sameAs":["https:\/\/www.facebook.com\/fundacionrecover\/","https:\/\/www.instagram.com\/fundacionrecover\/","https:\/\/www.linkedin.com\/company\/fundaci\u00f3n-recover-hospitales-para-\u00e1frica\/","https:\/\/www.tiktok.com\/@fundacionrecover"]},{"@type":"Person","@id":"https:\/\/fundacionrecover.org\/#\/schema\/person\/dd196faabb13b5c6e72c88bc6f7c6fb6","name":"R\u00e9cup\u00e9rer","sameAs":["https:\/\/fundacionrecover.org"]}]}},"_links":{"self":[{"href":"https:\/\/fundacionrecover.org\/fr\/wp-json\/wp\/v2\/posts\/3329","targetHints":{"allow":["GET"]}}],"collection":[{"href":"https:\/\/fundacionrecover.org\/fr\/wp-json\/wp\/v2\/posts"}],"about":[{"href":"https:\/\/fundacionrecover.org\/fr\/wp-json\/wp\/v2\/types\/post"}],"author":[{"embeddable":true,"href":"https:\/\/fundacionrecover.org\/fr\/wp-json\/wp\/v2\/users\/1"}],"replies":[{"embeddable":true,"href":"https:\/\/fundacionrecover.org\/fr\/wp-json\/wp\/v2\/comments?post=3329"}],"version-history":[{"count":0,"href":"https:\/\/fundacionrecover.org\/fr\/wp-json\/wp\/v2\/posts\/3329\/revisions"}],"wp:featuredmedia":[{"embeddable":true,"href":"https:\/\/fundacionrecover.org\/fr\/wp-json\/wp\/v2\/media\/3330"}],"wp:attachment":[{"href":"https:\/\/fundacionrecover.org\/fr\/wp-json\/wp\/v2\/media?parent=3329"}],"wp:term":[{"taxonomy":"category","embeddable":true,"href":"https:\/\/fundacionrecover.org\/fr\/wp-json\/wp\/v2\/categories?post=3329"},{"taxonomy":"post_tag","embeddable":true,"href":"https:\/\/fundacionrecover.org\/fr\/wp-json\/wp\/v2\/tags?post=3329"}],"curies":[{"name":"wp","href":"https:\/\/api.w.org\/{rel}","templated":true}]}}