{"id":3413,"date":"2022-02-28T15:58:23","date_gmt":"2022-02-28T14:58:23","guid":{"rendered":"https:\/\/fundacionrecover.org\/?p=12782"},"modified":"2024-05-30T11:32:54","modified_gmt":"2024-05-30T09:32:54","slug":"viii-prix-mutualista-solidario","status":"publish","type":"post","link":"https:\/\/fundacionrecover.org\/fr\/viii-premios-mutualista-solidario\/","title":{"rendered":"VIII Prix Mutualista Solidario"},"content":{"rendered":"<h2>Un soutien important pour poursuivre notre campagne de d\u00e9pistage du cancer du col de l'ut\u00e9rus<\/h2>\n<p>En f\u00e9vrier 2022, le pr\u00e9sident de la <strong><a href=\"https:\/\/www.amaseguros.com\/fundacion-ama\" target=\"_blank\" rel=\"noopener\">Fondation A.M.A.<\/a><\/strong>Diego Murillo, a pr\u00e9sid\u00e9 la c\u00e9r\u00e9monie de remise des prix de la <strong><a href=\"https:\/\/www.amaseguros.com\/premio-mutualista\" target=\"_blank\" rel=\"noopener\">VIII Prix Mutualista Solidario<\/a><\/strong>. A <strong>La Fondation Recover<\/strong> nous attendons avec impatience la <strong>3\u00e8me prix, d'une valeur de 8 000 euros<\/strong>qui nous permettra de poursuivre notre <strong><a href=\"https:\/\/fundacionrecover.org\/fr\/blog\/una-enfermedad-curable-principal-causa-de-muerte-entre-las-mujeres-de-camerun\/\" target=\"_blank\" rel=\"noopener\">Campagne de d\u00e9pistage du cancer du col de l'ut\u00e9rus<\/a><\/strong> au centre de sant\u00e9 de Wal\u00e9 (C\u00f4te d'Ivoire).<\/p>\n<p>Cette ann\u00e9e, les prix ont \u00e9t\u00e9 attribu\u00e9s \u00e0 hauteur de 60 000 euros aux laur\u00e9ats suivants<strong>\u00a09 projets de solidarit\u00e9 propos\u00e9s par des personnes ou des entit\u00e9s ayant le statut de mutualiste actif de l'A.M.A.<\/strong>.<\/p>\n<p>Tous les projets gagnants sont li\u00e9s \u00e0 <strong>les soins de sant\u00e9, les soins de sant\u00e9,<\/strong><strong>\u00a0les soins aux malades et \u00e0 leurs familles<\/strong>et la promotion de modes de vie sains, en particulier parmi les groupes en situation ou en risque d'exclusion sociale.<\/p>\n<p><strong>Lisez les articles dans les m\u00e9dias :<\/strong><\/p>\n<ul>\n<li>\ud83d\udcf0 <a href=\"https:\/\/www.redaccionmedica.com\/secciones\/privada\/ama-entrega-los-60-000-euros-de-sus-viii-premios-mutualista-solidario-4477#:~:text=El%20presidente%20de%20la%20Fundaci%C3%B3n,condici%C3%B3n%20de%20mutualista%20de%20AMA.\" target=\"_blank\" rel=\"noopener\">R\u00e9dacteur m\u00e9dical<\/a><\/li>\n<li>\ud83d\udcf0 <a href=\"https:\/\/elmedicointeractivo.com\/la-fundacion-a-m-a-entrega-los-viii-premios-mutualista-solidario\/\" target=\"_blank\" rel=\"noopener\">Le m\u00e9decin interactif<\/a><\/li>\n<li>\ud83d\udcf0 <a href=\"https:\/\/gacetamedica.com\/profesion\/diego-murillo-preside-el-acto-de-entrega-de-los-viii-premios-mutualista-solidario-que-otorgan-60-000-euros-a-proyectos-solidarios\/\" target=\"_blank\" rel=\"noopener\">Gazette m\u00e9dicale<\/a><\/li>\n<li>\ud83d\udcf0 <a href=\"https:\/\/gacetadental.com\/2022\/02\/viii-premios-mutualista-solidario-115176\/#:~:text=El%20presidente%20de%20la%20Fundaci%C3%B3n,condici%C3%B3n%20de%20mutualista%20de%20A.M.A.\" target=\"_blank\" rel=\"noopener\">Gazette dentaire<\/a><\/li>\n<li>\ud83d\udcf0 <a href=\"https:\/\/www.andaluciamedica.es\/2022\/02\/10\/el-dr-diego-murillo-preside-el-acto-de-entrega-de-los-viii-premios-mutualista-solidario-que-otorgan-60-000-euros-a-proyectos-solidarios\/\" target=\"_blank\" rel=\"noopener\">Andalousie m\u00e9dicale<\/a><\/li>\n<li>\ud83d\udcf0 <a href=\"https:\/\/www.grupoaseguranza.com\/noticias-de-seguros\/m-entrega-viii-premios-mutualista-solidario-dotados-60-000-euros\" target=\"_blank\" rel=\"noopener\">Groupe Aseguranza<\/a><\/li>\n<li>\ud83d\udcf0 <a href=\"https:\/\/www.actasanitaria.com\/politica-y-sociedad\/ama-entrega-viii-premios-mutualista-solidario-dotados-con-60000-euros_2001028_102.html\" target=\"_blank\" rel=\"noopener\">Loi sur la sant\u00e9<\/a><\/li>\n<li>\ud83d\udcf0 <a href=\"https:\/\/prnoticias.com\/2022\/02\/10\/el-dr-diego-murillo-preside-el-acto-de-entrega-de-los-viii-premios-mutualista-solidario\/#:~:text=El%20presidente%20de%20la%20Fundaci%C3%B3n,condici%C3%B3n%20de%20mutualista%20de%20A.M.A.\" target=\"_blank\" rel=\"noopener\">Actualit\u00e9s RP<\/a><\/li>\n<\/ul>\n<p><strong>F\u00e9licitations \u00e0 tous les laur\u00e9ats.<br \/>\nMerci beaucoup pour votre solidarit\u00e9 !<\/strong><\/p>","protected":false},"excerpt":{"rendered":"<p>8 000 euros pour notre projet sur le cancer du col de l'ut\u00e9rus<\/p>","protected":false},"author":1,"featured_media":3414,"comment_status":"closed","ping_status":"closed","sticky":false,"template":"","format":"standard","meta":{"give_campaign_id":0,"footnotes":""},"categories":[11,28,13],"tags":[],"class_list":["post-3413","post","type-post","status-publish","format-standard","has-post-thumbnail","hentry","category-noticias","category-premios","category-prensa"],"yoast_head":"<!-- This site is optimized with the Yoast SEO plugin v27.4 - https:\/\/yoast.com\/product\/yoast-seo-wordpress\/ -->\n<title>VIII Premios Mutualista Solidario - Fundaci\u00f3n Recover Hospitales para \u00c1frica<\/title>\n<meta name=\"robots\" content=\"index, follow, max-snippet:-1, max-image-preview:large, max-video-preview:-1\" \/>\n<link rel=\"canonical\" href=\"https:\/\/fundacionrecover.org\/fr\/viii-prix-mutualista-solidario\/\" \/>\n<meta property=\"og:locale\" content=\"fr_FR\" \/>\n<meta property=\"og:type\" content=\"article\" \/>\n<meta property=\"og:title\" content=\"VIII Premios Mutualista Solidario - Fundaci\u00f3n Recover Hospitales para \u00c1frica\" \/>\n<meta property=\"og:description\" content=\"8.000\u20ac para nuestro proyecto de c\u00e1ncer de c\u00e9rvix\" \/>\n<meta property=\"og:url\" content=\"https:\/\/fundacionrecover.org\/fr\/viii-prix-mutualista-solidario\/\" \/>\n<meta property=\"og:site_name\" content=\"Fundaci\u00f3n Recover Hospitales para \u00c1frica\" \/>\n<meta property=\"article:publisher\" content=\"https:\/\/www.facebook.com\/fundacionrecover\/\" \/>\n<meta property=\"article:published_time\" content=\"2022-02-28T14:58:23+00:00\" \/>\n<meta property=\"article:modified_time\" content=\"2024-05-30T09:32:54+00:00\" \/>\n<meta property=\"og:image\" content=\"https:\/\/fundacionrecover.org\/wp-content\/uploads\/2022\/02\/WhatsApp-Image-2022-02-28-at-10.44.05.jpeg\" \/>\n\t<meta property=\"og:image:width\" content=\"1536\" \/>\n\t<meta property=\"og:image:height\" content=\"2048\" \/>\n\t<meta property=\"og:image:type\" content=\"image\/jpeg\" \/>\n<meta name=\"author\" content=\"Recover\" \/>\n<meta name=\"twitter:card\" content=\"summary_large_image\" \/>\n<meta name=\"twitter:label1\" content=\"\u00c9crit par\" \/>\n\t<meta name=\"twitter:data1\" content=\"Recover\" \/>\n\t<meta name=\"twitter:label2\" content=\"Dur\u00e9e de lecture estim\u00e9e\" \/>\n\t<meta name=\"twitter:data2\" content=\"2 minutes\" \/>\n<script type=\"application\/ld+json\" class=\"yoast-schema-graph\">{\"@context\":\"https:\\\/\\\/schema.org\",\"@graph\":[{\"@type\":\"Article\",\"@id\":\"https:\\\/\\\/fundacionrecover.org\\\/viii-premios-mutualista-solidario\\\/#article\",\"isPartOf\":{\"@id\":\"https:\\\/\\\/fundacionrecover.org\\\/viii-premios-mutualista-solidario\\\/\"},\"author\":{\"name\":\"Recover\",\"@id\":\"https:\\\/\\\/fundacionrecover.org\\\/#\\\/schema\\\/person\\\/dd196faabb13b5c6e72c88bc6f7c6fb6\"},\"headline\":\"VIII Premios Mutualista Solidario\",\"datePublished\":\"2022-02-28T14:58:23+00:00\",\"dateModified\":\"2024-05-30T09:32:54+00:00\",\"mainEntityOfPage\":{\"@id\":\"https:\\\/\\\/fundacionrecover.org\\\/viii-premios-mutualista-solidario\\\/\"},\"wordCount\":206,\"publisher\":{\"@id\":\"https:\\\/\\\/fundacionrecover.org\\\/#organization\"},\"image\":{\"@id\":\"https:\\\/\\\/fundacionrecover.org\\\/viii-premios-mutualista-solidario\\\/#primaryimage\"},\"thumbnailUrl\":\"https:\\\/\\\/fundacionrecover.org\\\/wp-content\\\/uploads\\\/2022\\\/02\\\/WhatsApp-Image-2022-02-28-at-10.44.05.jpeg\",\"articleSection\":[\"Noticias\",\"Premios\",\"Recover en los medios\"],\"inLanguage\":\"fr-FR\"},{\"@type\":\"WebPage\",\"@id\":\"https:\\\/\\\/fundacionrecover.org\\\/viii-premios-mutualista-solidario\\\/\",\"url\":\"https:\\\/\\\/fundacionrecover.org\\\/viii-premios-mutualista-solidario\\\/\",\"name\":\"VIII Premios Mutualista Solidario - Fundaci\u00f3n Recover Hospitales para \u00c1frica\",\"isPartOf\":{\"@id\":\"https:\\\/\\\/fundacionrecover.org\\\/#website\"},\"primaryImageOfPage\":{\"@id\":\"https:\\\/\\\/fundacionrecover.org\\\/viii-premios-mutualista-solidario\\\/#primaryimage\"},\"image\":{\"@id\":\"https:\\\/\\\/fundacionrecover.org\\\/viii-premios-mutualista-solidario\\\/#primaryimage\"},\"thumbnailUrl\":\"https:\\\/\\\/fundacionrecover.org\\\/wp-content\\\/uploads\\\/2022\\\/02\\\/WhatsApp-Image-2022-02-28-at-10.44.05.jpeg\",\"datePublished\":\"2022-02-28T14:58:23+00:00\",\"dateModified\":\"2024-05-30T09:32:54+00:00\",\"breadcrumb\":{\"@id\":\"https:\\\/\\\/fundacionrecover.org\\\/viii-premios-mutualista-solidario\\\/#breadcrumb\"},\"inLanguage\":\"fr-FR\",\"potentialAction\":[{\"@type\":\"ReadAction\",\"target\":[\"https:\\\/\\\/fundacionrecover.org\\\/viii-premios-mutualista-solidario\\\/\"]}]},{\"@type\":\"ImageObject\",\"inLanguage\":\"fr-FR\",\"@id\":\"https:\\\/\\\/fundacionrecover.org\\\/viii-premios-mutualista-solidario\\\/#primaryimage\",\"url\":\"https:\\\/\\\/fundacionrecover.org\\\/wp-content\\\/uploads\\\/2022\\\/02\\\/WhatsApp-Image-2022-02-28-at-10.44.05.jpeg\",\"contentUrl\":\"https:\\\/\\\/fundacionrecover.org\\\/wp-content\\\/uploads\\\/2022\\\/02\\\/WhatsApp-Image-2022-02-28-at-10.44.05.jpeg\",\"width\":1536,\"height\":2048},{\"@type\":\"BreadcrumbList\",\"@id\":\"https:\\\/\\\/fundacionrecover.org\\\/viii-premios-mutualista-solidario\\\/#breadcrumb\",\"itemListElement\":[{\"@type\":\"ListItem\",\"position\":1,\"name\":\"Home\",\"item\":\"https:\\\/\\\/fundacionrecover.org\\\/\"},{\"@type\":\"ListItem\",\"position\":2,\"name\":\"Noticias\",\"item\":\"https:\\\/\\\/fundacionrecover.org\\\/category\\\/noticias\\\/\"},{\"@type\":\"ListItem\",\"position\":3,\"name\":\"VIII Premios Mutualista Solidario\"}]},{\"@type\":\"WebSite\",\"@id\":\"https:\\\/\\\/fundacionrecover.org\\\/#website\",\"url\":\"https:\\\/\\\/fundacionrecover.org\\\/\",\"name\":\"Fundaci\u00f3n Recover Hospitales para \u00c1frica\",\"description\":\"Fundaci\u00f3n Recover\",\"publisher\":{\"@id\":\"https:\\\/\\\/fundacionrecover.org\\\/#organization\"},\"potentialAction\":[{\"@type\":\"SearchAction\",\"target\":{\"@type\":\"EntryPoint\",\"urlTemplate\":\"https:\\\/\\\/fundacionrecover.org\\\/?s={search_term_string}\"},\"query-input\":{\"@type\":\"PropertyValueSpecification\",\"valueRequired\":true,\"valueName\":\"search_term_string\"}}],\"inLanguage\":\"fr-FR\"},{\"@type\":\"Organization\",\"@id\":\"https:\\\/\\\/fundacionrecover.org\\\/#organization\",\"name\":\"Fundaci\u00f3n Recover, Hospitales para \u00c1frica\",\"alternateName\":\"Fundaci\u00f3n Recover\",\"url\":\"https:\\\/\\\/fundacionrecover.org\\\/\",\"logo\":{\"@type\":\"ImageObject\",\"inLanguage\":\"fr-FR\",\"@id\":\"https:\\\/\\\/fundacionrecover.org\\\/#\\\/schema\\\/logo\\\/image\\\/\",\"url\":\"https:\\\/\\\/fundacionrecover.org\\\/wp-content\\\/uploads\\\/2024\\\/03\\\/FundacionRecoverHospitalesParaAfrica_logo_blanco_cut.png\",\"contentUrl\":\"https:\\\/\\\/fundacionrecover.org\\\/wp-content\\\/uploads\\\/2024\\\/03\\\/FundacionRecoverHospitalesParaAfrica_logo_blanco_cut.png\",\"width\":335,\"height\":183,\"caption\":\"Fundaci\u00f3n Recover, Hospitales para \u00c1frica\"},\"image\":{\"@id\":\"https:\\\/\\\/fundacionrecover.org\\\/#\\\/schema\\\/logo\\\/image\\\/\"},\"sameAs\":[\"https:\\\/\\\/www.facebook.com\\\/fundacionrecover\\\/\",\"https:\\\/\\\/www.instagram.com\\\/fundacionrecover\\\/\",\"https:\\\/\\\/www.linkedin.com\\\/company\\\/fundaci\u00f3n-recover-hospitales-para-\u00e1frica\\\/\",\"https:\\\/\\\/www.tiktok.com\\\/@fundacionrecover\"]},{\"@type\":\"Person\",\"@id\":\"https:\\\/\\\/fundacionrecover.org\\\/#\\\/schema\\\/person\\\/dd196faabb13b5c6e72c88bc6f7c6fb6\",\"name\":\"Recover\",\"sameAs\":[\"https:\\\/\\\/fundacionrecover.org\"]}]}<\/script>\n<!-- \/ Yoast SEO plugin. -->","yoast_head_json":{"title":"8e \u00e9dition des Mutualista Solidario Awards - Recover Hospitals for Africa Foundation","robots":{"index":"index","follow":"follow","max-snippet":"max-snippet:-1","max-image-preview":"max-image-preview:large","max-video-preview":"max-video-preview:-1"},"canonical":"https:\/\/fundacionrecover.org\/fr\/viii-prix-mutualista-solidario\/","og_locale":"fr_FR","og_type":"article","og_title":"VIII Premios Mutualista Solidario - Fundaci\u00f3n Recover Hospitales para \u00c1frica","og_description":"8.000\u20ac para nuestro proyecto de c\u00e1ncer de c\u00e9rvix","og_url":"https:\/\/fundacionrecover.org\/fr\/viii-prix-mutualista-solidario\/","og_site_name":"Fundaci\u00f3n Recover Hospitales para \u00c1frica","article_publisher":"https:\/\/www.facebook.com\/fundacionrecover\/","article_published_time":"2022-02-28T14:58:23+00:00","article_modified_time":"2024-05-30T09:32:54+00:00","og_image":[{"width":1536,"height":2048,"url":"https:\/\/fundacionrecover.org\/wp-content\/uploads\/2022\/02\/WhatsApp-Image-2022-02-28-at-10.44.05.jpeg","type":"image\/jpeg"}],"author":"Recover","twitter_card":"summary_large_image","twitter_misc":{"\u00c9crit par":"Recover","Dur\u00e9e de lecture estim\u00e9e":"2 minutes"},"schema":{"@context":"https:\/\/schema.org","@graph":[{"@type":"Article","@id":"https:\/\/fundacionrecover.org\/viii-premios-mutualista-solidario\/#article","isPartOf":{"@id":"https:\/\/fundacionrecover.org\/viii-premios-mutualista-solidario\/"},"author":{"name":"Recover","@id":"https:\/\/fundacionrecover.org\/#\/schema\/person\/dd196faabb13b5c6e72c88bc6f7c6fb6"},"headline":"VIII Premios Mutualista Solidario","datePublished":"2022-02-28T14:58:23+00:00","dateModified":"2024-05-30T09:32:54+00:00","mainEntityOfPage":{"@id":"https:\/\/fundacionrecover.org\/viii-premios-mutualista-solidario\/"},"wordCount":206,"publisher":{"@id":"https:\/\/fundacionrecover.org\/#organization"},"image":{"@id":"https:\/\/fundacionrecover.org\/viii-premios-mutualista-solidario\/#primaryimage"},"thumbnailUrl":"https:\/\/fundacionrecover.org\/wp-content\/uploads\/2022\/02\/WhatsApp-Image-2022-02-28-at-10.44.05.jpeg","articleSection":["Noticias","Premios","Recover en los medios"],"inLanguage":"fr-FR"},{"@type":"WebPage","@id":"https:\/\/fundacionrecover.org\/viii-premios-mutualista-solidario\/","url":"https:\/\/fundacionrecover.org\/viii-premios-mutualista-solidario\/","name":"8e \u00e9dition des Mutualista Solidario Awards - Recover Hospitals for Africa Foundation","isPartOf":{"@id":"https:\/\/fundacionrecover.org\/#website"},"primaryImageOfPage":{"@id":"https:\/\/fundacionrecover.org\/viii-premios-mutualista-solidario\/#primaryimage"},"image":{"@id":"https:\/\/fundacionrecover.org\/viii-premios-mutualista-solidario\/#primaryimage"},"thumbnailUrl":"https:\/\/fundacionrecover.org\/wp-content\/uploads\/2022\/02\/WhatsApp-Image-2022-02-28-at-10.44.05.jpeg","datePublished":"2022-02-28T14:58:23+00:00","dateModified":"2024-05-30T09:32:54+00:00","breadcrumb":{"@id":"https:\/\/fundacionrecover.org\/viii-premios-mutualista-solidario\/#breadcrumb"},"inLanguage":"fr-FR","potentialAction":[{"@type":"ReadAction","target":["https:\/\/fundacionrecover.org\/viii-premios-mutualista-solidario\/"]}]},{"@type":"ImageObject","inLanguage":"fr-FR","@id":"https:\/\/fundacionrecover.org\/viii-premios-mutualista-solidario\/#primaryimage","url":"https:\/\/fundacionrecover.org\/wp-content\/uploads\/2022\/02\/WhatsApp-Image-2022-02-28-at-10.44.05.jpeg","contentUrl":"https:\/\/fundacionrecover.org\/wp-content\/uploads\/2022\/02\/WhatsApp-Image-2022-02-28-at-10.44.05.jpeg","width":1536,"height":2048},{"@type":"BreadcrumbList","@id":"https:\/\/fundacionrecover.org\/viii-premios-mutualista-solidario\/#breadcrumb","itemListElement":[{"@type":"ListItem","position":1,"name":"Home","item":"https:\/\/fundacionrecover.org\/"},{"@type":"ListItem","position":2,"name":"Noticias","item":"https:\/\/fundacionrecover.org\/category\/noticias\/"},{"@type":"ListItem","position":3,"name":"VIII Premios Mutualista Solidario"}]},{"@type":"WebSite","@id":"https:\/\/fundacionrecover.org\/#website","url":"https:\/\/fundacionrecover.org\/","name":"La Fondation Recover, H\u00f2pitaux pour l\u2019Afrique","description":"La Fondation Recover","publisher":{"@id":"https:\/\/fundacionrecover.org\/#organization"},"potentialAction":[{"@type":"SearchAction","target":{"@type":"EntryPoint","urlTemplate":"https:\/\/fundacionrecover.org\/?s={search_term_string}"},"query-input":{"@type":"PropertyValueSpecification","valueRequired":true,"valueName":"search_term_string"}}],"inLanguage":"fr-FR"},{"@type":"Organization","@id":"https:\/\/fundacionrecover.org\/#organization","name":"La Fondation Recover, H\u00f2pitaux pour l\u2019Afrique","alternateName":"Fundaci\u00f3n Recover","url":"https:\/\/fundacionrecover.org\/","logo":{"@type":"ImageObject","inLanguage":"fr-FR","@id":"https:\/\/fundacionrecover.org\/#\/schema\/logo\/image\/","url":"https:\/\/fundacionrecover.org\/wp-content\/uploads\/2024\/03\/FundacionRecoverHospitalesParaAfrica_logo_blanco_cut.png","contentUrl":"https:\/\/fundacionrecover.org\/wp-content\/uploads\/2024\/03\/FundacionRecoverHospitalesParaAfrica_logo_blanco_cut.png","width":335,"height":183,"caption":"Fundaci\u00f3n Recover, Hospitales para \u00c1frica"},"image":{"@id":"https:\/\/fundacionrecover.org\/#\/schema\/logo\/image\/"},"sameAs":["https:\/\/www.facebook.com\/fundacionrecover\/","https:\/\/www.instagram.com\/fundacionrecover\/","https:\/\/www.linkedin.com\/company\/fundaci\u00f3n-recover-hospitales-para-\u00e1frica\/","https:\/\/www.tiktok.com\/@fundacionrecover"]},{"@type":"Person","@id":"https:\/\/fundacionrecover.org\/#\/schema\/person\/dd196faabb13b5c6e72c88bc6f7c6fb6","name":"R\u00e9cup\u00e9rer","sameAs":["https:\/\/fundacionrecover.org"]}]}},"_links":{"self":[{"href":"https:\/\/fundacionrecover.org\/fr\/wp-json\/wp\/v2\/posts\/3413","targetHints":{"allow":["GET"]}}],"collection":[{"href":"https:\/\/fundacionrecover.org\/fr\/wp-json\/wp\/v2\/posts"}],"about":[{"href":"https:\/\/fundacionrecover.org\/fr\/wp-json\/wp\/v2\/types\/post"}],"author":[{"embeddable":true,"href":"https:\/\/fundacionrecover.org\/fr\/wp-json\/wp\/v2\/users\/1"}],"replies":[{"embeddable":true,"href":"https:\/\/fundacionrecover.org\/fr\/wp-json\/wp\/v2\/comments?post=3413"}],"version-history":[{"count":0,"href":"https:\/\/fundacionrecover.org\/fr\/wp-json\/wp\/v2\/posts\/3413\/revisions"}],"wp:featuredmedia":[{"embeddable":true,"href":"https:\/\/fundacionrecover.org\/fr\/wp-json\/wp\/v2\/media\/3414"}],"wp:attachment":[{"href":"https:\/\/fundacionrecover.org\/fr\/wp-json\/wp\/v2\/media?parent=3413"}],"wp:term":[{"taxonomy":"category","embeddable":true,"href":"https:\/\/fundacionrecover.org\/fr\/wp-json\/wp\/v2\/categories?post=3413"},{"taxonomy":"post_tag","embeddable":true,"href":"https:\/\/fundacionrecover.org\/fr\/wp-json\/wp\/v2\/tags?post=3413"}],"curies":[{"name":"wp","href":"https:\/\/api.w.org\/{rel}","templated":true}]}}