{"id":3424,"date":"2022-08-30T13:44:00","date_gmt":"2022-08-30T11:44:00","guid":{"rendered":"https:\/\/fundacionrecover.org\/?p=13528"},"modified":"2024-06-25T12:24:04","modified_gmt":"2024-06-25T10:24:04","slug":"formation-volontaire-en-echographie-camerounais","status":"publish","type":"post","link":"https:\/\/fundacionrecover.org\/fr\/voluntariado-formacion-ecografia-camerun\/","title":{"rendered":"Volontariat : Formation \u00e0 l'\u00e9chographie (pelvienne) : Deux semaines au Cameroun"},"content":{"rendered":"<h2>STATUT : FERM\u00c9<\/h2>\n<p style=\"font-weight: 400;\">Nous avons besoin de deux professionnels de la sant\u00e9 (gyn\u00e9cologues ayant une exp\u00e9rience de l'\u00e9chographie pelvienne et sages-femmes) qui sont pr\u00eats \u00e0 apporter leur soutien en tant que b\u00e9n\u00e9voles dans le cadre de l'atelier de formation sur l'\u00e9chographie pelvienne. <strong>formation \u00e0 l'\u00e9chographie pelvienne<\/strong> de <strong>les professionnels de la sant\u00e9<\/strong> Africains. L'objectif est de d\u00e9velopper la formation dans cette sp\u00e9cialit\u00e9 au cours des ann\u00e9es \u00e0 venir. <strong>deux semaines au mois de novembre 2022 au Cameroun<\/strong>Le projet sera r\u00e9alis\u00e9 dans deux centres de sant\u00e9 (l'un dans la r\u00e9gion centrale et l'autre dans la r\u00e9gion occidentale du pays). En outre, en amont, un soutien \u00e0 la conception de la formation depuis l'Espagne, ainsi qu'une formation th\u00e9orique et pratique \u00e0 l'utilisation des techniques d'\u00e9chographie et d'\u00e9chographie pelvienne pour les professionnels de la sant\u00e9 africains.<\/p>\n<h3>Exigences et d\u00e9tails<\/h3>\n<ul>\n<li style=\"list-style-type: none;\">\n<ul>\n<li><strong>Sp\u00e9cialiste en gyn\u00e9cologie <\/strong>ou similaire avec au moins 2 ans d'exp\u00e9rience en \u00e9chographie pelvienne et\/ou abdominale et des comp\u00e9tences en mati\u00e8re de formation.<\/li>\n<\/ul>\n<\/li>\n<\/ul>\n<p>ET\/OU<\/p>\n<ul>\n<li><strong>Sage-femme exp\u00e9riment\u00e9e<\/strong> au moins deux ans d'exp\u00e9rience dans l'assistance aux femmes enceintes, le suivi de la grossesse et les programmes d'\u00e9ducation \u00e0 la sant\u00e9.<\/li>\n<li>Essentiel <strong>niveau de fran\u00e7ais moyen \u00e0 \u00e9lev\u00e9<\/strong> pour les deux profils.<\/li>\n<\/ul>\n<h3><strong>Donnez de votre temps<\/strong><\/h3>\n<p style=\"text-align: left;\"><strong><a class=\"boton\" href=\"https:\/\/fundacionrecover.org\/fr\/devient-volontaire\/\" target=\"_blank\" rel=\"noopener noreferrer\">&gt;&gt; S'inscrire !<\/a><\/strong><\/p>","protected":false},"excerpt":{"rendered":"<h2>STATUT : FERM\u00c9<\/h2>\n<p style=\"font-weight: 400;\">Nous avons besoin de deux professionnels de la sant\u00e9 pour faire du b\u00e9n\u00e9volat en \u00e9chographie (pelvienne) pendant deux semaines au Cameroun. Un niveau de fran\u00e7ais moyen \u00e0 \u00e9lev\u00e9 est indispensable.<\/p>","protected":false},"author":1,"featured_media":3425,"comment_status":"closed","ping_status":"closed","sticky":false,"template":"","format":"standard","meta":{"give_campaign_id":0,"footnotes":""},"categories":[26],"tags":[],"class_list":["post-3424","post","type-post","status-publish","format-standard","has-post-thumbnail","hentry","category-ofertas-de-voluntariado"],"yoast_head":"<!-- This site is optimized with the Yoast SEO plugin v27.4 - https:\/\/yoast.com\/product\/yoast-seo-wordpress\/ -->\n<title>Voluntariado | Formaci\u00f3n en ecograf\u00eda (p\u00e9lvica) | Dos semanas en Camer\u00fan - Fundaci\u00f3n Recover Hospitales para \u00c1frica<\/title>\n<meta name=\"robots\" content=\"index, follow, max-snippet:-1, max-image-preview:large, max-video-preview:-1\" \/>\n<link rel=\"canonical\" href=\"https:\/\/fundacionrecover.org\/fr\/formation-volontaire-en-echographie-camerounais\/\" \/>\n<meta property=\"og:locale\" content=\"fr_FR\" \/>\n<meta property=\"og:type\" content=\"article\" \/>\n<meta property=\"og:title\" content=\"Voluntariado | Formaci\u00f3n en ecograf\u00eda (p\u00e9lvica) | Dos semanas en Camer\u00fan - Fundaci\u00f3n Recover Hospitales para \u00c1frica\" \/>\n<meta property=\"og:description\" content=\"ESTADO: CERRADA Necesitamos dos profesionales sanitarios para un voluntariado en ecograf\u00eda (p\u00e9lvica) durante dos semanas en Camer\u00fan. Imprescindible nivel medio-alto de franc\u00e9s.\" \/>\n<meta property=\"og:url\" content=\"https:\/\/fundacionrecover.org\/fr\/formation-volontaire-en-echographie-camerounais\/\" \/>\n<meta property=\"og:site_name\" content=\"Fundaci\u00f3n Recover Hospitales para \u00c1frica\" \/>\n<meta property=\"article:publisher\" content=\"https:\/\/www.facebook.com\/fundacionrecover\/\" \/>\n<meta property=\"article:published_time\" content=\"2022-08-30T11:44:00+00:00\" \/>\n<meta property=\"article:modified_time\" content=\"2024-06-25T10:24:04+00:00\" \/>\n<meta property=\"og:image\" content=\"https:\/\/fundacionrecover.org\/wp-content\/uploads\/2022\/08\/Formacion.-Radiologia-y-ecografia-scaled.jpg\" \/>\n\t<meta property=\"og:image:width\" content=\"2560\" \/>\n\t<meta property=\"og:image:height\" content=\"1435\" \/>\n\t<meta property=\"og:image:type\" content=\"image\/jpeg\" \/>\n<meta name=\"author\" content=\"Recover\" \/>\n<meta name=\"twitter:card\" content=\"summary_large_image\" \/>\n<meta name=\"twitter:label1\" content=\"\u00c9crit par\" \/>\n\t<meta name=\"twitter:data1\" content=\"Recover\" \/>\n\t<meta name=\"twitter:label2\" content=\"Dur\u00e9e de lecture estim\u00e9e\" \/>\n\t<meta name=\"twitter:data2\" content=\"1 minute\" \/>\n<script type=\"application\/ld+json\" class=\"yoast-schema-graph\">{\"@context\":\"https:\\\/\\\/schema.org\",\"@graph\":[{\"@type\":\"Article\",\"@id\":\"https:\\\/\\\/fundacionrecover.org\\\/voluntariado-formacion-ecografia-camerun\\\/#article\",\"isPartOf\":{\"@id\":\"https:\\\/\\\/fundacionrecover.org\\\/voluntariado-formacion-ecografia-camerun\\\/\"},\"author\":{\"name\":\"Recover\",\"@id\":\"https:\\\/\\\/fundacionrecover.org\\\/#\\\/schema\\\/person\\\/dd196faabb13b5c6e72c88bc6f7c6fb6\"},\"headline\":\"Voluntariado | Formaci\u00f3n en ecograf\u00eda (p\u00e9lvica) | Dos semanas en Camer\u00fan\",\"datePublished\":\"2022-08-30T11:44:00+00:00\",\"dateModified\":\"2024-06-25T10:24:04+00:00\",\"mainEntityOfPage\":{\"@id\":\"https:\\\/\\\/fundacionrecover.org\\\/voluntariado-formacion-ecografia-camerun\\\/\"},\"wordCount\":209,\"publisher\":{\"@id\":\"https:\\\/\\\/fundacionrecover.org\\\/#organization\"},\"image\":{\"@id\":\"https:\\\/\\\/fundacionrecover.org\\\/voluntariado-formacion-ecografia-camerun\\\/#primaryimage\"},\"thumbnailUrl\":\"https:\\\/\\\/fundacionrecover.org\\\/wp-content\\\/uploads\\\/2022\\\/08\\\/Formacion.-Radiologia-y-ecografia-scaled.jpg\",\"articleSection\":[\"Ofertas de voluntariado\"],\"inLanguage\":\"fr-FR\"},{\"@type\":\"WebPage\",\"@id\":\"https:\\\/\\\/fundacionrecover.org\\\/voluntariado-formacion-ecografia-camerun\\\/\",\"url\":\"https:\\\/\\\/fundacionrecover.org\\\/voluntariado-formacion-ecografia-camerun\\\/\",\"name\":\"Voluntariado | Formaci\u00f3n en ecograf\u00eda (p\u00e9lvica) | Dos semanas en Camer\u00fan - Fundaci\u00f3n Recover Hospitales para \u00c1frica\",\"isPartOf\":{\"@id\":\"https:\\\/\\\/fundacionrecover.org\\\/#website\"},\"primaryImageOfPage\":{\"@id\":\"https:\\\/\\\/fundacionrecover.org\\\/voluntariado-formacion-ecografia-camerun\\\/#primaryimage\"},\"image\":{\"@id\":\"https:\\\/\\\/fundacionrecover.org\\\/voluntariado-formacion-ecografia-camerun\\\/#primaryimage\"},\"thumbnailUrl\":\"https:\\\/\\\/fundacionrecover.org\\\/wp-content\\\/uploads\\\/2022\\\/08\\\/Formacion.-Radiologia-y-ecografia-scaled.jpg\",\"datePublished\":\"2022-08-30T11:44:00+00:00\",\"dateModified\":\"2024-06-25T10:24:04+00:00\",\"breadcrumb\":{\"@id\":\"https:\\\/\\\/fundacionrecover.org\\\/voluntariado-formacion-ecografia-camerun\\\/#breadcrumb\"},\"inLanguage\":\"fr-FR\",\"potentialAction\":[{\"@type\":\"ReadAction\",\"target\":[\"https:\\\/\\\/fundacionrecover.org\\\/voluntariado-formacion-ecografia-camerun\\\/\"]}]},{\"@type\":\"ImageObject\",\"inLanguage\":\"fr-FR\",\"@id\":\"https:\\\/\\\/fundacionrecover.org\\\/voluntariado-formacion-ecografia-camerun\\\/#primaryimage\",\"url\":\"https:\\\/\\\/fundacionrecover.org\\\/wp-content\\\/uploads\\\/2022\\\/08\\\/Formacion.-Radiologia-y-ecografia-scaled.jpg\",\"contentUrl\":\"https:\\\/\\\/fundacionrecover.org\\\/wp-content\\\/uploads\\\/2022\\\/08\\\/Formacion.-Radiologia-y-ecografia-scaled.jpg\",\"width\":2560,\"height\":1435,\"caption\":\"SONY DSC\"},{\"@type\":\"BreadcrumbList\",\"@id\":\"https:\\\/\\\/fundacionrecover.org\\\/voluntariado-formacion-ecografia-camerun\\\/#breadcrumb\",\"itemListElement\":[{\"@type\":\"ListItem\",\"position\":1,\"name\":\"Home\",\"item\":\"https:\\\/\\\/fundacionrecover.org\\\/\"},{\"@type\":\"ListItem\",\"position\":2,\"name\":\"Ofertas de voluntariado\",\"item\":\"https:\\\/\\\/fundacionrecover.org\\\/category\\\/ofertas-de-voluntariado\\\/\"},{\"@type\":\"ListItem\",\"position\":3,\"name\":\"Voluntariado | Formaci\u00f3n en ecograf\u00eda (p\u00e9lvica) | Dos semanas en Camer\u00fan\"}]},{\"@type\":\"WebSite\",\"@id\":\"https:\\\/\\\/fundacionrecover.org\\\/#website\",\"url\":\"https:\\\/\\\/fundacionrecover.org\\\/\",\"name\":\"Fundaci\u00f3n Recover Hospitales para \u00c1frica\",\"description\":\"Fundaci\u00f3n Recover\",\"publisher\":{\"@id\":\"https:\\\/\\\/fundacionrecover.org\\\/#organization\"},\"potentialAction\":[{\"@type\":\"SearchAction\",\"target\":{\"@type\":\"EntryPoint\",\"urlTemplate\":\"https:\\\/\\\/fundacionrecover.org\\\/?s={search_term_string}\"},\"query-input\":{\"@type\":\"PropertyValueSpecification\",\"valueRequired\":true,\"valueName\":\"search_term_string\"}}],\"inLanguage\":\"fr-FR\"},{\"@type\":\"Organization\",\"@id\":\"https:\\\/\\\/fundacionrecover.org\\\/#organization\",\"name\":\"Fundaci\u00f3n Recover, Hospitales para \u00c1frica\",\"alternateName\":\"Fundaci\u00f3n Recover\",\"url\":\"https:\\\/\\\/fundacionrecover.org\\\/\",\"logo\":{\"@type\":\"ImageObject\",\"inLanguage\":\"fr-FR\",\"@id\":\"https:\\\/\\\/fundacionrecover.org\\\/#\\\/schema\\\/logo\\\/image\\\/\",\"url\":\"https:\\\/\\\/fundacionrecover.org\\\/wp-content\\\/uploads\\\/2024\\\/03\\\/FundacionRecoverHospitalesParaAfrica_logo_blanco_cut.png\",\"contentUrl\":\"https:\\\/\\\/fundacionrecover.org\\\/wp-content\\\/uploads\\\/2024\\\/03\\\/FundacionRecoverHospitalesParaAfrica_logo_blanco_cut.png\",\"width\":335,\"height\":183,\"caption\":\"Fundaci\u00f3n Recover, Hospitales para \u00c1frica\"},\"image\":{\"@id\":\"https:\\\/\\\/fundacionrecover.org\\\/#\\\/schema\\\/logo\\\/image\\\/\"},\"sameAs\":[\"https:\\\/\\\/www.facebook.com\\\/fundacionrecover\\\/\",\"https:\\\/\\\/www.instagram.com\\\/fundacionrecover\\\/\",\"https:\\\/\\\/www.linkedin.com\\\/company\\\/fundaci\u00f3n-recover-hospitales-para-\u00e1frica\\\/\",\"https:\\\/\\\/www.tiktok.com\\\/@fundacionrecover\"]},{\"@type\":\"Person\",\"@id\":\"https:\\\/\\\/fundacionrecover.org\\\/#\\\/schema\\\/person\\\/dd196faabb13b5c6e72c88bc6f7c6fb6\",\"name\":\"Recover\",\"sameAs\":[\"https:\\\/\\\/fundacionrecover.org\"]}]}<\/script>\n<!-- \/ Yoast SEO plugin. -->","yoast_head_json":{"title":"Volontariat | Formation \u00e0 l'\u00e9chographie (pelvienne) | Deux semaines au Cameroun - Recover Hospitals for Africa Foundation","robots":{"index":"index","follow":"follow","max-snippet":"max-snippet:-1","max-image-preview":"max-image-preview:large","max-video-preview":"max-video-preview:-1"},"canonical":"https:\/\/fundacionrecover.org\/fr\/formation-volontaire-en-echographie-camerounais\/","og_locale":"fr_FR","og_type":"article","og_title":"Voluntariado | Formaci\u00f3n en ecograf\u00eda (p\u00e9lvica) | Dos semanas en Camer\u00fan - Fundaci\u00f3n Recover Hospitales para \u00c1frica","og_description":"ESTADO: CERRADA Necesitamos dos profesionales sanitarios para un voluntariado en ecograf\u00eda (p\u00e9lvica) durante dos semanas en Camer\u00fan. Imprescindible nivel medio-alto de franc\u00e9s.","og_url":"https:\/\/fundacionrecover.org\/fr\/formation-volontaire-en-echographie-camerounais\/","og_site_name":"Fundaci\u00f3n Recover Hospitales para \u00c1frica","article_publisher":"https:\/\/www.facebook.com\/fundacionrecover\/","article_published_time":"2022-08-30T11:44:00+00:00","article_modified_time":"2024-06-25T10:24:04+00:00","og_image":[{"width":2560,"height":1435,"url":"https:\/\/fundacionrecover.org\/wp-content\/uploads\/2022\/08\/Formacion.-Radiologia-y-ecografia-scaled.jpg","type":"image\/jpeg"}],"author":"Recover","twitter_card":"summary_large_image","twitter_misc":{"\u00c9crit par":"Recover","Dur\u00e9e de lecture estim\u00e9e":"1 minute"},"schema":{"@context":"https:\/\/schema.org","@graph":[{"@type":"Article","@id":"https:\/\/fundacionrecover.org\/voluntariado-formacion-ecografia-camerun\/#article","isPartOf":{"@id":"https:\/\/fundacionrecover.org\/voluntariado-formacion-ecografia-camerun\/"},"author":{"name":"Recover","@id":"https:\/\/fundacionrecover.org\/#\/schema\/person\/dd196faabb13b5c6e72c88bc6f7c6fb6"},"headline":"Voluntariado | Formaci\u00f3n en ecograf\u00eda (p\u00e9lvica) | Dos semanas en Camer\u00fan","datePublished":"2022-08-30T11:44:00+00:00","dateModified":"2024-06-25T10:24:04+00:00","mainEntityOfPage":{"@id":"https:\/\/fundacionrecover.org\/voluntariado-formacion-ecografia-camerun\/"},"wordCount":209,"publisher":{"@id":"https:\/\/fundacionrecover.org\/#organization"},"image":{"@id":"https:\/\/fundacionrecover.org\/voluntariado-formacion-ecografia-camerun\/#primaryimage"},"thumbnailUrl":"https:\/\/fundacionrecover.org\/wp-content\/uploads\/2022\/08\/Formacion.-Radiologia-y-ecografia-scaled.jpg","articleSection":["Ofertas de voluntariado"],"inLanguage":"fr-FR"},{"@type":"WebPage","@id":"https:\/\/fundacionrecover.org\/voluntariado-formacion-ecografia-camerun\/","url":"https:\/\/fundacionrecover.org\/voluntariado-formacion-ecografia-camerun\/","name":"Volontariat | Formation \u00e0 l'\u00e9chographie (pelvienne) | Deux semaines au Cameroun - Recover Hospitals for Africa Foundation","isPartOf":{"@id":"https:\/\/fundacionrecover.org\/#website"},"primaryImageOfPage":{"@id":"https:\/\/fundacionrecover.org\/voluntariado-formacion-ecografia-camerun\/#primaryimage"},"image":{"@id":"https:\/\/fundacionrecover.org\/voluntariado-formacion-ecografia-camerun\/#primaryimage"},"thumbnailUrl":"https:\/\/fundacionrecover.org\/wp-content\/uploads\/2022\/08\/Formacion.-Radiologia-y-ecografia-scaled.jpg","datePublished":"2022-08-30T11:44:00+00:00","dateModified":"2024-06-25T10:24:04+00:00","breadcrumb":{"@id":"https:\/\/fundacionrecover.org\/voluntariado-formacion-ecografia-camerun\/#breadcrumb"},"inLanguage":"fr-FR","potentialAction":[{"@type":"ReadAction","target":["https:\/\/fundacionrecover.org\/voluntariado-formacion-ecografia-camerun\/"]}]},{"@type":"ImageObject","inLanguage":"fr-FR","@id":"https:\/\/fundacionrecover.org\/voluntariado-formacion-ecografia-camerun\/#primaryimage","url":"https:\/\/fundacionrecover.org\/wp-content\/uploads\/2022\/08\/Formacion.-Radiologia-y-ecografia-scaled.jpg","contentUrl":"https:\/\/fundacionrecover.org\/wp-content\/uploads\/2022\/08\/Formacion.-Radiologia-y-ecografia-scaled.jpg","width":2560,"height":1435,"caption":"SONY DSC"},{"@type":"BreadcrumbList","@id":"https:\/\/fundacionrecover.org\/voluntariado-formacion-ecografia-camerun\/#breadcrumb","itemListElement":[{"@type":"ListItem","position":1,"name":"Home","item":"https:\/\/fundacionrecover.org\/"},{"@type":"ListItem","position":2,"name":"Ofertas de voluntariado","item":"https:\/\/fundacionrecover.org\/category\/ofertas-de-voluntariado\/"},{"@type":"ListItem","position":3,"name":"Voluntariado | Formaci\u00f3n en ecograf\u00eda (p\u00e9lvica) | Dos semanas en Camer\u00fan"}]},{"@type":"WebSite","@id":"https:\/\/fundacionrecover.org\/#website","url":"https:\/\/fundacionrecover.org\/","name":"La Fondation Recover, H\u00f2pitaux pour l\u2019Afrique","description":"La Fondation Recover","publisher":{"@id":"https:\/\/fundacionrecover.org\/#organization"},"potentialAction":[{"@type":"SearchAction","target":{"@type":"EntryPoint","urlTemplate":"https:\/\/fundacionrecover.org\/?s={search_term_string}"},"query-input":{"@type":"PropertyValueSpecification","valueRequired":true,"valueName":"search_term_string"}}],"inLanguage":"fr-FR"},{"@type":"Organization","@id":"https:\/\/fundacionrecover.org\/#organization","name":"La Fondation Recover, H\u00f2pitaux pour l\u2019Afrique","alternateName":"Fundaci\u00f3n Recover","url":"https:\/\/fundacionrecover.org\/","logo":{"@type":"ImageObject","inLanguage":"fr-FR","@id":"https:\/\/fundacionrecover.org\/#\/schema\/logo\/image\/","url":"https:\/\/fundacionrecover.org\/wp-content\/uploads\/2024\/03\/FundacionRecoverHospitalesParaAfrica_logo_blanco_cut.png","contentUrl":"https:\/\/fundacionrecover.org\/wp-content\/uploads\/2024\/03\/FundacionRecoverHospitalesParaAfrica_logo_blanco_cut.png","width":335,"height":183,"caption":"Fundaci\u00f3n Recover, Hospitales para \u00c1frica"},"image":{"@id":"https:\/\/fundacionrecover.org\/#\/schema\/logo\/image\/"},"sameAs":["https:\/\/www.facebook.com\/fundacionrecover\/","https:\/\/www.instagram.com\/fundacionrecover\/","https:\/\/www.linkedin.com\/company\/fundaci\u00f3n-recover-hospitales-para-\u00e1frica\/","https:\/\/www.tiktok.com\/@fundacionrecover"]},{"@type":"Person","@id":"https:\/\/fundacionrecover.org\/#\/schema\/person\/dd196faabb13b5c6e72c88bc6f7c6fb6","name":"R\u00e9cup\u00e9rer","sameAs":["https:\/\/fundacionrecover.org"]}]}},"_links":{"self":[{"href":"https:\/\/fundacionrecover.org\/fr\/wp-json\/wp\/v2\/posts\/3424","targetHints":{"allow":["GET"]}}],"collection":[{"href":"https:\/\/fundacionrecover.org\/fr\/wp-json\/wp\/v2\/posts"}],"about":[{"href":"https:\/\/fundacionrecover.org\/fr\/wp-json\/wp\/v2\/types\/post"}],"author":[{"embeddable":true,"href":"https:\/\/fundacionrecover.org\/fr\/wp-json\/wp\/v2\/users\/1"}],"replies":[{"embeddable":true,"href":"https:\/\/fundacionrecover.org\/fr\/wp-json\/wp\/v2\/comments?post=3424"}],"version-history":[{"count":0,"href":"https:\/\/fundacionrecover.org\/fr\/wp-json\/wp\/v2\/posts\/3424\/revisions"}],"wp:featuredmedia":[{"embeddable":true,"href":"https:\/\/fundacionrecover.org\/fr\/wp-json\/wp\/v2\/media\/3425"}],"wp:attachment":[{"href":"https:\/\/fundacionrecover.org\/fr\/wp-json\/wp\/v2\/media?parent=3424"}],"wp:term":[{"taxonomy":"category","embeddable":true,"href":"https:\/\/fundacionrecover.org\/fr\/wp-json\/wp\/v2\/categories?post=3424"},{"taxonomy":"post_tag","embeddable":true,"href":"https:\/\/fundacionrecover.org\/fr\/wp-json\/wp\/v2\/tags?post=3424"}],"curies":[{"name":"wp","href":"https:\/\/api.w.org\/{rel}","templated":true}]}}