{"id":3431,"date":"2022-04-22T11:14:23","date_gmt":"2022-04-22T09:14:23","guid":{"rendered":"https:\/\/fundacionrecover.org\/?p=13050"},"modified":"2024-05-30T11:31:14","modified_gmt":"2024-05-30T09:31:14","slug":"f-sanitas","status":"publish","type":"post","link":"https:\/\/fundacionrecover.org\/fr\/f-sanitas\/","title":{"rendered":"Les m\u00e9dias se font l'\u00e9cho de la collaboration avec la Fundaci\u00f3n Sanitas"},"content":{"rendered":"<p><strong>22 avril 2022<\/strong><\/p>\n<p>\"La Fundaci\u00f3n Sanitas et la Fundaci\u00f3n Recover ont sign\u00e9 un accord en vue d'am\u00e9liorer l'acc\u00e8s \u00e0 l'eau potable. <strong>sant\u00e9 maternelle et infantile <\/strong>dans les zones rurales du Cameroun. En particulier, un soutien sera apport\u00e9 <strong>plus de 1 320 femmes<\/strong> \u00e0 bien ma\u00eetriser leur grossesse, en leur offrant l'acc\u00e8s \u00e0 des tests pr\u00e9nataux, ainsi que des informations et des formations sur les traitements ou pratiques recommand\u00e9s pendant les mois de gestation, dans le but d'am\u00e9liorer leur qualit\u00e9 de vie et celle de leur b\u00e9b\u00e9\".<\/p>\n<p><strong>Lire les articles dans :<\/strong><\/p>\n<ul>\n<li>\ud83d\udcf0 <a href=\"https:\/\/www.europapress.es\/epsocial\/responsables\/noticia-fundaciones-sanitas-recover-unen-mejorar-acceso-sanidad-mas-1300-mujeres-embarazadas-camerun-20220421170603.html\" target=\"_blank\" rel=\"noopener\">Europa Press<\/a><\/li>\n<li>\ud83d\udcf0 <a href=\"https:\/\/www.consalud.es\/ecsalud\/nacional\/fundacion-sanitas-recover-mejoran-acceso-sanidad-1300-embarazas-camerun_113510_102.html\" target=\"_blank\" rel=\"noopener\">Consalud<\/a><\/li>\n<li>\ud83d\udcf0 <a href=\"https:\/\/www.diariosigloxxi.com\/texto-ep\/mostrar\/20220421170624\/fundaciones-sanitas-recover-unen-mejorar-acceso-sanidad-1300-mujeres-embarazadas-camerun\" target=\"_blank\" rel=\"noopener\">Journal Siglo XXI<\/a><\/li>\n<li>\ud83d\udcf0 <a href=\"https:\/\/www.compromisorse.com\/rse\/2022\/04\/22\/fundacion-sanitas-y-fundacion-recover-mejoraran-el-acceso-a-la-sanidad-en-camerun\/\" target=\"_blank\" rel=\"noopener\">Engagement en mati\u00e8re de RSE<\/a><\/li>\n<li>\ud83d\udcf0 <a href=\"https:\/\/www.noticiasdesalud.es\/ns\/2022\/04\/21\/fundaciones-sanitas-y-recover-se-unen-para-mejorar-el-acceso-a-la-sanidad-de-mas-de-1-300-mujeres-embarazadas-de-camerun\/\" target=\"_blank\" rel=\"noopener\">Nouvelles de la sant\u00e9<\/a><\/li>\n<li>\ud83d\udcf0 <a href=\"https:\/\/www.canalsocial.es\/fundaciones-sanitas-y-recover-se-unen-para-mejorar-el-acceso-a-la-sanidad-de-mas-de-1-300-mujeres-embarazadas-de-camerun\/\" target=\"_blank\" rel=\"noopener\">Canal social<\/a><\/li>\n<li>\ud83d\udcf0 <a href=\"https:\/\/notibol.com\/noticia\/es\/6261a5107b3a0\/fundaciones-sanitas-y-recover-se-unen-para-mejorar-el-acceso-a-la-sanidad-de-mas-de-1300-mujeres-embarazadas-de-camerun\" target=\"_blank\" rel=\"noopener\">Notibol<\/a><\/li>\n<li>\ud83d\udcf0 <a href=\"https:\/\/theworldnews.net\/ar-news\/sanitas-y-recover-se-unen-para-mejorar-el-acceso-a-la-sanidad-de-mas-de-1-300-mujeres-embarazadas-de-camerun\" target=\"_blank\" rel=\"noopener\">Les nouvelles du monde<\/a><\/li>\n<li>\ud83d\udcf0 <a href=\"https:\/\/www.msn.com\/es-mx\/noticias\/otras\/camer%C3%BA-sanitas-y-recover-se-unen-para-mejorar-el-acceso-a-la-sanidad-de-m%C3%A1s-de-1-300-mujeres-embarazadas-de-camer%C3%BAn\/ar-AAWsiiy?ocid=uxbndlbing\" target=\"_blank\" rel=\"noopener\">MSN<\/a><\/li>\n<li>\ud83d\udcf0 <a href=\"https:\/\/sticknoticias.com\/fundaciones-sanitas-y-recover-se-unen-para-mejorar-el-acceso-a-la-sanidad-de-mas-de-1-300-mujeres-embarazadas-de-camerun\/\" target=\"_blank\" rel=\"noopener\">Nouvelles du b\u00e2ton<\/a><\/li>\n<\/ul>\n<p><a href=\"https:\/\/www.diariosigloxxi.com\/texto-ep\/mostrar\/20220421170624\/fundaciones-sanitas-recover-unen-mejorar-acceso-sanidad-1300-mujeres-embarazadas-camerun\" target=\"_blank\" rel=\"noopener noreferrer\"><img fetchpriority=\"high\" decoding=\"async\" class=\"alignleft size-full wp-image-13055\" src=\"https:\/\/fundacionrecover.org\/wp-content\/uploads\/2022\/04\/sanitas.jpg\" alt=\"\" width=\"400\" height=\"603\" \/><\/a><\/p>","protected":false},"excerpt":{"rendered":"<p>22 de abril de 2022 \u00abFundaci\u00f3n Sanitas y Fundaci\u00f3n Recover han firmado un acuerdo para mejorar la salud materno infantil en las zonas rurales de Camer\u00fan. En concreto, se ayudar\u00e1 a m\u00e1s de 1.320 mujeres a mantener un correcto control de su embarazo, ofreciendo acceso a pruebas prenatales, as\u00ed como informaci\u00f3n y formaci\u00f3n acerca de [&hellip;]<\/p>\n","protected":false},"author":1,"featured_media":3432,"comment_status":"closed","ping_status":"closed","sticky":false,"template":"","format":"standard","meta":{"give_campaign_id":0,"footnotes":""},"categories":[13],"tags":[],"class_list":["post-3431","post","type-post","status-publish","format-standard","has-post-thumbnail","hentry","category-prensa"],"yoast_head":"<!-- This site is optimized with the Yoast SEO plugin v27.4 - https:\/\/yoast.com\/product\/yoast-seo-wordpress\/ -->\n<title>Los medios se hacen eco de la colaboraci\u00f3n con Fundaci\u00f3n Sanitas - Fundaci\u00f3n Recover Hospitales para \u00c1frica<\/title>\n<meta name=\"robots\" content=\"index, follow, max-snippet:-1, max-image-preview:large, max-video-preview:-1\" \/>\n<link rel=\"canonical\" href=\"https:\/\/fundacionrecover.org\/fr\/f-sanitas\/\" \/>\n<meta property=\"og:locale\" content=\"fr_FR\" \/>\n<meta property=\"og:type\" content=\"article\" \/>\n<meta property=\"og:title\" content=\"Los medios se hacen eco de la colaboraci\u00f3n con Fundaci\u00f3n Sanitas - Fundaci\u00f3n Recover Hospitales para \u00c1frica\" \/>\n<meta property=\"og:description\" content=\"22 de abril de 2022 \u00abFundaci\u00f3n Sanitas y Fundaci\u00f3n Recover han firmado un acuerdo para mejorar la salud materno infantil en las zonas rurales de Camer\u00fan. En concreto, se ayudar\u00e1 a m\u00e1s de 1.320 mujeres a mantener un correcto control de su embarazo, ofreciendo acceso a pruebas prenatales, as\u00ed como informaci\u00f3n y formaci\u00f3n acerca de [&hellip;]\" \/>\n<meta property=\"og:url\" content=\"https:\/\/fundacionrecover.org\/fr\/f-sanitas\/\" \/>\n<meta property=\"og:site_name\" content=\"Fundaci\u00f3n Recover Hospitales para \u00c1frica\" \/>\n<meta property=\"article:publisher\" content=\"https:\/\/www.facebook.com\/fundacionrecover\/\" \/>\n<meta property=\"article:published_time\" content=\"2022-04-22T09:14:23+00:00\" \/>\n<meta property=\"article:modified_time\" content=\"2024-05-30T09:31:14+00:00\" \/>\n<meta property=\"og:image\" content=\"https:\/\/fundacionrecover.org\/wp-content\/uploads\/2022\/04\/sanitas.jpg\" \/>\n\t<meta property=\"og:image:width\" content=\"500\" \/>\n\t<meta property=\"og:image:height\" content=\"603\" \/>\n\t<meta property=\"og:image:type\" content=\"image\/jpeg\" \/>\n<meta name=\"author\" content=\"Recover\" \/>\n<meta name=\"twitter:card\" content=\"summary_large_image\" \/>\n<meta name=\"twitter:label1\" content=\"\u00c9crit par\" \/>\n\t<meta name=\"twitter:data1\" content=\"Recover\" \/>\n\t<meta name=\"twitter:label2\" content=\"Dur\u00e9e de lecture estim\u00e9e\" \/>\n\t<meta name=\"twitter:data2\" content=\"1 minute\" \/>\n<script type=\"application\/ld+json\" class=\"yoast-schema-graph\">{\"@context\":\"https:\\\/\\\/schema.org\",\"@graph\":[{\"@type\":\"Article\",\"@id\":\"https:\\\/\\\/fundacionrecover.org\\\/f-sanitas\\\/#article\",\"isPartOf\":{\"@id\":\"https:\\\/\\\/fundacionrecover.org\\\/f-sanitas\\\/\"},\"author\":{\"name\":\"Recover\",\"@id\":\"https:\\\/\\\/fundacionrecover.org\\\/#\\\/schema\\\/person\\\/dd196faabb13b5c6e72c88bc6f7c6fb6\"},\"headline\":\"Los medios se hacen eco de la colaboraci\u00f3n con Fundaci\u00f3n Sanitas\",\"datePublished\":\"2022-04-22T09:14:23+00:00\",\"dateModified\":\"2024-05-30T09:31:14+00:00\",\"mainEntityOfPage\":{\"@id\":\"https:\\\/\\\/fundacionrecover.org\\\/f-sanitas\\\/\"},\"wordCount\":122,\"publisher\":{\"@id\":\"https:\\\/\\\/fundacionrecover.org\\\/#organization\"},\"image\":{\"@id\":\"https:\\\/\\\/fundacionrecover.org\\\/f-sanitas\\\/#primaryimage\"},\"thumbnailUrl\":\"https:\\\/\\\/fundacionrecover.org\\\/wp-content\\\/uploads\\\/2022\\\/04\\\/sanitas.jpg\",\"articleSection\":[\"Recover en los medios\"],\"inLanguage\":\"fr-FR\"},{\"@type\":\"WebPage\",\"@id\":\"https:\\\/\\\/fundacionrecover.org\\\/f-sanitas\\\/\",\"url\":\"https:\\\/\\\/fundacionrecover.org\\\/f-sanitas\\\/\",\"name\":\"Los medios se hacen eco de la colaboraci\u00f3n con Fundaci\u00f3n Sanitas - Fundaci\u00f3n Recover Hospitales para \u00c1frica\",\"isPartOf\":{\"@id\":\"https:\\\/\\\/fundacionrecover.org\\\/#website\"},\"primaryImageOfPage\":{\"@id\":\"https:\\\/\\\/fundacionrecover.org\\\/f-sanitas\\\/#primaryimage\"},\"image\":{\"@id\":\"https:\\\/\\\/fundacionrecover.org\\\/f-sanitas\\\/#primaryimage\"},\"thumbnailUrl\":\"https:\\\/\\\/fundacionrecover.org\\\/wp-content\\\/uploads\\\/2022\\\/04\\\/sanitas.jpg\",\"datePublished\":\"2022-04-22T09:14:23+00:00\",\"dateModified\":\"2024-05-30T09:31:14+00:00\",\"breadcrumb\":{\"@id\":\"https:\\\/\\\/fundacionrecover.org\\\/f-sanitas\\\/#breadcrumb\"},\"inLanguage\":\"fr-FR\",\"potentialAction\":[{\"@type\":\"ReadAction\",\"target\":[\"https:\\\/\\\/fundacionrecover.org\\\/f-sanitas\\\/\"]}]},{\"@type\":\"ImageObject\",\"inLanguage\":\"fr-FR\",\"@id\":\"https:\\\/\\\/fundacionrecover.org\\\/f-sanitas\\\/#primaryimage\",\"url\":\"https:\\\/\\\/fundacionrecover.org\\\/wp-content\\\/uploads\\\/2022\\\/04\\\/sanitas.jpg\",\"contentUrl\":\"https:\\\/\\\/fundacionrecover.org\\\/wp-content\\\/uploads\\\/2022\\\/04\\\/sanitas.jpg\",\"width\":500,\"height\":603},{\"@type\":\"BreadcrumbList\",\"@id\":\"https:\\\/\\\/fundacionrecover.org\\\/f-sanitas\\\/#breadcrumb\",\"itemListElement\":[{\"@type\":\"ListItem\",\"position\":1,\"name\":\"Home\",\"item\":\"https:\\\/\\\/fundacionrecover.org\\\/\"},{\"@type\":\"ListItem\",\"position\":2,\"name\":\"Recover en los medios\",\"item\":\"https:\\\/\\\/fundacionrecover.org\\\/category\\\/prensa\\\/\"},{\"@type\":\"ListItem\",\"position\":3,\"name\":\"Los medios se hacen eco de la colaboraci\u00f3n con Fundaci\u00f3n Sanitas\"}]},{\"@type\":\"WebSite\",\"@id\":\"https:\\\/\\\/fundacionrecover.org\\\/#website\",\"url\":\"https:\\\/\\\/fundacionrecover.org\\\/\",\"name\":\"Fundaci\u00f3n Recover Hospitales para \u00c1frica\",\"description\":\"Fundaci\u00f3n Recover\",\"publisher\":{\"@id\":\"https:\\\/\\\/fundacionrecover.org\\\/#organization\"},\"potentialAction\":[{\"@type\":\"SearchAction\",\"target\":{\"@type\":\"EntryPoint\",\"urlTemplate\":\"https:\\\/\\\/fundacionrecover.org\\\/?s={search_term_string}\"},\"query-input\":{\"@type\":\"PropertyValueSpecification\",\"valueRequired\":true,\"valueName\":\"search_term_string\"}}],\"inLanguage\":\"fr-FR\"},{\"@type\":\"Organization\",\"@id\":\"https:\\\/\\\/fundacionrecover.org\\\/#organization\",\"name\":\"Fundaci\u00f3n Recover, Hospitales para \u00c1frica\",\"alternateName\":\"Fundaci\u00f3n Recover\",\"url\":\"https:\\\/\\\/fundacionrecover.org\\\/\",\"logo\":{\"@type\":\"ImageObject\",\"inLanguage\":\"fr-FR\",\"@id\":\"https:\\\/\\\/fundacionrecover.org\\\/#\\\/schema\\\/logo\\\/image\\\/\",\"url\":\"https:\\\/\\\/fundacionrecover.org\\\/wp-content\\\/uploads\\\/2024\\\/03\\\/FundacionRecoverHospitalesParaAfrica_logo_blanco_cut.png\",\"contentUrl\":\"https:\\\/\\\/fundacionrecover.org\\\/wp-content\\\/uploads\\\/2024\\\/03\\\/FundacionRecoverHospitalesParaAfrica_logo_blanco_cut.png\",\"width\":335,\"height\":183,\"caption\":\"Fundaci\u00f3n Recover, Hospitales para \u00c1frica\"},\"image\":{\"@id\":\"https:\\\/\\\/fundacionrecover.org\\\/#\\\/schema\\\/logo\\\/image\\\/\"},\"sameAs\":[\"https:\\\/\\\/www.facebook.com\\\/fundacionrecover\\\/\",\"https:\\\/\\\/www.instagram.com\\\/fundacionrecover\\\/\",\"https:\\\/\\\/www.linkedin.com\\\/company\\\/fundaci\u00f3n-recover-hospitales-para-\u00e1frica\\\/\",\"https:\\\/\\\/www.tiktok.com\\\/@fundacionrecover\"]},{\"@type\":\"Person\",\"@id\":\"https:\\\/\\\/fundacionrecover.org\\\/#\\\/schema\\\/person\\\/dd196faabb13b5c6e72c88bc6f7c6fb6\",\"name\":\"Recover\",\"sameAs\":[\"https:\\\/\\\/fundacionrecover.org\"]}]}<\/script>\n<!-- \/ Yoast SEO plugin. -->","yoast_head_json":{"title":"Les m\u00e9dias se font l'\u00e9cho de la collaboration avec la Fondation Sanitas - Recover Hospitals for Africa Foundation","robots":{"index":"index","follow":"follow","max-snippet":"max-snippet:-1","max-image-preview":"max-image-preview:large","max-video-preview":"max-video-preview:-1"},"canonical":"https:\/\/fundacionrecover.org\/fr\/f-sanitas\/","og_locale":"fr_FR","og_type":"article","og_title":"Los medios se hacen eco de la colaboraci\u00f3n con Fundaci\u00f3n Sanitas - Fundaci\u00f3n Recover Hospitales para \u00c1frica","og_description":"22 de abril de 2022 \u00abFundaci\u00f3n Sanitas y Fundaci\u00f3n Recover han firmado un acuerdo para mejorar la salud materno infantil en las zonas rurales de Camer\u00fan. En concreto, se ayudar\u00e1 a m\u00e1s de 1.320 mujeres a mantener un correcto control de su embarazo, ofreciendo acceso a pruebas prenatales, as\u00ed como informaci\u00f3n y formaci\u00f3n acerca de [&hellip;]","og_url":"https:\/\/fundacionrecover.org\/fr\/f-sanitas\/","og_site_name":"Fundaci\u00f3n Recover Hospitales para \u00c1frica","article_publisher":"https:\/\/www.facebook.com\/fundacionrecover\/","article_published_time":"2022-04-22T09:14:23+00:00","article_modified_time":"2024-05-30T09:31:14+00:00","og_image":[{"width":500,"height":603,"url":"https:\/\/fundacionrecover.org\/wp-content\/uploads\/2022\/04\/sanitas.jpg","type":"image\/jpeg"}],"author":"Recover","twitter_card":"summary_large_image","twitter_misc":{"\u00c9crit par":"Recover","Dur\u00e9e de lecture estim\u00e9e":"1 minute"},"schema":{"@context":"https:\/\/schema.org","@graph":[{"@type":"Article","@id":"https:\/\/fundacionrecover.org\/f-sanitas\/#article","isPartOf":{"@id":"https:\/\/fundacionrecover.org\/f-sanitas\/"},"author":{"name":"Recover","@id":"https:\/\/fundacionrecover.org\/#\/schema\/person\/dd196faabb13b5c6e72c88bc6f7c6fb6"},"headline":"Los medios se hacen eco de la colaboraci\u00f3n con Fundaci\u00f3n Sanitas","datePublished":"2022-04-22T09:14:23+00:00","dateModified":"2024-05-30T09:31:14+00:00","mainEntityOfPage":{"@id":"https:\/\/fundacionrecover.org\/f-sanitas\/"},"wordCount":122,"publisher":{"@id":"https:\/\/fundacionrecover.org\/#organization"},"image":{"@id":"https:\/\/fundacionrecover.org\/f-sanitas\/#primaryimage"},"thumbnailUrl":"https:\/\/fundacionrecover.org\/wp-content\/uploads\/2022\/04\/sanitas.jpg","articleSection":["Recover en los medios"],"inLanguage":"fr-FR"},{"@type":"WebPage","@id":"https:\/\/fundacionrecover.org\/f-sanitas\/","url":"https:\/\/fundacionrecover.org\/f-sanitas\/","name":"Les m\u00e9dias se font l'\u00e9cho de la collaboration avec la Fondation Sanitas - Recover Hospitals for Africa Foundation","isPartOf":{"@id":"https:\/\/fundacionrecover.org\/#website"},"primaryImageOfPage":{"@id":"https:\/\/fundacionrecover.org\/f-sanitas\/#primaryimage"},"image":{"@id":"https:\/\/fundacionrecover.org\/f-sanitas\/#primaryimage"},"thumbnailUrl":"https:\/\/fundacionrecover.org\/wp-content\/uploads\/2022\/04\/sanitas.jpg","datePublished":"2022-04-22T09:14:23+00:00","dateModified":"2024-05-30T09:31:14+00:00","breadcrumb":{"@id":"https:\/\/fundacionrecover.org\/f-sanitas\/#breadcrumb"},"inLanguage":"fr-FR","potentialAction":[{"@type":"ReadAction","target":["https:\/\/fundacionrecover.org\/f-sanitas\/"]}]},{"@type":"ImageObject","inLanguage":"fr-FR","@id":"https:\/\/fundacionrecover.org\/f-sanitas\/#primaryimage","url":"https:\/\/fundacionrecover.org\/wp-content\/uploads\/2022\/04\/sanitas.jpg","contentUrl":"https:\/\/fundacionrecover.org\/wp-content\/uploads\/2022\/04\/sanitas.jpg","width":500,"height":603},{"@type":"BreadcrumbList","@id":"https:\/\/fundacionrecover.org\/f-sanitas\/#breadcrumb","itemListElement":[{"@type":"ListItem","position":1,"name":"Home","item":"https:\/\/fundacionrecover.org\/"},{"@type":"ListItem","position":2,"name":"Recover en los medios","item":"https:\/\/fundacionrecover.org\/category\/prensa\/"},{"@type":"ListItem","position":3,"name":"Los medios se hacen eco de la colaboraci\u00f3n con Fundaci\u00f3n Sanitas"}]},{"@type":"WebSite","@id":"https:\/\/fundacionrecover.org\/#website","url":"https:\/\/fundacionrecover.org\/","name":"La Fondation Recover, H\u00f2pitaux pour l\u2019Afrique","description":"La Fondation Recover","publisher":{"@id":"https:\/\/fundacionrecover.org\/#organization"},"potentialAction":[{"@type":"SearchAction","target":{"@type":"EntryPoint","urlTemplate":"https:\/\/fundacionrecover.org\/?s={search_term_string}"},"query-input":{"@type":"PropertyValueSpecification","valueRequired":true,"valueName":"search_term_string"}}],"inLanguage":"fr-FR"},{"@type":"Organization","@id":"https:\/\/fundacionrecover.org\/#organization","name":"La Fondation Recover, H\u00f2pitaux pour l\u2019Afrique","alternateName":"Fundaci\u00f3n Recover","url":"https:\/\/fundacionrecover.org\/","logo":{"@type":"ImageObject","inLanguage":"fr-FR","@id":"https:\/\/fundacionrecover.org\/#\/schema\/logo\/image\/","url":"https:\/\/fundacionrecover.org\/wp-content\/uploads\/2024\/03\/FundacionRecoverHospitalesParaAfrica_logo_blanco_cut.png","contentUrl":"https:\/\/fundacionrecover.org\/wp-content\/uploads\/2024\/03\/FundacionRecoverHospitalesParaAfrica_logo_blanco_cut.png","width":335,"height":183,"caption":"Fundaci\u00f3n Recover, Hospitales para \u00c1frica"},"image":{"@id":"https:\/\/fundacionrecover.org\/#\/schema\/logo\/image\/"},"sameAs":["https:\/\/www.facebook.com\/fundacionrecover\/","https:\/\/www.instagram.com\/fundacionrecover\/","https:\/\/www.linkedin.com\/company\/fundaci\u00f3n-recover-hospitales-para-\u00e1frica\/","https:\/\/www.tiktok.com\/@fundacionrecover"]},{"@type":"Person","@id":"https:\/\/fundacionrecover.org\/#\/schema\/person\/dd196faabb13b5c6e72c88bc6f7c6fb6","name":"R\u00e9cup\u00e9rer","sameAs":["https:\/\/fundacionrecover.org"]}]}},"_links":{"self":[{"href":"https:\/\/fundacionrecover.org\/fr\/wp-json\/wp\/v2\/posts\/3431","targetHints":{"allow":["GET"]}}],"collection":[{"href":"https:\/\/fundacionrecover.org\/fr\/wp-json\/wp\/v2\/posts"}],"about":[{"href":"https:\/\/fundacionrecover.org\/fr\/wp-json\/wp\/v2\/types\/post"}],"author":[{"embeddable":true,"href":"https:\/\/fundacionrecover.org\/fr\/wp-json\/wp\/v2\/users\/1"}],"replies":[{"embeddable":true,"href":"https:\/\/fundacionrecover.org\/fr\/wp-json\/wp\/v2\/comments?post=3431"}],"version-history":[{"count":0,"href":"https:\/\/fundacionrecover.org\/fr\/wp-json\/wp\/v2\/posts\/3431\/revisions"}],"wp:featuredmedia":[{"embeddable":true,"href":"https:\/\/fundacionrecover.org\/fr\/wp-json\/wp\/v2\/media\/3432"}],"wp:attachment":[{"href":"https:\/\/fundacionrecover.org\/fr\/wp-json\/wp\/v2\/media?parent=3431"}],"wp:term":[{"taxonomy":"category","embeddable":true,"href":"https:\/\/fundacionrecover.org\/fr\/wp-json\/wp\/v2\/categories?post=3431"},{"taxonomy":"post_tag","embeddable":true,"href":"https:\/\/fundacionrecover.org\/fr\/wp-json\/wp\/v2\/tags?post=3431"}],"curies":[{"name":"wp","href":"https:\/\/api.w.org\/{rel}","templated":true}]}}