{"id":3765,"date":"2023-12-05T01:24:04","date_gmt":"2023-12-05T00:24:04","guid":{"rendered":"https:\/\/fundacionrecover.org\/?p=4711"},"modified":"2024-05-30T15:02:35","modified_gmt":"2024-05-30T13:02:35","slug":"volontariat-qui-ameliore-la-vie-des-gens-en-afrique-subsaharienne","status":"publish","type":"post","link":"https:\/\/fundacionrecover.org\/fr\/voluntariado-que-mejora-la-vida-de-las-personas-en-africa-subsahariana\/","title":{"rendered":"Un volontariat qui am\u00e9liore la vie des gens en Afrique subsaharienne"},"content":{"rendered":"<p class=\"wp-block-paragraph\">En <strong>Journ\u00e9e internationale des volontaires<\/strong>, nous tenons \u00e0 souligner le travail exemplaire de professionnels de la sant\u00e9 espagnols qui, par le biais de la Fondation Recover, consacrent une partie de leur temps \u00e0 am\u00e9liorer l'acc\u00e8s \u00e0 la sant\u00e9 en Afrique subsaharienne.<\/p>\n\n\n\n<p class=\"wp-block-paragraph\">Plus de 70 professionnels de sant\u00e9 collaborent chaque ann\u00e9e avec nous \u00e0 travers des programmes et des campagnes qui abordent la pr\u00e9vention, le diagnostic pr\u00e9coce et la formation de professionnels locaux. Cette initiative, qui d\u00e9passe les fronti\u00e8res, permet de collaborer aussi bien depuis l'Espagne, gr\u00e2ce \u00e0 la t\u00e9l\u00e9m\u00e9decine ou \u00e0 des formations en ligne, que lors de d\u00e9placements sur le terrain.<\/p>\n\n\n\n<p class=\"wp-block-paragraph\"><strong>Le cas des physioth\u00e9rapeutes Mar\u00eda et Ana<\/strong><\/p>\n\n\n\n<p class=\"wp-block-paragraph\">Les physioth\u00e9rapeutiques espagnoles Mar\u00eda et Ana se sont rendues en septembre au Cameroun pour collaborer avec la Fundaci\u00f3n Recover dans trois centres de sant\u00e9 du pays. Leur travail s'est concentr\u00e9 sur des s\u00e9ances individuelles et collectives dans le but de former des professionnels locaux.<\/p>\n\n\n\n<p class=\"wp-block-paragraph\">Dans le cas d'Ana, elle a particip\u00e9 activement \u00e0 la pr\u00e9paration des femmes \u00e0 la grossesse et \u00e0 l'accouchement en collaboration avec des sages-femmes et des physioth\u00e9rapeutes locaux. \u00ab \u00c7a a \u00e9t\u00e9 un moment magique car il a \u00e9t\u00e9 possible d'offrir un espace pour que les femmes puissent s'amuser et dissiper leurs doutes \u00bb, a racont\u00e9 cette sp\u00e9cialiste.<\/p>\n\n\n\n<p class=\"wp-block-paragraph\">De son c\u00f4t\u00e9, Mar\u00eda s'est concentr\u00e9e sur la formation et le suivi en physioth\u00e9rapie p\u00e9diatrique, ainsi que sur la confection de pl\u00e2tres pour traiter les malformations chez la population infantile. Ce travail, soutenu par la Fondation Recover, a \u00e9t\u00e9 men\u00e9 sur une p\u00e9riode de six ans, ce qui t\u00e9moigne d'un engagement continu envers la sant\u00e9 dans la r\u00e9gion.<\/p>\n\n\n\n<p class=\"wp-block-paragraph\">Comme elles l'ont elles-m\u00eames racont\u00e9 : \u201c C'est gr\u00e2ce \u00e0 la Fondation Recover que ces centres disposent d'une salle de physioth\u00e9rapie. C'est la fondation qui les a subventionn\u00e9s et qui a \u00e9galement fourni les diff\u00e9rents mat\u00e9riels ainsi que diverses formations \u00e0 la population locale pour que toutes ces interventions de physioth\u00e9rapie et notre action puissent \u00eatre men\u00e9es \u00e0 bien. Nous remercions \u00e0 nouveau la Fondation Recover de nous avoir permis d'utiliser cet espace pour d\u00e9velopper ce type de campagnes plus sp\u00e9cifiques \u201d.<\/p>\n\n\n\n<p class=\"wp-block-paragraph\"><strong>L'exp\u00e9rience d'Iris, m\u00e9decin sp\u00e9cialiste en m\u00e9decine g\u00e9n\u00e9rale<\/strong><\/p>\n\n\n\n<p class=\"wp-block-paragraph\">Iris Flores est m\u00e9decin sp\u00e9cialiste en m\u00e9decine familiale et communautaire qui travaille aux urgences de l'H\u00f4pital Sagrat Cor du Groupe Quir\u00f3nsalud \u00e0 Barcelone. Elle a rejoint la Fondation \u00e0 la suite de la proposition d'un coll\u00e8gue chirurgien de participer \u00e0 une campagne chirurgicale.<\/p>\n\n\n\n<p class=\"wp-block-paragraph\">La campagne s'est d\u00e9roul\u00e9e au centre m\u00e9dical de Batcham, au Cameroun, pendant une semaine. Iris et son partenaire ont suivi une routine intensive : ils commen\u00e7aient t\u00f4t le matin par des visites m\u00e9dicales et des consultations de patients avant de proc\u00e9der aux interventions chirurgicales.<\/p>\n\n\n\n<p class=\"wp-block-paragraph\">L'un des aspects qu'Iris souligne le plus dans son exp\u00e9rience a \u00e9t\u00e9 la profonde gratitude de la population locale, ce qui a contrast\u00e9 avec son environnement habituel \u00e0 Barcelone. Malgr\u00e9 les d\u00e9fis d\u00e9coulant du manque de ressources et de personnel dans le centre m\u00e9dical, Iris a trouv\u00e9 dans cette exp\u00e9rience l'occasion de retrouver son amour pour la profession et de renouveler son d\u00e9sir d'aider davantage de personnes.<\/p>\n\n\n\n<figure class=\"wp-block-image\"><img decoding=\"async\" src=\"https:\/\/fundacionrecover.org\/wp-content\/uploads\/2023\/12\/IMG-20230627-WA0012-1024x576.jpg\" alt=\"\" class=\"wp-image-4713\"\/><\/figure>\n\n\n\n<p class=\"wp-block-paragraph\">Cette sp\u00e9cialiste souligne \u00e9galement l'importance de former les habitants locaux afin qu'ils puissent g\u00e9rer les ressources par eux-m\u00eames et, malgr\u00e9 les difficult\u00e9s, elle consid\u00e8re que l'exp\u00e9rience a \u00e9t\u00e9 tr\u00e8s enrichissante. Son message final est clair : elle encourage toute personne int\u00e9ress\u00e9e \u00e0 s'engager dans ce type de volontariat, en soulignant que l'exp\u00e9rience peut \u00eatre transformatrice sur les plans personnel et professionnel.<\/p>\n\n\n\n<p class=\"wp-block-paragraph\"><strong>Souhaitez-vous vous joindre \u00e0 notre cause ?<\/strong><\/p>\n\n\n\n<p class=\"wp-block-paragraph\">De la salle de physioth\u00e9rapie au bloc op\u00e9ratoire, chaque volontaire contribue \u00e0 un changement significatif en Afrique subsaharienne. Si vous souhaitez vous aussi en faire partie, remplissez d\u00e8s maintenant le formulaire sur notre site web et nous vous contacterons : <a href=\"https:\/\/fundacionrecover.org\/fr\/tienes-otra-propuesta\/\">https:\/\/fundacionrecover.org\/tienes-otra-propuesta\/<\/a><\/p>","protected":false},"excerpt":{"rendered":"<p>Plus de 70 professionnels de la sant\u00e9 collaborent chaque ann\u00e9e avec nous par le biais de programmes et de campagnes ax\u00e9s sur la pr\u00e9vention, le diagnostic pr\u00e9coce et la formation des professionnels locaux. <\/p>","protected":false},"author":1,"featured_media":3767,"comment_status":"closed","ping_status":"closed","sticky":false,"template":"","format":"standard","meta":{"give_campaign_id":0,"footnotes":""},"categories":[34],"tags":[],"class_list":["post-3765","post","type-post","status-publish","format-standard","has-post-thumbnail","hentry","category-voluntariado"],"yoast_head":"<!-- This site is optimized with the Yoast SEO plugin v28.3 - https:\/\/yoast.com\/product\/yoast-seo-wordpress\/ -->\n<title>Voluntariado que mejora la vida de las personas en \u00c1frica Subsahariana - Fundaci\u00f3n Recover Hospitales para \u00c1frica<\/title>\n<meta name=\"robots\" content=\"index, follow, max-snippet:-1, max-image-preview:large, max-video-preview:-1\" \/>\n<link rel=\"canonical\" href=\"https:\/\/fundacionrecover.org\/fr\/volontariat-qui-ameliore-la-vie-des-gens-en-afrique-subsaharienne\/\" \/>\n<meta property=\"og:locale\" content=\"fr_FR\" \/>\n<meta property=\"og:type\" content=\"article\" \/>\n<meta property=\"og:title\" content=\"Voluntariado que mejora la vida de las personas en \u00c1frica Subsahariana - Fundaci\u00f3n Recover Hospitales para \u00c1frica\" \/>\n<meta property=\"og:description\" content=\"M\u00e1s de 70 profesionales sanitarios colaboran anualmente con nosotros a trav\u00e9s de programas y campa\u00f1as que abordan la prevenci\u00f3n, diagn\u00f3stico temprano y la formaci\u00f3n de profesionales locales.\" \/>\n<meta property=\"og:url\" content=\"https:\/\/fundacionrecover.org\/fr\/volontariat-qui-ameliore-la-vie-des-gens-en-afrique-subsaharienne\/\" \/>\n<meta property=\"og:site_name\" content=\"Fundaci\u00f3n Recover Hospitales para \u00c1frica\" \/>\n<meta property=\"article:publisher\" content=\"https:\/\/www.facebook.com\/fundacionrecover\/\" \/>\n<meta property=\"article:published_time\" content=\"2023-12-05T00:24:04+00:00\" \/>\n<meta property=\"article:modified_time\" content=\"2024-05-30T13:02:35+00:00\" \/>\n<meta property=\"og:image\" content=\"https:\/\/fundacionrecover.org\/wp-content\/uploads\/2023\/12\/WhatsApp-Image-2023-09-06-at-19.40.30.jpeg\" \/>\n\t<meta property=\"og:image:width\" content=\"1080\" \/>\n\t<meta property=\"og:image:height\" content=\"810\" \/>\n\t<meta property=\"og:image:type\" content=\"image\/jpeg\" \/>\n<meta name=\"author\" content=\"Recover\" \/>\n<meta name=\"twitter:card\" content=\"summary_large_image\" \/>\n<meta name=\"twitter:label1\" content=\"\u00c9crit par\" \/>\n\t<meta name=\"twitter:data1\" content=\"Recover\" \/>\n\t<meta name=\"twitter:label2\" content=\"Dur\u00e9e de lecture estim\u00e9e\" \/>\n\t<meta name=\"twitter:data2\" content=\"4 minutes\" \/>\n<script type=\"application\/ld+json\" class=\"yoast-schema-graph\">{\"@context\":\"https:\\\/\\\/schema.org\",\"@graph\":[{\"@type\":\"Article\",\"@id\":\"https:\\\/\\\/fundacionrecover.org\\\/voluntariado-que-mejora-la-vida-de-las-personas-en-africa-subsahariana\\\/#article\",\"isPartOf\":{\"@id\":\"https:\\\/\\\/fundacionrecover.org\\\/voluntariado-que-mejora-la-vida-de-las-personas-en-africa-subsahariana\\\/\"},\"author\":{\"name\":\"Recover\",\"@id\":\"https:\\\/\\\/fundacionrecover.org\\\/#\\\/schema\\\/person\\\/dd196faabb13b5c6e72c88bc6f7c6fb6\"},\"headline\":\"Voluntariado que mejora la vida de las personas en \u00c1frica Subsahariana\",\"datePublished\":\"2023-12-05T00:24:04+00:00\",\"dateModified\":\"2024-05-30T13:02:35+00:00\",\"mainEntityOfPage\":{\"@id\":\"https:\\\/\\\/fundacionrecover.org\\\/voluntariado-que-mejora-la-vida-de-las-personas-en-africa-subsahariana\\\/\"},\"wordCount\":669,\"publisher\":{\"@id\":\"https:\\\/\\\/fundacionrecover.org\\\/#organization\"},\"image\":{\"@id\":\"https:\\\/\\\/fundacionrecover.org\\\/voluntariado-que-mejora-la-vida-de-las-personas-en-africa-subsahariana\\\/#primaryimage\"},\"thumbnailUrl\":\"https:\\\/\\\/fundacionrecover.org\\\/wp-content\\\/uploads\\\/2023\\\/12\\\/WhatsApp-Image-2023-09-06-at-19.40.30.jpeg\",\"articleSection\":[\"Voluntariado\"],\"inLanguage\":\"fr-FR\"},{\"@type\":\"WebPage\",\"@id\":\"https:\\\/\\\/fundacionrecover.org\\\/voluntariado-que-mejora-la-vida-de-las-personas-en-africa-subsahariana\\\/\",\"url\":\"https:\\\/\\\/fundacionrecover.org\\\/voluntariado-que-mejora-la-vida-de-las-personas-en-africa-subsahariana\\\/\",\"name\":\"Voluntariado que mejora la vida de las personas en \u00c1frica Subsahariana - Fundaci\u00f3n Recover Hospitales para \u00c1frica\",\"isPartOf\":{\"@id\":\"https:\\\/\\\/fundacionrecover.org\\\/#website\"},\"primaryImageOfPage\":{\"@id\":\"https:\\\/\\\/fundacionrecover.org\\\/voluntariado-que-mejora-la-vida-de-las-personas-en-africa-subsahariana\\\/#primaryimage\"},\"image\":{\"@id\":\"https:\\\/\\\/fundacionrecover.org\\\/voluntariado-que-mejora-la-vida-de-las-personas-en-africa-subsahariana\\\/#primaryimage\"},\"thumbnailUrl\":\"https:\\\/\\\/fundacionrecover.org\\\/wp-content\\\/uploads\\\/2023\\\/12\\\/WhatsApp-Image-2023-09-06-at-19.40.30.jpeg\",\"datePublished\":\"2023-12-05T00:24:04+00:00\",\"dateModified\":\"2024-05-30T13:02:35+00:00\",\"breadcrumb\":{\"@id\":\"https:\\\/\\\/fundacionrecover.org\\\/voluntariado-que-mejora-la-vida-de-las-personas-en-africa-subsahariana\\\/#breadcrumb\"},\"inLanguage\":\"fr-FR\",\"potentialAction\":[{\"@type\":\"ReadAction\",\"target\":[\"https:\\\/\\\/fundacionrecover.org\\\/voluntariado-que-mejora-la-vida-de-las-personas-en-africa-subsahariana\\\/\"]}]},{\"@type\":\"ImageObject\",\"inLanguage\":\"fr-FR\",\"@id\":\"https:\\\/\\\/fundacionrecover.org\\\/voluntariado-que-mejora-la-vida-de-las-personas-en-africa-subsahariana\\\/#primaryimage\",\"url\":\"https:\\\/\\\/fundacionrecover.org\\\/wp-content\\\/uploads\\\/2023\\\/12\\\/WhatsApp-Image-2023-09-06-at-19.40.30.jpeg\",\"contentUrl\":\"https:\\\/\\\/fundacionrecover.org\\\/wp-content\\\/uploads\\\/2023\\\/12\\\/WhatsApp-Image-2023-09-06-at-19.40.30.jpeg\",\"width\":1080,\"height\":810},{\"@type\":\"BreadcrumbList\",\"@id\":\"https:\\\/\\\/fundacionrecover.org\\\/voluntariado-que-mejora-la-vida-de-las-personas-en-africa-subsahariana\\\/#breadcrumb\",\"itemListElement\":[{\"@type\":\"ListItem\",\"position\":1,\"name\":\"Home\",\"item\":\"https:\\\/\\\/fundacionrecover.org\\\/\"},{\"@type\":\"ListItem\",\"position\":2,\"name\":\"Voluntariado\",\"item\":\"https:\\\/\\\/fundacionrecover.org\\\/category\\\/voluntariado\\\/\"},{\"@type\":\"ListItem\",\"position\":3,\"name\":\"Voluntariado que mejora la vida de las personas en \u00c1frica Subsahariana\"}]},{\"@type\":\"WebSite\",\"@id\":\"https:\\\/\\\/fundacionrecover.org\\\/#website\",\"url\":\"https:\\\/\\\/fundacionrecover.org\\\/\",\"name\":\"Fundaci\u00f3n Recover Hospitales para \u00c1frica\",\"description\":\"Fundaci\u00f3n Recover\",\"publisher\":{\"@id\":\"https:\\\/\\\/fundacionrecover.org\\\/#organization\"},\"potentialAction\":[{\"@type\":\"SearchAction\",\"target\":{\"@type\":\"EntryPoint\",\"urlTemplate\":\"https:\\\/\\\/fundacionrecover.org\\\/?s={search_term_string}\"},\"query-input\":{\"@type\":\"PropertyValueSpecification\",\"valueRequired\":true,\"valueName\":\"search_term_string\"}}],\"inLanguage\":\"fr-FR\"},{\"@type\":\"Organization\",\"@id\":\"https:\\\/\\\/fundacionrecover.org\\\/#organization\",\"name\":\"Fundaci\u00f3n Recover, Hospitales para \u00c1frica\",\"alternateName\":\"Fundaci\u00f3n Recover\",\"url\":\"https:\\\/\\\/fundacionrecover.org\\\/\",\"logo\":{\"@type\":\"ImageObject\",\"inLanguage\":\"fr-FR\",\"@id\":\"https:\\\/\\\/fundacionrecover.org\\\/#\\\/schema\\\/logo\\\/image\\\/\",\"url\":\"https:\\\/\\\/fundacionrecover.org\\\/wp-content\\\/uploads\\\/2024\\\/03\\\/FundacionRecoverHospitalesParaAfrica_logo_blanco_cut.png\",\"contentUrl\":\"https:\\\/\\\/fundacionrecover.org\\\/wp-content\\\/uploads\\\/2024\\\/03\\\/FundacionRecoverHospitalesParaAfrica_logo_blanco_cut.png\",\"width\":335,\"height\":183,\"caption\":\"Fundaci\u00f3n Recover, Hospitales para \u00c1frica\"},\"image\":{\"@id\":\"https:\\\/\\\/fundacionrecover.org\\\/#\\\/schema\\\/logo\\\/image\\\/\"},\"sameAs\":[\"https:\\\/\\\/www.facebook.com\\\/fundacionrecover\\\/\",\"https:\\\/\\\/www.instagram.com\\\/fundacionrecover\\\/\",\"https:\\\/\\\/www.linkedin.com\\\/company\\\/fundaci\u00f3n-recover-hospitales-para-\u00e1frica\\\/\",\"https:\\\/\\\/www.tiktok.com\\\/@fundacionrecover\"]},{\"@type\":\"Person\",\"@id\":\"https:\\\/\\\/fundacionrecover.org\\\/#\\\/schema\\\/person\\\/dd196faabb13b5c6e72c88bc6f7c6fb6\",\"name\":\"Recover\",\"sameAs\":[\"https:\\\/\\\/fundacionrecover.org\"]}]}<\/script>\n<!-- \/ Yoast SEO plugin. -->","yoast_head_json":{"title":"Volontariat qui am\u00e9liore la vie des personnes en Afrique subsaharienne - Fondation Recover H\u00f4pitaux pour l'Afrique","robots":{"index":"index","follow":"follow","max-snippet":"max-snippet:-1","max-image-preview":"max-image-preview:large","max-video-preview":"max-video-preview:-1"},"canonical":"https:\/\/fundacionrecover.org\/fr\/volontariat-qui-ameliore-la-vie-des-gens-en-afrique-subsaharienne\/","og_locale":"fr_FR","og_type":"article","og_title":"Voluntariado que mejora la vida de las personas en \u00c1frica Subsahariana - Fundaci\u00f3n Recover Hospitales para \u00c1frica","og_description":"M\u00e1s de 70 profesionales sanitarios colaboran anualmente con nosotros a trav\u00e9s de programas y campa\u00f1as que abordan la prevenci\u00f3n, diagn\u00f3stico temprano y la formaci\u00f3n de profesionales locales.","og_url":"https:\/\/fundacionrecover.org\/fr\/volontariat-qui-ameliore-la-vie-des-gens-en-afrique-subsaharienne\/","og_site_name":"Fundaci\u00f3n Recover Hospitales para \u00c1frica","article_publisher":"https:\/\/www.facebook.com\/fundacionrecover\/","article_published_time":"2023-12-05T00:24:04+00:00","article_modified_time":"2024-05-30T13:02:35+00:00","og_image":[{"width":1080,"height":810,"url":"https:\/\/fundacionrecover.org\/wp-content\/uploads\/2023\/12\/WhatsApp-Image-2023-09-06-at-19.40.30.jpeg","type":"image\/jpeg"}],"author":"Recover","twitter_card":"summary_large_image","twitter_misc":{"\u00c9crit par":"Recover","Dur\u00e9e de lecture estim\u00e9e":"4 minutes"},"schema":{"@context":"https:\/\/schema.org","@graph":[{"@type":"Article","@id":"https:\/\/fundacionrecover.org\/voluntariado-que-mejora-la-vida-de-las-personas-en-africa-subsahariana\/#article","isPartOf":{"@id":"https:\/\/fundacionrecover.org\/voluntariado-que-mejora-la-vida-de-las-personas-en-africa-subsahariana\/"},"author":{"name":"Recover","@id":"https:\/\/fundacionrecover.org\/#\/schema\/person\/dd196faabb13b5c6e72c88bc6f7c6fb6"},"headline":"Voluntariado que mejora la vida de las personas en \u00c1frica Subsahariana","datePublished":"2023-12-05T00:24:04+00:00","dateModified":"2024-05-30T13:02:35+00:00","mainEntityOfPage":{"@id":"https:\/\/fundacionrecover.org\/voluntariado-que-mejora-la-vida-de-las-personas-en-africa-subsahariana\/"},"wordCount":669,"publisher":{"@id":"https:\/\/fundacionrecover.org\/#organization"},"image":{"@id":"https:\/\/fundacionrecover.org\/voluntariado-que-mejora-la-vida-de-las-personas-en-africa-subsahariana\/#primaryimage"},"thumbnailUrl":"https:\/\/fundacionrecover.org\/wp-content\/uploads\/2023\/12\/WhatsApp-Image-2023-09-06-at-19.40.30.jpeg","articleSection":["Voluntariado"],"inLanguage":"fr-FR"},{"@type":"WebPage","@id":"https:\/\/fundacionrecover.org\/voluntariado-que-mejora-la-vida-de-las-personas-en-africa-subsahariana\/","url":"https:\/\/fundacionrecover.org\/voluntariado-que-mejora-la-vida-de-las-personas-en-africa-subsahariana\/","name":"Volontariat qui am\u00e9liore la vie des personnes en Afrique subsaharienne - Fondation Recover H\u00f4pitaux pour l'Afrique","isPartOf":{"@id":"https:\/\/fundacionrecover.org\/#website"},"primaryImageOfPage":{"@id":"https:\/\/fundacionrecover.org\/voluntariado-que-mejora-la-vida-de-las-personas-en-africa-subsahariana\/#primaryimage"},"image":{"@id":"https:\/\/fundacionrecover.org\/voluntariado-que-mejora-la-vida-de-las-personas-en-africa-subsahariana\/#primaryimage"},"thumbnailUrl":"https:\/\/fundacionrecover.org\/wp-content\/uploads\/2023\/12\/WhatsApp-Image-2023-09-06-at-19.40.30.jpeg","datePublished":"2023-12-05T00:24:04+00:00","dateModified":"2024-05-30T13:02:35+00:00","breadcrumb":{"@id":"https:\/\/fundacionrecover.org\/voluntariado-que-mejora-la-vida-de-las-personas-en-africa-subsahariana\/#breadcrumb"},"inLanguage":"fr-FR","potentialAction":[{"@type":"ReadAction","target":["https:\/\/fundacionrecover.org\/voluntariado-que-mejora-la-vida-de-las-personas-en-africa-subsahariana\/"]}]},{"@type":"ImageObject","inLanguage":"fr-FR","@id":"https:\/\/fundacionrecover.org\/voluntariado-que-mejora-la-vida-de-las-personas-en-africa-subsahariana\/#primaryimage","url":"https:\/\/fundacionrecover.org\/wp-content\/uploads\/2023\/12\/WhatsApp-Image-2023-09-06-at-19.40.30.jpeg","contentUrl":"https:\/\/fundacionrecover.org\/wp-content\/uploads\/2023\/12\/WhatsApp-Image-2023-09-06-at-19.40.30.jpeg","width":1080,"height":810},{"@type":"BreadcrumbList","@id":"https:\/\/fundacionrecover.org\/voluntariado-que-mejora-la-vida-de-las-personas-en-africa-subsahariana\/#breadcrumb","itemListElement":[{"@type":"ListItem","position":1,"name":"Home","item":"https:\/\/fundacionrecover.org\/"},{"@type":"ListItem","position":2,"name":"Voluntariado","item":"https:\/\/fundacionrecover.org\/category\/voluntariado\/"},{"@type":"ListItem","position":3,"name":"Voluntariado que mejora la vida de las personas en \u00c1frica Subsahariana"}]},{"@type":"WebSite","@id":"https:\/\/fundacionrecover.org\/#website","url":"https:\/\/fundacionrecover.org\/","name":"La Fondation Recover, H\u00f2pitaux pour l\u2019Afrique","description":"La Fondation Recover","publisher":{"@id":"https:\/\/fundacionrecover.org\/#organization"},"potentialAction":[{"@type":"SearchAction","target":{"@type":"EntryPoint","urlTemplate":"https:\/\/fundacionrecover.org\/?s={search_term_string}"},"query-input":{"@type":"PropertyValueSpecification","valueRequired":true,"valueName":"search_term_string"}}],"inLanguage":"fr-FR"},{"@type":"Organization","@id":"https:\/\/fundacionrecover.org\/#organization","name":"La Fondation Recover, H\u00f2pitaux pour l\u2019Afrique","alternateName":"Fundaci\u00f3n Recover","url":"https:\/\/fundacionrecover.org\/","logo":{"@type":"ImageObject","inLanguage":"fr-FR","@id":"https:\/\/fundacionrecover.org\/#\/schema\/logo\/image\/","url":"https:\/\/fundacionrecover.org\/wp-content\/uploads\/2024\/03\/FundacionRecoverHospitalesParaAfrica_logo_blanco_cut.png","contentUrl":"https:\/\/fundacionrecover.org\/wp-content\/uploads\/2024\/03\/FundacionRecoverHospitalesParaAfrica_logo_blanco_cut.png","width":335,"height":183,"caption":"Fundaci\u00f3n Recover, Hospitales para \u00c1frica"},"image":{"@id":"https:\/\/fundacionrecover.org\/#\/schema\/logo\/image\/"},"sameAs":["https:\/\/www.facebook.com\/fundacionrecover\/","https:\/\/www.instagram.com\/fundacionrecover\/","https:\/\/www.linkedin.com\/company\/fundaci\u00f3n-recover-hospitales-para-\u00e1frica\/","https:\/\/www.tiktok.com\/@fundacionrecover"]},{"@type":"Person","@id":"https:\/\/fundacionrecover.org\/#\/schema\/person\/dd196faabb13b5c6e72c88bc6f7c6fb6","name":"R\u00e9cup\u00e9rer","sameAs":["https:\/\/fundacionrecover.org"]}]}},"_links":{"self":[{"href":"https:\/\/fundacionrecover.org\/fr\/wp-json\/wp\/v2\/posts\/3765","targetHints":{"allow":["GET"]}}],"collection":[{"href":"https:\/\/fundacionrecover.org\/fr\/wp-json\/wp\/v2\/posts"}],"about":[{"href":"https:\/\/fundacionrecover.org\/fr\/wp-json\/wp\/v2\/types\/post"}],"author":[{"embeddable":true,"href":"https:\/\/fundacionrecover.org\/fr\/wp-json\/wp\/v2\/users\/1"}],"replies":[{"embeddable":true,"href":"https:\/\/fundacionrecover.org\/fr\/wp-json\/wp\/v2\/comments?post=3765"}],"version-history":[{"count":0,"href":"https:\/\/fundacionrecover.org\/fr\/wp-json\/wp\/v2\/posts\/3765\/revisions"}],"wp:featuredmedia":[{"embeddable":true,"href":"https:\/\/fundacionrecover.org\/fr\/wp-json\/wp\/v2\/media\/3767"}],"wp:attachment":[{"href":"https:\/\/fundacionrecover.org\/fr\/wp-json\/wp\/v2\/media?parent=3765"}],"wp:term":[{"taxonomy":"category","embeddable":true,"href":"https:\/\/fundacionrecover.org\/fr\/wp-json\/wp\/v2\/categories?post=3765"},{"taxonomy":"post_tag","embeddable":true,"href":"https:\/\/fundacionrecover.org\/fr\/wp-json\/wp\/v2\/tags?post=3765"}],"curies":[{"name":"wp","href":"https:\/\/api.w.org\/{rel}","templated":true}]}}