{"id":3796,"date":"2023-04-12T14:16:48","date_gmt":"2023-04-12T12:16:48","guid":{"rendered":"https:\/\/fundacionrecover.org\/?p=4551"},"modified":"2024-05-30T18:42:36","modified_gmt":"2024-05-30T16:42:36","slug":"experiences-de-voyage-de-volontariat-international","status":"publish","type":"post","link":"https:\/\/fundacionrecover.org\/fr\/experiencias-viaje-de-voluntariado-internacional\/","title":{"rendered":"Exp\u00e9riences : voyage de volontariat international"},"content":{"rendered":"<!--more-->\n\n\n\n<h4 class=\"wp-block-heading\">Ana et Rut<\/h4>\n\n\n\n<p class=\"wp-block-paragraph\">Il y a des exp\u00e9riences qui ne vous permettent plus de voir le monde du m\u00eame \u0153il... et qui sont en plus difficiles \u00e0 raconter.<\/p>\n\n\n\n<p class=\"wp-block-paragraph\">La coop\u00e9ration est bien plus que d'\u00eatre b\u00e9n\u00e9vole. C'est vivre la culture, cohabiter avec ses habitants, nouer des relations, comprendre la situation et ses circonstances de l'int\u00e9rieur.<\/p>\n\n\n\n<p class=\"wp-block-paragraph\">La r\u00e9alit\u00e9 est que l'on fait un travail incroyable avec des ressources qui n'atteignent parfois m\u00eame pas le strict minimum. Et nous n'avons pas conscience de l'importance d'une \u00e9chographie de base dans d'autres parties du monde.<\/p>\n\n\n\n<figure class=\"wp-block-gallery has-nested-images columns-default is-cropped wp-block-gallery-1 is-layout-flex wp-block-gallery-is-layout-flex\">\n<figure class=\"wp-block-image\"><img decoding=\"async\" data-id=\"4560\" src=\"https:\/\/fundacionrecover.org\/wp-content\/uploads\/2023\/04\/WhatsApp-Image-2023-03-23-at-12.01.30-1-1.jpeg\" alt=\"\" class=\"wp-image-4560\"\/><\/figure>\n\n\n\n<figure class=\"wp-block-image\"><img decoding=\"async\" data-id=\"4561\" src=\"https:\/\/fundacionrecover.org\/wp-content\/uploads\/2023\/04\/WhatsApp-Image-2023-03-23-at-12.01.31-1-1-1024x768.jpeg\" alt=\"\" class=\"wp-image-4561\"\/><\/figure>\n<\/figure>\n\n\n\n<p class=\"wp-block-paragraph\"><\/p>\n\n\n\n<p class=\"wp-block-paragraph\">Et \u00e0 ce stade des \u00e9chographies et de la prise en charge des femmes, nous avons boug\u00e9, nous. Sans aucun doute, soutenir les femmes africaines est essentiel au c\u0153ur du changement. Il n'y a pas de mots pour d\u00e9crire la force qu'elles transmettent et l'admiration qu'elles suscitent... leur capacit\u00e9 \u00e0 lutter, \u00e0 cr\u00e9er, \u00e0 nourrir, \u00e0 guider, \u00e0 \u00eatre m\u00e8re... Quel plaisir de les voir transmettre cette force de g\u00e9n\u00e9ration en g\u00e9n\u00e9ration.<\/p>\n\n\n\n<p class=\"wp-block-paragraph\">Nous vous encourageons \u00e0 participer et \u00e0 apporter votre pierre \u00e0 l'\u00e9difice dans le cadre de collaborations qui laissent une empreinte, qui perdurent et qui favorisent le changement, \u00e0 l'image de la formation dispens\u00e9e aux professionnels de sant\u00e9.<\/p>\n\n\n\n<p class=\"wp-block-paragraph\"><\/p>\n\n\n\n<h4 class=\"wp-block-heading\">Alex<\/h4>\n\n\n\n<p class=\"wp-block-paragraph\">Je m'assois devant l'ordinateur pour \u00e9crire mes impressions apr\u00e8s un voyage de volontariat... Mais rien ne vient... Les sensations et les souvenirs sont si nombreux que je ne sais pas par o\u00f9 commencer.<\/p>\n\n\n\n<p class=\"wp-block-paragraph\">C'est d\u00e9j\u00e0 la troisi\u00e8me fois que je vais au Cameroun comme b\u00e9n\u00e9vole m\u00e9dical, et il n'y en a pas deux pareilles, on ne s'y fait pas, \u00e7a ne devient pas non plus routinier. Chaque fois est diff\u00e9rente.<\/p>\n\n\n\n<p class=\"wp-block-paragraph\">En cette occasion, je peux vraiment dire que c'est celle o\u00f9 je me sens le plus satisfait, dans la mesure o\u00f9 mon travail a servi \u00e0 former du personnel de sant\u00e9 local. Et c'est le plus important. M\u00eame si en m\u00eame temps, on voit les limites qu'ils vont avoir au jour le jour, et il n'est pas facile de s'adapter \u00e0 cela.<\/p>\n\n\n\n<p class=\"wp-block-paragraph\">Vous arrivez avec toute votre science, vos protocoles internationaux, vos recommandations du \u201c New England \u201d\u2026 Et puis vous r\u00e9alisez que vous ne pourrez pas les appliquer. Parce que la r\u00e9alit\u00e9 est diff\u00e9rente, ni meilleure ni pire, simplement diff\u00e9rente. Et c'est cela qui est difficile \u00e0 exprimer avec des mots.<\/p>\n\n\n\n<p class=\"wp-block-paragraph\"><br> <\/p>\n\n\n\n<figure class=\"wp-block-gallery has-nested-images columns-default is-cropped wp-block-gallery-2 is-layout-flex wp-block-gallery-is-layout-flex\">\n<figure class=\"wp-block-image\"><img decoding=\"async\" data-id=\"4562\" src=\"https:\/\/fundacionrecover.org\/wp-content\/uploads\/2023\/04\/WhatsApp-Image-2023-03-23-at-12.01.31-2-1024x768.jpeg\" alt=\"\" class=\"wp-image-4562\"\/><\/figure>\n\n\n\n<figure class=\"wp-block-image\"><img decoding=\"async\" data-id=\"4563\" src=\"https:\/\/fundacionrecover.org\/wp-content\/uploads\/2023\/04\/WhatsApp-Image-2023-03-23-at-12.02.00-1-768x1024.jpeg\" alt=\"\" class=\"wp-image-4563\"\/><\/figure>\n\n\n\n<figure class=\"wp-block-image\"><img decoding=\"async\" data-id=\"4564\" src=\"https:\/\/fundacionrecover.org\/wp-content\/uploads\/2023\/04\/WhatsApp-Image-2023-03-23-at-13.33.48-1-1024x768.jpeg\" alt=\"\" class=\"wp-image-4564\"\/><\/figure>\n<\/figure>\n\n\n\n<p class=\"wp-block-paragraph\">C'est pr\u00e9cis\u00e9ment pour cela que je vous encourage \u00e0 le vivre par vous-m\u00eames, et \u00e0 pouvoir vous retrouver \u00e0 ma place bient\u00f4t et devant l'ordinateur... \u00c0 chercher ces mots pour le raconter...<\/p>\n\n\n\n<figure class=\"wp-block-gallery has-nested-images columns-default is-cropped wp-block-gallery-3 is-layout-flex wp-block-gallery-is-layout-flex\">\n<figure class=\"wp-block-image\"><img decoding=\"async\" data-id=\"4565\" src=\"https:\/\/fundacionrecover.org\/wp-content\/uploads\/2023\/04\/WhatsApp-Image-2023-03-23-at-12.01.30-2.jpeg\" alt=\"\" class=\"wp-image-4565\"\/><\/figure>\n<\/figure>\n\n\n\n<p class=\"wp-block-paragraph\"><\/p>","protected":false},"excerpt":{"rendered":"<p>Alex Pujol, ginec\u00f3logo, junto con Ana Inaraja y Rut Nieto, matronas, todos ellos del Hospital Infanta Elena \u2013 Quir\u00f3nsalud de Valdemoro, nos cuentan su viaje a Camer\u00fan para formar en ecograf\u00eda p\u00e9lvica a profesionales sanitarios del pa\u00eds africano.<br \/>\n\u00a1Aqu\u00ed os dejamos su experiencia! \u00a1disfrutad de la lectura!<\/p>","protected":false},"author":1,"featured_media":3803,"comment_status":"closed","ping_status":"closed","sticky":false,"template":"","format":"standard","meta":{"give_campaign_id":0,"footnotes":""},"categories":[34],"tags":[],"class_list":["post-3796","post","type-post","status-publish","format-standard","has-post-thumbnail","hentry","category-voluntariado"],"yoast_head":"<!-- This site is optimized with the Yoast SEO plugin v28.3 - https:\/\/yoast.com\/product\/yoast-seo-wordpress\/ -->\n<title>Experiencias: viaje de voluntariado internacional - Fundaci\u00f3n Recover Hospitales para \u00c1frica<\/title>\n<meta name=\"robots\" content=\"index, follow, max-snippet:-1, max-image-preview:large, max-video-preview:-1\" \/>\n<link rel=\"canonical\" href=\"https:\/\/fundacionrecover.org\/fr\/experiences-de-voyage-de-volontariat-international\/\" \/>\n<meta property=\"og:locale\" content=\"fr_FR\" \/>\n<meta property=\"og:type\" content=\"article\" \/>\n<meta property=\"og:title\" content=\"Experiencias: viaje de voluntariado internacional - Fundaci\u00f3n Recover Hospitales para \u00c1frica\" \/>\n<meta property=\"og:description\" content=\"Alex Pujol, ginec\u00f3logo, junto con Ana Inaraja y Rut Nieto, matronas, todos ellos del Hospital Infanta Elena \u2013 Quir\u00f3nsalud de Valdemoro, nos cuentan su viaje a Camer\u00fan para formar en ecograf\u00eda p\u00e9lvica a profesionales sanitarios del pa\u00eds africano. \u00a1Aqu\u00ed os dejamos su experiencia! \u00a1disfrutad de la lectura!\" \/>\n<meta property=\"og:url\" content=\"https:\/\/fundacionrecover.org\/fr\/experiences-de-voyage-de-volontariat-international\/\" \/>\n<meta property=\"og:site_name\" content=\"Fundaci\u00f3n Recover Hospitales para \u00c1frica\" \/>\n<meta property=\"article:publisher\" content=\"https:\/\/www.facebook.com\/fundacionrecover\/\" \/>\n<meta property=\"article:published_time\" content=\"2023-04-12T12:16:48+00:00\" \/>\n<meta property=\"article:modified_time\" content=\"2024-05-30T16:42:36+00:00\" \/>\n<meta property=\"og:image\" content=\"https:\/\/fundacionrecover.org\/wp-content\/uploads\/2023\/04\/WhatsApp-Image-2023-03-23-at-13.33.49-1-e1715881239196.jpeg\" \/>\n\t<meta property=\"og:image:width\" content=\"1600\" \/>\n\t<meta property=\"og:image:height\" content=\"986\" \/>\n\t<meta property=\"og:image:type\" content=\"image\/jpeg\" \/>\n<meta name=\"author\" content=\"Recover\" \/>\n<meta name=\"twitter:card\" content=\"summary_large_image\" \/>\n<meta name=\"twitter:label1\" content=\"\u00c9crit par\" \/>\n\t<meta name=\"twitter:data1\" content=\"Recover\" \/>\n\t<meta name=\"twitter:label2\" content=\"Dur\u00e9e de lecture estim\u00e9e\" \/>\n\t<meta name=\"twitter:data2\" content=\"4 minutes\" \/>\n<script type=\"application\/ld+json\" class=\"yoast-schema-graph\">{\"@context\":\"https:\\\/\\\/schema.org\",\"@graph\":[{\"@type\":\"Article\",\"@id\":\"https:\\\/\\\/fundacionrecover.org\\\/experiencias-viaje-de-voluntariado-internacional\\\/#article\",\"isPartOf\":{\"@id\":\"https:\\\/\\\/fundacionrecover.org\\\/experiencias-viaje-de-voluntariado-internacional\\\/\"},\"author\":{\"name\":\"Recover\",\"@id\":\"https:\\\/\\\/fundacionrecover.org\\\/#\\\/schema\\\/person\\\/dd196faabb13b5c6e72c88bc6f7c6fb6\"},\"headline\":\"Experiencias: viaje de voluntariado internacional\",\"datePublished\":\"2023-04-12T12:16:48+00:00\",\"dateModified\":\"2024-05-30T16:42:36+00:00\",\"mainEntityOfPage\":{\"@id\":\"https:\\\/\\\/fundacionrecover.org\\\/experiencias-viaje-de-voluntariado-internacional\\\/\"},\"wordCount\":413,\"publisher\":{\"@id\":\"https:\\\/\\\/fundacionrecover.org\\\/#organization\"},\"image\":{\"@id\":\"https:\\\/\\\/fundacionrecover.org\\\/experiencias-viaje-de-voluntariado-internacional\\\/#primaryimage\"},\"thumbnailUrl\":\"https:\\\/\\\/fundacionrecover.org\\\/wp-content\\\/uploads\\\/2023\\\/04\\\/WhatsApp-Image-2023-03-23-at-13.33.49-1-e1715881239196.jpeg\",\"articleSection\":[\"Voluntariado\"],\"inLanguage\":\"fr-FR\"},{\"@type\":\"WebPage\",\"@id\":\"https:\\\/\\\/fundacionrecover.org\\\/experiencias-viaje-de-voluntariado-internacional\\\/\",\"url\":\"https:\\\/\\\/fundacionrecover.org\\\/experiencias-viaje-de-voluntariado-internacional\\\/\",\"name\":\"Experiencias: viaje de voluntariado internacional - Fundaci\u00f3n Recover Hospitales para \u00c1frica\",\"isPartOf\":{\"@id\":\"https:\\\/\\\/fundacionrecover.org\\\/#website\"},\"primaryImageOfPage\":{\"@id\":\"https:\\\/\\\/fundacionrecover.org\\\/experiencias-viaje-de-voluntariado-internacional\\\/#primaryimage\"},\"image\":{\"@id\":\"https:\\\/\\\/fundacionrecover.org\\\/experiencias-viaje-de-voluntariado-internacional\\\/#primaryimage\"},\"thumbnailUrl\":\"https:\\\/\\\/fundacionrecover.org\\\/wp-content\\\/uploads\\\/2023\\\/04\\\/WhatsApp-Image-2023-03-23-at-13.33.49-1-e1715881239196.jpeg\",\"datePublished\":\"2023-04-12T12:16:48+00:00\",\"dateModified\":\"2024-05-30T16:42:36+00:00\",\"breadcrumb\":{\"@id\":\"https:\\\/\\\/fundacionrecover.org\\\/experiencias-viaje-de-voluntariado-internacional\\\/#breadcrumb\"},\"inLanguage\":\"fr-FR\",\"potentialAction\":[{\"@type\":\"ReadAction\",\"target\":[\"https:\\\/\\\/fundacionrecover.org\\\/experiencias-viaje-de-voluntariado-internacional\\\/\"]}]},{\"@type\":\"ImageObject\",\"inLanguage\":\"fr-FR\",\"@id\":\"https:\\\/\\\/fundacionrecover.org\\\/experiencias-viaje-de-voluntariado-internacional\\\/#primaryimage\",\"url\":\"https:\\\/\\\/fundacionrecover.org\\\/wp-content\\\/uploads\\\/2023\\\/04\\\/WhatsApp-Image-2023-03-23-at-13.33.49-1-e1715881239196.jpeg\",\"contentUrl\":\"https:\\\/\\\/fundacionrecover.org\\\/wp-content\\\/uploads\\\/2023\\\/04\\\/WhatsApp-Image-2023-03-23-at-13.33.49-1-e1715881239196.jpeg\",\"width\":1600,\"height\":986},{\"@type\":\"BreadcrumbList\",\"@id\":\"https:\\\/\\\/fundacionrecover.org\\\/experiencias-viaje-de-voluntariado-internacional\\\/#breadcrumb\",\"itemListElement\":[{\"@type\":\"ListItem\",\"position\":1,\"name\":\"Home\",\"item\":\"https:\\\/\\\/fundacionrecover.org\\\/\"},{\"@type\":\"ListItem\",\"position\":2,\"name\":\"Voluntariado\",\"item\":\"https:\\\/\\\/fundacionrecover.org\\\/category\\\/voluntariado\\\/\"},{\"@type\":\"ListItem\",\"position\":3,\"name\":\"Experiencias: viaje de voluntariado internacional\"}]},{\"@type\":\"WebSite\",\"@id\":\"https:\\\/\\\/fundacionrecover.org\\\/#website\",\"url\":\"https:\\\/\\\/fundacionrecover.org\\\/\",\"name\":\"Fundaci\u00f3n Recover Hospitales para \u00c1frica\",\"description\":\"Fundaci\u00f3n Recover\",\"publisher\":{\"@id\":\"https:\\\/\\\/fundacionrecover.org\\\/#organization\"},\"potentialAction\":[{\"@type\":\"SearchAction\",\"target\":{\"@type\":\"EntryPoint\",\"urlTemplate\":\"https:\\\/\\\/fundacionrecover.org\\\/?s={search_term_string}\"},\"query-input\":{\"@type\":\"PropertyValueSpecification\",\"valueRequired\":true,\"valueName\":\"search_term_string\"}}],\"inLanguage\":\"fr-FR\"},{\"@type\":\"Organization\",\"@id\":\"https:\\\/\\\/fundacionrecover.org\\\/#organization\",\"name\":\"Fundaci\u00f3n Recover, Hospitales para \u00c1frica\",\"alternateName\":\"Fundaci\u00f3n Recover\",\"url\":\"https:\\\/\\\/fundacionrecover.org\\\/\",\"logo\":{\"@type\":\"ImageObject\",\"inLanguage\":\"fr-FR\",\"@id\":\"https:\\\/\\\/fundacionrecover.org\\\/#\\\/schema\\\/logo\\\/image\\\/\",\"url\":\"https:\\\/\\\/fundacionrecover.org\\\/wp-content\\\/uploads\\\/2024\\\/03\\\/FundacionRecoverHospitalesParaAfrica_logo_blanco_cut.png\",\"contentUrl\":\"https:\\\/\\\/fundacionrecover.org\\\/wp-content\\\/uploads\\\/2024\\\/03\\\/FundacionRecoverHospitalesParaAfrica_logo_blanco_cut.png\",\"width\":335,\"height\":183,\"caption\":\"Fundaci\u00f3n Recover, Hospitales para \u00c1frica\"},\"image\":{\"@id\":\"https:\\\/\\\/fundacionrecover.org\\\/#\\\/schema\\\/logo\\\/image\\\/\"},\"sameAs\":[\"https:\\\/\\\/www.facebook.com\\\/fundacionrecover\\\/\",\"https:\\\/\\\/www.instagram.com\\\/fundacionrecover\\\/\",\"https:\\\/\\\/www.linkedin.com\\\/company\\\/fundaci\u00f3n-recover-hospitales-para-\u00e1frica\\\/\",\"https:\\\/\\\/www.tiktok.com\\\/@fundacionrecover\"]},{\"@type\":\"Person\",\"@id\":\"https:\\\/\\\/fundacionrecover.org\\\/#\\\/schema\\\/person\\\/dd196faabb13b5c6e72c88bc6f7c6fb6\",\"name\":\"Recover\",\"sameAs\":[\"https:\\\/\\\/fundacionrecover.org\"]}]}<\/script>\n<!-- \/ Yoast SEO plugin. -->","yoast_head_json":{"title":"Experiencias: viaje de voluntariado internacional - Fundaci\u00f3n Recover Hospitales para \u00c1frica","robots":{"index":"index","follow":"follow","max-snippet":"max-snippet:-1","max-image-preview":"max-image-preview:large","max-video-preview":"max-video-preview:-1"},"canonical":"https:\/\/fundacionrecover.org\/fr\/experiences-de-voyage-de-volontariat-international\/","og_locale":"fr_FR","og_type":"article","og_title":"Experiencias: viaje de voluntariado internacional - Fundaci\u00f3n Recover Hospitales para \u00c1frica","og_description":"Alex Pujol, ginec\u00f3logo, junto con Ana Inaraja y Rut Nieto, matronas, todos ellos del Hospital Infanta Elena \u2013 Quir\u00f3nsalud de Valdemoro, nos cuentan su viaje a Camer\u00fan para formar en ecograf\u00eda p\u00e9lvica a profesionales sanitarios del pa\u00eds africano. \u00a1Aqu\u00ed os dejamos su experiencia! \u00a1disfrutad de la lectura!","og_url":"https:\/\/fundacionrecover.org\/fr\/experiences-de-voyage-de-volontariat-international\/","og_site_name":"Fundaci\u00f3n Recover Hospitales para \u00c1frica","article_publisher":"https:\/\/www.facebook.com\/fundacionrecover\/","article_published_time":"2023-04-12T12:16:48+00:00","article_modified_time":"2024-05-30T16:42:36+00:00","og_image":[{"width":1600,"height":986,"url":"https:\/\/fundacionrecover.org\/wp-content\/uploads\/2023\/04\/WhatsApp-Image-2023-03-23-at-13.33.49-1-e1715881239196.jpeg","type":"image\/jpeg"}],"author":"Recover","twitter_card":"summary_large_image","twitter_misc":{"\u00c9crit par":"Recover","Dur\u00e9e de lecture estim\u00e9e":"4 minutes"},"schema":{"@context":"https:\/\/schema.org","@graph":[{"@type":"Article","@id":"https:\/\/fundacionrecover.org\/experiencias-viaje-de-voluntariado-internacional\/#article","isPartOf":{"@id":"https:\/\/fundacionrecover.org\/experiencias-viaje-de-voluntariado-internacional\/"},"author":{"name":"Recover","@id":"https:\/\/fundacionrecover.org\/#\/schema\/person\/dd196faabb13b5c6e72c88bc6f7c6fb6"},"headline":"Experiencias: viaje de voluntariado internacional","datePublished":"2023-04-12T12:16:48+00:00","dateModified":"2024-05-30T16:42:36+00:00","mainEntityOfPage":{"@id":"https:\/\/fundacionrecover.org\/experiencias-viaje-de-voluntariado-internacional\/"},"wordCount":413,"publisher":{"@id":"https:\/\/fundacionrecover.org\/#organization"},"image":{"@id":"https:\/\/fundacionrecover.org\/experiencias-viaje-de-voluntariado-internacional\/#primaryimage"},"thumbnailUrl":"https:\/\/fundacionrecover.org\/wp-content\/uploads\/2023\/04\/WhatsApp-Image-2023-03-23-at-13.33.49-1-e1715881239196.jpeg","articleSection":["Voluntariado"],"inLanguage":"fr-FR"},{"@type":"WebPage","@id":"https:\/\/fundacionrecover.org\/experiencias-viaje-de-voluntariado-internacional\/","url":"https:\/\/fundacionrecover.org\/experiencias-viaje-de-voluntariado-internacional\/","name":"Experiencias: viaje de voluntariado internacional - Fundaci\u00f3n Recover Hospitales para \u00c1frica","isPartOf":{"@id":"https:\/\/fundacionrecover.org\/#website"},"primaryImageOfPage":{"@id":"https:\/\/fundacionrecover.org\/experiencias-viaje-de-voluntariado-internacional\/#primaryimage"},"image":{"@id":"https:\/\/fundacionrecover.org\/experiencias-viaje-de-voluntariado-internacional\/#primaryimage"},"thumbnailUrl":"https:\/\/fundacionrecover.org\/wp-content\/uploads\/2023\/04\/WhatsApp-Image-2023-03-23-at-13.33.49-1-e1715881239196.jpeg","datePublished":"2023-04-12T12:16:48+00:00","dateModified":"2024-05-30T16:42:36+00:00","breadcrumb":{"@id":"https:\/\/fundacionrecover.org\/experiencias-viaje-de-voluntariado-internacional\/#breadcrumb"},"inLanguage":"fr-FR","potentialAction":[{"@type":"ReadAction","target":["https:\/\/fundacionrecover.org\/experiencias-viaje-de-voluntariado-internacional\/"]}]},{"@type":"ImageObject","inLanguage":"fr-FR","@id":"https:\/\/fundacionrecover.org\/experiencias-viaje-de-voluntariado-internacional\/#primaryimage","url":"https:\/\/fundacionrecover.org\/wp-content\/uploads\/2023\/04\/WhatsApp-Image-2023-03-23-at-13.33.49-1-e1715881239196.jpeg","contentUrl":"https:\/\/fundacionrecover.org\/wp-content\/uploads\/2023\/04\/WhatsApp-Image-2023-03-23-at-13.33.49-1-e1715881239196.jpeg","width":1600,"height":986},{"@type":"BreadcrumbList","@id":"https:\/\/fundacionrecover.org\/experiencias-viaje-de-voluntariado-internacional\/#breadcrumb","itemListElement":[{"@type":"ListItem","position":1,"name":"Home","item":"https:\/\/fundacionrecover.org\/"},{"@type":"ListItem","position":2,"name":"Voluntariado","item":"https:\/\/fundacionrecover.org\/category\/voluntariado\/"},{"@type":"ListItem","position":3,"name":"Experiencias: viaje de voluntariado internacional"}]},{"@type":"WebSite","@id":"https:\/\/fundacionrecover.org\/#website","url":"https:\/\/fundacionrecover.org\/","name":"La Fondation Recover, H\u00f2pitaux pour l\u2019Afrique","description":"La Fondation Recover","publisher":{"@id":"https:\/\/fundacionrecover.org\/#organization"},"potentialAction":[{"@type":"SearchAction","target":{"@type":"EntryPoint","urlTemplate":"https:\/\/fundacionrecover.org\/?s={search_term_string}"},"query-input":{"@type":"PropertyValueSpecification","valueRequired":true,"valueName":"search_term_string"}}],"inLanguage":"fr-FR"},{"@type":"Organization","@id":"https:\/\/fundacionrecover.org\/#organization","name":"La Fondation Recover, H\u00f2pitaux pour l\u2019Afrique","alternateName":"Fundaci\u00f3n Recover","url":"https:\/\/fundacionrecover.org\/","logo":{"@type":"ImageObject","inLanguage":"fr-FR","@id":"https:\/\/fundacionrecover.org\/#\/schema\/logo\/image\/","url":"https:\/\/fundacionrecover.org\/wp-content\/uploads\/2024\/03\/FundacionRecoverHospitalesParaAfrica_logo_blanco_cut.png","contentUrl":"https:\/\/fundacionrecover.org\/wp-content\/uploads\/2024\/03\/FundacionRecoverHospitalesParaAfrica_logo_blanco_cut.png","width":335,"height":183,"caption":"Fundaci\u00f3n Recover, Hospitales para \u00c1frica"},"image":{"@id":"https:\/\/fundacionrecover.org\/#\/schema\/logo\/image\/"},"sameAs":["https:\/\/www.facebook.com\/fundacionrecover\/","https:\/\/www.instagram.com\/fundacionrecover\/","https:\/\/www.linkedin.com\/company\/fundaci\u00f3n-recover-hospitales-para-\u00e1frica\/","https:\/\/www.tiktok.com\/@fundacionrecover"]},{"@type":"Person","@id":"https:\/\/fundacionrecover.org\/#\/schema\/person\/dd196faabb13b5c6e72c88bc6f7c6fb6","name":"R\u00e9cup\u00e9rer","sameAs":["https:\/\/fundacionrecover.org"]}]}},"_links":{"self":[{"href":"https:\/\/fundacionrecover.org\/fr\/wp-json\/wp\/v2\/posts\/3796","targetHints":{"allow":["GET"]}}],"collection":[{"href":"https:\/\/fundacionrecover.org\/fr\/wp-json\/wp\/v2\/posts"}],"about":[{"href":"https:\/\/fundacionrecover.org\/fr\/wp-json\/wp\/v2\/types\/post"}],"author":[{"embeddable":true,"href":"https:\/\/fundacionrecover.org\/fr\/wp-json\/wp\/v2\/users\/1"}],"replies":[{"embeddable":true,"href":"https:\/\/fundacionrecover.org\/fr\/wp-json\/wp\/v2\/comments?post=3796"}],"version-history":[{"count":0,"href":"https:\/\/fundacionrecover.org\/fr\/wp-json\/wp\/v2\/posts\/3796\/revisions"}],"wp:featuredmedia":[{"embeddable":true,"href":"https:\/\/fundacionrecover.org\/fr\/wp-json\/wp\/v2\/media\/3803"}],"wp:attachment":[{"href":"https:\/\/fundacionrecover.org\/fr\/wp-json\/wp\/v2\/media?parent=3796"}],"wp:term":[{"taxonomy":"category","embeddable":true,"href":"https:\/\/fundacionrecover.org\/fr\/wp-json\/wp\/v2\/categories?post=3796"},{"taxonomy":"post_tag","embeddable":true,"href":"https:\/\/fundacionrecover.org\/fr\/wp-json\/wp\/v2\/tags?post=3796"}],"curies":[{"name":"wp","href":"https:\/\/api.w.org\/{rel}","templated":true}]}}