{"id":4338,"date":"2024-03-20T14:10:00","date_gmt":"2024-03-20T13:10:00","guid":{"rendered":"https:\/\/fundacionrecover.org\/?p=4338"},"modified":"2024-05-27T11:56:17","modified_gmt":"2024-05-27T09:56:17","slug":"fundacion-kyriku-y-fundacion-recover-ponen-en-marcha-el-primer-laboratorio-de-anatomia-patologica-en-burundi","status":"publish","type":"post","link":"https:\/\/fundacionrecover.org\/fr\/fundacion-kyriku-y-fundacion-recover-ponen-en-marcha-el-primer-laboratorio-de-anatomia-patologica-en-burundi\/","title":{"rendered":"Fundaci\u00f3n Kyrik\u00fa y Fundaci\u00f3n Recover ponen en marcha el primer laboratorio de anatom\u00eda patol\u00f3gica en Burundi"},"content":{"rendered":"<p>Fundaci\u00f3n Kyrik\u00fa, de la mano del Dr. Ricardo Ruiz Rodr\u00edguez, jefe del Servicio de Dermatolog\u00eda del Hospital Ruber Internacional, y Fundaci\u00f3n Recover, Hospitales para \u00c1frica, han dado un paso importante hacia la mejora de la atenci\u00f3n m\u00e9dica en Burundi al establecer el primer laboratorio de anatom\u00eda patol\u00f3gica en el pa\u00eds.<\/p>\n\n\n\n<p><\/p>\n\n\n\n<p>Esta nota de prensa ha sido recogida en los siguientes medios:<\/p>\n\n\n\n<ul class=\"wp-block-list\">\n<li><strong><mark style=\"background-color:rgba(0, 0, 0, 0)\" class=\"has-inline-color has-luminous-vivid-orange-color\">Corresponsables:<\/mark><\/strong> <a href=\"https:\/\/www.corresponsables.com\/actualidad\/fundacion-recover-fundacion-kiryku-laboratorio-burundi\/\" target=\"_blank\" rel=\"noreferrer noopener\">https:\/\/www.corresponsables.com\/actualidad\/fundacion-recover-fundacion-kiryku-laboratorio-burundi\/<\/a><\/li>\n\n\n\n<li><strong><mark style=\"background-color:rgba(0, 0, 0, 0)\" class=\"has-inline-color has-luminous-vivid-orange-color\">Tribuna de la directora de Fundaci\u00f3n Recover en Corresponsables: <\/mark><\/strong><a href=\"https:\/\/www.corresponsables.com\/actualidad\/ods-1-fin-de-la-pobreza\/marta-maranon-directora-fundacion-recover-2\/\" target=\"_blank\" rel=\"noreferrer noopener\">https:\/\/www.corresponsables.com\/actualidad\/ods-1-fin-de-la-pobreza\/marta-maranon-directora-fundacion-recover-2\/<\/a><\/li>\n\n\n\n<li><strong><mark style=\"background-color:rgba(0, 0, 0, 0)\" class=\"has-inline-color has-luminous-vivid-orange-color\">IEFS:<\/mark><\/strong> <a href=\"https:\/\/iefs.es\/fundacion-kyriku-burundi\/\" target=\"_blank\" rel=\"noreferrer noopener\">https:\/\/iefs.es\/fundacion-kyriku-burundi\/<\/a><\/li>\n\n\n\n<li><strong><mark style=\"background-color:rgba(0, 0, 0, 0)\" class=\"has-inline-color has-luminous-vivid-orange-color\">\u00c1frica Hoy:<\/mark><\/strong> <a href=\"https:\/\/www.rtve.es\/play\/audios\/africa-hoy\/africa-hoy-laboratorio-anatomia-patologica-burundi\/16044273\/\" target=\"_blank\" rel=\"noreferrer noopener\">https:\/\/www.rtve.es\/play\/audios\/africa-hoy\/africa-hoy-laboratorio-anatomia-patologica-burundi\/16044273\/<\/a><\/li>\n<\/ul>\n\n\n\n<div style=\"height:40px\" aria-hidden=\"true\" class=\"wp-block-spacer\"><\/div>\n\n\n\n<div class=\"wp-block-buttons is-layout-flex wp-block-buttons-is-layout-flex\">\n<div class=\"wp-block-button has-custom-font-size has-small-font-size\"><a class=\"wp-block-button__link has-white-color has-text-color has-background has-link-color wp-element-button\" href=\"https:\/\/fundacionrecover.org\/wp-content\/uploads\/2024\/05\/20.03.24_laboratorioanatomiapatologica.pdf\" style=\"border-radius:0px;background-color:#ff6b00\" target=\"_blank\" rel=\"noreferrer noopener nofollow\">T\u00e9l\u00e9charger l'article complet en pdf ici<\/a><\/div>\n<\/div>","protected":false},"excerpt":{"rendered":"<p>Fundaci\u00f3n Kyrik\u00fa, de la mano del Dr. Ricardo Ruiz Rodr\u00edguez, jefe del Servicio de Dermatolog\u00eda del Hospital Ruber Internacional, y Fundaci\u00f3n Recover, Hospitales para \u00c1frica, han dado un paso importante hacia la mejora de la atenci\u00f3n m\u00e9dica en Burundi al establecer el primer laboratorio de anatom\u00eda patol\u00f3gica en el pa\u00eds. Esta nota de prensa ha [&hellip;]<\/p>\n","protected":false},"author":1,"featured_media":0,"comment_status":"closed","ping_status":"closed","sticky":false,"template":"","format":"standard","meta":{"give_campaign_id":0,"footnotes":""},"categories":[75],"tags":[],"class_list":["post-4338","post","type-post","status-publish","format-standard","hentry","category-notas-prensa"],"yoast_head":"<!-- This site is optimized with the Yoast SEO plugin v27.4 - https:\/\/yoast.com\/product\/yoast-seo-wordpress\/ -->\n<title>Fundaci\u00f3n Kyrik\u00fa y Fundaci\u00f3n Recover ponen en marcha el primer laboratorio de anatom\u00eda patol\u00f3gica en Burundi - Fundaci\u00f3n Recover Hospitales para \u00c1frica<\/title>\n<meta name=\"robots\" content=\"index, follow, max-snippet:-1, max-image-preview:large, max-video-preview:-1\" \/>\n<link rel=\"canonical\" href=\"https:\/\/fundacionrecover.org\/fr\/fundacion-kyriku-y-fundacion-recover-ponen-en-marcha-el-primer-laboratorio-de-anatomia-patologica-en-burundi\/\" \/>\n<meta property=\"og:locale\" content=\"fr_FR\" \/>\n<meta property=\"og:type\" content=\"article\" \/>\n<meta property=\"og:title\" content=\"Fundaci\u00f3n Kyrik\u00fa y Fundaci\u00f3n Recover ponen en marcha el primer laboratorio de anatom\u00eda patol\u00f3gica en Burundi - Fundaci\u00f3n Recover Hospitales para \u00c1frica\" \/>\n<meta property=\"og:description\" content=\"Fundaci\u00f3n Kyrik\u00fa, de la mano del Dr. Ricardo Ruiz Rodr\u00edguez, jefe del Servicio de Dermatolog\u00eda del Hospital Ruber Internacional, y Fundaci\u00f3n Recover, Hospitales para \u00c1frica, han dado un paso importante hacia la mejora de la atenci\u00f3n m\u00e9dica en Burundi al establecer el primer laboratorio de anatom\u00eda patol\u00f3gica en el pa\u00eds. Esta nota de prensa ha [&hellip;]\" \/>\n<meta property=\"og:url\" content=\"https:\/\/fundacionrecover.org\/fr\/fundacion-kyriku-y-fundacion-recover-ponen-en-marcha-el-primer-laboratorio-de-anatomia-patologica-en-burundi\/\" \/>\n<meta property=\"og:site_name\" content=\"Fundaci\u00f3n Recover Hospitales para \u00c1frica\" \/>\n<meta property=\"article:publisher\" content=\"https:\/\/www.facebook.com\/fundacionrecover\/\" \/>\n<meta property=\"article:published_time\" content=\"2024-03-20T13:10:00+00:00\" \/>\n<meta property=\"article:modified_time\" content=\"2024-05-27T09:56:17+00:00\" \/>\n<meta property=\"og:image\" content=\"https:\/\/fundacionrecover.org\/wp-content\/uploads\/2024\/05\/Logotipo_FundacionRecover_FondoVerde_ESP.png\" \/>\n\t<meta property=\"og:image:width\" content=\"334\" \/>\n\t<meta property=\"og:image:height\" content=\"272\" \/>\n\t<meta property=\"og:image:type\" content=\"image\/png\" \/>\n<meta name=\"author\" content=\"Recover\" \/>\n<meta name=\"twitter:card\" content=\"summary_large_image\" \/>\n<meta name=\"twitter:label1\" content=\"\u00c9crit par\" \/>\n\t<meta name=\"twitter:data1\" content=\"Recover\" \/>\n\t<meta name=\"twitter:label2\" content=\"Dur\u00e9e de lecture estim\u00e9e\" \/>\n\t<meta name=\"twitter:data2\" content=\"1 minute\" \/>\n<script type=\"application\/ld+json\" class=\"yoast-schema-graph\">{\"@context\":\"https:\\\/\\\/schema.org\",\"@graph\":[{\"@type\":\"Article\",\"@id\":\"https:\\\/\\\/fundacionrecover.org\\\/fundacion-kyriku-y-fundacion-recover-ponen-en-marcha-el-primer-laboratorio-de-anatomia-patologica-en-burundi\\\/#article\",\"isPartOf\":{\"@id\":\"https:\\\/\\\/fundacionrecover.org\\\/fundacion-kyriku-y-fundacion-recover-ponen-en-marcha-el-primer-laboratorio-de-anatomia-patologica-en-burundi\\\/\"},\"author\":{\"name\":\"Recover\",\"@id\":\"https:\\\/\\\/fundacionrecover.org\\\/#\\\/schema\\\/person\\\/dd196faabb13b5c6e72c88bc6f7c6fb6\"},\"headline\":\"Fundaci\u00f3n Kyrik\u00fa y Fundaci\u00f3n Recover ponen en marcha el primer laboratorio de anatom\u00eda patol\u00f3gica en Burundi\",\"datePublished\":\"2024-03-20T13:10:00+00:00\",\"dateModified\":\"2024-05-27T09:56:17+00:00\",\"mainEntityOfPage\":{\"@id\":\"https:\\\/\\\/fundacionrecover.org\\\/fundacion-kyriku-y-fundacion-recover-ponen-en-marcha-el-primer-laboratorio-de-anatomia-patologica-en-burundi\\\/\"},\"wordCount\":137,\"publisher\":{\"@id\":\"https:\\\/\\\/fundacionrecover.org\\\/#organization\"},\"articleSection\":[\"Notas de prensa\"],\"inLanguage\":\"fr-FR\"},{\"@type\":\"WebPage\",\"@id\":\"https:\\\/\\\/fundacionrecover.org\\\/fundacion-kyriku-y-fundacion-recover-ponen-en-marcha-el-primer-laboratorio-de-anatomia-patologica-en-burundi\\\/\",\"url\":\"https:\\\/\\\/fundacionrecover.org\\\/fundacion-kyriku-y-fundacion-recover-ponen-en-marcha-el-primer-laboratorio-de-anatomia-patologica-en-burundi\\\/\",\"name\":\"Fundaci\u00f3n Kyrik\u00fa y Fundaci\u00f3n Recover ponen en marcha el primer laboratorio de anatom\u00eda patol\u00f3gica en Burundi - Fundaci\u00f3n Recover Hospitales para \u00c1frica\",\"isPartOf\":{\"@id\":\"https:\\\/\\\/fundacionrecover.org\\\/#website\"},\"datePublished\":\"2024-03-20T13:10:00+00:00\",\"dateModified\":\"2024-05-27T09:56:17+00:00\",\"breadcrumb\":{\"@id\":\"https:\\\/\\\/fundacionrecover.org\\\/fundacion-kyriku-y-fundacion-recover-ponen-en-marcha-el-primer-laboratorio-de-anatomia-patologica-en-burundi\\\/#breadcrumb\"},\"inLanguage\":\"fr-FR\",\"potentialAction\":[{\"@type\":\"ReadAction\",\"target\":[\"https:\\\/\\\/fundacionrecover.org\\\/fundacion-kyriku-y-fundacion-recover-ponen-en-marcha-el-primer-laboratorio-de-anatomia-patologica-en-burundi\\\/\"]}]},{\"@type\":\"BreadcrumbList\",\"@id\":\"https:\\\/\\\/fundacionrecover.org\\\/fundacion-kyriku-y-fundacion-recover-ponen-en-marcha-el-primer-laboratorio-de-anatomia-patologica-en-burundi\\\/#breadcrumb\",\"itemListElement\":[{\"@type\":\"ListItem\",\"position\":1,\"name\":\"Home\",\"item\":\"https:\\\/\\\/fundacionrecover.org\\\/\"},{\"@type\":\"ListItem\",\"position\":2,\"name\":\"Notas de prensa\",\"item\":\"https:\\\/\\\/fundacionrecover.org\\\/category\\\/notas-prensa\\\/\"},{\"@type\":\"ListItem\",\"position\":3,\"name\":\"Fundaci\u00f3n Kyrik\u00fa y Fundaci\u00f3n Recover ponen en marcha el primer laboratorio de anatom\u00eda patol\u00f3gica en Burundi\"}]},{\"@type\":\"WebSite\",\"@id\":\"https:\\\/\\\/fundacionrecover.org\\\/#website\",\"url\":\"https:\\\/\\\/fundacionrecover.org\\\/\",\"name\":\"Fundaci\u00f3n Recover Hospitales para \u00c1frica\",\"description\":\"Fundaci\u00f3n Recover\",\"publisher\":{\"@id\":\"https:\\\/\\\/fundacionrecover.org\\\/#organization\"},\"potentialAction\":[{\"@type\":\"SearchAction\",\"target\":{\"@type\":\"EntryPoint\",\"urlTemplate\":\"https:\\\/\\\/fundacionrecover.org\\\/?s={search_term_string}\"},\"query-input\":{\"@type\":\"PropertyValueSpecification\",\"valueRequired\":true,\"valueName\":\"search_term_string\"}}],\"inLanguage\":\"fr-FR\"},{\"@type\":\"Organization\",\"@id\":\"https:\\\/\\\/fundacionrecover.org\\\/#organization\",\"name\":\"Fundaci\u00f3n Recover, Hospitales para \u00c1frica\",\"alternateName\":\"Fundaci\u00f3n Recover\",\"url\":\"https:\\\/\\\/fundacionrecover.org\\\/\",\"logo\":{\"@type\":\"ImageObject\",\"inLanguage\":\"fr-FR\",\"@id\":\"https:\\\/\\\/fundacionrecover.org\\\/#\\\/schema\\\/logo\\\/image\\\/\",\"url\":\"https:\\\/\\\/fundacionrecover.org\\\/wp-content\\\/uploads\\\/2024\\\/03\\\/FundacionRecoverHospitalesParaAfrica_logo_blanco_cut.png\",\"contentUrl\":\"https:\\\/\\\/fundacionrecover.org\\\/wp-content\\\/uploads\\\/2024\\\/03\\\/FundacionRecoverHospitalesParaAfrica_logo_blanco_cut.png\",\"width\":335,\"height\":183,\"caption\":\"Fundaci\u00f3n Recover, Hospitales para \u00c1frica\"},\"image\":{\"@id\":\"https:\\\/\\\/fundacionrecover.org\\\/#\\\/schema\\\/logo\\\/image\\\/\"},\"sameAs\":[\"https:\\\/\\\/www.facebook.com\\\/fundacionrecover\\\/\",\"https:\\\/\\\/www.instagram.com\\\/fundacionrecover\\\/\",\"https:\\\/\\\/www.linkedin.com\\\/company\\\/fundaci\u00f3n-recover-hospitales-para-\u00e1frica\\\/\",\"https:\\\/\\\/www.tiktok.com\\\/@fundacionrecover\"]},{\"@type\":\"Person\",\"@id\":\"https:\\\/\\\/fundacionrecover.org\\\/#\\\/schema\\\/person\\\/dd196faabb13b5c6e72c88bc6f7c6fb6\",\"name\":\"Recover\",\"sameAs\":[\"https:\\\/\\\/fundacionrecover.org\"]}]}<\/script>\n<!-- \/ Yoast SEO plugin. -->","yoast_head_json":{"title":"Fundaci\u00f3n Kyrik\u00fa y Fundaci\u00f3n Recover ponen en marcha el primer laboratorio de anatom\u00eda patol\u00f3gica en Burundi - Fundaci\u00f3n Recover Hospitales para \u00c1frica","robots":{"index":"index","follow":"follow","max-snippet":"max-snippet:-1","max-image-preview":"max-image-preview:large","max-video-preview":"max-video-preview:-1"},"canonical":"https:\/\/fundacionrecover.org\/fr\/fundacion-kyriku-y-fundacion-recover-ponen-en-marcha-el-primer-laboratorio-de-anatomia-patologica-en-burundi\/","og_locale":"fr_FR","og_type":"article","og_title":"Fundaci\u00f3n Kyrik\u00fa y Fundaci\u00f3n Recover ponen en marcha el primer laboratorio de anatom\u00eda patol\u00f3gica en Burundi - Fundaci\u00f3n Recover Hospitales para \u00c1frica","og_description":"Fundaci\u00f3n Kyrik\u00fa, de la mano del Dr. Ricardo Ruiz Rodr\u00edguez, jefe del Servicio de Dermatolog\u00eda del Hospital Ruber Internacional, y Fundaci\u00f3n Recover, Hospitales para \u00c1frica, han dado un paso importante hacia la mejora de la atenci\u00f3n m\u00e9dica en Burundi al establecer el primer laboratorio de anatom\u00eda patol\u00f3gica en el pa\u00eds. Esta nota de prensa ha [&hellip;]","og_url":"https:\/\/fundacionrecover.org\/fr\/fundacion-kyriku-y-fundacion-recover-ponen-en-marcha-el-primer-laboratorio-de-anatomia-patologica-en-burundi\/","og_site_name":"Fundaci\u00f3n Recover Hospitales para \u00c1frica","article_publisher":"https:\/\/www.facebook.com\/fundacionrecover\/","article_published_time":"2024-03-20T13:10:00+00:00","article_modified_time":"2024-05-27T09:56:17+00:00","og_image":[{"width":334,"height":272,"url":"https:\/\/fundacionrecover.org\/wp-content\/uploads\/2024\/05\/Logotipo_FundacionRecover_FondoVerde_ESP.png","type":"image\/png"}],"author":"Recover","twitter_card":"summary_large_image","twitter_misc":{"\u00c9crit par":"Recover","Dur\u00e9e de lecture estim\u00e9e":"1 minute"},"schema":{"@context":"https:\/\/schema.org","@graph":[{"@type":"Article","@id":"https:\/\/fundacionrecover.org\/fundacion-kyriku-y-fundacion-recover-ponen-en-marcha-el-primer-laboratorio-de-anatomia-patologica-en-burundi\/#article","isPartOf":{"@id":"https:\/\/fundacionrecover.org\/fundacion-kyriku-y-fundacion-recover-ponen-en-marcha-el-primer-laboratorio-de-anatomia-patologica-en-burundi\/"},"author":{"name":"Recover","@id":"https:\/\/fundacionrecover.org\/#\/schema\/person\/dd196faabb13b5c6e72c88bc6f7c6fb6"},"headline":"Fundaci\u00f3n Kyrik\u00fa y Fundaci\u00f3n Recover ponen en marcha el primer laboratorio de anatom\u00eda patol\u00f3gica en Burundi","datePublished":"2024-03-20T13:10:00+00:00","dateModified":"2024-05-27T09:56:17+00:00","mainEntityOfPage":{"@id":"https:\/\/fundacionrecover.org\/fundacion-kyriku-y-fundacion-recover-ponen-en-marcha-el-primer-laboratorio-de-anatomia-patologica-en-burundi\/"},"wordCount":137,"publisher":{"@id":"https:\/\/fundacionrecover.org\/#organization"},"articleSection":["Notas de prensa"],"inLanguage":"fr-FR"},{"@type":"WebPage","@id":"https:\/\/fundacionrecover.org\/fundacion-kyriku-y-fundacion-recover-ponen-en-marcha-el-primer-laboratorio-de-anatomia-patologica-en-burundi\/","url":"https:\/\/fundacionrecover.org\/fundacion-kyriku-y-fundacion-recover-ponen-en-marcha-el-primer-laboratorio-de-anatomia-patologica-en-burundi\/","name":"Fundaci\u00f3n Kyrik\u00fa y Fundaci\u00f3n Recover ponen en marcha el primer laboratorio de anatom\u00eda patol\u00f3gica en Burundi - Fundaci\u00f3n Recover Hospitales para \u00c1frica","isPartOf":{"@id":"https:\/\/fundacionrecover.org\/#website"},"datePublished":"2024-03-20T13:10:00+00:00","dateModified":"2024-05-27T09:56:17+00:00","breadcrumb":{"@id":"https:\/\/fundacionrecover.org\/fundacion-kyriku-y-fundacion-recover-ponen-en-marcha-el-primer-laboratorio-de-anatomia-patologica-en-burundi\/#breadcrumb"},"inLanguage":"fr-FR","potentialAction":[{"@type":"ReadAction","target":["https:\/\/fundacionrecover.org\/fundacion-kyriku-y-fundacion-recover-ponen-en-marcha-el-primer-laboratorio-de-anatomia-patologica-en-burundi\/"]}]},{"@type":"BreadcrumbList","@id":"https:\/\/fundacionrecover.org\/fundacion-kyriku-y-fundacion-recover-ponen-en-marcha-el-primer-laboratorio-de-anatomia-patologica-en-burundi\/#breadcrumb","itemListElement":[{"@type":"ListItem","position":1,"name":"Home","item":"https:\/\/fundacionrecover.org\/"},{"@type":"ListItem","position":2,"name":"Notas de prensa","item":"https:\/\/fundacionrecover.org\/category\/notas-prensa\/"},{"@type":"ListItem","position":3,"name":"Fundaci\u00f3n Kyrik\u00fa y Fundaci\u00f3n Recover ponen en marcha el primer laboratorio de anatom\u00eda patol\u00f3gica en Burundi"}]},{"@type":"WebSite","@id":"https:\/\/fundacionrecover.org\/#website","url":"https:\/\/fundacionrecover.org\/","name":"La Fondation Recover, H\u00f2pitaux pour l\u2019Afrique","description":"La Fondation Recover","publisher":{"@id":"https:\/\/fundacionrecover.org\/#organization"},"potentialAction":[{"@type":"SearchAction","target":{"@type":"EntryPoint","urlTemplate":"https:\/\/fundacionrecover.org\/?s={search_term_string}"},"query-input":{"@type":"PropertyValueSpecification","valueRequired":true,"valueName":"search_term_string"}}],"inLanguage":"fr-FR"},{"@type":"Organization","@id":"https:\/\/fundacionrecover.org\/#organization","name":"La Fondation Recover, H\u00f2pitaux pour l\u2019Afrique","alternateName":"Fundaci\u00f3n Recover","url":"https:\/\/fundacionrecover.org\/","logo":{"@type":"ImageObject","inLanguage":"fr-FR","@id":"https:\/\/fundacionrecover.org\/#\/schema\/logo\/image\/","url":"https:\/\/fundacionrecover.org\/wp-content\/uploads\/2024\/03\/FundacionRecoverHospitalesParaAfrica_logo_blanco_cut.png","contentUrl":"https:\/\/fundacionrecover.org\/wp-content\/uploads\/2024\/03\/FundacionRecoverHospitalesParaAfrica_logo_blanco_cut.png","width":335,"height":183,"caption":"Fundaci\u00f3n Recover, Hospitales para \u00c1frica"},"image":{"@id":"https:\/\/fundacionrecover.org\/#\/schema\/logo\/image\/"},"sameAs":["https:\/\/www.facebook.com\/fundacionrecover\/","https:\/\/www.instagram.com\/fundacionrecover\/","https:\/\/www.linkedin.com\/company\/fundaci\u00f3n-recover-hospitales-para-\u00e1frica\/","https:\/\/www.tiktok.com\/@fundacionrecover"]},{"@type":"Person","@id":"https:\/\/fundacionrecover.org\/#\/schema\/person\/dd196faabb13b5c6e72c88bc6f7c6fb6","name":"R\u00e9cup\u00e9rer","sameAs":["https:\/\/fundacionrecover.org"]}]}},"_links":{"self":[{"href":"https:\/\/fundacionrecover.org\/fr\/wp-json\/wp\/v2\/posts\/4338","targetHints":{"allow":["GET"]}}],"collection":[{"href":"https:\/\/fundacionrecover.org\/fr\/wp-json\/wp\/v2\/posts"}],"about":[{"href":"https:\/\/fundacionrecover.org\/fr\/wp-json\/wp\/v2\/types\/post"}],"author":[{"embeddable":true,"href":"https:\/\/fundacionrecover.org\/fr\/wp-json\/wp\/v2\/users\/1"}],"replies":[{"embeddable":true,"href":"https:\/\/fundacionrecover.org\/fr\/wp-json\/wp\/v2\/comments?post=4338"}],"version-history":[{"count":0,"href":"https:\/\/fundacionrecover.org\/fr\/wp-json\/wp\/v2\/posts\/4338\/revisions"}],"wp:attachment":[{"href":"https:\/\/fundacionrecover.org\/fr\/wp-json\/wp\/v2\/media?parent=4338"}],"wp:term":[{"taxonomy":"category","embeddable":true,"href":"https:\/\/fundacionrecover.org\/fr\/wp-json\/wp\/v2\/categories?post=4338"},{"taxonomy":"post_tag","embeddable":true,"href":"https:\/\/fundacionrecover.org\/fr\/wp-json\/wp\/v2\/tags?post=4338"}],"curies":[{"name":"wp","href":"https:\/\/api.w.org\/{rel}","templated":true}]}}