{"id":5013,"date":"2023-10-30T10:57:00","date_gmt":"2023-10-30T09:57:00","guid":{"rendered":"https:\/\/fundacionrecover.org\/?p=5013"},"modified":"2024-05-30T11:58:04","modified_gmt":"2024-05-30T09:58:04","slug":"abc-se-hace-eco-de-la-labor-de-fundacion-recover","status":"publish","type":"post","link":"https:\/\/fundacionrecover.org\/fr\/abc-se-hace-eco-de-la-labor-de-fundacion-recover\/","title":{"rendered":"L'ABC se fait l'\u00e9cho des travaux de la Recover Foundation"},"content":{"rendered":"<p>Por cada 10.000 habitantes, en Espa\u00f1a disponemos de 37 m\u00e9dicos; en Camer\u00fan ni siquiera llegan a uno\u2026 \u00bfSab\u00edas que una ces\u00e1rea de urgencia en Camer\u00fan puede suponer cinco veces el salario m\u00ednimo del pa\u00eds? Por eso, un alto porcentaje de la poblaci\u00f3n no puede pagarla. A\u00fan con s\u00edntomas, las mujeres embarazadas no acuden a la consulta o la retrasan esperando a que remitan, pero en muchos casos empeoran. El resultado es un tratamiento m\u00e1s complejo y costoso para la paciente y su futuro beb\u00e9.<\/p>\n\n\n\n<p>Esta es la realidad en \u00c1frica Subsahariana, una regi\u00f3n donde la mayor\u00eda de los pa\u00edses tienen solo sanidad privada y las familias se ven obligadas a hacer n\u00fameros cada vez que alguien se pone enfermo en casa. Son pa\u00edses, adem\u00e1s, donde no es habitual hacer prevenci\u00f3n y, en consecuencia, el diagn\u00f3stico suele llegar tarde.<\/p>\n\n\n\n<p>Puedes leer la noticia completa en <strong><mark style=\"background-color:rgba(0, 0, 0, 0)\" class=\"has-inline-color has-luminous-vivid-orange-color\">ABC:<\/mark><\/strong> <a href=\"https:\/\/www.abc.es\/salud\/mejorar-salud-africa-subsahariana-depende-20231024132100-nt.html\" target=\"_blank\" rel=\"noreferrer noopener nofollow\"><mark style=\"background-color:rgba(0, 0, 0, 0)\" class=\"has-inline-color has-luminous-vivid-orange-color\">https:\/\/www.abc.es\/salud\/mejorar-salud-africa-subsahariana-depende-20231024132100-nt.html<\/mark><\/a><\/p>","protected":false},"excerpt":{"rendered":"<p>Le journal couvre les trois principaux domaines d'activit\u00e9 de la fondation : les centres de sant\u00e9, la formation et les patients.<\/p>","protected":false},"author":1,"featured_media":2266,"comment_status":"closed","ping_status":"closed","sticky":false,"template":"","format":"standard","meta":{"give_campaign_id":0,"footnotes":""},"categories":[13],"tags":[],"class_list":["post-5013","post","type-post","status-publish","format-standard","has-post-thumbnail","hentry","category-prensa"],"yoast_head":"<!-- This site is optimized with the Yoast SEO plugin v27.4 - https:\/\/yoast.com\/product\/yoast-seo-wordpress\/ -->\n<title>ABC se hace eco de la labor de Fundaci\u00f3n Recover - Fundaci\u00f3n Recover Hospitales para \u00c1frica<\/title>\n<meta name=\"robots\" content=\"index, follow, max-snippet:-1, max-image-preview:large, max-video-preview:-1\" \/>\n<link rel=\"canonical\" href=\"https:\/\/fundacionrecover.org\/fr\/abc-se-hace-eco-de-la-labor-de-fundacion-recover\/\" \/>\n<meta property=\"og:locale\" content=\"fr_FR\" \/>\n<meta property=\"og:type\" content=\"article\" \/>\n<meta property=\"og:title\" content=\"ABC se hace eco de la labor de Fundaci\u00f3n Recover - Fundaci\u00f3n Recover Hospitales para \u00c1frica\" \/>\n<meta property=\"og:description\" content=\"El diario recoge los tres ejes de actuaci\u00f3n principales de la fundaci\u00f3n: centros de salud, formaci\u00f3n y pacientes\" \/>\n<meta property=\"og:url\" content=\"https:\/\/fundacionrecover.org\/fr\/abc-se-hace-eco-de-la-labor-de-fundacion-recover\/\" \/>\n<meta property=\"og:site_name\" content=\"Fundaci\u00f3n Recover Hospitales para \u00c1frica\" \/>\n<meta property=\"article:publisher\" content=\"https:\/\/www.facebook.com\/fundacionrecover\/\" \/>\n<meta property=\"article:published_time\" content=\"2023-10-30T09:57:00+00:00\" \/>\n<meta property=\"article:modified_time\" content=\"2024-05-30T09:58:04+00:00\" \/>\n<meta property=\"og:image\" content=\"https:\/\/fundacionrecover.org\/wp-content\/uploads\/2024\/05\/Foto-7.jpg\" \/>\n\t<meta property=\"og:image:width\" content=\"1000\" \/>\n\t<meta property=\"og:image:height\" content=\"750\" \/>\n\t<meta property=\"og:image:type\" content=\"image\/jpeg\" \/>\n<meta name=\"author\" content=\"Recover\" \/>\n<meta name=\"twitter:card\" content=\"summary_large_image\" \/>\n<meta name=\"twitter:label1\" content=\"\u00c9crit par\" \/>\n\t<meta name=\"twitter:data1\" content=\"Recover\" \/>\n\t<meta name=\"twitter:label2\" content=\"Dur\u00e9e de lecture estim\u00e9e\" \/>\n\t<meta name=\"twitter:data2\" content=\"1 minute\" \/>\n<script type=\"application\/ld+json\" class=\"yoast-schema-graph\">{\"@context\":\"https:\\\/\\\/schema.org\",\"@graph\":[{\"@type\":\"Article\",\"@id\":\"https:\\\/\\\/fundacionrecover.org\\\/abc-se-hace-eco-de-la-labor-de-fundacion-recover\\\/#article\",\"isPartOf\":{\"@id\":\"https:\\\/\\\/fundacionrecover.org\\\/abc-se-hace-eco-de-la-labor-de-fundacion-recover\\\/\"},\"author\":{\"name\":\"Recover\",\"@id\":\"https:\\\/\\\/fundacionrecover.org\\\/#\\\/schema\\\/person\\\/dd196faabb13b5c6e72c88bc6f7c6fb6\"},\"headline\":\"ABC se hace eco de la labor de Fundaci\u00f3n Recover\",\"datePublished\":\"2023-10-30T09:57:00+00:00\",\"dateModified\":\"2024-05-30T09:58:04+00:00\",\"mainEntityOfPage\":{\"@id\":\"https:\\\/\\\/fundacionrecover.org\\\/abc-se-hace-eco-de-la-labor-de-fundacion-recover\\\/\"},\"wordCount\":182,\"publisher\":{\"@id\":\"https:\\\/\\\/fundacionrecover.org\\\/#organization\"},\"image\":{\"@id\":\"https:\\\/\\\/fundacionrecover.org\\\/abc-se-hace-eco-de-la-labor-de-fundacion-recover\\\/#primaryimage\"},\"thumbnailUrl\":\"https:\\\/\\\/fundacionrecover.org\\\/wp-content\\\/uploads\\\/2024\\\/05\\\/Foto-7.jpg\",\"articleSection\":[\"Recover en los medios\"],\"inLanguage\":\"fr-FR\"},{\"@type\":\"WebPage\",\"@id\":\"https:\\\/\\\/fundacionrecover.org\\\/abc-se-hace-eco-de-la-labor-de-fundacion-recover\\\/\",\"url\":\"https:\\\/\\\/fundacionrecover.org\\\/abc-se-hace-eco-de-la-labor-de-fundacion-recover\\\/\",\"name\":\"ABC se hace eco de la labor de Fundaci\u00f3n Recover - Fundaci\u00f3n Recover Hospitales para \u00c1frica\",\"isPartOf\":{\"@id\":\"https:\\\/\\\/fundacionrecover.org\\\/#website\"},\"primaryImageOfPage\":{\"@id\":\"https:\\\/\\\/fundacionrecover.org\\\/abc-se-hace-eco-de-la-labor-de-fundacion-recover\\\/#primaryimage\"},\"image\":{\"@id\":\"https:\\\/\\\/fundacionrecover.org\\\/abc-se-hace-eco-de-la-labor-de-fundacion-recover\\\/#primaryimage\"},\"thumbnailUrl\":\"https:\\\/\\\/fundacionrecover.org\\\/wp-content\\\/uploads\\\/2024\\\/05\\\/Foto-7.jpg\",\"datePublished\":\"2023-10-30T09:57:00+00:00\",\"dateModified\":\"2024-05-30T09:58:04+00:00\",\"breadcrumb\":{\"@id\":\"https:\\\/\\\/fundacionrecover.org\\\/abc-se-hace-eco-de-la-labor-de-fundacion-recover\\\/#breadcrumb\"},\"inLanguage\":\"fr-FR\",\"potentialAction\":[{\"@type\":\"ReadAction\",\"target\":[\"https:\\\/\\\/fundacionrecover.org\\\/abc-se-hace-eco-de-la-labor-de-fundacion-recover\\\/\"]}]},{\"@type\":\"ImageObject\",\"inLanguage\":\"fr-FR\",\"@id\":\"https:\\\/\\\/fundacionrecover.org\\\/abc-se-hace-eco-de-la-labor-de-fundacion-recover\\\/#primaryimage\",\"url\":\"https:\\\/\\\/fundacionrecover.org\\\/wp-content\\\/uploads\\\/2024\\\/05\\\/Foto-7.jpg\",\"contentUrl\":\"https:\\\/\\\/fundacionrecover.org\\\/wp-content\\\/uploads\\\/2024\\\/05\\\/Foto-7.jpg\",\"width\":1000,\"height\":750,\"caption\":\"Marcelle, trabajadora de FR, durante un taller de sensibilizaci\u00f3n de Nutri-m en una comunidad rural\"},{\"@type\":\"BreadcrumbList\",\"@id\":\"https:\\\/\\\/fundacionrecover.org\\\/abc-se-hace-eco-de-la-labor-de-fundacion-recover\\\/#breadcrumb\",\"itemListElement\":[{\"@type\":\"ListItem\",\"position\":1,\"name\":\"Home\",\"item\":\"https:\\\/\\\/fundacionrecover.org\\\/\"},{\"@type\":\"ListItem\",\"position\":2,\"name\":\"Recover en los medios\",\"item\":\"https:\\\/\\\/fundacionrecover.org\\\/category\\\/prensa\\\/\"},{\"@type\":\"ListItem\",\"position\":3,\"name\":\"ABC se hace eco de la labor de Fundaci\u00f3n Recover\"}]},{\"@type\":\"WebSite\",\"@id\":\"https:\\\/\\\/fundacionrecover.org\\\/#website\",\"url\":\"https:\\\/\\\/fundacionrecover.org\\\/\",\"name\":\"Fundaci\u00f3n Recover Hospitales para \u00c1frica\",\"description\":\"Fundaci\u00f3n Recover\",\"publisher\":{\"@id\":\"https:\\\/\\\/fundacionrecover.org\\\/#organization\"},\"potentialAction\":[{\"@type\":\"SearchAction\",\"target\":{\"@type\":\"EntryPoint\",\"urlTemplate\":\"https:\\\/\\\/fundacionrecover.org\\\/?s={search_term_string}\"},\"query-input\":{\"@type\":\"PropertyValueSpecification\",\"valueRequired\":true,\"valueName\":\"search_term_string\"}}],\"inLanguage\":\"fr-FR\"},{\"@type\":\"Organization\",\"@id\":\"https:\\\/\\\/fundacionrecover.org\\\/#organization\",\"name\":\"Fundaci\u00f3n Recover, Hospitales para \u00c1frica\",\"alternateName\":\"Fundaci\u00f3n Recover\",\"url\":\"https:\\\/\\\/fundacionrecover.org\\\/\",\"logo\":{\"@type\":\"ImageObject\",\"inLanguage\":\"fr-FR\",\"@id\":\"https:\\\/\\\/fundacionrecover.org\\\/#\\\/schema\\\/logo\\\/image\\\/\",\"url\":\"https:\\\/\\\/fundacionrecover.org\\\/wp-content\\\/uploads\\\/2024\\\/03\\\/FundacionRecoverHospitalesParaAfrica_logo_blanco_cut.png\",\"contentUrl\":\"https:\\\/\\\/fundacionrecover.org\\\/wp-content\\\/uploads\\\/2024\\\/03\\\/FundacionRecoverHospitalesParaAfrica_logo_blanco_cut.png\",\"width\":335,\"height\":183,\"caption\":\"Fundaci\u00f3n Recover, Hospitales para \u00c1frica\"},\"image\":{\"@id\":\"https:\\\/\\\/fundacionrecover.org\\\/#\\\/schema\\\/logo\\\/image\\\/\"},\"sameAs\":[\"https:\\\/\\\/www.facebook.com\\\/fundacionrecover\\\/\",\"https:\\\/\\\/www.instagram.com\\\/fundacionrecover\\\/\",\"https:\\\/\\\/www.linkedin.com\\\/company\\\/fundaci\u00f3n-recover-hospitales-para-\u00e1frica\\\/\",\"https:\\\/\\\/www.tiktok.com\\\/@fundacionrecover\"]},{\"@type\":\"Person\",\"@id\":\"https:\\\/\\\/fundacionrecover.org\\\/#\\\/schema\\\/person\\\/dd196faabb13b5c6e72c88bc6f7c6fb6\",\"name\":\"Recover\",\"sameAs\":[\"https:\\\/\\\/fundacionrecover.org\"]}]}<\/script>\n<!-- \/ Yoast SEO plugin. -->","yoast_head_json":{"title":"ABC se hace eco de la labor de Fundaci\u00f3n Recover - Fundaci\u00f3n Recover Hospitales para \u00c1frica","robots":{"index":"index","follow":"follow","max-snippet":"max-snippet:-1","max-image-preview":"max-image-preview:large","max-video-preview":"max-video-preview:-1"},"canonical":"https:\/\/fundacionrecover.org\/fr\/abc-se-hace-eco-de-la-labor-de-fundacion-recover\/","og_locale":"fr_FR","og_type":"article","og_title":"ABC se hace eco de la labor de Fundaci\u00f3n Recover - Fundaci\u00f3n Recover Hospitales para \u00c1frica","og_description":"El diario recoge los tres ejes de actuaci\u00f3n principales de la fundaci\u00f3n: centros de salud, formaci\u00f3n y pacientes","og_url":"https:\/\/fundacionrecover.org\/fr\/abc-se-hace-eco-de-la-labor-de-fundacion-recover\/","og_site_name":"Fundaci\u00f3n Recover Hospitales para \u00c1frica","article_publisher":"https:\/\/www.facebook.com\/fundacionrecover\/","article_published_time":"2023-10-30T09:57:00+00:00","article_modified_time":"2024-05-30T09:58:04+00:00","og_image":[{"width":1000,"height":750,"url":"https:\/\/fundacionrecover.org\/wp-content\/uploads\/2024\/05\/Foto-7.jpg","type":"image\/jpeg"}],"author":"Recover","twitter_card":"summary_large_image","twitter_misc":{"\u00c9crit par":"Recover","Dur\u00e9e de lecture estim\u00e9e":"1 minute"},"schema":{"@context":"https:\/\/schema.org","@graph":[{"@type":"Article","@id":"https:\/\/fundacionrecover.org\/abc-se-hace-eco-de-la-labor-de-fundacion-recover\/#article","isPartOf":{"@id":"https:\/\/fundacionrecover.org\/abc-se-hace-eco-de-la-labor-de-fundacion-recover\/"},"author":{"name":"Recover","@id":"https:\/\/fundacionrecover.org\/#\/schema\/person\/dd196faabb13b5c6e72c88bc6f7c6fb6"},"headline":"ABC se hace eco de la labor de Fundaci\u00f3n Recover","datePublished":"2023-10-30T09:57:00+00:00","dateModified":"2024-05-30T09:58:04+00:00","mainEntityOfPage":{"@id":"https:\/\/fundacionrecover.org\/abc-se-hace-eco-de-la-labor-de-fundacion-recover\/"},"wordCount":182,"publisher":{"@id":"https:\/\/fundacionrecover.org\/#organization"},"image":{"@id":"https:\/\/fundacionrecover.org\/abc-se-hace-eco-de-la-labor-de-fundacion-recover\/#primaryimage"},"thumbnailUrl":"https:\/\/fundacionrecover.org\/wp-content\/uploads\/2024\/05\/Foto-7.jpg","articleSection":["Recover en los medios"],"inLanguage":"fr-FR"},{"@type":"WebPage","@id":"https:\/\/fundacionrecover.org\/abc-se-hace-eco-de-la-labor-de-fundacion-recover\/","url":"https:\/\/fundacionrecover.org\/abc-se-hace-eco-de-la-labor-de-fundacion-recover\/","name":"ABC se hace eco de la labor de Fundaci\u00f3n Recover - Fundaci\u00f3n Recover Hospitales para \u00c1frica","isPartOf":{"@id":"https:\/\/fundacionrecover.org\/#website"},"primaryImageOfPage":{"@id":"https:\/\/fundacionrecover.org\/abc-se-hace-eco-de-la-labor-de-fundacion-recover\/#primaryimage"},"image":{"@id":"https:\/\/fundacionrecover.org\/abc-se-hace-eco-de-la-labor-de-fundacion-recover\/#primaryimage"},"thumbnailUrl":"https:\/\/fundacionrecover.org\/wp-content\/uploads\/2024\/05\/Foto-7.jpg","datePublished":"2023-10-30T09:57:00+00:00","dateModified":"2024-05-30T09:58:04+00:00","breadcrumb":{"@id":"https:\/\/fundacionrecover.org\/abc-se-hace-eco-de-la-labor-de-fundacion-recover\/#breadcrumb"},"inLanguage":"fr-FR","potentialAction":[{"@type":"ReadAction","target":["https:\/\/fundacionrecover.org\/abc-se-hace-eco-de-la-labor-de-fundacion-recover\/"]}]},{"@type":"ImageObject","inLanguage":"fr-FR","@id":"https:\/\/fundacionrecover.org\/abc-se-hace-eco-de-la-labor-de-fundacion-recover\/#primaryimage","url":"https:\/\/fundacionrecover.org\/wp-content\/uploads\/2024\/05\/Foto-7.jpg","contentUrl":"https:\/\/fundacionrecover.org\/wp-content\/uploads\/2024\/05\/Foto-7.jpg","width":1000,"height":750,"caption":"Marcelle, trabajadora de FR, durante un taller de sensibilizaci\u00f3n de Nutri-m en una comunidad rural"},{"@type":"BreadcrumbList","@id":"https:\/\/fundacionrecover.org\/abc-se-hace-eco-de-la-labor-de-fundacion-recover\/#breadcrumb","itemListElement":[{"@type":"ListItem","position":1,"name":"Home","item":"https:\/\/fundacionrecover.org\/"},{"@type":"ListItem","position":2,"name":"Recover en los medios","item":"https:\/\/fundacionrecover.org\/category\/prensa\/"},{"@type":"ListItem","position":3,"name":"ABC se hace eco de la labor de Fundaci\u00f3n Recover"}]},{"@type":"WebSite","@id":"https:\/\/fundacionrecover.org\/#website","url":"https:\/\/fundacionrecover.org\/","name":"La Fondation Recover, H\u00f2pitaux pour l\u2019Afrique","description":"La Fondation Recover","publisher":{"@id":"https:\/\/fundacionrecover.org\/#organization"},"potentialAction":[{"@type":"SearchAction","target":{"@type":"EntryPoint","urlTemplate":"https:\/\/fundacionrecover.org\/?s={search_term_string}"},"query-input":{"@type":"PropertyValueSpecification","valueRequired":true,"valueName":"search_term_string"}}],"inLanguage":"fr-FR"},{"@type":"Organization","@id":"https:\/\/fundacionrecover.org\/#organization","name":"La Fondation Recover, H\u00f2pitaux pour l\u2019Afrique","alternateName":"Fundaci\u00f3n Recover","url":"https:\/\/fundacionrecover.org\/","logo":{"@type":"ImageObject","inLanguage":"fr-FR","@id":"https:\/\/fundacionrecover.org\/#\/schema\/logo\/image\/","url":"https:\/\/fundacionrecover.org\/wp-content\/uploads\/2024\/03\/FundacionRecoverHospitalesParaAfrica_logo_blanco_cut.png","contentUrl":"https:\/\/fundacionrecover.org\/wp-content\/uploads\/2024\/03\/FundacionRecoverHospitalesParaAfrica_logo_blanco_cut.png","width":335,"height":183,"caption":"Fundaci\u00f3n Recover, Hospitales para \u00c1frica"},"image":{"@id":"https:\/\/fundacionrecover.org\/#\/schema\/logo\/image\/"},"sameAs":["https:\/\/www.facebook.com\/fundacionrecover\/","https:\/\/www.instagram.com\/fundacionrecover\/","https:\/\/www.linkedin.com\/company\/fundaci\u00f3n-recover-hospitales-para-\u00e1frica\/","https:\/\/www.tiktok.com\/@fundacionrecover"]},{"@type":"Person","@id":"https:\/\/fundacionrecover.org\/#\/schema\/person\/dd196faabb13b5c6e72c88bc6f7c6fb6","name":"R\u00e9cup\u00e9rer","sameAs":["https:\/\/fundacionrecover.org"]}]}},"_links":{"self":[{"href":"https:\/\/fundacionrecover.org\/fr\/wp-json\/wp\/v2\/posts\/5013","targetHints":{"allow":["GET"]}}],"collection":[{"href":"https:\/\/fundacionrecover.org\/fr\/wp-json\/wp\/v2\/posts"}],"about":[{"href":"https:\/\/fundacionrecover.org\/fr\/wp-json\/wp\/v2\/types\/post"}],"author":[{"embeddable":true,"href":"https:\/\/fundacionrecover.org\/fr\/wp-json\/wp\/v2\/users\/1"}],"replies":[{"embeddable":true,"href":"https:\/\/fundacionrecover.org\/fr\/wp-json\/wp\/v2\/comments?post=5013"}],"version-history":[{"count":0,"href":"https:\/\/fundacionrecover.org\/fr\/wp-json\/wp\/v2\/posts\/5013\/revisions"}],"wp:featuredmedia":[{"embeddable":true,"href":"https:\/\/fundacionrecover.org\/fr\/wp-json\/wp\/v2\/media\/2266"}],"wp:attachment":[{"href":"https:\/\/fundacionrecover.org\/fr\/wp-json\/wp\/v2\/media?parent=5013"}],"wp:term":[{"taxonomy":"category","embeddable":true,"href":"https:\/\/fundacionrecover.org\/fr\/wp-json\/wp\/v2\/categories?post=5013"},{"taxonomy":"post_tag","embeddable":true,"href":"https:\/\/fundacionrecover.org\/fr\/wp-json\/wp\/v2\/tags?post=5013"}],"curies":[{"name":"wp","href":"https:\/\/api.w.org\/{rel}","templated":true}]}}