{"id":5016,"date":"2023-03-25T11:01:00","date_gmt":"2023-03-25T10:01:00","guid":{"rendered":"https:\/\/fundacionrecover.org\/?p=5016"},"modified":"2024-05-30T11:29:48","modified_gmt":"2024-05-30T09:29:48","slug":"20-minutos-interviewe-marta-maranon-directrice-de-la-fundacion-recover-a-loccasion-de-sa-nomination","status":"publish","type":"post","link":"https:\/\/fundacionrecover.org\/fr\/20-minutos-entrevista-a-marta-maranon-directora-de-fundacion-recover-con-motivo-de-su-nombramiento\/","title":{"rendered":"20 minutos interviewe Marta Mara\u00f1\u00f3n, directrice de la Fondation Recover, \u00e0 l'occasion de sa nomination"},"content":{"rendered":"<p>Vamos a comenzar con una declaraci\u00f3n de n\u00fameros brutal, ya dejaremos para m\u00e1s adelante su presentaci\u00f3n: \u00abNo debemos olvidar que 57 millones de ni\u00f1os y ni\u00f1as sufren desnutrici\u00f3n en \u00c1frica Subsahariana y que la mortalidad neonatal en \u00c1frica es del 50 por cada 1.000 ni\u00f1os y ni\u00f1as nacidos. Son cifras inadmisibles\u00bb. Lo son. Dicho lo cual, Marta Mara\u00f1\u00f3n nos recibe en una humilde y digna oficina enclavada en un edificio del barrio madrile\u00f1o de Moncloa, en plena algarab\u00eda universitaria.<\/p>\n\n\n\n<p>Naci\u00f3 un d\u00eda tres de septiembre de 1967 en Jerez de la Frontera pero su infancia y posterior trayectoria vital y profesional transcurri\u00f3 en Madrid. \u00abEra una ni\u00f1a bastante responsable. S\u00ed, siempre he tenido muy buen desempe\u00f1o con los estudios. De peque\u00f1a so\u00f1aba con ser directora de un centro escolar, siempre me ha gustado organizar mucho. Un poco t\u00edmida, y mi madre me pinchaba para que me fuera abriendo. Recuerdo una infancia muy tranquila, muy feliz con mis hermanos\u00bb<\/p>\n\n\n\n<p>Puedes leer la noticia completa aqu\u00ed: <a href=\"https:\/\/www.20minutos.es\/mujer\/liderazgo\/he-convivido-con-la-pobreza-5111434\/\" target=\"_blank\" rel=\"noreferrer noopener nofollow\"><mark style=\"background-color:rgba(0, 0, 0, 0)\" class=\"has-inline-color has-luminous-vivid-orange-color\">https:\/\/www.20minutos.es\/mujer\/liderazgo\/he-convivido-con-la-pobreza-5111434\/<\/mark><\/a><\/p>","protected":false},"excerpt":{"rendered":"<p>M. Mara\u00f1\u00f3n explique la mission et le travail de la Recover Foundation et donne quelques aper\u00e7us de sa carri\u00e8re et de sa vie personnelle.<\/p>","protected":false},"author":1,"featured_media":5017,"comment_status":"closed","ping_status":"closed","sticky":false,"template":"","format":"standard","meta":{"give_campaign_id":0,"footnotes":""},"categories":[13],"tags":[],"class_list":["post-5016","post","type-post","status-publish","format-standard","has-post-thumbnail","hentry","category-prensa"],"yoast_head":"<!-- This site is optimized with the Yoast SEO plugin v27.4 - https:\/\/yoast.com\/product\/yoast-seo-wordpress\/ -->\n<title>20 minutos entrevista a Marta Mara\u00f1\u00f3n, directora de Fundaci\u00f3n Recover, con motivo de su nombramiento - Fundaci\u00f3n Recover Hospitales para \u00c1frica<\/title>\n<meta name=\"robots\" content=\"index, follow, max-snippet:-1, max-image-preview:large, max-video-preview:-1\" \/>\n<link rel=\"canonical\" href=\"https:\/\/fundacionrecover.org\/fr\/20-minutos-interviewe-marta-maranon-directrice-de-la-fundacion-recover-a-loccasion-de-sa-nomination\/\" \/>\n<meta property=\"og:locale\" content=\"fr_FR\" \/>\n<meta property=\"og:type\" content=\"article\" \/>\n<meta property=\"og:title\" content=\"20 minutos entrevista a Marta Mara\u00f1\u00f3n, directora de Fundaci\u00f3n Recover, con motivo de su nombramiento - Fundaci\u00f3n Recover Hospitales para \u00c1frica\" \/>\n<meta property=\"og:description\" content=\"Mara\u00f1\u00f3n explica la misi\u00f3n y la labor de Fundaci\u00f3n Recover y comparte algunas pinceladas de su trayectoria y su vida m\u00e1s personal\" \/>\n<meta property=\"og:url\" content=\"https:\/\/fundacionrecover.org\/fr\/20-minutos-interviewe-marta-maranon-directrice-de-la-fundacion-recover-a-loccasion-de-sa-nomination\/\" \/>\n<meta property=\"og:site_name\" content=\"Fundaci\u00f3n Recover Hospitales para \u00c1frica\" \/>\n<meta property=\"article:publisher\" content=\"https:\/\/www.facebook.com\/fundacionrecover\/\" \/>\n<meta property=\"article:published_time\" content=\"2023-03-25T10:01:00+00:00\" \/>\n<meta property=\"article:modified_time\" content=\"2024-05-30T09:29:48+00:00\" \/>\n<meta property=\"og:image\" content=\"https:\/\/fundacionrecover.org\/wp-content\/uploads\/2024\/05\/Marta-0R2A9099.jpg\" \/>\n\t<meta property=\"og:image:width\" content=\"1000\" \/>\n\t<meta property=\"og:image:height\" content=\"667\" \/>\n\t<meta property=\"og:image:type\" content=\"image\/jpeg\" \/>\n<meta name=\"author\" content=\"Recover\" \/>\n<meta name=\"twitter:card\" content=\"summary_large_image\" \/>\n<meta name=\"twitter:label1\" content=\"\u00c9crit par\" \/>\n\t<meta name=\"twitter:data1\" content=\"Recover\" \/>\n\t<meta name=\"twitter:label2\" content=\"Dur\u00e9e de lecture estim\u00e9e\" \/>\n\t<meta name=\"twitter:data2\" content=\"1 minute\" \/>\n<script type=\"application\/ld+json\" class=\"yoast-schema-graph\">{\"@context\":\"https:\\\/\\\/schema.org\",\"@graph\":[{\"@type\":\"Article\",\"@id\":\"https:\\\/\\\/fundacionrecover.org\\\/20-minutos-entrevista-a-marta-maranon-directora-de-fundacion-recover-con-motivo-de-su-nombramiento\\\/#article\",\"isPartOf\":{\"@id\":\"https:\\\/\\\/fundacionrecover.org\\\/20-minutos-entrevista-a-marta-maranon-directora-de-fundacion-recover-con-motivo-de-su-nombramiento\\\/\"},\"author\":{\"name\":\"Recover\",\"@id\":\"https:\\\/\\\/fundacionrecover.org\\\/#\\\/schema\\\/person\\\/dd196faabb13b5c6e72c88bc6f7c6fb6\"},\"headline\":\"20 minutos entrevista a Marta Mara\u00f1\u00f3n, directora de Fundaci\u00f3n Recover, con motivo de su nombramiento\",\"datePublished\":\"2023-03-25T10:01:00+00:00\",\"dateModified\":\"2024-05-30T09:29:48+00:00\",\"mainEntityOfPage\":{\"@id\":\"https:\\\/\\\/fundacionrecover.org\\\/20-minutos-entrevista-a-marta-maranon-directora-de-fundacion-recover-con-motivo-de-su-nombramiento\\\/\"},\"wordCount\":201,\"publisher\":{\"@id\":\"https:\\\/\\\/fundacionrecover.org\\\/#organization\"},\"image\":{\"@id\":\"https:\\\/\\\/fundacionrecover.org\\\/20-minutos-entrevista-a-marta-maranon-directora-de-fundacion-recover-con-motivo-de-su-nombramiento\\\/#primaryimage\"},\"thumbnailUrl\":\"https:\\\/\\\/fundacionrecover.org\\\/wp-content\\\/uploads\\\/2024\\\/05\\\/Marta-0R2A9099.jpg\",\"articleSection\":[\"Recover en los medios\"],\"inLanguage\":\"fr-FR\"},{\"@type\":\"WebPage\",\"@id\":\"https:\\\/\\\/fundacionrecover.org\\\/20-minutos-entrevista-a-marta-maranon-directora-de-fundacion-recover-con-motivo-de-su-nombramiento\\\/\",\"url\":\"https:\\\/\\\/fundacionrecover.org\\\/20-minutos-entrevista-a-marta-maranon-directora-de-fundacion-recover-con-motivo-de-su-nombramiento\\\/\",\"name\":\"20 minutos entrevista a Marta Mara\u00f1\u00f3n, directora de Fundaci\u00f3n Recover, con motivo de su nombramiento - Fundaci\u00f3n Recover Hospitales para \u00c1frica\",\"isPartOf\":{\"@id\":\"https:\\\/\\\/fundacionrecover.org\\\/#website\"},\"primaryImageOfPage\":{\"@id\":\"https:\\\/\\\/fundacionrecover.org\\\/20-minutos-entrevista-a-marta-maranon-directora-de-fundacion-recover-con-motivo-de-su-nombramiento\\\/#primaryimage\"},\"image\":{\"@id\":\"https:\\\/\\\/fundacionrecover.org\\\/20-minutos-entrevista-a-marta-maranon-directora-de-fundacion-recover-con-motivo-de-su-nombramiento\\\/#primaryimage\"},\"thumbnailUrl\":\"https:\\\/\\\/fundacionrecover.org\\\/wp-content\\\/uploads\\\/2024\\\/05\\\/Marta-0R2A9099.jpg\",\"datePublished\":\"2023-03-25T10:01:00+00:00\",\"dateModified\":\"2024-05-30T09:29:48+00:00\",\"breadcrumb\":{\"@id\":\"https:\\\/\\\/fundacionrecover.org\\\/20-minutos-entrevista-a-marta-maranon-directora-de-fundacion-recover-con-motivo-de-su-nombramiento\\\/#breadcrumb\"},\"inLanguage\":\"fr-FR\",\"potentialAction\":[{\"@type\":\"ReadAction\",\"target\":[\"https:\\\/\\\/fundacionrecover.org\\\/20-minutos-entrevista-a-marta-maranon-directora-de-fundacion-recover-con-motivo-de-su-nombramiento\\\/\"]}]},{\"@type\":\"ImageObject\",\"inLanguage\":\"fr-FR\",\"@id\":\"https:\\\/\\\/fundacionrecover.org\\\/20-minutos-entrevista-a-marta-maranon-directora-de-fundacion-recover-con-motivo-de-su-nombramiento\\\/#primaryimage\",\"url\":\"https:\\\/\\\/fundacionrecover.org\\\/wp-content\\\/uploads\\\/2024\\\/05\\\/Marta-0R2A9099.jpg\",\"contentUrl\":\"https:\\\/\\\/fundacionrecover.org\\\/wp-content\\\/uploads\\\/2024\\\/05\\\/Marta-0R2A9099.jpg\",\"width\":1000,\"height\":667,\"caption\":\"Marta Mara\u00f1\u00f3n directora de Fundaci\u00f3n Recover\"},{\"@type\":\"BreadcrumbList\",\"@id\":\"https:\\\/\\\/fundacionrecover.org\\\/20-minutos-entrevista-a-marta-maranon-directora-de-fundacion-recover-con-motivo-de-su-nombramiento\\\/#breadcrumb\",\"itemListElement\":[{\"@type\":\"ListItem\",\"position\":1,\"name\":\"Home\",\"item\":\"https:\\\/\\\/fundacionrecover.org\\\/\"},{\"@type\":\"ListItem\",\"position\":2,\"name\":\"Recover en los medios\",\"item\":\"https:\\\/\\\/fundacionrecover.org\\\/category\\\/prensa\\\/\"},{\"@type\":\"ListItem\",\"position\":3,\"name\":\"20 minutos entrevista a Marta Mara\u00f1\u00f3n, directora de Fundaci\u00f3n Recover, con motivo de su nombramiento\"}]},{\"@type\":\"WebSite\",\"@id\":\"https:\\\/\\\/fundacionrecover.org\\\/#website\",\"url\":\"https:\\\/\\\/fundacionrecover.org\\\/\",\"name\":\"Fundaci\u00f3n Recover Hospitales para \u00c1frica\",\"description\":\"Fundaci\u00f3n Recover\",\"publisher\":{\"@id\":\"https:\\\/\\\/fundacionrecover.org\\\/#organization\"},\"potentialAction\":[{\"@type\":\"SearchAction\",\"target\":{\"@type\":\"EntryPoint\",\"urlTemplate\":\"https:\\\/\\\/fundacionrecover.org\\\/?s={search_term_string}\"},\"query-input\":{\"@type\":\"PropertyValueSpecification\",\"valueRequired\":true,\"valueName\":\"search_term_string\"}}],\"inLanguage\":\"fr-FR\"},{\"@type\":\"Organization\",\"@id\":\"https:\\\/\\\/fundacionrecover.org\\\/#organization\",\"name\":\"Fundaci\u00f3n Recover, Hospitales para \u00c1frica\",\"alternateName\":\"Fundaci\u00f3n Recover\",\"url\":\"https:\\\/\\\/fundacionrecover.org\\\/\",\"logo\":{\"@type\":\"ImageObject\",\"inLanguage\":\"fr-FR\",\"@id\":\"https:\\\/\\\/fundacionrecover.org\\\/#\\\/schema\\\/logo\\\/image\\\/\",\"url\":\"https:\\\/\\\/fundacionrecover.org\\\/wp-content\\\/uploads\\\/2024\\\/03\\\/FundacionRecoverHospitalesParaAfrica_logo_blanco_cut.png\",\"contentUrl\":\"https:\\\/\\\/fundacionrecover.org\\\/wp-content\\\/uploads\\\/2024\\\/03\\\/FundacionRecoverHospitalesParaAfrica_logo_blanco_cut.png\",\"width\":335,\"height\":183,\"caption\":\"Fundaci\u00f3n Recover, Hospitales para \u00c1frica\"},\"image\":{\"@id\":\"https:\\\/\\\/fundacionrecover.org\\\/#\\\/schema\\\/logo\\\/image\\\/\"},\"sameAs\":[\"https:\\\/\\\/www.facebook.com\\\/fundacionrecover\\\/\",\"https:\\\/\\\/www.instagram.com\\\/fundacionrecover\\\/\",\"https:\\\/\\\/www.linkedin.com\\\/company\\\/fundaci\u00f3n-recover-hospitales-para-\u00e1frica\\\/\",\"https:\\\/\\\/www.tiktok.com\\\/@fundacionrecover\"]},{\"@type\":\"Person\",\"@id\":\"https:\\\/\\\/fundacionrecover.org\\\/#\\\/schema\\\/person\\\/dd196faabb13b5c6e72c88bc6f7c6fb6\",\"name\":\"Recover\",\"sameAs\":[\"https:\\\/\\\/fundacionrecover.org\"]}]}<\/script>\n<!-- \/ Yoast SEO plugin. -->","yoast_head_json":{"title":"20 minutos interview Marta Mara\u00f1\u00f3n, directrice de la Fondation Recover, \u00e0 l'occasion de sa nomination - Fundaci\u00f3n Recover Hospitales para \u00c1frica","robots":{"index":"index","follow":"follow","max-snippet":"max-snippet:-1","max-image-preview":"max-image-preview:large","max-video-preview":"max-video-preview:-1"},"canonical":"https:\/\/fundacionrecover.org\/fr\/20-minutos-interviewe-marta-maranon-directrice-de-la-fundacion-recover-a-loccasion-de-sa-nomination\/","og_locale":"fr_FR","og_type":"article","og_title":"20 minutos entrevista a Marta Mara\u00f1\u00f3n, directora de Fundaci\u00f3n Recover, con motivo de su nombramiento - Fundaci\u00f3n Recover Hospitales para \u00c1frica","og_description":"Mara\u00f1\u00f3n explica la misi\u00f3n y la labor de Fundaci\u00f3n Recover y comparte algunas pinceladas de su trayectoria y su vida m\u00e1s personal","og_url":"https:\/\/fundacionrecover.org\/fr\/20-minutos-interviewe-marta-maranon-directrice-de-la-fundacion-recover-a-loccasion-de-sa-nomination\/","og_site_name":"Fundaci\u00f3n Recover Hospitales para \u00c1frica","article_publisher":"https:\/\/www.facebook.com\/fundacionrecover\/","article_published_time":"2023-03-25T10:01:00+00:00","article_modified_time":"2024-05-30T09:29:48+00:00","og_image":[{"width":1000,"height":667,"url":"https:\/\/fundacionrecover.org\/wp-content\/uploads\/2024\/05\/Marta-0R2A9099.jpg","type":"image\/jpeg"}],"author":"Recover","twitter_card":"summary_large_image","twitter_misc":{"\u00c9crit par":"Recover","Dur\u00e9e de lecture estim\u00e9e":"1 minute"},"schema":{"@context":"https:\/\/schema.org","@graph":[{"@type":"Article","@id":"https:\/\/fundacionrecover.org\/20-minutos-entrevista-a-marta-maranon-directora-de-fundacion-recover-con-motivo-de-su-nombramiento\/#article","isPartOf":{"@id":"https:\/\/fundacionrecover.org\/20-minutos-entrevista-a-marta-maranon-directora-de-fundacion-recover-con-motivo-de-su-nombramiento\/"},"author":{"name":"Recover","@id":"https:\/\/fundacionrecover.org\/#\/schema\/person\/dd196faabb13b5c6e72c88bc6f7c6fb6"},"headline":"20 minutos entrevista a Marta Mara\u00f1\u00f3n, directora de Fundaci\u00f3n Recover, con motivo de su nombramiento","datePublished":"2023-03-25T10:01:00+00:00","dateModified":"2024-05-30T09:29:48+00:00","mainEntityOfPage":{"@id":"https:\/\/fundacionrecover.org\/20-minutos-entrevista-a-marta-maranon-directora-de-fundacion-recover-con-motivo-de-su-nombramiento\/"},"wordCount":201,"publisher":{"@id":"https:\/\/fundacionrecover.org\/#organization"},"image":{"@id":"https:\/\/fundacionrecover.org\/20-minutos-entrevista-a-marta-maranon-directora-de-fundacion-recover-con-motivo-de-su-nombramiento\/#primaryimage"},"thumbnailUrl":"https:\/\/fundacionrecover.org\/wp-content\/uploads\/2024\/05\/Marta-0R2A9099.jpg","articleSection":["Recover en los medios"],"inLanguage":"fr-FR"},{"@type":"WebPage","@id":"https:\/\/fundacionrecover.org\/20-minutos-entrevista-a-marta-maranon-directora-de-fundacion-recover-con-motivo-de-su-nombramiento\/","url":"https:\/\/fundacionrecover.org\/20-minutos-entrevista-a-marta-maranon-directora-de-fundacion-recover-con-motivo-de-su-nombramiento\/","name":"20 minutos interview Marta Mara\u00f1\u00f3n, directrice de la Fondation Recover, \u00e0 l'occasion de sa nomination - Fundaci\u00f3n Recover Hospitales para \u00c1frica","isPartOf":{"@id":"https:\/\/fundacionrecover.org\/#website"},"primaryImageOfPage":{"@id":"https:\/\/fundacionrecover.org\/20-minutos-entrevista-a-marta-maranon-directora-de-fundacion-recover-con-motivo-de-su-nombramiento\/#primaryimage"},"image":{"@id":"https:\/\/fundacionrecover.org\/20-minutos-entrevista-a-marta-maranon-directora-de-fundacion-recover-con-motivo-de-su-nombramiento\/#primaryimage"},"thumbnailUrl":"https:\/\/fundacionrecover.org\/wp-content\/uploads\/2024\/05\/Marta-0R2A9099.jpg","datePublished":"2023-03-25T10:01:00+00:00","dateModified":"2024-05-30T09:29:48+00:00","breadcrumb":{"@id":"https:\/\/fundacionrecover.org\/20-minutos-entrevista-a-marta-maranon-directora-de-fundacion-recover-con-motivo-de-su-nombramiento\/#breadcrumb"},"inLanguage":"fr-FR","potentialAction":[{"@type":"ReadAction","target":["https:\/\/fundacionrecover.org\/20-minutos-entrevista-a-marta-maranon-directora-de-fundacion-recover-con-motivo-de-su-nombramiento\/"]}]},{"@type":"ImageObject","inLanguage":"fr-FR","@id":"https:\/\/fundacionrecover.org\/20-minutos-entrevista-a-marta-maranon-directora-de-fundacion-recover-con-motivo-de-su-nombramiento\/#primaryimage","url":"https:\/\/fundacionrecover.org\/wp-content\/uploads\/2024\/05\/Marta-0R2A9099.jpg","contentUrl":"https:\/\/fundacionrecover.org\/wp-content\/uploads\/2024\/05\/Marta-0R2A9099.jpg","width":1000,"height":667,"caption":"Marta Mara\u00f1\u00f3n directora de Fundaci\u00f3n Recover"},{"@type":"BreadcrumbList","@id":"https:\/\/fundacionrecover.org\/20-minutos-entrevista-a-marta-maranon-directora-de-fundacion-recover-con-motivo-de-su-nombramiento\/#breadcrumb","itemListElement":[{"@type":"ListItem","position":1,"name":"Home","item":"https:\/\/fundacionrecover.org\/"},{"@type":"ListItem","position":2,"name":"Recover en los medios","item":"https:\/\/fundacionrecover.org\/category\/prensa\/"},{"@type":"ListItem","position":3,"name":"20 minutos entrevista a Marta Mara\u00f1\u00f3n, directora de Fundaci\u00f3n Recover, con motivo de su nombramiento"}]},{"@type":"WebSite","@id":"https:\/\/fundacionrecover.org\/#website","url":"https:\/\/fundacionrecover.org\/","name":"La Fondation Recover, H\u00f2pitaux pour l\u2019Afrique","description":"La Fondation Recover","publisher":{"@id":"https:\/\/fundacionrecover.org\/#organization"},"potentialAction":[{"@type":"SearchAction","target":{"@type":"EntryPoint","urlTemplate":"https:\/\/fundacionrecover.org\/?s={search_term_string}"},"query-input":{"@type":"PropertyValueSpecification","valueRequired":true,"valueName":"search_term_string"}}],"inLanguage":"fr-FR"},{"@type":"Organization","@id":"https:\/\/fundacionrecover.org\/#organization","name":"La Fondation Recover, H\u00f2pitaux pour l\u2019Afrique","alternateName":"Fundaci\u00f3n Recover","url":"https:\/\/fundacionrecover.org\/","logo":{"@type":"ImageObject","inLanguage":"fr-FR","@id":"https:\/\/fundacionrecover.org\/#\/schema\/logo\/image\/","url":"https:\/\/fundacionrecover.org\/wp-content\/uploads\/2024\/03\/FundacionRecoverHospitalesParaAfrica_logo_blanco_cut.png","contentUrl":"https:\/\/fundacionrecover.org\/wp-content\/uploads\/2024\/03\/FundacionRecoverHospitalesParaAfrica_logo_blanco_cut.png","width":335,"height":183,"caption":"Fundaci\u00f3n Recover, Hospitales para \u00c1frica"},"image":{"@id":"https:\/\/fundacionrecover.org\/#\/schema\/logo\/image\/"},"sameAs":["https:\/\/www.facebook.com\/fundacionrecover\/","https:\/\/www.instagram.com\/fundacionrecover\/","https:\/\/www.linkedin.com\/company\/fundaci\u00f3n-recover-hospitales-para-\u00e1frica\/","https:\/\/www.tiktok.com\/@fundacionrecover"]},{"@type":"Person","@id":"https:\/\/fundacionrecover.org\/#\/schema\/person\/dd196faabb13b5c6e72c88bc6f7c6fb6","name":"R\u00e9cup\u00e9rer","sameAs":["https:\/\/fundacionrecover.org"]}]}},"_links":{"self":[{"href":"https:\/\/fundacionrecover.org\/fr\/wp-json\/wp\/v2\/posts\/5016","targetHints":{"allow":["GET"]}}],"collection":[{"href":"https:\/\/fundacionrecover.org\/fr\/wp-json\/wp\/v2\/posts"}],"about":[{"href":"https:\/\/fundacionrecover.org\/fr\/wp-json\/wp\/v2\/types\/post"}],"author":[{"embeddable":true,"href":"https:\/\/fundacionrecover.org\/fr\/wp-json\/wp\/v2\/users\/1"}],"replies":[{"embeddable":true,"href":"https:\/\/fundacionrecover.org\/fr\/wp-json\/wp\/v2\/comments?post=5016"}],"version-history":[{"count":0,"href":"https:\/\/fundacionrecover.org\/fr\/wp-json\/wp\/v2\/posts\/5016\/revisions"}],"wp:featuredmedia":[{"embeddable":true,"href":"https:\/\/fundacionrecover.org\/fr\/wp-json\/wp\/v2\/media\/5017"}],"wp:attachment":[{"href":"https:\/\/fundacionrecover.org\/fr\/wp-json\/wp\/v2\/media?parent=5016"}],"wp:term":[{"taxonomy":"category","embeddable":true,"href":"https:\/\/fundacionrecover.org\/fr\/wp-json\/wp\/v2\/categories?post=5016"},{"taxonomy":"post_tag","embeddable":true,"href":"https:\/\/fundacionrecover.org\/fr\/wp-json\/wp\/v2\/tags?post=5016"}],"curies":[{"name":"wp","href":"https:\/\/api.w.org\/{rel}","templated":true}]}}