{"id":5034,"date":"2024-05-04T11:36:20","date_gmt":"2024-05-04T09:36:20","guid":{"rendered":"https:\/\/fundacionrecover.org\/?p=5034"},"modified":"2024-05-30T11:39:05","modified_gmt":"2024-05-30T09:39:05","slug":"ma-sante-mon-droit","status":"publish","type":"post","link":"https:\/\/fundacionrecover.org\/fr\/mi-salud-mi-derecho\/","title":{"rendered":"Ma sant\u00e9, mon droit"},"content":{"rendered":"<p>Le Conseil de l'\u00e9conomie de la sant\u00e9 pour tous de l'Organisation mondiale de la sant\u00e9 a constat\u00e9 que si au moins 140 pays reconnaissent la sant\u00e9 comme un droit de l'homme dans leur constitution, seuls quatre pays ont mentionn\u00e9 comment la financer. Pour relever ces d\u00e9fis, le th\u00e8me de la Journ\u00e9e mondiale de la sant\u00e9 2024, qui s'est d\u00e9roul\u00e9e le 7 avril, est \"Ma sant\u00e9, mon droit\".<\/p>\n\n\n\n<p>Telle est la devise de la Fondation Recover, H\u00f4pitaux pour l'Afrique, une organisation \u00e0 but non lucratif qui travaille depuis 2007 dans le but de garantir des soins de sant\u00e9 dignes et de qualit\u00e9 \u00e0 toutes les populations d'Afrique subsaharienne. Nous avons d\u00e9couvert le travail de Recover il y a quelques ann\u00e9es dans ce programme et aujourd'hui, nous aimerions que Marta Mara\u00f1\u00f3n, directrice g\u00e9n\u00e9rale de la Fondation Recover, fasse le point sur tout ce travail. <\/p>\n\n\n\n<p>\u00c9couter l'interview ici :<mark style=\"background-color:rgba(0, 0, 0, 0)\" class=\"has-inline-color has-luminous-vivid-orange-color\"> <\/mark><a href=\"https:\/\/www.rtve.es\/play\/audios\/alianza-2030\/fundacion-recover-hospitales-para-africa\/16084591\/\" target=\"_blank\" rel=\"noreferrer noopener nofollow\"><mark style=\"background-color:rgba(0, 0, 0, 0)\" class=\"has-inline-color has-luminous-vivid-orange-color\">https:\/\/www.rtve.es\/play\/audios\/alianza-2030\/fundacion-recover-hospitales-para-africa\/16084591\/<\/mark><\/a><\/p>","protected":false},"excerpt":{"rendered":"<p>Le programme Alianza 2030 de la RTVE passe en revue avec la directrice g\u00e9n\u00e9rale de la Fundaci\u00f3n Recover, Marta Mara\u00f1\u00f3n, certaines des \u00e9tapes les plus importantes de la fondation.<\/p>","protected":false},"author":1,"featured_media":1845,"comment_status":"closed","ping_status":"closed","sticky":false,"template":"","format":"standard","meta":{"give_campaign_id":0,"footnotes":""},"categories":[13],"tags":[],"class_list":["post-5034","post","type-post","status-publish","format-standard","has-post-thumbnail","hentry","category-prensa"],"yoast_head":"<!-- This site is optimized with the Yoast SEO plugin v27.4 - https:\/\/yoast.com\/product\/yoast-seo-wordpress\/ -->\n<title>Mi salud, mi derecho - Fundaci\u00f3n Recover Hospitales para \u00c1frica<\/title>\n<meta name=\"robots\" content=\"index, follow, max-snippet:-1, max-image-preview:large, max-video-preview:-1\" \/>\n<link rel=\"canonical\" href=\"https:\/\/fundacionrecover.org\/fr\/ma-sante-mon-droit\/\" \/>\n<meta property=\"og:locale\" content=\"fr_FR\" \/>\n<meta property=\"og:type\" content=\"article\" \/>\n<meta property=\"og:title\" content=\"Mi salud, mi derecho - Fundaci\u00f3n Recover Hospitales para \u00c1frica\" \/>\n<meta property=\"og:description\" content=\"El programa de RTVE Alianza 2030 repasa con la directora general de Fundaci\u00f3n Recover, Marta Mara\u00f1\u00f3n, algunos de los hitos m\u00e1s significativos de la fundaci\u00f3n\" \/>\n<meta property=\"og:url\" content=\"https:\/\/fundacionrecover.org\/fr\/ma-sante-mon-droit\/\" \/>\n<meta property=\"og:site_name\" content=\"Fundaci\u00f3n Recover Hospitales para \u00c1frica\" \/>\n<meta property=\"article:publisher\" content=\"https:\/\/www.facebook.com\/fundacionrecover\/\" \/>\n<meta property=\"article:published_time\" content=\"2024-05-04T09:36:20+00:00\" \/>\n<meta property=\"article:modified_time\" content=\"2024-05-30T09:39:05+00:00\" \/>\n<meta property=\"og:image\" content=\"https:\/\/fundacionrecover.org\/wp-content\/uploads\/2024\/04\/Foto-1-3.jpg\" \/>\n\t<meta property=\"og:image:width\" content=\"1024\" \/>\n\t<meta property=\"og:image:height\" content=\"801\" \/>\n\t<meta property=\"og:image:type\" content=\"image\/jpeg\" \/>\n<meta name=\"author\" content=\"Recover\" \/>\n<meta name=\"twitter:card\" content=\"summary_large_image\" \/>\n<meta name=\"twitter:label1\" content=\"\u00c9crit par\" \/>\n\t<meta name=\"twitter:data1\" content=\"Recover\" \/>\n\t<meta name=\"twitter:label2\" content=\"Dur\u00e9e de lecture estim\u00e9e\" \/>\n\t<meta name=\"twitter:data2\" content=\"1 minute\" \/>\n<script type=\"application\/ld+json\" class=\"yoast-schema-graph\">{\"@context\":\"https:\\\/\\\/schema.org\",\"@graph\":[{\"@type\":\"Article\",\"@id\":\"https:\\\/\\\/fundacionrecover.org\\\/mi-salud-mi-derecho\\\/#article\",\"isPartOf\":{\"@id\":\"https:\\\/\\\/fundacionrecover.org\\\/mi-salud-mi-derecho\\\/\"},\"author\":{\"name\":\"Recover\",\"@id\":\"https:\\\/\\\/fundacionrecover.org\\\/#\\\/schema\\\/person\\\/dd196faabb13b5c6e72c88bc6f7c6fb6\"},\"headline\":\"Mi salud, mi derecho\",\"datePublished\":\"2024-05-04T09:36:20+00:00\",\"dateModified\":\"2024-05-30T09:39:05+00:00\",\"mainEntityOfPage\":{\"@id\":\"https:\\\/\\\/fundacionrecover.org\\\/mi-salud-mi-derecho\\\/\"},\"wordCount\":171,\"publisher\":{\"@id\":\"https:\\\/\\\/fundacionrecover.org\\\/#organization\"},\"image\":{\"@id\":\"https:\\\/\\\/fundacionrecover.org\\\/mi-salud-mi-derecho\\\/#primaryimage\"},\"thumbnailUrl\":\"https:\\\/\\\/fundacionrecover.org\\\/wp-content\\\/uploads\\\/2024\\\/04\\\/Foto-1-3.jpg\",\"articleSection\":[\"Recover en los medios\"],\"inLanguage\":\"fr-FR\"},{\"@type\":\"WebPage\",\"@id\":\"https:\\\/\\\/fundacionrecover.org\\\/mi-salud-mi-derecho\\\/\",\"url\":\"https:\\\/\\\/fundacionrecover.org\\\/mi-salud-mi-derecho\\\/\",\"name\":\"Mi salud, mi derecho - Fundaci\u00f3n Recover Hospitales para \u00c1frica\",\"isPartOf\":{\"@id\":\"https:\\\/\\\/fundacionrecover.org\\\/#website\"},\"primaryImageOfPage\":{\"@id\":\"https:\\\/\\\/fundacionrecover.org\\\/mi-salud-mi-derecho\\\/#primaryimage\"},\"image\":{\"@id\":\"https:\\\/\\\/fundacionrecover.org\\\/mi-salud-mi-derecho\\\/#primaryimage\"},\"thumbnailUrl\":\"https:\\\/\\\/fundacionrecover.org\\\/wp-content\\\/uploads\\\/2024\\\/04\\\/Foto-1-3.jpg\",\"datePublished\":\"2024-05-04T09:36:20+00:00\",\"dateModified\":\"2024-05-30T09:39:05+00:00\",\"breadcrumb\":{\"@id\":\"https:\\\/\\\/fundacionrecover.org\\\/mi-salud-mi-derecho\\\/#breadcrumb\"},\"inLanguage\":\"fr-FR\",\"potentialAction\":[{\"@type\":\"ReadAction\",\"target\":[\"https:\\\/\\\/fundacionrecover.org\\\/mi-salud-mi-derecho\\\/\"]}]},{\"@type\":\"ImageObject\",\"inLanguage\":\"fr-FR\",\"@id\":\"https:\\\/\\\/fundacionrecover.org\\\/mi-salud-mi-derecho\\\/#primaryimage\",\"url\":\"https:\\\/\\\/fundacionrecover.org\\\/wp-content\\\/uploads\\\/2024\\\/04\\\/Foto-1-3.jpg\",\"contentUrl\":\"https:\\\/\\\/fundacionrecover.org\\\/wp-content\\\/uploads\\\/2024\\\/04\\\/Foto-1-3.jpg\",\"width\":1024,\"height\":801,\"caption\":\"Revisi\u00f3n pedi\u00e1trica del programa Nutri-m\"},{\"@type\":\"BreadcrumbList\",\"@id\":\"https:\\\/\\\/fundacionrecover.org\\\/mi-salud-mi-derecho\\\/#breadcrumb\",\"itemListElement\":[{\"@type\":\"ListItem\",\"position\":1,\"name\":\"Home\",\"item\":\"https:\\\/\\\/fundacionrecover.org\\\/\"},{\"@type\":\"ListItem\",\"position\":2,\"name\":\"Recover en los medios\",\"item\":\"https:\\\/\\\/fundacionrecover.org\\\/category\\\/prensa\\\/\"},{\"@type\":\"ListItem\",\"position\":3,\"name\":\"Mi salud, mi derecho\"}]},{\"@type\":\"WebSite\",\"@id\":\"https:\\\/\\\/fundacionrecover.org\\\/#website\",\"url\":\"https:\\\/\\\/fundacionrecover.org\\\/\",\"name\":\"Fundaci\u00f3n Recover Hospitales para \u00c1frica\",\"description\":\"Fundaci\u00f3n Recover\",\"publisher\":{\"@id\":\"https:\\\/\\\/fundacionrecover.org\\\/#organization\"},\"potentialAction\":[{\"@type\":\"SearchAction\",\"target\":{\"@type\":\"EntryPoint\",\"urlTemplate\":\"https:\\\/\\\/fundacionrecover.org\\\/?s={search_term_string}\"},\"query-input\":{\"@type\":\"PropertyValueSpecification\",\"valueRequired\":true,\"valueName\":\"search_term_string\"}}],\"inLanguage\":\"fr-FR\"},{\"@type\":\"Organization\",\"@id\":\"https:\\\/\\\/fundacionrecover.org\\\/#organization\",\"name\":\"Fundaci\u00f3n Recover, Hospitales para \u00c1frica\",\"alternateName\":\"Fundaci\u00f3n Recover\",\"url\":\"https:\\\/\\\/fundacionrecover.org\\\/\",\"logo\":{\"@type\":\"ImageObject\",\"inLanguage\":\"fr-FR\",\"@id\":\"https:\\\/\\\/fundacionrecover.org\\\/#\\\/schema\\\/logo\\\/image\\\/\",\"url\":\"https:\\\/\\\/fundacionrecover.org\\\/wp-content\\\/uploads\\\/2024\\\/03\\\/FundacionRecoverHospitalesParaAfrica_logo_blanco_cut.png\",\"contentUrl\":\"https:\\\/\\\/fundacionrecover.org\\\/wp-content\\\/uploads\\\/2024\\\/03\\\/FundacionRecoverHospitalesParaAfrica_logo_blanco_cut.png\",\"width\":335,\"height\":183,\"caption\":\"Fundaci\u00f3n Recover, Hospitales para \u00c1frica\"},\"image\":{\"@id\":\"https:\\\/\\\/fundacionrecover.org\\\/#\\\/schema\\\/logo\\\/image\\\/\"},\"sameAs\":[\"https:\\\/\\\/www.facebook.com\\\/fundacionrecover\\\/\",\"https:\\\/\\\/www.instagram.com\\\/fundacionrecover\\\/\",\"https:\\\/\\\/www.linkedin.com\\\/company\\\/fundaci\u00f3n-recover-hospitales-para-\u00e1frica\\\/\",\"https:\\\/\\\/www.tiktok.com\\\/@fundacionrecover\"]},{\"@type\":\"Person\",\"@id\":\"https:\\\/\\\/fundacionrecover.org\\\/#\\\/schema\\\/person\\\/dd196faabb13b5c6e72c88bc6f7c6fb6\",\"name\":\"Recover\",\"sameAs\":[\"https:\\\/\\\/fundacionrecover.org\"]}]}<\/script>\n<!-- \/ Yoast SEO plugin. -->","yoast_head_json":{"title":"Ma sant\u00e9, mon droit - Recover Hospitals for Africa Foundation","robots":{"index":"index","follow":"follow","max-snippet":"max-snippet:-1","max-image-preview":"max-image-preview:large","max-video-preview":"max-video-preview:-1"},"canonical":"https:\/\/fundacionrecover.org\/fr\/ma-sante-mon-droit\/","og_locale":"fr_FR","og_type":"article","og_title":"Mi salud, mi derecho - Fundaci\u00f3n Recover Hospitales para \u00c1frica","og_description":"El programa de RTVE Alianza 2030 repasa con la directora general de Fundaci\u00f3n Recover, Marta Mara\u00f1\u00f3n, algunos de los hitos m\u00e1s significativos de la fundaci\u00f3n","og_url":"https:\/\/fundacionrecover.org\/fr\/ma-sante-mon-droit\/","og_site_name":"Fundaci\u00f3n Recover Hospitales para \u00c1frica","article_publisher":"https:\/\/www.facebook.com\/fundacionrecover\/","article_published_time":"2024-05-04T09:36:20+00:00","article_modified_time":"2024-05-30T09:39:05+00:00","og_image":[{"width":1024,"height":801,"url":"https:\/\/fundacionrecover.org\/wp-content\/uploads\/2024\/04\/Foto-1-3.jpg","type":"image\/jpeg"}],"author":"Recover","twitter_card":"summary_large_image","twitter_misc":{"\u00c9crit par":"Recover","Dur\u00e9e de lecture estim\u00e9e":"1 minute"},"schema":{"@context":"https:\/\/schema.org","@graph":[{"@type":"Article","@id":"https:\/\/fundacionrecover.org\/mi-salud-mi-derecho\/#article","isPartOf":{"@id":"https:\/\/fundacionrecover.org\/mi-salud-mi-derecho\/"},"author":{"name":"Recover","@id":"https:\/\/fundacionrecover.org\/#\/schema\/person\/dd196faabb13b5c6e72c88bc6f7c6fb6"},"headline":"Mi salud, mi derecho","datePublished":"2024-05-04T09:36:20+00:00","dateModified":"2024-05-30T09:39:05+00:00","mainEntityOfPage":{"@id":"https:\/\/fundacionrecover.org\/mi-salud-mi-derecho\/"},"wordCount":171,"publisher":{"@id":"https:\/\/fundacionrecover.org\/#organization"},"image":{"@id":"https:\/\/fundacionrecover.org\/mi-salud-mi-derecho\/#primaryimage"},"thumbnailUrl":"https:\/\/fundacionrecover.org\/wp-content\/uploads\/2024\/04\/Foto-1-3.jpg","articleSection":["Recover en los medios"],"inLanguage":"fr-FR"},{"@type":"WebPage","@id":"https:\/\/fundacionrecover.org\/mi-salud-mi-derecho\/","url":"https:\/\/fundacionrecover.org\/mi-salud-mi-derecho\/","name":"Ma sant\u00e9, mon droit - Recover Hospitals for Africa Foundation","isPartOf":{"@id":"https:\/\/fundacionrecover.org\/#website"},"primaryImageOfPage":{"@id":"https:\/\/fundacionrecover.org\/mi-salud-mi-derecho\/#primaryimage"},"image":{"@id":"https:\/\/fundacionrecover.org\/mi-salud-mi-derecho\/#primaryimage"},"thumbnailUrl":"https:\/\/fundacionrecover.org\/wp-content\/uploads\/2024\/04\/Foto-1-3.jpg","datePublished":"2024-05-04T09:36:20+00:00","dateModified":"2024-05-30T09:39:05+00:00","breadcrumb":{"@id":"https:\/\/fundacionrecover.org\/mi-salud-mi-derecho\/#breadcrumb"},"inLanguage":"fr-FR","potentialAction":[{"@type":"ReadAction","target":["https:\/\/fundacionrecover.org\/mi-salud-mi-derecho\/"]}]},{"@type":"ImageObject","inLanguage":"fr-FR","@id":"https:\/\/fundacionrecover.org\/mi-salud-mi-derecho\/#primaryimage","url":"https:\/\/fundacionrecover.org\/wp-content\/uploads\/2024\/04\/Foto-1-3.jpg","contentUrl":"https:\/\/fundacionrecover.org\/wp-content\/uploads\/2024\/04\/Foto-1-3.jpg","width":1024,"height":801,"caption":"Revisi\u00f3n pedi\u00e1trica del programa Nutri-m"},{"@type":"BreadcrumbList","@id":"https:\/\/fundacionrecover.org\/mi-salud-mi-derecho\/#breadcrumb","itemListElement":[{"@type":"ListItem","position":1,"name":"Home","item":"https:\/\/fundacionrecover.org\/"},{"@type":"ListItem","position":2,"name":"Recover en los medios","item":"https:\/\/fundacionrecover.org\/category\/prensa\/"},{"@type":"ListItem","position":3,"name":"Mi salud, mi derecho"}]},{"@type":"WebSite","@id":"https:\/\/fundacionrecover.org\/#website","url":"https:\/\/fundacionrecover.org\/","name":"La Fondation Recover, H\u00f2pitaux pour l\u2019Afrique","description":"La Fondation Recover","publisher":{"@id":"https:\/\/fundacionrecover.org\/#organization"},"potentialAction":[{"@type":"SearchAction","target":{"@type":"EntryPoint","urlTemplate":"https:\/\/fundacionrecover.org\/?s={search_term_string}"},"query-input":{"@type":"PropertyValueSpecification","valueRequired":true,"valueName":"search_term_string"}}],"inLanguage":"fr-FR"},{"@type":"Organization","@id":"https:\/\/fundacionrecover.org\/#organization","name":"La Fondation Recover, H\u00f2pitaux pour l\u2019Afrique","alternateName":"Fundaci\u00f3n Recover","url":"https:\/\/fundacionrecover.org\/","logo":{"@type":"ImageObject","inLanguage":"fr-FR","@id":"https:\/\/fundacionrecover.org\/#\/schema\/logo\/image\/","url":"https:\/\/fundacionrecover.org\/wp-content\/uploads\/2024\/03\/FundacionRecoverHospitalesParaAfrica_logo_blanco_cut.png","contentUrl":"https:\/\/fundacionrecover.org\/wp-content\/uploads\/2024\/03\/FundacionRecoverHospitalesParaAfrica_logo_blanco_cut.png","width":335,"height":183,"caption":"Fundaci\u00f3n Recover, Hospitales para \u00c1frica"},"image":{"@id":"https:\/\/fundacionrecover.org\/#\/schema\/logo\/image\/"},"sameAs":["https:\/\/www.facebook.com\/fundacionrecover\/","https:\/\/www.instagram.com\/fundacionrecover\/","https:\/\/www.linkedin.com\/company\/fundaci\u00f3n-recover-hospitales-para-\u00e1frica\/","https:\/\/www.tiktok.com\/@fundacionrecover"]},{"@type":"Person","@id":"https:\/\/fundacionrecover.org\/#\/schema\/person\/dd196faabb13b5c6e72c88bc6f7c6fb6","name":"R\u00e9cup\u00e9rer","sameAs":["https:\/\/fundacionrecover.org"]}]}},"_links":{"self":[{"href":"https:\/\/fundacionrecover.org\/fr\/wp-json\/wp\/v2\/posts\/5034","targetHints":{"allow":["GET"]}}],"collection":[{"href":"https:\/\/fundacionrecover.org\/fr\/wp-json\/wp\/v2\/posts"}],"about":[{"href":"https:\/\/fundacionrecover.org\/fr\/wp-json\/wp\/v2\/types\/post"}],"author":[{"embeddable":true,"href":"https:\/\/fundacionrecover.org\/fr\/wp-json\/wp\/v2\/users\/1"}],"replies":[{"embeddable":true,"href":"https:\/\/fundacionrecover.org\/fr\/wp-json\/wp\/v2\/comments?post=5034"}],"version-history":[{"count":0,"href":"https:\/\/fundacionrecover.org\/fr\/wp-json\/wp\/v2\/posts\/5034\/revisions"}],"wp:featuredmedia":[{"embeddable":true,"href":"https:\/\/fundacionrecover.org\/fr\/wp-json\/wp\/v2\/media\/1845"}],"wp:attachment":[{"href":"https:\/\/fundacionrecover.org\/fr\/wp-json\/wp\/v2\/media?parent=5034"}],"wp:term":[{"taxonomy":"category","embeddable":true,"href":"https:\/\/fundacionrecover.org\/fr\/wp-json\/wp\/v2\/categories?post=5034"},{"taxonomy":"post_tag","embeddable":true,"href":"https:\/\/fundacionrecover.org\/fr\/wp-json\/wp\/v2\/tags?post=5034"}],"curies":[{"name":"wp","href":"https:\/\/api.w.org\/{rel}","templated":true}]}}