{"id":5084,"date":"2024-05-25T16:50:44","date_gmt":"2024-05-25T14:50:44","guid":{"rendered":"https:\/\/fundacionrecover.org\/?p=5084"},"modified":"2024-07-15T09:24:52","modified_gmt":"2024-07-15T07:24:52","slug":"rapport-nutrition-enfance-et-travail-fondation-recouvrement-au-cameroun","status":"publish","type":"post","link":"https:\/\/fundacionrecover.org\/fr\/informe-desnutricion-infantil-y-labor-fundacion-recover-en-camerun\/","title":{"rendered":"Rapport sur la malnutrition infantile et le travail de la Recover Foundation au Cameroun"},"content":{"rendered":"<p>\u201cAbordar la desnutrici\u00f3n infantil es allanar el camino hacia un mundo en el que podamos garantizar la paz y la seguridad, la buena salud y el bienestar de toda la sociedad. Abordar la desnutrici\u00f3n infantil es garantizar que la tierra siempre tendr\u00e1 gente. Abordar la desnutrici\u00f3n infantil es demostrar que las personas siguen estando en el centro de todas las acciones. Abordar la desnutrici\u00f3n infantil es una expresi\u00f3n de nuestra humanidad. Abordar la desnutrici\u00f3n infantil supone asegurar un mejor futuro para el conjunto de la sociedad africana. Pero, \u00bfsomos todos conscientes de ello?\u201d.<\/p>\n\n\n\n<p>Con este p\u00e1rrafo concluye el informe sobre desnutrici\u00f3n infantil que ha presentado Fundaci\u00f3n Recover, Hospitales para \u00c1frica coincidiendo con el D\u00eda Mundial de \u00c1frica que se celebra el 25 de mayo. En un contexto en el que tres millones de ni\u00f1os mueren cada a\u00f1o en \u00c1frica a causa de la desnutrici\u00f3n, desde Fundaci\u00f3n Recover se quiere destacar la labor esencial que juegan programas como NUTRI-<em>m<\/em> para mejorar la vida de miles de personas cada a\u00f1o en el contienen africano.<\/p>\n\n\n\n<p>NUTRI-<em>m<\/em> es el proyecto que Fundaci\u00f3n Recover tiene en marcha desde 2021 para ayudar a paliar las altas tasas de desnutrici\u00f3n infantil que existen en \u00c1frica Subsahariana. En pa\u00edses como Camer\u00fan, donde ya se ha implementado con \u00e9xito NUTRI-<em>m<\/em>, se han encontrado cifras alarmantes en algunas comunidades del Oeste y del Este, con datos que superan ampliamente la media oficial del pa\u00eds (ver detalle en <em>Datos del informe<\/em>).<\/p>\n\n\n\n<p>El programa de Fundaci\u00f3n Recover se distingue por su enfoque integral, ya que combina tratamiento m\u00e9dico, refuerzo nutricional y capacitaci\u00f3n de las familias. Adem\u00e1s, a trav\u00e9s de visitas a comunidades remotas, el programa NUTRI-<em>m<\/em> llega a las zonas m\u00e1s vulnerables, sensibilizando a las familias y proporcionando atenci\u00f3n m\u00e9dica y nutricional.<\/p>\n\n\n\n<p>NUTRI-<em>m<\/em> tiene tambi\u00e9n una propuesta innovadora: utiliza herramientas digitales para mejorar la gesti\u00f3n de la desnutrici\u00f3n. Los datos de los ni\u00f1os se registran en un programa inform\u00e1tico basado en los indicadores de la Organizaci\u00f3n Mundial de la Salud, que ayuda a monitorizar y gestionar el estado nutricional de los ni\u00f1os. Adem\u00e1s, se env\u00edan SMS a los padres para recordar citas y ofrecer consejos sobre higiene y nutrici\u00f3n infantil.<\/p>\n\n\n\n<p>Asimismo, Fundaci\u00f3n Recover organiza talleres para familias, capacit\u00e1ndolas en la detecci\u00f3n temprana de la desnutrici\u00f3n y en la mejora de la dieta de los ni\u00f1os con productos locales. Este enfoque participativo y educativo es fundamental para asegurar la sostenibilidad de los resultados obtenidos.<\/p>\n\n\n\n<p><strong>Datos del informe<\/strong><\/p>\n\n\n\n<p>Cobertura del programa:<\/p>\n\n\n\n<ul class=\"wp-block-list\">\n<li>Desde su inicio en 2021, el programa NUTRI-m ha registrado a casi 4.000 ni\u00f1os en 11 centros de salud de Camer\u00fan y Costa de Marfil<\/li>\n<\/ul>\n\n\n\n<p>Estado nutricional inicial:<\/p>\n\n\n\n<ul class=\"wp-block-list\">\n<li>Del total de ni\u00f1os registrados, Fundaci\u00f3n Recover encontr\u00f3 que el 38% estaba en situaci\u00f3n de desnutrici\u00f3n: 10% con desnutrici\u00f3n aguda y 28% con desnutrici\u00f3n cr\u00f3nica.<\/li>\n\n\n\n<li>En algunas comunidades rurales m\u00e1s desfavorecidas del Este y del Oeste, donde trabaja Fundaci\u00f3n Recover, se han encontrado \u00edndices alarmantes de desnutrici\u00f3n: hasta un 48% en la zona Oeste y un 56% en la zona Este. Este dato supera ampliamente la media nacional, que es del 32% para el pa\u00eds y del 36% en el extremo norte.<\/li>\n<\/ul>\n\n\n\n<p>Mejoras notables en salud:<\/p>\n\n\n\n<p>Pese a las dificultades del seguimiento continuado de los ni\u00f1os, debido a que los padres no acuden sistem\u00e1ticamente a las revisiones, el proyecto ha conseguido una mejora notable en esta poblaci\u00f3n:<\/p>\n\n\n\n<ul class=\"wp-block-list\">\n<li>M\u00e1s de la mitad de los ni\u00f1os en seguimiento (es decir, los que tuvieron, como m\u00ednimo, una segunda revisi\u00f3n de control), mejor\u00f3 su estado nutricional gracias a NUTRI-m.<\/li>\n\n\n\n<li>El 62% de los ni\u00f1os mejor\u00f3 su \u00edndice de peso, el 55% su \u00edndice peso\/talla, el 60% su \u00edndice de altura y el 54% su \u00edndice de masa corporal.<\/li>\n<\/ul>\n\n\n\n<p>Se ha detectado tambi\u00e9n una mejora importante en la diversidad diet\u00e9tica de los hogares gracias a la educaci\u00f3n para la salud proporcionada a los padres en talleres de sensibilizaci\u00f3n y por mensajes SMS.<\/p>\n\n\n\n<p>Aqu\u00ed puede acceder al <a href=\"https:\/\/fundacionrecover.org\/wp-content\/uploads\/2024\/07\/FundacionRecover_InformedeDesnutricion_ESP.pdf\" target=\"_blank\" rel=\"noreferrer noopener\"><mark style=\"background-color:rgba(0, 0, 0, 0)\" class=\"has-inline-color has-luminous-vivid-orange-color\"><strong>informe completo<\/strong><\/mark><\/a>. Y tambi\u00e9n lo puede encontrar <strong><a href=\"https:\/\/fundacionrecover.org\/wp-content\/uploads\/2024\/07\/FundacionRecover_InformedeMalnutricion_FR.pdf\" target=\"_blank\" rel=\"noreferrer noopener\"><mark style=\"background-color:rgba(0, 0, 0, 0)\" class=\"has-inline-color has-luminous-vivid-orange-color\">aqu\u00ed en franc\u00e9s<\/mark><\/a><\/strong>. <\/p>","protected":false},"excerpt":{"rendered":"<p>En el D\u00eda Mundial de \u00c1frica, Fundaci\u00f3n Recover presenta un informe en el que aborda la situaci\u00f3n de la desnutrici\u00f3n infantil en el continente africano y los buenos resultados de su programa NUTRI-m, que lleva ya tres a\u00f1os en funcionamiento y ha alcanzado a casi 4.000 mil ni\u00f1os<\/p>","protected":false},"author":1,"featured_media":2266,"comment_status":"closed","ping_status":"closed","sticky":false,"template":"","format":"standard","meta":{"give_campaign_id":0,"footnotes":""},"categories":[27,11],"tags":[],"class_list":["post-5084","post","type-post","status-publish","format-standard","has-post-thumbnail","hentry","category-informes-y-estudios","category-noticias"],"yoast_head":"<!-- This site is optimized with the Yoast SEO plugin v27.4 - https:\/\/yoast.com\/product\/yoast-seo-wordpress\/ -->\n<title>Informe sobre la desnutrici\u00f3n infantil y la labor de Fundaci\u00f3n Recover en Camer\u00fan - Fundaci\u00f3n Recover Hospitales para \u00c1frica<\/title>\n<meta name=\"robots\" content=\"index, follow, max-snippet:-1, max-image-preview:large, max-video-preview:-1\" \/>\n<link rel=\"canonical\" href=\"https:\/\/fundacionrecover.org\/fr\/rapport-nutrition-enfance-et-travail-fondation-recouvrement-au-cameroun\/\" \/>\n<meta property=\"og:locale\" content=\"fr_FR\" \/>\n<meta property=\"og:type\" content=\"article\" \/>\n<meta property=\"og:title\" content=\"Informe sobre la desnutrici\u00f3n infantil y la labor de Fundaci\u00f3n Recover en Camer\u00fan - Fundaci\u00f3n Recover Hospitales para \u00c1frica\" \/>\n<meta property=\"og:description\" content=\"En el D\u00eda Mundial de \u00c1frica, Fundaci\u00f3n Recover presenta un informe en el que aborda la situaci\u00f3n de la desnutrici\u00f3n infantil en el continente africano y los buenos resultados de su programa NUTRI-m, que lleva ya tres a\u00f1os en funcionamiento y ha alcanzado a casi 4.000 mil ni\u00f1os\" \/>\n<meta property=\"og:url\" content=\"https:\/\/fundacionrecover.org\/fr\/rapport-nutrition-enfance-et-travail-fondation-recouvrement-au-cameroun\/\" \/>\n<meta property=\"og:site_name\" content=\"Fundaci\u00f3n Recover Hospitales para \u00c1frica\" \/>\n<meta property=\"article:publisher\" content=\"https:\/\/www.facebook.com\/fundacionrecover\/\" \/>\n<meta property=\"article:published_time\" content=\"2024-05-25T14:50:44+00:00\" \/>\n<meta property=\"article:modified_time\" content=\"2024-07-15T07:24:52+00:00\" \/>\n<meta property=\"og:image\" content=\"https:\/\/fundacionrecover.org\/wp-content\/uploads\/2024\/05\/Foto-7.jpg\" \/>\n\t<meta property=\"og:image:width\" content=\"1000\" \/>\n\t<meta property=\"og:image:height\" content=\"750\" \/>\n\t<meta property=\"og:image:type\" content=\"image\/jpeg\" \/>\n<meta name=\"author\" content=\"Recover\" \/>\n<meta name=\"twitter:card\" content=\"summary_large_image\" \/>\n<meta name=\"twitter:label1\" content=\"\u00c9crit par\" \/>\n\t<meta name=\"twitter:data1\" content=\"Recover\" \/>\n\t<meta name=\"twitter:label2\" content=\"Dur\u00e9e de lecture estim\u00e9e\" \/>\n\t<meta name=\"twitter:data2\" content=\"4 minutes\" \/>\n<script type=\"application\/ld+json\" class=\"yoast-schema-graph\">{\"@context\":\"https:\\\/\\\/schema.org\",\"@graph\":[{\"@type\":\"Article\",\"@id\":\"https:\\\/\\\/fundacionrecover.org\\\/informe-desnutricion-infantil-y-labor-fundacion-recover-en-camerun\\\/#article\",\"isPartOf\":{\"@id\":\"https:\\\/\\\/fundacionrecover.org\\\/informe-desnutricion-infantil-y-labor-fundacion-recover-en-camerun\\\/\"},\"author\":{\"name\":\"Recover\",\"@id\":\"https:\\\/\\\/fundacionrecover.org\\\/#\\\/schema\\\/person\\\/dd196faabb13b5c6e72c88bc6f7c6fb6\"},\"headline\":\"Informe sobre la desnutrici\u00f3n infantil y la labor de Fundaci\u00f3n Recover en Camer\u00fan\",\"datePublished\":\"2024-05-25T14:50:44+00:00\",\"dateModified\":\"2024-07-15T07:24:52+00:00\",\"mainEntityOfPage\":{\"@id\":\"https:\\\/\\\/fundacionrecover.org\\\/informe-desnutricion-infantil-y-labor-fundacion-recover-en-camerun\\\/\"},\"wordCount\":727,\"publisher\":{\"@id\":\"https:\\\/\\\/fundacionrecover.org\\\/#organization\"},\"image\":{\"@id\":\"https:\\\/\\\/fundacionrecover.org\\\/informe-desnutricion-infantil-y-labor-fundacion-recover-en-camerun\\\/#primaryimage\"},\"thumbnailUrl\":\"https:\\\/\\\/fundacionrecover.org\\\/wp-content\\\/uploads\\\/2024\\\/05\\\/Foto-7.jpg\",\"articleSection\":[\"Informes y estudios\",\"Noticias\"],\"inLanguage\":\"fr-FR\"},{\"@type\":\"WebPage\",\"@id\":\"https:\\\/\\\/fundacionrecover.org\\\/informe-desnutricion-infantil-y-labor-fundacion-recover-en-camerun\\\/\",\"url\":\"https:\\\/\\\/fundacionrecover.org\\\/informe-desnutricion-infantil-y-labor-fundacion-recover-en-camerun\\\/\",\"name\":\"Informe sobre la desnutrici\u00f3n infantil y la labor de Fundaci\u00f3n Recover en Camer\u00fan - Fundaci\u00f3n Recover Hospitales para \u00c1frica\",\"isPartOf\":{\"@id\":\"https:\\\/\\\/fundacionrecover.org\\\/#website\"},\"primaryImageOfPage\":{\"@id\":\"https:\\\/\\\/fundacionrecover.org\\\/informe-desnutricion-infantil-y-labor-fundacion-recover-en-camerun\\\/#primaryimage\"},\"image\":{\"@id\":\"https:\\\/\\\/fundacionrecover.org\\\/informe-desnutricion-infantil-y-labor-fundacion-recover-en-camerun\\\/#primaryimage\"},\"thumbnailUrl\":\"https:\\\/\\\/fundacionrecover.org\\\/wp-content\\\/uploads\\\/2024\\\/05\\\/Foto-7.jpg\",\"datePublished\":\"2024-05-25T14:50:44+00:00\",\"dateModified\":\"2024-07-15T07:24:52+00:00\",\"breadcrumb\":{\"@id\":\"https:\\\/\\\/fundacionrecover.org\\\/informe-desnutricion-infantil-y-labor-fundacion-recover-en-camerun\\\/#breadcrumb\"},\"inLanguage\":\"fr-FR\",\"potentialAction\":[{\"@type\":\"ReadAction\",\"target\":[\"https:\\\/\\\/fundacionrecover.org\\\/informe-desnutricion-infantil-y-labor-fundacion-recover-en-camerun\\\/\"]}]},{\"@type\":\"ImageObject\",\"inLanguage\":\"fr-FR\",\"@id\":\"https:\\\/\\\/fundacionrecover.org\\\/informe-desnutricion-infantil-y-labor-fundacion-recover-en-camerun\\\/#primaryimage\",\"url\":\"https:\\\/\\\/fundacionrecover.org\\\/wp-content\\\/uploads\\\/2024\\\/05\\\/Foto-7.jpg\",\"contentUrl\":\"https:\\\/\\\/fundacionrecover.org\\\/wp-content\\\/uploads\\\/2024\\\/05\\\/Foto-7.jpg\",\"width\":1000,\"height\":750,\"caption\":\"Marcelle, trabajadora de FR, durante un taller de sensibilizaci\u00f3n de Nutri-m en una comunidad rural\"},{\"@type\":\"BreadcrumbList\",\"@id\":\"https:\\\/\\\/fundacionrecover.org\\\/informe-desnutricion-infantil-y-labor-fundacion-recover-en-camerun\\\/#breadcrumb\",\"itemListElement\":[{\"@type\":\"ListItem\",\"position\":1,\"name\":\"Home\",\"item\":\"https:\\\/\\\/fundacionrecover.org\\\/\"},{\"@type\":\"ListItem\",\"position\":2,\"name\":\"Noticias\",\"item\":\"https:\\\/\\\/fundacionrecover.org\\\/category\\\/noticias\\\/\"},{\"@type\":\"ListItem\",\"position\":3,\"name\":\"Informe sobre la desnutrici\u00f3n infantil y la labor de Fundaci\u00f3n Recover en Camer\u00fan\"}]},{\"@type\":\"WebSite\",\"@id\":\"https:\\\/\\\/fundacionrecover.org\\\/#website\",\"url\":\"https:\\\/\\\/fundacionrecover.org\\\/\",\"name\":\"Fundaci\u00f3n Recover Hospitales para \u00c1frica\",\"description\":\"Fundaci\u00f3n Recover\",\"publisher\":{\"@id\":\"https:\\\/\\\/fundacionrecover.org\\\/#organization\"},\"potentialAction\":[{\"@type\":\"SearchAction\",\"target\":{\"@type\":\"EntryPoint\",\"urlTemplate\":\"https:\\\/\\\/fundacionrecover.org\\\/?s={search_term_string}\"},\"query-input\":{\"@type\":\"PropertyValueSpecification\",\"valueRequired\":true,\"valueName\":\"search_term_string\"}}],\"inLanguage\":\"fr-FR\"},{\"@type\":\"Organization\",\"@id\":\"https:\\\/\\\/fundacionrecover.org\\\/#organization\",\"name\":\"Fundaci\u00f3n Recover, Hospitales para \u00c1frica\",\"alternateName\":\"Fundaci\u00f3n Recover\",\"url\":\"https:\\\/\\\/fundacionrecover.org\\\/\",\"logo\":{\"@type\":\"ImageObject\",\"inLanguage\":\"fr-FR\",\"@id\":\"https:\\\/\\\/fundacionrecover.org\\\/#\\\/schema\\\/logo\\\/image\\\/\",\"url\":\"https:\\\/\\\/fundacionrecover.org\\\/wp-content\\\/uploads\\\/2024\\\/03\\\/FundacionRecoverHospitalesParaAfrica_logo_blanco_cut.png\",\"contentUrl\":\"https:\\\/\\\/fundacionrecover.org\\\/wp-content\\\/uploads\\\/2024\\\/03\\\/FundacionRecoverHospitalesParaAfrica_logo_blanco_cut.png\",\"width\":335,\"height\":183,\"caption\":\"Fundaci\u00f3n Recover, Hospitales para \u00c1frica\"},\"image\":{\"@id\":\"https:\\\/\\\/fundacionrecover.org\\\/#\\\/schema\\\/logo\\\/image\\\/\"},\"sameAs\":[\"https:\\\/\\\/www.facebook.com\\\/fundacionrecover\\\/\",\"https:\\\/\\\/www.instagram.com\\\/fundacionrecover\\\/\",\"https:\\\/\\\/www.linkedin.com\\\/company\\\/fundaci\u00f3n-recover-hospitales-para-\u00e1frica\\\/\",\"https:\\\/\\\/www.tiktok.com\\\/@fundacionrecover\"]},{\"@type\":\"Person\",\"@id\":\"https:\\\/\\\/fundacionrecover.org\\\/#\\\/schema\\\/person\\\/dd196faabb13b5c6e72c88bc6f7c6fb6\",\"name\":\"Recover\",\"sameAs\":[\"https:\\\/\\\/fundacionrecover.org\"]}]}<\/script>\n<!-- \/ Yoast SEO plugin. -->","yoast_head_json":{"title":"Informe sobre la desnutrici\u00f3n infantil y la labor de Fundaci\u00f3n Recover en Camer\u00fan - Fundaci\u00f3n Recover Hospitales para \u00c1frica","robots":{"index":"index","follow":"follow","max-snippet":"max-snippet:-1","max-image-preview":"max-image-preview:large","max-video-preview":"max-video-preview:-1"},"canonical":"https:\/\/fundacionrecover.org\/fr\/rapport-nutrition-enfance-et-travail-fondation-recouvrement-au-cameroun\/","og_locale":"fr_FR","og_type":"article","og_title":"Informe sobre la desnutrici\u00f3n infantil y la labor de Fundaci\u00f3n Recover en Camer\u00fan - Fundaci\u00f3n Recover Hospitales para \u00c1frica","og_description":"En el D\u00eda Mundial de \u00c1frica, Fundaci\u00f3n Recover presenta un informe en el que aborda la situaci\u00f3n de la desnutrici\u00f3n infantil en el continente africano y los buenos resultados de su programa NUTRI-m, que lleva ya tres a\u00f1os en funcionamiento y ha alcanzado a casi 4.000 mil ni\u00f1os","og_url":"https:\/\/fundacionrecover.org\/fr\/rapport-nutrition-enfance-et-travail-fondation-recouvrement-au-cameroun\/","og_site_name":"Fundaci\u00f3n Recover Hospitales para \u00c1frica","article_publisher":"https:\/\/www.facebook.com\/fundacionrecover\/","article_published_time":"2024-05-25T14:50:44+00:00","article_modified_time":"2024-07-15T07:24:52+00:00","og_image":[{"width":1000,"height":750,"url":"https:\/\/fundacionrecover.org\/wp-content\/uploads\/2024\/05\/Foto-7.jpg","type":"image\/jpeg"}],"author":"Recover","twitter_card":"summary_large_image","twitter_misc":{"\u00c9crit par":"Recover","Dur\u00e9e de lecture estim\u00e9e":"4 minutes"},"schema":{"@context":"https:\/\/schema.org","@graph":[{"@type":"Article","@id":"https:\/\/fundacionrecover.org\/informe-desnutricion-infantil-y-labor-fundacion-recover-en-camerun\/#article","isPartOf":{"@id":"https:\/\/fundacionrecover.org\/informe-desnutricion-infantil-y-labor-fundacion-recover-en-camerun\/"},"author":{"name":"Recover","@id":"https:\/\/fundacionrecover.org\/#\/schema\/person\/dd196faabb13b5c6e72c88bc6f7c6fb6"},"headline":"Informe sobre la desnutrici\u00f3n infantil y la labor de Fundaci\u00f3n Recover en Camer\u00fan","datePublished":"2024-05-25T14:50:44+00:00","dateModified":"2024-07-15T07:24:52+00:00","mainEntityOfPage":{"@id":"https:\/\/fundacionrecover.org\/informe-desnutricion-infantil-y-labor-fundacion-recover-en-camerun\/"},"wordCount":727,"publisher":{"@id":"https:\/\/fundacionrecover.org\/#organization"},"image":{"@id":"https:\/\/fundacionrecover.org\/informe-desnutricion-infantil-y-labor-fundacion-recover-en-camerun\/#primaryimage"},"thumbnailUrl":"https:\/\/fundacionrecover.org\/wp-content\/uploads\/2024\/05\/Foto-7.jpg","articleSection":["Informes y estudios","Noticias"],"inLanguage":"fr-FR"},{"@type":"WebPage","@id":"https:\/\/fundacionrecover.org\/informe-desnutricion-infantil-y-labor-fundacion-recover-en-camerun\/","url":"https:\/\/fundacionrecover.org\/informe-desnutricion-infantil-y-labor-fundacion-recover-en-camerun\/","name":"Informe sobre la desnutrici\u00f3n infantil y la labor de Fundaci\u00f3n Recover en Camer\u00fan - Fundaci\u00f3n Recover Hospitales para \u00c1frica","isPartOf":{"@id":"https:\/\/fundacionrecover.org\/#website"},"primaryImageOfPage":{"@id":"https:\/\/fundacionrecover.org\/informe-desnutricion-infantil-y-labor-fundacion-recover-en-camerun\/#primaryimage"},"image":{"@id":"https:\/\/fundacionrecover.org\/informe-desnutricion-infantil-y-labor-fundacion-recover-en-camerun\/#primaryimage"},"thumbnailUrl":"https:\/\/fundacionrecover.org\/wp-content\/uploads\/2024\/05\/Foto-7.jpg","datePublished":"2024-05-25T14:50:44+00:00","dateModified":"2024-07-15T07:24:52+00:00","breadcrumb":{"@id":"https:\/\/fundacionrecover.org\/informe-desnutricion-infantil-y-labor-fundacion-recover-en-camerun\/#breadcrumb"},"inLanguage":"fr-FR","potentialAction":[{"@type":"ReadAction","target":["https:\/\/fundacionrecover.org\/informe-desnutricion-infantil-y-labor-fundacion-recover-en-camerun\/"]}]},{"@type":"ImageObject","inLanguage":"fr-FR","@id":"https:\/\/fundacionrecover.org\/informe-desnutricion-infantil-y-labor-fundacion-recover-en-camerun\/#primaryimage","url":"https:\/\/fundacionrecover.org\/wp-content\/uploads\/2024\/05\/Foto-7.jpg","contentUrl":"https:\/\/fundacionrecover.org\/wp-content\/uploads\/2024\/05\/Foto-7.jpg","width":1000,"height":750,"caption":"Marcelle, trabajadora de FR, durante un taller de sensibilizaci\u00f3n de Nutri-m en una comunidad rural"},{"@type":"BreadcrumbList","@id":"https:\/\/fundacionrecover.org\/informe-desnutricion-infantil-y-labor-fundacion-recover-en-camerun\/#breadcrumb","itemListElement":[{"@type":"ListItem","position":1,"name":"Home","item":"https:\/\/fundacionrecover.org\/"},{"@type":"ListItem","position":2,"name":"Noticias","item":"https:\/\/fundacionrecover.org\/category\/noticias\/"},{"@type":"ListItem","position":3,"name":"Informe sobre la desnutrici\u00f3n infantil y la labor de Fundaci\u00f3n Recover en Camer\u00fan"}]},{"@type":"WebSite","@id":"https:\/\/fundacionrecover.org\/#website","url":"https:\/\/fundacionrecover.org\/","name":"La Fondation Recover, H\u00f2pitaux pour l\u2019Afrique","description":"La Fondation Recover","publisher":{"@id":"https:\/\/fundacionrecover.org\/#organization"},"potentialAction":[{"@type":"SearchAction","target":{"@type":"EntryPoint","urlTemplate":"https:\/\/fundacionrecover.org\/?s={search_term_string}"},"query-input":{"@type":"PropertyValueSpecification","valueRequired":true,"valueName":"search_term_string"}}],"inLanguage":"fr-FR"},{"@type":"Organization","@id":"https:\/\/fundacionrecover.org\/#organization","name":"La Fondation Recover, H\u00f2pitaux pour l\u2019Afrique","alternateName":"Fundaci\u00f3n Recover","url":"https:\/\/fundacionrecover.org\/","logo":{"@type":"ImageObject","inLanguage":"fr-FR","@id":"https:\/\/fundacionrecover.org\/#\/schema\/logo\/image\/","url":"https:\/\/fundacionrecover.org\/wp-content\/uploads\/2024\/03\/FundacionRecoverHospitalesParaAfrica_logo_blanco_cut.png","contentUrl":"https:\/\/fundacionrecover.org\/wp-content\/uploads\/2024\/03\/FundacionRecoverHospitalesParaAfrica_logo_blanco_cut.png","width":335,"height":183,"caption":"Fundaci\u00f3n Recover, Hospitales para \u00c1frica"},"image":{"@id":"https:\/\/fundacionrecover.org\/#\/schema\/logo\/image\/"},"sameAs":["https:\/\/www.facebook.com\/fundacionrecover\/","https:\/\/www.instagram.com\/fundacionrecover\/","https:\/\/www.linkedin.com\/company\/fundaci\u00f3n-recover-hospitales-para-\u00e1frica\/","https:\/\/www.tiktok.com\/@fundacionrecover"]},{"@type":"Person","@id":"https:\/\/fundacionrecover.org\/#\/schema\/person\/dd196faabb13b5c6e72c88bc6f7c6fb6","name":"R\u00e9cup\u00e9rer","sameAs":["https:\/\/fundacionrecover.org"]}]}},"_links":{"self":[{"href":"https:\/\/fundacionrecover.org\/fr\/wp-json\/wp\/v2\/posts\/5084","targetHints":{"allow":["GET"]}}],"collection":[{"href":"https:\/\/fundacionrecover.org\/fr\/wp-json\/wp\/v2\/posts"}],"about":[{"href":"https:\/\/fundacionrecover.org\/fr\/wp-json\/wp\/v2\/types\/post"}],"author":[{"embeddable":true,"href":"https:\/\/fundacionrecover.org\/fr\/wp-json\/wp\/v2\/users\/1"}],"replies":[{"embeddable":true,"href":"https:\/\/fundacionrecover.org\/fr\/wp-json\/wp\/v2\/comments?post=5084"}],"version-history":[{"count":0,"href":"https:\/\/fundacionrecover.org\/fr\/wp-json\/wp\/v2\/posts\/5084\/revisions"}],"wp:featuredmedia":[{"embeddable":true,"href":"https:\/\/fundacionrecover.org\/fr\/wp-json\/wp\/v2\/media\/2266"}],"wp:attachment":[{"href":"https:\/\/fundacionrecover.org\/fr\/wp-json\/wp\/v2\/media?parent=5084"}],"wp:term":[{"taxonomy":"category","embeddable":true,"href":"https:\/\/fundacionrecover.org\/fr\/wp-json\/wp\/v2\/categories?post=5084"},{"taxonomy":"post_tag","embeddable":true,"href":"https:\/\/fundacionrecover.org\/fr\/wp-json\/wp\/v2\/tags?post=5084"}],"curies":[{"name":"wp","href":"https:\/\/api.w.org\/{rel}","templated":true}]}}