{"id":7888,"date":"2024-12-04T13:10:48","date_gmt":"2024-12-04T12:10:48","guid":{"rendered":"https:\/\/fundacionrecover.org\/?p=7888"},"modified":"2024-12-04T13:26:29","modified_gmt":"2024-12-04T12:26:29","slug":"la-fondation-recover-recherche-des-professionnels-de-la-sante-pour-ses-missions-en-afrique-sub-saharienne","status":"publish","type":"post","link":"https:\/\/fundacionrecover.org\/fr\/fundacion-recover-busca-profesionales-sanitarios-para-sus-misiones-en-africa-subsahariana\/","title":{"rendered":"La Recover Foundation recherche des professionnels de la sant\u00e9 pour ses missions en Afrique subsaharienne."},"content":{"rendered":"<p>A l'occasion de la Journ\u00e9e Internationale des Volontaires, qui sera c\u00e9l\u00e9br\u00e9e demain 5 d\u00e9cembre, la Fondation Recover reconna\u00eet le d\u00e9vouement des personnes qui ont transform\u00e9 des vies gr\u00e2ce \u00e0 leur engagement en Afrique sub-saharienne. Des gyn\u00e9cologues aux physioth\u00e9rapeutes, en passant par les chirurgiens, les internistes ou les p\u00e9diatres, les volontaires de la Fondation Recover sont essentiels pour soigner des milliers de personnes dans des communaut\u00e9s ayant un acc\u00e8s limit\u00e9 aux soins de sant\u00e9. En 2024, plus de 30 professionnels se sont rendus sur le terrain pour effectuer des op\u00e9rations chirurgicales, former le personnel local et am\u00e9liorer les soins de sant\u00e9. Par exemple, lors de la mission de septembre en Tanzanie, dans la zone de conservation de Ngorongoro, en collaboration avec l'entreprise de tourisme durable Ratpanat, deux professionnels de sant\u00e9 volontaires ont trait\u00e9 plus de 200 patients Massa\u00ef et r\u00e9alis\u00e9 37 op\u00e9rations chirurgicales en 5 jours sur le terrain.<\/p>\n\n\n\n<p>Pour continuer \u00e0 mener \u00e0 bien cette t\u00e2che, la Fundaci\u00f3n Recover lance un appel \u00e0 propositions. <a href=\"https:\/\/fundacionrecover.org\/fr\/voluntariado-sanitario-africa\/\"><mark style=\"background-color:rgba(0, 0, 0, 0)\" class=\"has-inline-color has-luminous-vivid-orange-color\">portail d'information<\/mark><\/a> pour les futurs volontaires dans le but de couvrir des besoins sp\u00e9cifiques dans des centres de sant\u00e9 dans des pays tels que le Cameroun, le B\u00e9nin, la C\u00f4te d'Ivoire, le Burundi ou la Tanzanie.<\/p>\n\n\n\n<div style=\"height:25px\" aria-hidden=\"true\" class=\"wp-block-spacer\"><\/div>\n\n\n\n<div class=\"wp-block-buttons is-layout-flex wp-block-buttons-is-layout-flex\">\n<div class=\"wp-block-button has-custom-font-size has-small-font-size\"><a class=\"wp-block-button__link has-white-color has-luminous-vivid-orange-background-color has-text-color has-background has-link-color wp-element-button\" href=\"https:\/\/fundacionrecover.org\/wp-content\/uploads\/2024\/12\/04.12.24_Voluntarios.pdf\" style=\"border-radius:0px\" target=\"_blank\" rel=\"noreferrer noopener\">T\u00e9l\u00e9charger l'article complet en pdf ici<\/a><\/div>\n<\/div>","protected":false},"excerpt":{"rendered":"<p>La Fondation Recover a lanc\u00e9 un portail afin que les futurs volontaires puissent d\u00e9couvrir les opportunit\u00e9s disponibles, les conditions requises et l'impact qu'ils peuvent avoir en rejoignant ses campagnes.<\/p>","protected":false},"author":1,"featured_media":0,"comment_status":"closed","ping_status":"closed","sticky":false,"template":"","format":"standard","meta":{"give_campaign_id":0,"footnotes":""},"categories":[75],"tags":[],"class_list":["post-7888","post","type-post","status-publish","format-standard","hentry","category-notas-prensa"],"yoast_head":"<!-- This site is optimized with the Yoast SEO plugin v27.4 - https:\/\/yoast.com\/product\/yoast-seo-wordpress\/ -->\n<title>Fundaci\u00f3n Recover busca profesionales sanitarios para sus misiones en \u00c1frica Subsahariana - Fundaci\u00f3n Recover Hospitales para \u00c1frica<\/title>\n<meta name=\"robots\" content=\"index, follow, max-snippet:-1, max-image-preview:large, max-video-preview:-1\" \/>\n<link rel=\"canonical\" href=\"https:\/\/fundacionrecover.org\/fr\/la-fondation-recover-recherche-des-professionnels-de-la-sante-pour-ses-missions-en-afrique-sub-saharienne\/\" \/>\n<meta property=\"og:locale\" content=\"fr_FR\" \/>\n<meta property=\"og:type\" content=\"article\" \/>\n<meta property=\"og:title\" content=\"Fundaci\u00f3n Recover busca profesionales sanitarios para sus misiones en \u00c1frica Subsahariana - Fundaci\u00f3n Recover Hospitales para \u00c1frica\" \/>\n<meta property=\"og:description\" content=\"Fundaci\u00f3n Recover ha puesto en marcha un portal para que futuros voluntarios puedan conocer las oportunidades disponibles, los requisitos necesarios y el impacto que pueden generar al sumarse a sus campa\u00f1as\" \/>\n<meta property=\"og:url\" content=\"https:\/\/fundacionrecover.org\/fr\/la-fondation-recover-recherche-des-professionnels-de-la-sante-pour-ses-missions-en-afrique-sub-saharienne\/\" \/>\n<meta property=\"og:site_name\" content=\"Fundaci\u00f3n Recover Hospitales para \u00c1frica\" \/>\n<meta property=\"article:publisher\" content=\"https:\/\/www.facebook.com\/fundacionrecover\/\" \/>\n<meta property=\"article:published_time\" content=\"2024-12-04T12:10:48+00:00\" \/>\n<meta property=\"article:modified_time\" content=\"2024-12-04T12:26:29+00:00\" \/>\n<meta property=\"og:image\" content=\"https:\/\/fundacionrecover.org\/wp-content\/uploads\/2024\/05\/Logotipo_FundacionRecover_FondoVerde_ESP.png\" \/>\n\t<meta property=\"og:image:width\" content=\"334\" \/>\n\t<meta property=\"og:image:height\" content=\"272\" \/>\n\t<meta property=\"og:image:type\" content=\"image\/png\" \/>\n<meta name=\"author\" content=\"Recover\" \/>\n<meta name=\"twitter:card\" content=\"summary_large_image\" \/>\n<meta name=\"twitter:label1\" content=\"\u00c9crit par\" \/>\n\t<meta name=\"twitter:data1\" content=\"Recover\" \/>\n\t<meta name=\"twitter:label2\" content=\"Dur\u00e9e de lecture estim\u00e9e\" \/>\n\t<meta name=\"twitter:data2\" content=\"1 minute\" \/>\n<script type=\"application\/ld+json\" class=\"yoast-schema-graph\">{\"@context\":\"https:\\\/\\\/schema.org\",\"@graph\":[{\"@type\":\"Article\",\"@id\":\"https:\\\/\\\/fundacionrecover.org\\\/fundacion-recover-busca-profesionales-sanitarios-para-sus-misiones-en-africa-subsahariana\\\/#article\",\"isPartOf\":{\"@id\":\"https:\\\/\\\/fundacionrecover.org\\\/fundacion-recover-busca-profesionales-sanitarios-para-sus-misiones-en-africa-subsahariana\\\/\"},\"author\":{\"name\":\"Recover\",\"@id\":\"https:\\\/\\\/fundacionrecover.org\\\/#\\\/schema\\\/person\\\/dd196faabb13b5c6e72c88bc6f7c6fb6\"},\"headline\":\"Fundaci\u00f3n Recover busca profesionales sanitarios para sus misiones en \u00c1frica Subsahariana\",\"datePublished\":\"2024-12-04T12:10:48+00:00\",\"dateModified\":\"2024-12-04T12:26:29+00:00\",\"mainEntityOfPage\":{\"@id\":\"https:\\\/\\\/fundacionrecover.org\\\/fundacion-recover-busca-profesionales-sanitarios-para-sus-misiones-en-africa-subsahariana\\\/\"},\"wordCount\":203,\"publisher\":{\"@id\":\"https:\\\/\\\/fundacionrecover.org\\\/#organization\"},\"articleSection\":[\"Notas de prensa\"],\"inLanguage\":\"fr-FR\"},{\"@type\":\"WebPage\",\"@id\":\"https:\\\/\\\/fundacionrecover.org\\\/fundacion-recover-busca-profesionales-sanitarios-para-sus-misiones-en-africa-subsahariana\\\/\",\"url\":\"https:\\\/\\\/fundacionrecover.org\\\/fundacion-recover-busca-profesionales-sanitarios-para-sus-misiones-en-africa-subsahariana\\\/\",\"name\":\"Fundaci\u00f3n Recover busca profesionales sanitarios para sus misiones en \u00c1frica Subsahariana - Fundaci\u00f3n Recover Hospitales para \u00c1frica\",\"isPartOf\":{\"@id\":\"https:\\\/\\\/fundacionrecover.org\\\/#website\"},\"datePublished\":\"2024-12-04T12:10:48+00:00\",\"dateModified\":\"2024-12-04T12:26:29+00:00\",\"breadcrumb\":{\"@id\":\"https:\\\/\\\/fundacionrecover.org\\\/fundacion-recover-busca-profesionales-sanitarios-para-sus-misiones-en-africa-subsahariana\\\/#breadcrumb\"},\"inLanguage\":\"fr-FR\",\"potentialAction\":[{\"@type\":\"ReadAction\",\"target\":[\"https:\\\/\\\/fundacionrecover.org\\\/fundacion-recover-busca-profesionales-sanitarios-para-sus-misiones-en-africa-subsahariana\\\/\"]}]},{\"@type\":\"BreadcrumbList\",\"@id\":\"https:\\\/\\\/fundacionrecover.org\\\/fundacion-recover-busca-profesionales-sanitarios-para-sus-misiones-en-africa-subsahariana\\\/#breadcrumb\",\"itemListElement\":[{\"@type\":\"ListItem\",\"position\":1,\"name\":\"Home\",\"item\":\"https:\\\/\\\/fundacionrecover.org\\\/\"},{\"@type\":\"ListItem\",\"position\":2,\"name\":\"Notas de prensa\",\"item\":\"https:\\\/\\\/fundacionrecover.org\\\/category\\\/notas-prensa\\\/\"},{\"@type\":\"ListItem\",\"position\":3,\"name\":\"Fundaci\u00f3n Recover busca profesionales sanitarios para sus misiones en \u00c1frica Subsahariana\"}]},{\"@type\":\"WebSite\",\"@id\":\"https:\\\/\\\/fundacionrecover.org\\\/#website\",\"url\":\"https:\\\/\\\/fundacionrecover.org\\\/\",\"name\":\"Fundaci\u00f3n Recover Hospitales para \u00c1frica\",\"description\":\"Fundaci\u00f3n Recover\",\"publisher\":{\"@id\":\"https:\\\/\\\/fundacionrecover.org\\\/#organization\"},\"potentialAction\":[{\"@type\":\"SearchAction\",\"target\":{\"@type\":\"EntryPoint\",\"urlTemplate\":\"https:\\\/\\\/fundacionrecover.org\\\/?s={search_term_string}\"},\"query-input\":{\"@type\":\"PropertyValueSpecification\",\"valueRequired\":true,\"valueName\":\"search_term_string\"}}],\"inLanguage\":\"fr-FR\"},{\"@type\":\"Organization\",\"@id\":\"https:\\\/\\\/fundacionrecover.org\\\/#organization\",\"name\":\"Fundaci\u00f3n Recover, Hospitales para \u00c1frica\",\"alternateName\":\"Fundaci\u00f3n Recover\",\"url\":\"https:\\\/\\\/fundacionrecover.org\\\/\",\"logo\":{\"@type\":\"ImageObject\",\"inLanguage\":\"fr-FR\",\"@id\":\"https:\\\/\\\/fundacionrecover.org\\\/#\\\/schema\\\/logo\\\/image\\\/\",\"url\":\"https:\\\/\\\/fundacionrecover.org\\\/wp-content\\\/uploads\\\/2024\\\/03\\\/FundacionRecoverHospitalesParaAfrica_logo_blanco_cut.png\",\"contentUrl\":\"https:\\\/\\\/fundacionrecover.org\\\/wp-content\\\/uploads\\\/2024\\\/03\\\/FundacionRecoverHospitalesParaAfrica_logo_blanco_cut.png\",\"width\":335,\"height\":183,\"caption\":\"Fundaci\u00f3n Recover, Hospitales para \u00c1frica\"},\"image\":{\"@id\":\"https:\\\/\\\/fundacionrecover.org\\\/#\\\/schema\\\/logo\\\/image\\\/\"},\"sameAs\":[\"https:\\\/\\\/www.facebook.com\\\/fundacionrecover\\\/\",\"https:\\\/\\\/www.instagram.com\\\/fundacionrecover\\\/\",\"https:\\\/\\\/www.linkedin.com\\\/company\\\/fundaci\u00f3n-recover-hospitales-para-\u00e1frica\\\/\",\"https:\\\/\\\/www.tiktok.com\\\/@fundacionrecover\"]},{\"@type\":\"Person\",\"@id\":\"https:\\\/\\\/fundacionrecover.org\\\/#\\\/schema\\\/person\\\/dd196faabb13b5c6e72c88bc6f7c6fb6\",\"name\":\"Recover\",\"sameAs\":[\"https:\\\/\\\/fundacionrecover.org\"]}]}<\/script>\n<!-- \/ Yoast SEO plugin. -->","yoast_head_json":{"title":"La Fondation Recover recherche des professionnels de la sant\u00e9 pour ses missions en Afrique subsaharienne - Fundaci\u00f3n Recover Hospitales para \u00c1frica","robots":{"index":"index","follow":"follow","max-snippet":"max-snippet:-1","max-image-preview":"max-image-preview:large","max-video-preview":"max-video-preview:-1"},"canonical":"https:\/\/fundacionrecover.org\/fr\/la-fondation-recover-recherche-des-professionnels-de-la-sante-pour-ses-missions-en-afrique-sub-saharienne\/","og_locale":"fr_FR","og_type":"article","og_title":"Fundaci\u00f3n Recover busca profesionales sanitarios para sus misiones en \u00c1frica Subsahariana - Fundaci\u00f3n Recover Hospitales para \u00c1frica","og_description":"Fundaci\u00f3n Recover ha puesto en marcha un portal para que futuros voluntarios puedan conocer las oportunidades disponibles, los requisitos necesarios y el impacto que pueden generar al sumarse a sus campa\u00f1as","og_url":"https:\/\/fundacionrecover.org\/fr\/la-fondation-recover-recherche-des-professionnels-de-la-sante-pour-ses-missions-en-afrique-sub-saharienne\/","og_site_name":"Fundaci\u00f3n Recover Hospitales para \u00c1frica","article_publisher":"https:\/\/www.facebook.com\/fundacionrecover\/","article_published_time":"2024-12-04T12:10:48+00:00","article_modified_time":"2024-12-04T12:26:29+00:00","og_image":[{"width":334,"height":272,"url":"https:\/\/fundacionrecover.org\/wp-content\/uploads\/2024\/05\/Logotipo_FundacionRecover_FondoVerde_ESP.png","type":"image\/png"}],"author":"Recover","twitter_card":"summary_large_image","twitter_misc":{"\u00c9crit par":"Recover","Dur\u00e9e de lecture estim\u00e9e":"1 minute"},"schema":{"@context":"https:\/\/schema.org","@graph":[{"@type":"Article","@id":"https:\/\/fundacionrecover.org\/fundacion-recover-busca-profesionales-sanitarios-para-sus-misiones-en-africa-subsahariana\/#article","isPartOf":{"@id":"https:\/\/fundacionrecover.org\/fundacion-recover-busca-profesionales-sanitarios-para-sus-misiones-en-africa-subsahariana\/"},"author":{"name":"Recover","@id":"https:\/\/fundacionrecover.org\/#\/schema\/person\/dd196faabb13b5c6e72c88bc6f7c6fb6"},"headline":"Fundaci\u00f3n Recover busca profesionales sanitarios para sus misiones en \u00c1frica Subsahariana","datePublished":"2024-12-04T12:10:48+00:00","dateModified":"2024-12-04T12:26:29+00:00","mainEntityOfPage":{"@id":"https:\/\/fundacionrecover.org\/fundacion-recover-busca-profesionales-sanitarios-para-sus-misiones-en-africa-subsahariana\/"},"wordCount":203,"publisher":{"@id":"https:\/\/fundacionrecover.org\/#organization"},"articleSection":["Notas de prensa"],"inLanguage":"fr-FR"},{"@type":"WebPage","@id":"https:\/\/fundacionrecover.org\/fundacion-recover-busca-profesionales-sanitarios-para-sus-misiones-en-africa-subsahariana\/","url":"https:\/\/fundacionrecover.org\/fundacion-recover-busca-profesionales-sanitarios-para-sus-misiones-en-africa-subsahariana\/","name":"La Fondation Recover recherche des professionnels de la sant\u00e9 pour ses missions en Afrique subsaharienne - Fundaci\u00f3n Recover Hospitales para \u00c1frica","isPartOf":{"@id":"https:\/\/fundacionrecover.org\/#website"},"datePublished":"2024-12-04T12:10:48+00:00","dateModified":"2024-12-04T12:26:29+00:00","breadcrumb":{"@id":"https:\/\/fundacionrecover.org\/fundacion-recover-busca-profesionales-sanitarios-para-sus-misiones-en-africa-subsahariana\/#breadcrumb"},"inLanguage":"fr-FR","potentialAction":[{"@type":"ReadAction","target":["https:\/\/fundacionrecover.org\/fundacion-recover-busca-profesionales-sanitarios-para-sus-misiones-en-africa-subsahariana\/"]}]},{"@type":"BreadcrumbList","@id":"https:\/\/fundacionrecover.org\/fundacion-recover-busca-profesionales-sanitarios-para-sus-misiones-en-africa-subsahariana\/#breadcrumb","itemListElement":[{"@type":"ListItem","position":1,"name":"Home","item":"https:\/\/fundacionrecover.org\/"},{"@type":"ListItem","position":2,"name":"Notas de prensa","item":"https:\/\/fundacionrecover.org\/category\/notas-prensa\/"},{"@type":"ListItem","position":3,"name":"Fundaci\u00f3n Recover busca profesionales sanitarios para sus misiones en \u00c1frica Subsahariana"}]},{"@type":"WebSite","@id":"https:\/\/fundacionrecover.org\/#website","url":"https:\/\/fundacionrecover.org\/","name":"La Fondation Recover, H\u00f2pitaux pour l\u2019Afrique","description":"La Fondation Recover","publisher":{"@id":"https:\/\/fundacionrecover.org\/#organization"},"potentialAction":[{"@type":"SearchAction","target":{"@type":"EntryPoint","urlTemplate":"https:\/\/fundacionrecover.org\/?s={search_term_string}"},"query-input":{"@type":"PropertyValueSpecification","valueRequired":true,"valueName":"search_term_string"}}],"inLanguage":"fr-FR"},{"@type":"Organization","@id":"https:\/\/fundacionrecover.org\/#organization","name":"La Fondation Recover, H\u00f2pitaux pour l\u2019Afrique","alternateName":"Fundaci\u00f3n Recover","url":"https:\/\/fundacionrecover.org\/","logo":{"@type":"ImageObject","inLanguage":"fr-FR","@id":"https:\/\/fundacionrecover.org\/#\/schema\/logo\/image\/","url":"https:\/\/fundacionrecover.org\/wp-content\/uploads\/2024\/03\/FundacionRecoverHospitalesParaAfrica_logo_blanco_cut.png","contentUrl":"https:\/\/fundacionrecover.org\/wp-content\/uploads\/2024\/03\/FundacionRecoverHospitalesParaAfrica_logo_blanco_cut.png","width":335,"height":183,"caption":"Fundaci\u00f3n Recover, Hospitales para \u00c1frica"},"image":{"@id":"https:\/\/fundacionrecover.org\/#\/schema\/logo\/image\/"},"sameAs":["https:\/\/www.facebook.com\/fundacionrecover\/","https:\/\/www.instagram.com\/fundacionrecover\/","https:\/\/www.linkedin.com\/company\/fundaci\u00f3n-recover-hospitales-para-\u00e1frica\/","https:\/\/www.tiktok.com\/@fundacionrecover"]},{"@type":"Person","@id":"https:\/\/fundacionrecover.org\/#\/schema\/person\/dd196faabb13b5c6e72c88bc6f7c6fb6","name":"R\u00e9cup\u00e9rer","sameAs":["https:\/\/fundacionrecover.org"]}]}},"_links":{"self":[{"href":"https:\/\/fundacionrecover.org\/fr\/wp-json\/wp\/v2\/posts\/7888","targetHints":{"allow":["GET"]}}],"collection":[{"href":"https:\/\/fundacionrecover.org\/fr\/wp-json\/wp\/v2\/posts"}],"about":[{"href":"https:\/\/fundacionrecover.org\/fr\/wp-json\/wp\/v2\/types\/post"}],"author":[{"embeddable":true,"href":"https:\/\/fundacionrecover.org\/fr\/wp-json\/wp\/v2\/users\/1"}],"replies":[{"embeddable":true,"href":"https:\/\/fundacionrecover.org\/fr\/wp-json\/wp\/v2\/comments?post=7888"}],"version-history":[{"count":0,"href":"https:\/\/fundacionrecover.org\/fr\/wp-json\/wp\/v2\/posts\/7888\/revisions"}],"wp:attachment":[{"href":"https:\/\/fundacionrecover.org\/fr\/wp-json\/wp\/v2\/media?parent=7888"}],"wp:term":[{"taxonomy":"category","embeddable":true,"href":"https:\/\/fundacionrecover.org\/fr\/wp-json\/wp\/v2\/categories?post=7888"},{"taxonomy":"post_tag","embeddable":true,"href":"https:\/\/fundacionrecover.org\/fr\/wp-json\/wp\/v2\/tags?post=7888"}],"curies":[{"name":"wp","href":"https:\/\/api.w.org\/{rel}","templated":true}]}}