{"id":8648,"date":"2025-02-18T15:25:37","date_gmt":"2025-02-18T14:25:37","guid":{"rendered":"https:\/\/fundacionrecover.org\/?p=8648"},"modified":"2025-02-18T15:25:37","modified_gmt":"2025-02-18T14:25:37","slug":"la-directrice-generale-de-la-fondation-recover-dans-le-top-100-des-femmes-les-plus-influentes","status":"publish","type":"post","link":"https:\/\/fundacionrecover.org\/fr\/la-directora-general-de-fundacion-recover-en-las-top-100-mujeres-lideres\/","title":{"rendered":"La directrice g\u00e9n\u00e9rale de la Fondation Recover entre dans le \"Top 100 des femmes leaders\"."},"content":{"rendered":"<p>Le directeur g\u00e9n\u00e9ral de la fondation Recover, Hospitals for Africa, a \u00e9t\u00e9 s\u00e9lectionn\u00e9 par le journal <em>L'espagnol<\/em> entre les <strong>Les 100 femmes les plus influentes d'Espagne<\/strong> dans la cat\u00e9gorie <strong>Fonction publique, impact institutionnel et social<\/strong>.<\/p>\n\n\n\n<p>Apr\u00e8s avoir \u00e9t\u00e9 s\u00e9lectionn\u00e9 en 2022 et 2023, ce troisi\u00e8me prix le place parmi les meilleurs au monde. <strong>Les 100 premiers laur\u00e9ats<\/strong>Cette \u00e9tape renforce son r\u00f4le de r\u00e9f\u00e9rence dans le domaine de la coop\u00e9ration au d\u00e9veloppement, de l'action humanitaire et de l'impact social.<\/p>\n\n\n\n<p>Comme le souligne la <a href=\"https:\/\/www.elespanol.com\/mujer\/lastop100\/20250216\/top-mujeres-lideres-espana-xii-edicion-politicas-pp-psoe-empresarias-cientificas\/923937601_3.html#img_62\" target=\"_blank\" rel=\"noreferrer noopener nofollow\"><mark style=\"background-color:rgba(0, 0, 0, 0)\" class=\"has-inline-color has-luminous-vivid-orange-color\">article publi\u00e9 par El Espa\u00f1ol<\/mark><\/a>Marta Mara\u00f1\u00f3n travaille dans le secteur tertiaire depuis 20 ans. En 2003, elle a \u00e9t\u00e9 nomm\u00e9e directrice g\u00e9n\u00e9rale adjointe de la Fondation internationale DARA, qui se consacre \u00e0 l'\u00e9valuation et au suivi des interventions de coop\u00e9ration au d\u00e9veloppement et d'aide humanitaire. Elle a men\u00e9 des missions de travail dans des contextes de crise et dans de nombreux pays d'Am\u00e9rique latine, d'Afrique et d'Asie.<\/p>\n\n\n\n<p>En 2011, elle rejoint l'\u00e9quipe de direction d'Ayuda en Acci\u00f3n, o\u00f9 elle contribue \u00e0 renforcer les relations institutionnelles et les alliances strat\u00e9giques avec le secteur priv\u00e9. Depuis janvier 2023, elle est directrice g\u00e9n\u00e9rale de la fondation Recover Hospitals for Africa, sp\u00e9cialis\u00e9e dans la coop\u00e9ration sanitaire dans la r\u00e9gion de l'Afrique subsaharienne.<\/p>\n\n\n\n<p>Pour la Recover Foundation, cette reconnaissance r\u00e9affirme l'engagement de son directeur \u00e0 am\u00e9liorer les soins de sant\u00e9 pour les populations les plus d\u00e9favoris\u00e9es d'Afrique.<\/p>\n\n\n\n<p>Lire l'article complet dans El Espa\u00f1ol ici : <a href=\"https:\/\/www.elespanol.com\/mujer\/lastop100\/20250216\/top-mujeres-lideres-espana-xii-edicion-politicas-pp-psoe-empresarias-cientificas\/923937601_3.html\" target=\"_blank\" rel=\"noreferrer noopener nofollow\"><mark style=\"background-color:rgba(0, 0, 0, 0)\" class=\"has-inline-color has-luminous-vivid-orange-color\">https:\/\/www.elespanol.com\/mujer\/lastop100\/20250216\/top-mujeres-lideres-espana-xii-edicion-politicas-pp-psoe-empresarias-cientificas\/923937601_3.html<\/mark><\/a><\/p>\n\n\n\n<p><\/p>","protected":false},"excerpt":{"rendered":"<p>Marta Mara\u00f1\u00f3n a consacr\u00e9 la majeure partie de sa vie professionnelle \u00e0 aider les autres, soit en am\u00e9liorant l'efficacit\u00e9 de l'aide gr\u00e2ce \u00e0 l'\u00e9valuation, soit en travaillant dans des organisations de coop\u00e9ration au d\u00e9veloppement.<\/p>","protected":false},"author":1,"featured_media":8649,"comment_status":"closed","ping_status":"closed","sticky":false,"template":"","format":"standard","meta":{"give_campaign_id":0,"footnotes":""},"categories":[11],"tags":[],"class_list":["post-8648","post","type-post","status-publish","format-standard","has-post-thumbnail","hentry","category-noticias"],"yoast_head":"<!-- This site is optimized with the Yoast SEO plugin v27.4 - https:\/\/yoast.com\/product\/yoast-seo-wordpress\/ -->\n<title>La directora general de Fundaci\u00f3n Recover entra en las &#039;Top 100 Mujeres L\u00edderes&#039; - Fundaci\u00f3n Recover Hospitales para \u00c1frica<\/title>\n<meta name=\"robots\" content=\"index, follow, max-snippet:-1, max-image-preview:large, max-video-preview:-1\" \/>\n<link rel=\"canonical\" href=\"https:\/\/fundacionrecover.org\/fr\/la-directrice-generale-de-la-fondation-recover-dans-le-top-100-des-femmes-les-plus-influentes\/\" \/>\n<meta property=\"og:locale\" content=\"fr_FR\" \/>\n<meta property=\"og:type\" content=\"article\" \/>\n<meta property=\"og:title\" content=\"La directora general de Fundaci\u00f3n Recover entra en las &#039;Top 100 Mujeres L\u00edderes&#039; - Fundaci\u00f3n Recover Hospitales para \u00c1frica\" \/>\n<meta property=\"og:description\" content=\"Marta Mara\u00f1\u00f3n ha dedicado la mayor parte de su vida profesional a ayudar a los dem\u00e1s, bien mejorando la eficacia de la ayuda a trav\u00e9s de la evaluaci\u00f3n, o bien trabajando en organizaciones de cooperaci\u00f3n al desarrollo.\" \/>\n<meta property=\"og:url\" content=\"https:\/\/fundacionrecover.org\/fr\/la-directrice-generale-de-la-fondation-recover-dans-le-top-100-des-femmes-les-plus-influentes\/\" \/>\n<meta property=\"og:site_name\" content=\"Fundaci\u00f3n Recover Hospitales para \u00c1frica\" \/>\n<meta property=\"article:publisher\" content=\"https:\/\/www.facebook.com\/fundacionrecover\/\" \/>\n<meta property=\"article:published_time\" content=\"2025-02-18T14:25:37+00:00\" \/>\n<meta property=\"og:image\" content=\"https:\/\/fundacionrecover.org\/wp-content\/uploads\/2025\/02\/Top-100.jpg\" \/>\n\t<meta property=\"og:image:width\" content=\"640\" \/>\n\t<meta property=\"og:image:height\" content=\"418\" \/>\n\t<meta property=\"og:image:type\" content=\"image\/jpeg\" \/>\n<meta name=\"author\" content=\"Recover\" \/>\n<meta name=\"twitter:card\" content=\"summary_large_image\" \/>\n<meta name=\"twitter:label1\" content=\"\u00c9crit par\" \/>\n\t<meta name=\"twitter:data1\" content=\"Recover\" \/>\n\t<meta name=\"twitter:label2\" content=\"Dur\u00e9e de lecture estim\u00e9e\" \/>\n\t<meta name=\"twitter:data2\" content=\"2 minutes\" \/>\n<script type=\"application\/ld+json\" class=\"yoast-schema-graph\">{\"@context\":\"https:\\\/\\\/schema.org\",\"@graph\":[{\"@type\":\"Article\",\"@id\":\"https:\\\/\\\/fundacionrecover.org\\\/la-directora-general-de-fundacion-recover-en-las-top-100-mujeres-lideres\\\/#article\",\"isPartOf\":{\"@id\":\"https:\\\/\\\/fundacionrecover.org\\\/la-directora-general-de-fundacion-recover-en-las-top-100-mujeres-lideres\\\/\"},\"author\":{\"name\":\"Recover\",\"@id\":\"https:\\\/\\\/fundacionrecover.org\\\/#\\\/schema\\\/person\\\/dd196faabb13b5c6e72c88bc6f7c6fb6\"},\"headline\":\"La directora general de Fundaci\u00f3n Recover entra en las &#8216;Top 100 Mujeres L\u00edderes&#8217;\",\"datePublished\":\"2025-02-18T14:25:37+00:00\",\"mainEntityOfPage\":{\"@id\":\"https:\\\/\\\/fundacionrecover.org\\\/la-directora-general-de-fundacion-recover-en-las-top-100-mujeres-lideres\\\/\"},\"wordCount\":271,\"publisher\":{\"@id\":\"https:\\\/\\\/fundacionrecover.org\\\/#organization\"},\"image\":{\"@id\":\"https:\\\/\\\/fundacionrecover.org\\\/la-directora-general-de-fundacion-recover-en-las-top-100-mujeres-lideres\\\/#primaryimage\"},\"thumbnailUrl\":\"https:\\\/\\\/fundacionrecover.org\\\/wp-content\\\/uploads\\\/2025\\\/02\\\/Top-100.jpg\",\"articleSection\":[\"Noticias\"],\"inLanguage\":\"fr-FR\"},{\"@type\":\"WebPage\",\"@id\":\"https:\\\/\\\/fundacionrecover.org\\\/la-directora-general-de-fundacion-recover-en-las-top-100-mujeres-lideres\\\/\",\"url\":\"https:\\\/\\\/fundacionrecover.org\\\/la-directora-general-de-fundacion-recover-en-las-top-100-mujeres-lideres\\\/\",\"name\":\"La directora general de Fundaci\u00f3n Recover entra en las 'Top 100 Mujeres L\u00edderes' - Fundaci\u00f3n Recover Hospitales para \u00c1frica\",\"isPartOf\":{\"@id\":\"https:\\\/\\\/fundacionrecover.org\\\/#website\"},\"primaryImageOfPage\":{\"@id\":\"https:\\\/\\\/fundacionrecover.org\\\/la-directora-general-de-fundacion-recover-en-las-top-100-mujeres-lideres\\\/#primaryimage\"},\"image\":{\"@id\":\"https:\\\/\\\/fundacionrecover.org\\\/la-directora-general-de-fundacion-recover-en-las-top-100-mujeres-lideres\\\/#primaryimage\"},\"thumbnailUrl\":\"https:\\\/\\\/fundacionrecover.org\\\/wp-content\\\/uploads\\\/2025\\\/02\\\/Top-100.jpg\",\"datePublished\":\"2025-02-18T14:25:37+00:00\",\"breadcrumb\":{\"@id\":\"https:\\\/\\\/fundacionrecover.org\\\/la-directora-general-de-fundacion-recover-en-las-top-100-mujeres-lideres\\\/#breadcrumb\"},\"inLanguage\":\"fr-FR\",\"potentialAction\":[{\"@type\":\"ReadAction\",\"target\":[\"https:\\\/\\\/fundacionrecover.org\\\/la-directora-general-de-fundacion-recover-en-las-top-100-mujeres-lideres\\\/\"]}]},{\"@type\":\"ImageObject\",\"inLanguage\":\"fr-FR\",\"@id\":\"https:\\\/\\\/fundacionrecover.org\\\/la-directora-general-de-fundacion-recover-en-las-top-100-mujeres-lideres\\\/#primaryimage\",\"url\":\"https:\\\/\\\/fundacionrecover.org\\\/wp-content\\\/uploads\\\/2025\\\/02\\\/Top-100.jpg\",\"contentUrl\":\"https:\\\/\\\/fundacionrecover.org\\\/wp-content\\\/uploads\\\/2025\\\/02\\\/Top-100.jpg\",\"width\":640,\"height\":418},{\"@type\":\"BreadcrumbList\",\"@id\":\"https:\\\/\\\/fundacionrecover.org\\\/la-directora-general-de-fundacion-recover-en-las-top-100-mujeres-lideres\\\/#breadcrumb\",\"itemListElement\":[{\"@type\":\"ListItem\",\"position\":1,\"name\":\"Home\",\"item\":\"https:\\\/\\\/fundacionrecover.org\\\/\"},{\"@type\":\"ListItem\",\"position\":2,\"name\":\"Noticias\",\"item\":\"https:\\\/\\\/fundacionrecover.org\\\/category\\\/noticias\\\/\"},{\"@type\":\"ListItem\",\"position\":3,\"name\":\"La directora general de Fundaci\u00f3n Recover entra en las &#8216;Top 100 Mujeres L\u00edderes&#8217;\"}]},{\"@type\":\"WebSite\",\"@id\":\"https:\\\/\\\/fundacionrecover.org\\\/#website\",\"url\":\"https:\\\/\\\/fundacionrecover.org\\\/\",\"name\":\"Fundaci\u00f3n Recover Hospitales para \u00c1frica\",\"description\":\"Fundaci\u00f3n Recover\",\"publisher\":{\"@id\":\"https:\\\/\\\/fundacionrecover.org\\\/#organization\"},\"potentialAction\":[{\"@type\":\"SearchAction\",\"target\":{\"@type\":\"EntryPoint\",\"urlTemplate\":\"https:\\\/\\\/fundacionrecover.org\\\/?s={search_term_string}\"},\"query-input\":{\"@type\":\"PropertyValueSpecification\",\"valueRequired\":true,\"valueName\":\"search_term_string\"}}],\"inLanguage\":\"fr-FR\"},{\"@type\":\"Organization\",\"@id\":\"https:\\\/\\\/fundacionrecover.org\\\/#organization\",\"name\":\"Fundaci\u00f3n Recover, Hospitales para \u00c1frica\",\"alternateName\":\"Fundaci\u00f3n Recover\",\"url\":\"https:\\\/\\\/fundacionrecover.org\\\/\",\"logo\":{\"@type\":\"ImageObject\",\"inLanguage\":\"fr-FR\",\"@id\":\"https:\\\/\\\/fundacionrecover.org\\\/#\\\/schema\\\/logo\\\/image\\\/\",\"url\":\"https:\\\/\\\/fundacionrecover.org\\\/wp-content\\\/uploads\\\/2024\\\/03\\\/FundacionRecoverHospitalesParaAfrica_logo_blanco_cut.png\",\"contentUrl\":\"https:\\\/\\\/fundacionrecover.org\\\/wp-content\\\/uploads\\\/2024\\\/03\\\/FundacionRecoverHospitalesParaAfrica_logo_blanco_cut.png\",\"width\":335,\"height\":183,\"caption\":\"Fundaci\u00f3n Recover, Hospitales para \u00c1frica\"},\"image\":{\"@id\":\"https:\\\/\\\/fundacionrecover.org\\\/#\\\/schema\\\/logo\\\/image\\\/\"},\"sameAs\":[\"https:\\\/\\\/www.facebook.com\\\/fundacionrecover\\\/\",\"https:\\\/\\\/www.instagram.com\\\/fundacionrecover\\\/\",\"https:\\\/\\\/www.linkedin.com\\\/company\\\/fundaci\u00f3n-recover-hospitales-para-\u00e1frica\\\/\",\"https:\\\/\\\/www.tiktok.com\\\/@fundacionrecover\"]},{\"@type\":\"Person\",\"@id\":\"https:\\\/\\\/fundacionrecover.org\\\/#\\\/schema\\\/person\\\/dd196faabb13b5c6e72c88bc6f7c6fb6\",\"name\":\"Recover\",\"sameAs\":[\"https:\\\/\\\/fundacionrecover.org\"]}]}<\/script>\n<!-- \/ Yoast SEO plugin. -->","yoast_head_json":{"title":"La PDG de la Fondation Recover entre dans le \"Top 100 Women Leaders\" - Fundaci\u00f3n Recover Hospitales para \u00c1frica","robots":{"index":"index","follow":"follow","max-snippet":"max-snippet:-1","max-image-preview":"max-image-preview:large","max-video-preview":"max-video-preview:-1"},"canonical":"https:\/\/fundacionrecover.org\/fr\/la-directrice-generale-de-la-fondation-recover-dans-le-top-100-des-femmes-les-plus-influentes\/","og_locale":"fr_FR","og_type":"article","og_title":"La directora general de Fundaci\u00f3n Recover entra en las 'Top 100 Mujeres L\u00edderes' - Fundaci\u00f3n Recover Hospitales para \u00c1frica","og_description":"Marta Mara\u00f1\u00f3n ha dedicado la mayor parte de su vida profesional a ayudar a los dem\u00e1s, bien mejorando la eficacia de la ayuda a trav\u00e9s de la evaluaci\u00f3n, o bien trabajando en organizaciones de cooperaci\u00f3n al desarrollo.","og_url":"https:\/\/fundacionrecover.org\/fr\/la-directrice-generale-de-la-fondation-recover-dans-le-top-100-des-femmes-les-plus-influentes\/","og_site_name":"Fundaci\u00f3n Recover Hospitales para \u00c1frica","article_publisher":"https:\/\/www.facebook.com\/fundacionrecover\/","article_published_time":"2025-02-18T14:25:37+00:00","og_image":[{"width":640,"height":418,"url":"https:\/\/fundacionrecover.org\/wp-content\/uploads\/2025\/02\/Top-100.jpg","type":"image\/jpeg"}],"author":"Recover","twitter_card":"summary_large_image","twitter_misc":{"\u00c9crit par":"Recover","Dur\u00e9e de lecture estim\u00e9e":"2 minutes"},"schema":{"@context":"https:\/\/schema.org","@graph":[{"@type":"Article","@id":"https:\/\/fundacionrecover.org\/la-directora-general-de-fundacion-recover-en-las-top-100-mujeres-lideres\/#article","isPartOf":{"@id":"https:\/\/fundacionrecover.org\/la-directora-general-de-fundacion-recover-en-las-top-100-mujeres-lideres\/"},"author":{"name":"Recover","@id":"https:\/\/fundacionrecover.org\/#\/schema\/person\/dd196faabb13b5c6e72c88bc6f7c6fb6"},"headline":"La directora general de Fundaci\u00f3n Recover entra en las &#8216;Top 100 Mujeres L\u00edderes&#8217;","datePublished":"2025-02-18T14:25:37+00:00","mainEntityOfPage":{"@id":"https:\/\/fundacionrecover.org\/la-directora-general-de-fundacion-recover-en-las-top-100-mujeres-lideres\/"},"wordCount":271,"publisher":{"@id":"https:\/\/fundacionrecover.org\/#organization"},"image":{"@id":"https:\/\/fundacionrecover.org\/la-directora-general-de-fundacion-recover-en-las-top-100-mujeres-lideres\/#primaryimage"},"thumbnailUrl":"https:\/\/fundacionrecover.org\/wp-content\/uploads\/2025\/02\/Top-100.jpg","articleSection":["Noticias"],"inLanguage":"fr-FR"},{"@type":"WebPage","@id":"https:\/\/fundacionrecover.org\/la-directora-general-de-fundacion-recover-en-las-top-100-mujeres-lideres\/","url":"https:\/\/fundacionrecover.org\/la-directora-general-de-fundacion-recover-en-las-top-100-mujeres-lideres\/","name":"La PDG de la Fondation Recover entre dans le \"Top 100 Women Leaders\" - Fundaci\u00f3n Recover Hospitales para \u00c1frica","isPartOf":{"@id":"https:\/\/fundacionrecover.org\/#website"},"primaryImageOfPage":{"@id":"https:\/\/fundacionrecover.org\/la-directora-general-de-fundacion-recover-en-las-top-100-mujeres-lideres\/#primaryimage"},"image":{"@id":"https:\/\/fundacionrecover.org\/la-directora-general-de-fundacion-recover-en-las-top-100-mujeres-lideres\/#primaryimage"},"thumbnailUrl":"https:\/\/fundacionrecover.org\/wp-content\/uploads\/2025\/02\/Top-100.jpg","datePublished":"2025-02-18T14:25:37+00:00","breadcrumb":{"@id":"https:\/\/fundacionrecover.org\/la-directora-general-de-fundacion-recover-en-las-top-100-mujeres-lideres\/#breadcrumb"},"inLanguage":"fr-FR","potentialAction":[{"@type":"ReadAction","target":["https:\/\/fundacionrecover.org\/la-directora-general-de-fundacion-recover-en-las-top-100-mujeres-lideres\/"]}]},{"@type":"ImageObject","inLanguage":"fr-FR","@id":"https:\/\/fundacionrecover.org\/la-directora-general-de-fundacion-recover-en-las-top-100-mujeres-lideres\/#primaryimage","url":"https:\/\/fundacionrecover.org\/wp-content\/uploads\/2025\/02\/Top-100.jpg","contentUrl":"https:\/\/fundacionrecover.org\/wp-content\/uploads\/2025\/02\/Top-100.jpg","width":640,"height":418},{"@type":"BreadcrumbList","@id":"https:\/\/fundacionrecover.org\/la-directora-general-de-fundacion-recover-en-las-top-100-mujeres-lideres\/#breadcrumb","itemListElement":[{"@type":"ListItem","position":1,"name":"Home","item":"https:\/\/fundacionrecover.org\/"},{"@type":"ListItem","position":2,"name":"Noticias","item":"https:\/\/fundacionrecover.org\/category\/noticias\/"},{"@type":"ListItem","position":3,"name":"La directora general de Fundaci\u00f3n Recover entra en las &#8216;Top 100 Mujeres L\u00edderes&#8217;"}]},{"@type":"WebSite","@id":"https:\/\/fundacionrecover.org\/#website","url":"https:\/\/fundacionrecover.org\/","name":"La Fondation Recover, H\u00f2pitaux pour l\u2019Afrique","description":"La Fondation Recover","publisher":{"@id":"https:\/\/fundacionrecover.org\/#organization"},"potentialAction":[{"@type":"SearchAction","target":{"@type":"EntryPoint","urlTemplate":"https:\/\/fundacionrecover.org\/?s={search_term_string}"},"query-input":{"@type":"PropertyValueSpecification","valueRequired":true,"valueName":"search_term_string"}}],"inLanguage":"fr-FR"},{"@type":"Organization","@id":"https:\/\/fundacionrecover.org\/#organization","name":"La Fondation Recover, H\u00f2pitaux pour l\u2019Afrique","alternateName":"Fundaci\u00f3n Recover","url":"https:\/\/fundacionrecover.org\/","logo":{"@type":"ImageObject","inLanguage":"fr-FR","@id":"https:\/\/fundacionrecover.org\/#\/schema\/logo\/image\/","url":"https:\/\/fundacionrecover.org\/wp-content\/uploads\/2024\/03\/FundacionRecoverHospitalesParaAfrica_logo_blanco_cut.png","contentUrl":"https:\/\/fundacionrecover.org\/wp-content\/uploads\/2024\/03\/FundacionRecoverHospitalesParaAfrica_logo_blanco_cut.png","width":335,"height":183,"caption":"Fundaci\u00f3n Recover, Hospitales para \u00c1frica"},"image":{"@id":"https:\/\/fundacionrecover.org\/#\/schema\/logo\/image\/"},"sameAs":["https:\/\/www.facebook.com\/fundacionrecover\/","https:\/\/www.instagram.com\/fundacionrecover\/","https:\/\/www.linkedin.com\/company\/fundaci\u00f3n-recover-hospitales-para-\u00e1frica\/","https:\/\/www.tiktok.com\/@fundacionrecover"]},{"@type":"Person","@id":"https:\/\/fundacionrecover.org\/#\/schema\/person\/dd196faabb13b5c6e72c88bc6f7c6fb6","name":"R\u00e9cup\u00e9rer","sameAs":["https:\/\/fundacionrecover.org"]}]}},"_links":{"self":[{"href":"https:\/\/fundacionrecover.org\/fr\/wp-json\/wp\/v2\/posts\/8648","targetHints":{"allow":["GET"]}}],"collection":[{"href":"https:\/\/fundacionrecover.org\/fr\/wp-json\/wp\/v2\/posts"}],"about":[{"href":"https:\/\/fundacionrecover.org\/fr\/wp-json\/wp\/v2\/types\/post"}],"author":[{"embeddable":true,"href":"https:\/\/fundacionrecover.org\/fr\/wp-json\/wp\/v2\/users\/1"}],"replies":[{"embeddable":true,"href":"https:\/\/fundacionrecover.org\/fr\/wp-json\/wp\/v2\/comments?post=8648"}],"version-history":[{"count":0,"href":"https:\/\/fundacionrecover.org\/fr\/wp-json\/wp\/v2\/posts\/8648\/revisions"}],"wp:featuredmedia":[{"embeddable":true,"href":"https:\/\/fundacionrecover.org\/fr\/wp-json\/wp\/v2\/media\/8649"}],"wp:attachment":[{"href":"https:\/\/fundacionrecover.org\/fr\/wp-json\/wp\/v2\/media?parent=8648"}],"wp:term":[{"taxonomy":"category","embeddable":true,"href":"https:\/\/fundacionrecover.org\/fr\/wp-json\/wp\/v2\/categories?post=8648"},{"taxonomy":"post_tag","embeddable":true,"href":"https:\/\/fundacionrecover.org\/fr\/wp-json\/wp\/v2\/tags?post=8648"}],"curies":[{"name":"wp","href":"https:\/\/api.w.org\/{rel}","templated":true}]}}