{"id":9308,"date":"2025-03-21T14:06:52","date_gmt":"2025-03-21T13:06:52","guid":{"rendered":"https:\/\/fundacionrecover.org\/?p=9308"},"modified":"2025-04-22T22:29:00","modified_gmt":"2025-04-22T20:29:00","slug":"fundacion-recover-del-corazon-to-health-campaign-work","status":"publish","type":"post","link":"https:\/\/fundacionrecover.org\/fr\/fundacion-recover-del-corazon-a-la-labor-campana-de-salud\/","title":{"rendered":"Fondation Recover, du c\u0153ur \u00e0 l\u2019ouvrage"},"content":{"rendered":"<p>La sant\u00e9 est un droit fondamental, et chaque individu m\u00e9rite d\u2019avoir acc\u00e8s aux soins m\u00e9dicaux dont il a besoin.  Cependant, les co\u00fbts de traitements chirurgicaux peuvent repr\u00e9senter une barri\u00e8re insurmontable, pour de nombreuses personnes. C\u2019est dans ce contexte que la campagne de chirurgie de la Fondation Recover, a \u00e9t\u00e9 men\u00e9e avec pour objectif de soutenir les patients dans le besoin, tout en les offrant une chance de gu\u00e9rison.<\/p>\n\n\n\n<p>Arriv\u00e9e dans la nuit du dimanche 9 f\u00e9vrier, l\u2019\u00e9quipe de campagne compos\u00e9e de deux m\u00e9decins chirurgiens, d\u2019un m\u00e9decin anesth\u00e9siste, d\u2019une infirmi\u00e8re de bloc op\u00e9ratoire et d\u2019une infirmi\u00e8re urgentiste a d\u00e9pos\u00e9 ses valises dans la commune de Batcham, d\u00e9partement des Bamboutos, r\u00e9gion de l\u2019Ouest Cameroun.<\/p>\n\n\n\n<p>La journ\u00e9e d\u00e9bute avec un petit d\u00e9jeuner pour l\u2019\u00e9quipe de la fondation Recover. Un moyen de faire le plein d\u2019\u00e9nergie avant de commencer la dure journ\u00e9e qui s\u2019annonce. En effet, une campagne gratuite de soins de sant\u00e9 en chirurgie va se d\u00e9rouler durant cinq jours dans cette partie du pays.  Autour de la table, face aux couverts dress\u00e9s pour l\u2019occasion, l\u2019on discute, sirote une tasse de caf\u00e9 entre deux \u00e9clats de rires. De la bonne humeur est distill\u00e9e avant d\u2019enfiler chacun sa blouse blanche. Juste apr\u00e8s, direction le centre m\u00e9dical.<\/p>\n\n\n\n<p>Dans le hall de ce centre m\u00e9dicalis\u00e9, des patients hommes et femmes confondus, la cinquantaine environ, pour la plupart, attendent.  Ils semblent abattus, rong\u00e9s par le virus de la maladie et anim\u00e9s par un seul d\u00e9sir : celui de retrouver la sant\u00e9. Mais, ils devront encore patienter. Et pour cause, l\u2019unique bloc op\u00e9ratoire de cette formation sanitaire est occup\u00e9 par le personnel local.  Une op\u00e9ration de c\u00e9sarienne est en cours. 46 minutes auront suffi \u00e0 la dame de 47 ans, pour faire venir au monde une petite fille.<\/p>\n\n\n\n<figure class=\"wp-block-image alignleft size-large is-resized\"><img fetchpriority=\"high\" decoding=\"async\" width=\"1024\" height=\"853\" src=\"https:\/\/fundacionrecover.org\/wp-content\/uploads\/2025\/03\/Articulo-cirugia-operando-para-el-interior-del-articulo-no-para-cabecera-1024x853.jpg\" alt=\"\" class=\"wp-image-9309\" style=\"width:491px;height:auto\" srcset=\"https:\/\/fundacionrecover.org\/wp-content\/uploads\/2025\/03\/Articulo-cirugia-operando-para-el-interior-del-articulo-no-para-cabecera-1024x853.jpg 1024w, https:\/\/fundacionrecover.org\/wp-content\/uploads\/2025\/03\/Articulo-cirugia-operando-para-el-interior-del-articulo-no-para-cabecera-300x250.jpg 300w, https:\/\/fundacionrecover.org\/wp-content\/uploads\/2025\/03\/Articulo-cirugia-operando-para-el-interior-del-articulo-no-para-cabecera-768x640.jpg 768w, https:\/\/fundacionrecover.org\/wp-content\/uploads\/2025\/03\/Articulo-cirugia-operando-para-el-interior-del-articulo-no-para-cabecera-14x12.jpg 14w, https:\/\/fundacionrecover.org\/wp-content\/uploads\/2025\/03\/Articulo-cirugia-operando-para-el-interior-del-articulo-no-para-cabecera.jpg 1200w\" sizes=\"(max-width: 1024px) 100vw, 1024px\" \/><\/figure>\n\n\n\n<p>Dans la liste des patients du jour, 47 personnes enregistr\u00e9es. \u00ab Nous les avons subdivis\u00e9s en groupes de huit, afin de donner la possibilit\u00e9 \u00e0 tout le monde d\u2019en b\u00e9n\u00e9ficier \u00bb, a laiss\u00e9 entendre Dr Christian, m\u00e9decin en chef du Centre de sant\u00e9 de Batcham. Un nombre assez important, qui d\u00e9montre la n\u00e9cessit\u00e9 de ce type de campagne.<\/p>\n\n\n\n<p>Afin de saisir cette opportunit\u00e9, Jean Djiogue, commer\u00e7ant, a d\u00fb effectuer le parcours du combattant pour b\u00e9n\u00e9ficier de cette campagne. \u00ab J\u2019ai quitt\u00e9 la ville de Bafoussam t\u00f4t ce matin accompagn\u00e9 de ma fille et je suis vraiment impressionn\u00e9, car aussit\u00f4t arriv\u00e9s, nous avons \u00e9t\u00e9 pris en charge par l\u2019\u00e9quipe m\u00e9dicale \u00bb, a-t-il confi\u00e9. Il ajoute : \u00ab je trouve n\u00e9anmoins que la dur\u00e9e de la campagne n\u2019est pas assez suffisante. Si ce genre d\u2019initiative peut s\u2019\u00e9tendre sur une p\u00e9riode plus large, \u00e7a nous ferait beaucoup de bien. \u00bb<\/p>\n\n\n\n<p>Comme lui, Corine Bantio, ag\u00e9e de 19 ans est \u00e9tudiante dans la ville de Douala. 270 km, soit six heures de route la s\u00e9pare de sa famille.  Remplie d\u2019angoisse, elle sillonne les couloirs de l\u2019h\u00f4pital, attendant d\u00e9sesp\u00e9r\u00e9ment son tour. Depuis pr\u00e8s de trois ans, cette derni\u00e8re souffre d\u2019un Nodule sur le sein gauche. \u00ab J\u2019ai vraiment espoir que tout se d\u00e9roule bien \u00bb, a-t-elle laiss\u00e9 entendre avant son admission au bloc op\u00e9ratoire. Le jour d\u2019apr\u00e8s, le 11 f\u00e9vrier, nous sommes repartis \u00e0 sa rencontre, avec des s\u00e9quelles certes, mais d\u00e9sormais d\u00e9barrass\u00e9e de ce mal qui lui a caus\u00e9 tant de peine.<\/p>\n\n\n\n<figure class=\"wp-block-image alignright size-large is-resized\"><img decoding=\"async\" width=\"1024\" height=\"768\" src=\"https:\/\/fundacionrecover.org\/wp-content\/uploads\/2025\/03\/WhatsApp-Image-2025-03-18-at-12.39.45-1024x768.jpeg\" alt=\"t\u00e9moignage_batchman_camerun_julien_ebeleba\" class=\"wp-image-9311\" style=\"width:436px;height:auto\" srcset=\"https:\/\/fundacionrecover.org\/wp-content\/uploads\/2025\/03\/WhatsApp-Image-2025-03-18-at-12.39.45-1024x768.jpeg 1024w, https:\/\/fundacionrecover.org\/wp-content\/uploads\/2025\/03\/WhatsApp-Image-2025-03-18-at-12.39.45-300x225.jpeg 300w, https:\/\/fundacionrecover.org\/wp-content\/uploads\/2025\/03\/WhatsApp-Image-2025-03-18-at-12.39.45-768x576.jpeg 768w, https:\/\/fundacionrecover.org\/wp-content\/uploads\/2025\/03\/WhatsApp-Image-2025-03-18-at-12.39.45-16x12.jpeg 16w, https:\/\/fundacionrecover.org\/wp-content\/uploads\/2025\/03\/WhatsApp-Image-2025-03-18-at-12.39.45.jpeg 1080w\" sizes=\"(max-width: 1024px) 100vw, 1024px\" \/><figcaption class=\"wp-element-caption\"><mark style=\"background-color:rgba(0, 0, 0, 0)\" class=\"has-inline-color has-luminous-vivid-orange-color\"><em>ean Julien Ebeleba Alima, l'\u00e9tudiant en journalisme qui signe ce t\u00e9moignage, avec le b\u00e9n\u00e9vole Meritxell Riba<\/em><\/mark><\/figcaption><\/figure>\n\n\n\n<p>La campagne chirurgicale organis\u00e9e par la fondation Recover a \u00e9t\u00e9 pour les initiateurs, une <strong>\u00ab mission accomplie \u00bb<\/strong>. Sur les 47 personnes enregistr\u00e9es, 32 patients ont \u00e9t\u00e9 s\u00e9lectionn\u00e9s et 41 op\u00e9rations chirurgicales r\u00e9alis\u00e9es, car il y\u2019avait des patients avec un besoin de plusieurs op\u00e9rations.<\/p>\n\n\n\n<p>La Fondation Recover est un organisme \u00e0 but non lucratif cr\u00e9\u00e9e et l\u00e9galis\u00e9e en 2021 au Cameroun \u0153uvrant dans a coop\u00e9ration sanitaire. Par cette campagne de sant\u00e9, elle a encore redonn\u00e9 espoir \u00e0 ces populations vuln\u00e9rables. C\u2019\u00e9tait aussi l\u2019occasion pour l\u2019\u00e9quipe dirigeante de renforcer les capacit\u00e9s des personnels des structures sanitaires avec lesquels elle collabore, dans l\u2019optique d\u2019offrir des soins de qualit\u00e9 aux personnes disposant de peu de ressources.<\/p>\n\n\n\n<p>Le soutien de chacun, m\u00eame modeste, peut faire une diff\u00e9rence significative. Ensemble, nous pouvons offrir un avenir plus radieux \u00e0 ceux qui en ont besoin.<\/p>\n\n\n\n<hr class=\"wp-block-separator has-text-color has-luminous-vivid-orange-color has-alpha-channel-opacity has-luminous-vivid-orange-background-color has-background is-style-default\"\/>\n\n\n\n<p><em>Par Jean Julien Ebeleba Alima<\/em><\/p>\n\n\n\n<div style=\"height:21px\" aria-hidden=\"true\" class=\"wp-block-spacer\"><\/div>","protected":false},"excerpt":{"rendered":"<p>Cette fondation a organis\u00e9 une campagne de consultations gratuites dans la ville de Batcham du 10 au 15 f\u00e9vrier pour venir en aide aux populations les plus vuln\u00e9rables - \u00c9crit par Jean Julien Ebeleba Alima<\/p>","protected":false},"author":1,"featured_media":9310,"comment_status":"closed","ping_status":"closed","sticky":false,"template":"","format":"standard","meta":{"give_campaign_id":0,"footnotes":""},"categories":[34],"tags":[],"class_list":["post-9308","post","type-post","status-publish","format-standard","has-post-thumbnail","hentry","category-voluntariado"],"yoast_head":"<!-- This site is optimized with the Yoast SEO plugin v27.4 - https:\/\/yoast.com\/product\/yoast-seo-wordpress\/ -->\n<title>Fundaci\u00f3n Recover, del coraz\u00f3n a la labor - Fundaci\u00f3n Recover Hospitales para \u00c1frica<\/title>\n<meta name=\"robots\" content=\"index, follow, max-snippet:-1, max-image-preview:large, max-video-preview:-1\" \/>\n<link rel=\"canonical\" href=\"https:\/\/fundacionrecover.org\/fr\/fundacion-recover-del-corazon-to-health-campaign-work\/\" \/>\n<meta property=\"og:locale\" content=\"fr_FR\" \/>\n<meta property=\"og:type\" content=\"article\" \/>\n<meta property=\"og:title\" content=\"Fundaci\u00f3n Recover, del coraz\u00f3n a la labor - Fundaci\u00f3n Recover Hospitales para \u00c1frica\" \/>\n<meta property=\"og:description\" content=\"Esta fundaci\u00f3n organiz\u00f3 una campa\u00f1a de cirug\u00edas gratuitas en la localidad de Batcham del 10 al 15 de febrero para ayudar a las poblaciones m\u00e1s vulnerables - Escrito por Jean Julien Ebeleba Alima\" \/>\n<meta property=\"og:url\" content=\"https:\/\/fundacionrecover.org\/fr\/fundacion-recover-del-corazon-to-health-campaign-work\/\" \/>\n<meta property=\"og:site_name\" content=\"Fundaci\u00f3n Recover Hospitales para \u00c1frica\" \/>\n<meta property=\"article:publisher\" content=\"https:\/\/www.facebook.com\/fundacionrecover\/\" \/>\n<meta property=\"article:published_time\" content=\"2025-03-21T13:06:52+00:00\" \/>\n<meta property=\"article:modified_time\" content=\"2025-04-22T20:29:00+00:00\" \/>\n<meta property=\"og:image\" content=\"https:\/\/fundacionrecover.org\/wp-content\/uploads\/2025\/03\/WhatsApp-Image-2025-03-05-at-12.46.08.jpeg\" \/>\n\t<meta property=\"og:image:width\" content=\"810\" \/>\n\t<meta property=\"og:image:height\" content=\"1080\" \/>\n\t<meta property=\"og:image:type\" content=\"image\/jpeg\" \/>\n<meta name=\"author\" content=\"Recover\" \/>\n<meta name=\"twitter:card\" content=\"summary_large_image\" \/>\n<meta name=\"twitter:label1\" content=\"\u00c9crit par\" \/>\n\t<meta name=\"twitter:data1\" content=\"Recover\" \/>\n\t<meta name=\"twitter:label2\" content=\"Dur\u00e9e de lecture estim\u00e9e\" \/>\n\t<meta name=\"twitter:data2\" content=\"4 minutes\" \/>\n<script type=\"application\/ld+json\" class=\"yoast-schema-graph\">{\"@context\":\"https:\\\/\\\/schema.org\",\"@graph\":[{\"@type\":\"Article\",\"@id\":\"https:\\\/\\\/fundacionrecover.org\\\/fundacion-recover-del-corazon-a-la-labor-campana-de-salud\\\/#article\",\"isPartOf\":{\"@id\":\"https:\\\/\\\/fundacionrecover.org\\\/fundacion-recover-del-corazon-a-la-labor-campana-de-salud\\\/\"},\"author\":{\"name\":\"Recover\",\"@id\":\"https:\\\/\\\/fundacionrecover.org\\\/#\\\/schema\\\/person\\\/dd196faabb13b5c6e72c88bc6f7c6fb6\"},\"headline\":\"Fundaci\u00f3n Recover, del coraz\u00f3n a la labor\",\"datePublished\":\"2025-03-21T13:06:52+00:00\",\"dateModified\":\"2025-04-22T20:29:00+00:00\",\"mainEntityOfPage\":{\"@id\":\"https:\\\/\\\/fundacionrecover.org\\\/fundacion-recover-del-corazon-a-la-labor-campana-de-salud\\\/\"},\"wordCount\":674,\"publisher\":{\"@id\":\"https:\\\/\\\/fundacionrecover.org\\\/#organization\"},\"image\":{\"@id\":\"https:\\\/\\\/fundacionrecover.org\\\/fundacion-recover-del-corazon-a-la-labor-campana-de-salud\\\/#primaryimage\"},\"thumbnailUrl\":\"https:\\\/\\\/fundacionrecover.org\\\/wp-content\\\/uploads\\\/2025\\\/03\\\/WhatsApp-Image-2025-03-05-at-12.46.08.jpeg\",\"articleSection\":[\"Voluntariado\"],\"inLanguage\":\"fr-FR\"},{\"@type\":\"WebPage\",\"@id\":\"https:\\\/\\\/fundacionrecover.org\\\/fundacion-recover-del-corazon-a-la-labor-campana-de-salud\\\/\",\"url\":\"https:\\\/\\\/fundacionrecover.org\\\/fundacion-recover-del-corazon-a-la-labor-campana-de-salud\\\/\",\"name\":\"Fundaci\u00f3n Recover, del coraz\u00f3n a la labor - Fundaci\u00f3n Recover Hospitales para \u00c1frica\",\"isPartOf\":{\"@id\":\"https:\\\/\\\/fundacionrecover.org\\\/#website\"},\"primaryImageOfPage\":{\"@id\":\"https:\\\/\\\/fundacionrecover.org\\\/fundacion-recover-del-corazon-a-la-labor-campana-de-salud\\\/#primaryimage\"},\"image\":{\"@id\":\"https:\\\/\\\/fundacionrecover.org\\\/fundacion-recover-del-corazon-a-la-labor-campana-de-salud\\\/#primaryimage\"},\"thumbnailUrl\":\"https:\\\/\\\/fundacionrecover.org\\\/wp-content\\\/uploads\\\/2025\\\/03\\\/WhatsApp-Image-2025-03-05-at-12.46.08.jpeg\",\"datePublished\":\"2025-03-21T13:06:52+00:00\",\"dateModified\":\"2025-04-22T20:29:00+00:00\",\"breadcrumb\":{\"@id\":\"https:\\\/\\\/fundacionrecover.org\\\/fundacion-recover-del-corazon-a-la-labor-campana-de-salud\\\/#breadcrumb\"},\"inLanguage\":\"fr-FR\",\"potentialAction\":[{\"@type\":\"ReadAction\",\"target\":[\"https:\\\/\\\/fundacionrecover.org\\\/fundacion-recover-del-corazon-a-la-labor-campana-de-salud\\\/\"]}]},{\"@type\":\"ImageObject\",\"inLanguage\":\"fr-FR\",\"@id\":\"https:\\\/\\\/fundacionrecover.org\\\/fundacion-recover-del-corazon-a-la-labor-campana-de-salud\\\/#primaryimage\",\"url\":\"https:\\\/\\\/fundacionrecover.org\\\/wp-content\\\/uploads\\\/2025\\\/03\\\/WhatsApp-Image-2025-03-05-at-12.46.08.jpeg\",\"contentUrl\":\"https:\\\/\\\/fundacionrecover.org\\\/wp-content\\\/uploads\\\/2025\\\/03\\\/WhatsApp-Image-2025-03-05-at-12.46.08.jpeg\",\"width\":810,\"height\":1080,\"caption\":\"De izquierda a derecha: Marta Navarro, Dr. Dar\u00edo Carvajal, Emilie Ngono, Dr. Luis Boccalatte, Dr. Anna Curell y Meritxell Riba\"},{\"@type\":\"BreadcrumbList\",\"@id\":\"https:\\\/\\\/fundacionrecover.org\\\/fundacion-recover-del-corazon-a-la-labor-campana-de-salud\\\/#breadcrumb\",\"itemListElement\":[{\"@type\":\"ListItem\",\"position\":1,\"name\":\"Home\",\"item\":\"https:\\\/\\\/fundacionrecover.org\\\/\"},{\"@type\":\"ListItem\",\"position\":2,\"name\":\"Voluntariado\",\"item\":\"https:\\\/\\\/fundacionrecover.org\\\/category\\\/voluntariado\\\/\"},{\"@type\":\"ListItem\",\"position\":3,\"name\":\"Fundaci\u00f3n Recover, del coraz\u00f3n a la labor\"}]},{\"@type\":\"WebSite\",\"@id\":\"https:\\\/\\\/fundacionrecover.org\\\/#website\",\"url\":\"https:\\\/\\\/fundacionrecover.org\\\/\",\"name\":\"Fundaci\u00f3n Recover Hospitales para \u00c1frica\",\"description\":\"Fundaci\u00f3n Recover\",\"publisher\":{\"@id\":\"https:\\\/\\\/fundacionrecover.org\\\/#organization\"},\"potentialAction\":[{\"@type\":\"SearchAction\",\"target\":{\"@type\":\"EntryPoint\",\"urlTemplate\":\"https:\\\/\\\/fundacionrecover.org\\\/?s={search_term_string}\"},\"query-input\":{\"@type\":\"PropertyValueSpecification\",\"valueRequired\":true,\"valueName\":\"search_term_string\"}}],\"inLanguage\":\"fr-FR\"},{\"@type\":\"Organization\",\"@id\":\"https:\\\/\\\/fundacionrecover.org\\\/#organization\",\"name\":\"Fundaci\u00f3n Recover, Hospitales para \u00c1frica\",\"alternateName\":\"Fundaci\u00f3n Recover\",\"url\":\"https:\\\/\\\/fundacionrecover.org\\\/\",\"logo\":{\"@type\":\"ImageObject\",\"inLanguage\":\"fr-FR\",\"@id\":\"https:\\\/\\\/fundacionrecover.org\\\/#\\\/schema\\\/logo\\\/image\\\/\",\"url\":\"https:\\\/\\\/fundacionrecover.org\\\/wp-content\\\/uploads\\\/2024\\\/03\\\/FundacionRecoverHospitalesParaAfrica_logo_blanco_cut.png\",\"contentUrl\":\"https:\\\/\\\/fundacionrecover.org\\\/wp-content\\\/uploads\\\/2024\\\/03\\\/FundacionRecoverHospitalesParaAfrica_logo_blanco_cut.png\",\"width\":335,\"height\":183,\"caption\":\"Fundaci\u00f3n Recover, Hospitales para \u00c1frica\"},\"image\":{\"@id\":\"https:\\\/\\\/fundacionrecover.org\\\/#\\\/schema\\\/logo\\\/image\\\/\"},\"sameAs\":[\"https:\\\/\\\/www.facebook.com\\\/fundacionrecover\\\/\",\"https:\\\/\\\/www.instagram.com\\\/fundacionrecover\\\/\",\"https:\\\/\\\/www.linkedin.com\\\/company\\\/fundaci\u00f3n-recover-hospitales-para-\u00e1frica\\\/\",\"https:\\\/\\\/www.tiktok.com\\\/@fundacionrecover\"]},{\"@type\":\"Person\",\"@id\":\"https:\\\/\\\/fundacionrecover.org\\\/#\\\/schema\\\/person\\\/dd196faabb13b5c6e72c88bc6f7c6fb6\",\"name\":\"Recover\",\"sameAs\":[\"https:\\\/\\\/fundacionrecover.org\"]}]}<\/script>\n<!-- \/ Yoast SEO plugin. -->","yoast_head_json":{"title":"Fondation Recover, du c\u0153ur \u00e0 l'ouvrage - Fundaci\u00f3n Recover Hospitales para \u00c1frica","robots":{"index":"index","follow":"follow","max-snippet":"max-snippet:-1","max-image-preview":"max-image-preview:large","max-video-preview":"max-video-preview:-1"},"canonical":"https:\/\/fundacionrecover.org\/fr\/fundacion-recover-del-corazon-to-health-campaign-work\/","og_locale":"fr_FR","og_type":"article","og_title":"Fundaci\u00f3n Recover, del coraz\u00f3n a la labor - Fundaci\u00f3n Recover Hospitales para \u00c1frica","og_description":"Esta fundaci\u00f3n organiz\u00f3 una campa\u00f1a de cirug\u00edas gratuitas en la localidad de Batcham del 10 al 15 de febrero para ayudar a las poblaciones m\u00e1s vulnerables - Escrito por Jean Julien Ebeleba Alima","og_url":"https:\/\/fundacionrecover.org\/fr\/fundacion-recover-del-corazon-to-health-campaign-work\/","og_site_name":"Fundaci\u00f3n Recover Hospitales para \u00c1frica","article_publisher":"https:\/\/www.facebook.com\/fundacionrecover\/","article_published_time":"2025-03-21T13:06:52+00:00","article_modified_time":"2025-04-22T20:29:00+00:00","og_image":[{"width":810,"height":1080,"url":"https:\/\/fundacionrecover.org\/wp-content\/uploads\/2025\/03\/WhatsApp-Image-2025-03-05-at-12.46.08.jpeg","type":"image\/jpeg"}],"author":"Recover","twitter_card":"summary_large_image","twitter_misc":{"\u00c9crit par":"Recover","Dur\u00e9e de lecture estim\u00e9e":"4 minutes"},"schema":{"@context":"https:\/\/schema.org","@graph":[{"@type":"Article","@id":"https:\/\/fundacionrecover.org\/fundacion-recover-del-corazon-a-la-labor-campana-de-salud\/#article","isPartOf":{"@id":"https:\/\/fundacionrecover.org\/fundacion-recover-del-corazon-a-la-labor-campana-de-salud\/"},"author":{"name":"Recover","@id":"https:\/\/fundacionrecover.org\/#\/schema\/person\/dd196faabb13b5c6e72c88bc6f7c6fb6"},"headline":"Fundaci\u00f3n Recover, del coraz\u00f3n a la labor","datePublished":"2025-03-21T13:06:52+00:00","dateModified":"2025-04-22T20:29:00+00:00","mainEntityOfPage":{"@id":"https:\/\/fundacionrecover.org\/fundacion-recover-del-corazon-a-la-labor-campana-de-salud\/"},"wordCount":674,"publisher":{"@id":"https:\/\/fundacionrecover.org\/#organization"},"image":{"@id":"https:\/\/fundacionrecover.org\/fundacion-recover-del-corazon-a-la-labor-campana-de-salud\/#primaryimage"},"thumbnailUrl":"https:\/\/fundacionrecover.org\/wp-content\/uploads\/2025\/03\/WhatsApp-Image-2025-03-05-at-12.46.08.jpeg","articleSection":["Voluntariado"],"inLanguage":"fr-FR"},{"@type":"WebPage","@id":"https:\/\/fundacionrecover.org\/fundacion-recover-del-corazon-a-la-labor-campana-de-salud\/","url":"https:\/\/fundacionrecover.org\/fundacion-recover-del-corazon-a-la-labor-campana-de-salud\/","name":"Fondation Recover, du c\u0153ur \u00e0 l'ouvrage - Fundaci\u00f3n Recover Hospitales para \u00c1frica","isPartOf":{"@id":"https:\/\/fundacionrecover.org\/#website"},"primaryImageOfPage":{"@id":"https:\/\/fundacionrecover.org\/fundacion-recover-del-corazon-a-la-labor-campana-de-salud\/#primaryimage"},"image":{"@id":"https:\/\/fundacionrecover.org\/fundacion-recover-del-corazon-a-la-labor-campana-de-salud\/#primaryimage"},"thumbnailUrl":"https:\/\/fundacionrecover.org\/wp-content\/uploads\/2025\/03\/WhatsApp-Image-2025-03-05-at-12.46.08.jpeg","datePublished":"2025-03-21T13:06:52+00:00","dateModified":"2025-04-22T20:29:00+00:00","breadcrumb":{"@id":"https:\/\/fundacionrecover.org\/fundacion-recover-del-corazon-a-la-labor-campana-de-salud\/#breadcrumb"},"inLanguage":"fr-FR","potentialAction":[{"@type":"ReadAction","target":["https:\/\/fundacionrecover.org\/fundacion-recover-del-corazon-a-la-labor-campana-de-salud\/"]}]},{"@type":"ImageObject","inLanguage":"fr-FR","@id":"https:\/\/fundacionrecover.org\/fundacion-recover-del-corazon-a-la-labor-campana-de-salud\/#primaryimage","url":"https:\/\/fundacionrecover.org\/wp-content\/uploads\/2025\/03\/WhatsApp-Image-2025-03-05-at-12.46.08.jpeg","contentUrl":"https:\/\/fundacionrecover.org\/wp-content\/uploads\/2025\/03\/WhatsApp-Image-2025-03-05-at-12.46.08.jpeg","width":810,"height":1080,"caption":"De izquierda a derecha: Marta Navarro, Dr. Dar\u00edo Carvajal, Emilie Ngono, Dr. Luis Boccalatte, Dr. Anna Curell y Meritxell Riba"},{"@type":"BreadcrumbList","@id":"https:\/\/fundacionrecover.org\/fundacion-recover-del-corazon-a-la-labor-campana-de-salud\/#breadcrumb","itemListElement":[{"@type":"ListItem","position":1,"name":"Home","item":"https:\/\/fundacionrecover.org\/"},{"@type":"ListItem","position":2,"name":"Voluntariado","item":"https:\/\/fundacionrecover.org\/category\/voluntariado\/"},{"@type":"ListItem","position":3,"name":"Fundaci\u00f3n Recover, del coraz\u00f3n a la labor"}]},{"@type":"WebSite","@id":"https:\/\/fundacionrecover.org\/#website","url":"https:\/\/fundacionrecover.org\/","name":"La Fondation Recover, H\u00f2pitaux pour l\u2019Afrique","description":"La Fondation Recover","publisher":{"@id":"https:\/\/fundacionrecover.org\/#organization"},"potentialAction":[{"@type":"SearchAction","target":{"@type":"EntryPoint","urlTemplate":"https:\/\/fundacionrecover.org\/?s={search_term_string}"},"query-input":{"@type":"PropertyValueSpecification","valueRequired":true,"valueName":"search_term_string"}}],"inLanguage":"fr-FR"},{"@type":"Organization","@id":"https:\/\/fundacionrecover.org\/#organization","name":"La Fondation Recover, H\u00f2pitaux pour l\u2019Afrique","alternateName":"Fundaci\u00f3n Recover","url":"https:\/\/fundacionrecover.org\/","logo":{"@type":"ImageObject","inLanguage":"fr-FR","@id":"https:\/\/fundacionrecover.org\/#\/schema\/logo\/image\/","url":"https:\/\/fundacionrecover.org\/wp-content\/uploads\/2024\/03\/FundacionRecoverHospitalesParaAfrica_logo_blanco_cut.png","contentUrl":"https:\/\/fundacionrecover.org\/wp-content\/uploads\/2024\/03\/FundacionRecoverHospitalesParaAfrica_logo_blanco_cut.png","width":335,"height":183,"caption":"Fundaci\u00f3n Recover, Hospitales para \u00c1frica"},"image":{"@id":"https:\/\/fundacionrecover.org\/#\/schema\/logo\/image\/"},"sameAs":["https:\/\/www.facebook.com\/fundacionrecover\/","https:\/\/www.instagram.com\/fundacionrecover\/","https:\/\/www.linkedin.com\/company\/fundaci\u00f3n-recover-hospitales-para-\u00e1frica\/","https:\/\/www.tiktok.com\/@fundacionrecover"]},{"@type":"Person","@id":"https:\/\/fundacionrecover.org\/#\/schema\/person\/dd196faabb13b5c6e72c88bc6f7c6fb6","name":"R\u00e9cup\u00e9rer","sameAs":["https:\/\/fundacionrecover.org"]}]}},"_links":{"self":[{"href":"https:\/\/fundacionrecover.org\/fr\/wp-json\/wp\/v2\/posts\/9308","targetHints":{"allow":["GET"]}}],"collection":[{"href":"https:\/\/fundacionrecover.org\/fr\/wp-json\/wp\/v2\/posts"}],"about":[{"href":"https:\/\/fundacionrecover.org\/fr\/wp-json\/wp\/v2\/types\/post"}],"author":[{"embeddable":true,"href":"https:\/\/fundacionrecover.org\/fr\/wp-json\/wp\/v2\/users\/1"}],"replies":[{"embeddable":true,"href":"https:\/\/fundacionrecover.org\/fr\/wp-json\/wp\/v2\/comments?post=9308"}],"version-history":[{"count":0,"href":"https:\/\/fundacionrecover.org\/fr\/wp-json\/wp\/v2\/posts\/9308\/revisions"}],"wp:featuredmedia":[{"embeddable":true,"href":"https:\/\/fundacionrecover.org\/fr\/wp-json\/wp\/v2\/media\/9310"}],"wp:attachment":[{"href":"https:\/\/fundacionrecover.org\/fr\/wp-json\/wp\/v2\/media?parent=9308"}],"wp:term":[{"taxonomy":"category","embeddable":true,"href":"https:\/\/fundacionrecover.org\/fr\/wp-json\/wp\/v2\/categories?post=9308"},{"taxonomy":"post_tag","embeddable":true,"href":"https:\/\/fundacionrecover.org\/fr\/wp-json\/wp\/v2\/tags?post=9308"}],"curies":[{"name":"wp","href":"https:\/\/api.w.org\/{rel}","templated":true}]}}