{"id":9466,"date":"2025-04-22T18:17:20","date_gmt":"2025-04-22T16:17:20","guid":{"rendered":"https:\/\/fundacionrecover.org\/?p=9466"},"modified":"2025-05-05T18:24:49","modified_gmt":"2025-05-05T16:24:49","slug":"aspe-y-fundacion-recover-refuerzan-su-colaboracion-para-reducir-la-desnutricion-infantil-en-benin-a-traves-del-innovador-proyecto-nutri-m","status":"publish","type":"post","link":"https:\/\/fundacionrecover.org\/fr\/aspe-y-fundacion-recover-refuerzan-su-colaboracion-para-reducir-la-desnutricion-infantil-en-benin-a-traves-del-innovador-proyecto-nutri-m\/","title":{"rendered":"ASPE et Recover Foundation renforcent leur collaboration pour r\u00e9duire la malnutrition infantile au B\u00e9nin \u00e0 travers le projet innovant NUTRI-m"},"content":{"rendered":"<p>Le <strong>Alliance espagnole des soins de sant\u00e9 priv\u00e9s (ASPE)<\/strong> et la Fondation Recover ont renouvel\u00e9 leur accord de collaboration afin d'assurer la continuit\u00e9 du projet. <strong><a href=\"https:\/\/fundacionrecover.org\/fr\/ce-que-nous-faisons\/#campanas\"><mark style=\"background-color:rgba(0, 0, 0, 0)\" class=\"has-inline-color has-luminous-vivid-orange-color\">Projet NUTRI-m<\/mark><\/a> <\/strong>au B\u00e9nin, une initiative pionni\u00e8re pour lutter contre la malnutrition infantile en Afrique subsaharienne. Cette deuxi\u00e8me phase de collaboration consolide l'engagement des deux entit\u00e9s en faveur du droit universel \u00e0 la sant\u00e9 et \u00e0 des soins m\u00e9dicaux d\u00e9cents dans les r\u00e9gions particuli\u00e8rement vuln\u00e9rables.<br>En 2024, la Recover Foundation a pu prendre en charge 440 enfants \u00e2g\u00e9s de 6 \u00e0 59 mois gr\u00e2ce \u00e0 un premier don de 7 000 euros de l'ASPE. En 2025, l'association des employeurs priv\u00e9s du secteur de la sant\u00e9 fournira 4 000 euros, une contribution qui permettra d'assurer le suivi et l'accompagnement nutritionnel de 143 enfants \u00e0 risque de malnutrition dans la r\u00e9gion de Kpakpam\u00e8, dans le sud du pays.<\/p>\n\n\n\n<div class=\"wp-block-buttons is-layout-flex wp-block-buttons-is-layout-flex\">\n<div class=\"wp-block-button\"><a class=\"wp-block-button__link has-white-color has-luminous-vivid-orange-background-color has-text-color has-background has-link-color has-small-font-size has-custom-font-size wp-element-button\" href=\"https:\/\/fundacionrecover.org\/wp-content\/uploads\/2025\/05\/ASPE-y-Fundacion-Recover-refuerzan-su-colaboracion-para-reducir-la-desnutricion-infantil-en-Benin-a-traves-del-innovador-proyect.pdf\" style=\"border-style:none;border-width:0px;border-radius:0px\" target=\"_blank\" rel=\"noreferrer noopener nofollow\">T\u00e9l\u00e9charger l'article complet ici<\/a><\/div>\n<\/div>","protected":false},"excerpt":{"rendered":"<p>La Alianza de la Sanidad Privada Espa\u00f1ola (ASPE) y Fundaci\u00f3n Recover han renovado su acuerdo de colaboraci\u00f3n para dar continuidad al proyecto NUTRI-m en Ben\u00edn una iniciativa pionera para abordar la desnutrici\u00f3n infantil que se desarrolla en el \u00c1frica subsahariana. Esta segunda fase de colaboraci\u00f3n consolida el compromiso de ambas entidades con el derecho universal [&hellip;]<\/p>\n","protected":false},"author":1,"featured_media":0,"comment_status":"closed","ping_status":"closed","sticky":false,"template":"","format":"standard","meta":{"give_campaign_id":0,"footnotes":""},"categories":[75],"tags":[],"class_list":["post-9466","post","type-post","status-publish","format-standard","hentry","category-notas-prensa"],"yoast_head":"<!-- This site is optimized with the Yoast SEO plugin v27.4 - https:\/\/yoast.com\/product\/yoast-seo-wordpress\/ -->\n<title>ASPE y Fundaci\u00f3n Recover refuerzan su colaboraci\u00f3n para reducir la desnutrici\u00f3n infantil en Ben\u00edn a trav\u00e9s del innovador proyecto NUTRI-m - Fundaci\u00f3n Recover Hospitales para \u00c1frica<\/title>\n<meta name=\"robots\" content=\"index, follow, max-snippet:-1, max-image-preview:large, max-video-preview:-1\" \/>\n<link rel=\"canonical\" href=\"https:\/\/fundacionrecover.org\/fr\/aspe-y-fundacion-recover-refuerzan-su-colaboracion-para-reducir-la-desnutricion-infantil-en-benin-a-traves-del-innovador-proyecto-nutri-m\/\" \/>\n<meta property=\"og:locale\" content=\"fr_FR\" \/>\n<meta property=\"og:type\" content=\"article\" \/>\n<meta property=\"og:title\" content=\"ASPE y Fundaci\u00f3n Recover refuerzan su colaboraci\u00f3n para reducir la desnutrici\u00f3n infantil en Ben\u00edn a trav\u00e9s del innovador proyecto NUTRI-m - Fundaci\u00f3n Recover Hospitales para \u00c1frica\" \/>\n<meta property=\"og:description\" content=\"La Alianza de la Sanidad Privada Espa\u00f1ola (ASPE) y Fundaci\u00f3n Recover han renovado su acuerdo de colaboraci\u00f3n para dar continuidad al proyecto NUTRI-m en Ben\u00edn una iniciativa pionera para abordar la desnutrici\u00f3n infantil que se desarrolla en el \u00c1frica subsahariana. Esta segunda fase de colaboraci\u00f3n consolida el compromiso de ambas entidades con el derecho universal [&hellip;]\" \/>\n<meta property=\"og:url\" content=\"https:\/\/fundacionrecover.org\/fr\/aspe-y-fundacion-recover-refuerzan-su-colaboracion-para-reducir-la-desnutricion-infantil-en-benin-a-traves-del-innovador-proyecto-nutri-m\/\" \/>\n<meta property=\"og:site_name\" content=\"Fundaci\u00f3n Recover Hospitales para \u00c1frica\" \/>\n<meta property=\"article:publisher\" content=\"https:\/\/www.facebook.com\/fundacionrecover\/\" \/>\n<meta property=\"article:published_time\" content=\"2025-04-22T16:17:20+00:00\" \/>\n<meta property=\"article:modified_time\" content=\"2025-05-05T16:24:49+00:00\" \/>\n<meta property=\"og:image\" content=\"https:\/\/fundacionrecover.org\/wp-content\/uploads\/2024\/05\/Logotipo_FundacionRecover_FondoVerde_ESP.png\" \/>\n\t<meta property=\"og:image:width\" content=\"334\" \/>\n\t<meta property=\"og:image:height\" content=\"272\" \/>\n\t<meta property=\"og:image:type\" content=\"image\/png\" \/>\n<meta name=\"author\" content=\"Recover\" \/>\n<meta name=\"twitter:card\" content=\"summary_large_image\" \/>\n<meta name=\"twitter:label1\" content=\"\u00c9crit par\" \/>\n\t<meta name=\"twitter:data1\" content=\"Recover\" \/>\n\t<meta name=\"twitter:label2\" content=\"Dur\u00e9e de lecture estim\u00e9e\" \/>\n\t<meta name=\"twitter:data2\" content=\"1 minute\" \/>\n<script type=\"application\/ld+json\" class=\"yoast-schema-graph\">{\"@context\":\"https:\\\/\\\/schema.org\",\"@graph\":[{\"@type\":\"Article\",\"@id\":\"https:\\\/\\\/fundacionrecover.org\\\/aspe-y-fundacion-recover-refuerzan-su-colaboracion-para-reducir-la-desnutricion-infantil-en-benin-a-traves-del-innovador-proyecto-nutri-m\\\/#article\",\"isPartOf\":{\"@id\":\"https:\\\/\\\/fundacionrecover.org\\\/aspe-y-fundacion-recover-refuerzan-su-colaboracion-para-reducir-la-desnutricion-infantil-en-benin-a-traves-del-innovador-proyecto-nutri-m\\\/\"},\"author\":{\"name\":\"Recover\",\"@id\":\"https:\\\/\\\/fundacionrecover.org\\\/#\\\/schema\\\/person\\\/dd196faabb13b5c6e72c88bc6f7c6fb6\"},\"headline\":\"ASPE y Fundaci\u00f3n Recover refuerzan su colaboraci\u00f3n para reducir la desnutrici\u00f3n infantil en Ben\u00edn a trav\u00e9s del innovador proyecto NUTRI-m\",\"datePublished\":\"2025-04-22T16:17:20+00:00\",\"dateModified\":\"2025-05-05T16:24:49+00:00\",\"mainEntityOfPage\":{\"@id\":\"https:\\\/\\\/fundacionrecover.org\\\/aspe-y-fundacion-recover-refuerzan-su-colaboracion-para-reducir-la-desnutricion-infantil-en-benin-a-traves-del-innovador-proyecto-nutri-m\\\/\"},\"wordCount\":168,\"publisher\":{\"@id\":\"https:\\\/\\\/fundacionrecover.org\\\/#organization\"},\"articleSection\":[\"Notas de prensa\"],\"inLanguage\":\"fr-FR\"},{\"@type\":\"WebPage\",\"@id\":\"https:\\\/\\\/fundacionrecover.org\\\/aspe-y-fundacion-recover-refuerzan-su-colaboracion-para-reducir-la-desnutricion-infantil-en-benin-a-traves-del-innovador-proyecto-nutri-m\\\/\",\"url\":\"https:\\\/\\\/fundacionrecover.org\\\/aspe-y-fundacion-recover-refuerzan-su-colaboracion-para-reducir-la-desnutricion-infantil-en-benin-a-traves-del-innovador-proyecto-nutri-m\\\/\",\"name\":\"ASPE y Fundaci\u00f3n Recover refuerzan su colaboraci\u00f3n para reducir la desnutrici\u00f3n infantil en Ben\u00edn a trav\u00e9s del innovador proyecto NUTRI-m - Fundaci\u00f3n Recover Hospitales para \u00c1frica\",\"isPartOf\":{\"@id\":\"https:\\\/\\\/fundacionrecover.org\\\/#website\"},\"datePublished\":\"2025-04-22T16:17:20+00:00\",\"dateModified\":\"2025-05-05T16:24:49+00:00\",\"breadcrumb\":{\"@id\":\"https:\\\/\\\/fundacionrecover.org\\\/aspe-y-fundacion-recover-refuerzan-su-colaboracion-para-reducir-la-desnutricion-infantil-en-benin-a-traves-del-innovador-proyecto-nutri-m\\\/#breadcrumb\"},\"inLanguage\":\"fr-FR\",\"potentialAction\":[{\"@type\":\"ReadAction\",\"target\":[\"https:\\\/\\\/fundacionrecover.org\\\/aspe-y-fundacion-recover-refuerzan-su-colaboracion-para-reducir-la-desnutricion-infantil-en-benin-a-traves-del-innovador-proyecto-nutri-m\\\/\"]}]},{\"@type\":\"BreadcrumbList\",\"@id\":\"https:\\\/\\\/fundacionrecover.org\\\/aspe-y-fundacion-recover-refuerzan-su-colaboracion-para-reducir-la-desnutricion-infantil-en-benin-a-traves-del-innovador-proyecto-nutri-m\\\/#breadcrumb\",\"itemListElement\":[{\"@type\":\"ListItem\",\"position\":1,\"name\":\"Home\",\"item\":\"https:\\\/\\\/fundacionrecover.org\\\/\"},{\"@type\":\"ListItem\",\"position\":2,\"name\":\"Notas de prensa\",\"item\":\"https:\\\/\\\/fundacionrecover.org\\\/category\\\/notas-prensa\\\/\"},{\"@type\":\"ListItem\",\"position\":3,\"name\":\"ASPE y Fundaci\u00f3n Recover refuerzan su colaboraci\u00f3n para reducir la desnutrici\u00f3n infantil en Ben\u00edn a trav\u00e9s del innovador proyecto NUTRI-m\"}]},{\"@type\":\"WebSite\",\"@id\":\"https:\\\/\\\/fundacionrecover.org\\\/#website\",\"url\":\"https:\\\/\\\/fundacionrecover.org\\\/\",\"name\":\"Fundaci\u00f3n Recover Hospitales para \u00c1frica\",\"description\":\"Fundaci\u00f3n Recover\",\"publisher\":{\"@id\":\"https:\\\/\\\/fundacionrecover.org\\\/#organization\"},\"potentialAction\":[{\"@type\":\"SearchAction\",\"target\":{\"@type\":\"EntryPoint\",\"urlTemplate\":\"https:\\\/\\\/fundacionrecover.org\\\/?s={search_term_string}\"},\"query-input\":{\"@type\":\"PropertyValueSpecification\",\"valueRequired\":true,\"valueName\":\"search_term_string\"}}],\"inLanguage\":\"fr-FR\"},{\"@type\":\"Organization\",\"@id\":\"https:\\\/\\\/fundacionrecover.org\\\/#organization\",\"name\":\"Fundaci\u00f3n Recover, Hospitales para \u00c1frica\",\"alternateName\":\"Fundaci\u00f3n Recover\",\"url\":\"https:\\\/\\\/fundacionrecover.org\\\/\",\"logo\":{\"@type\":\"ImageObject\",\"inLanguage\":\"fr-FR\",\"@id\":\"https:\\\/\\\/fundacionrecover.org\\\/#\\\/schema\\\/logo\\\/image\\\/\",\"url\":\"https:\\\/\\\/fundacionrecover.org\\\/wp-content\\\/uploads\\\/2024\\\/03\\\/FundacionRecoverHospitalesParaAfrica_logo_blanco_cut.png\",\"contentUrl\":\"https:\\\/\\\/fundacionrecover.org\\\/wp-content\\\/uploads\\\/2024\\\/03\\\/FundacionRecoverHospitalesParaAfrica_logo_blanco_cut.png\",\"width\":335,\"height\":183,\"caption\":\"Fundaci\u00f3n Recover, Hospitales para \u00c1frica\"},\"image\":{\"@id\":\"https:\\\/\\\/fundacionrecover.org\\\/#\\\/schema\\\/logo\\\/image\\\/\"},\"sameAs\":[\"https:\\\/\\\/www.facebook.com\\\/fundacionrecover\\\/\",\"https:\\\/\\\/www.instagram.com\\\/fundacionrecover\\\/\",\"https:\\\/\\\/www.linkedin.com\\\/company\\\/fundaci\u00f3n-recover-hospitales-para-\u00e1frica\\\/\",\"https:\\\/\\\/www.tiktok.com\\\/@fundacionrecover\"]},{\"@type\":\"Person\",\"@id\":\"https:\\\/\\\/fundacionrecover.org\\\/#\\\/schema\\\/person\\\/dd196faabb13b5c6e72c88bc6f7c6fb6\",\"name\":\"Recover\",\"sameAs\":[\"https:\\\/\\\/fundacionrecover.org\"]}]}<\/script>\n<!-- \/ Yoast SEO plugin. -->","yoast_head_json":{"title":"ASPE y Fundaci\u00f3n Recover refuerzan su colaboraci\u00f3n para reducir la desnutrici\u00f3n infantil en Ben\u00edn a trav\u00e9s del innovador proyecto NUTRI-m - Fundaci\u00f3n Recover Hospitales para \u00c1frica","robots":{"index":"index","follow":"follow","max-snippet":"max-snippet:-1","max-image-preview":"max-image-preview:large","max-video-preview":"max-video-preview:-1"},"canonical":"https:\/\/fundacionrecover.org\/fr\/aspe-y-fundacion-recover-refuerzan-su-colaboracion-para-reducir-la-desnutricion-infantil-en-benin-a-traves-del-innovador-proyecto-nutri-m\/","og_locale":"fr_FR","og_type":"article","og_title":"ASPE y Fundaci\u00f3n Recover refuerzan su colaboraci\u00f3n para reducir la desnutrici\u00f3n infantil en Ben\u00edn a trav\u00e9s del innovador proyecto NUTRI-m - Fundaci\u00f3n Recover Hospitales para \u00c1frica","og_description":"La Alianza de la Sanidad Privada Espa\u00f1ola (ASPE) y Fundaci\u00f3n Recover han renovado su acuerdo de colaboraci\u00f3n para dar continuidad al proyecto NUTRI-m en Ben\u00edn una iniciativa pionera para abordar la desnutrici\u00f3n infantil que se desarrolla en el \u00c1frica subsahariana. Esta segunda fase de colaboraci\u00f3n consolida el compromiso de ambas entidades con el derecho universal [&hellip;]","og_url":"https:\/\/fundacionrecover.org\/fr\/aspe-y-fundacion-recover-refuerzan-su-colaboracion-para-reducir-la-desnutricion-infantil-en-benin-a-traves-del-innovador-proyecto-nutri-m\/","og_site_name":"Fundaci\u00f3n Recover Hospitales para \u00c1frica","article_publisher":"https:\/\/www.facebook.com\/fundacionrecover\/","article_published_time":"2025-04-22T16:17:20+00:00","article_modified_time":"2025-05-05T16:24:49+00:00","og_image":[{"width":334,"height":272,"url":"https:\/\/fundacionrecover.org\/wp-content\/uploads\/2024\/05\/Logotipo_FundacionRecover_FondoVerde_ESP.png","type":"image\/png"}],"author":"Recover","twitter_card":"summary_large_image","twitter_misc":{"\u00c9crit par":"Recover","Dur\u00e9e de lecture estim\u00e9e":"1 minute"},"schema":{"@context":"https:\/\/schema.org","@graph":[{"@type":"Article","@id":"https:\/\/fundacionrecover.org\/aspe-y-fundacion-recover-refuerzan-su-colaboracion-para-reducir-la-desnutricion-infantil-en-benin-a-traves-del-innovador-proyecto-nutri-m\/#article","isPartOf":{"@id":"https:\/\/fundacionrecover.org\/aspe-y-fundacion-recover-refuerzan-su-colaboracion-para-reducir-la-desnutricion-infantil-en-benin-a-traves-del-innovador-proyecto-nutri-m\/"},"author":{"name":"Recover","@id":"https:\/\/fundacionrecover.org\/#\/schema\/person\/dd196faabb13b5c6e72c88bc6f7c6fb6"},"headline":"ASPE y Fundaci\u00f3n Recover refuerzan su colaboraci\u00f3n para reducir la desnutrici\u00f3n infantil en Ben\u00edn a trav\u00e9s del innovador proyecto NUTRI-m","datePublished":"2025-04-22T16:17:20+00:00","dateModified":"2025-05-05T16:24:49+00:00","mainEntityOfPage":{"@id":"https:\/\/fundacionrecover.org\/aspe-y-fundacion-recover-refuerzan-su-colaboracion-para-reducir-la-desnutricion-infantil-en-benin-a-traves-del-innovador-proyecto-nutri-m\/"},"wordCount":168,"publisher":{"@id":"https:\/\/fundacionrecover.org\/#organization"},"articleSection":["Notas de prensa"],"inLanguage":"fr-FR"},{"@type":"WebPage","@id":"https:\/\/fundacionrecover.org\/aspe-y-fundacion-recover-refuerzan-su-colaboracion-para-reducir-la-desnutricion-infantil-en-benin-a-traves-del-innovador-proyecto-nutri-m\/","url":"https:\/\/fundacionrecover.org\/aspe-y-fundacion-recover-refuerzan-su-colaboracion-para-reducir-la-desnutricion-infantil-en-benin-a-traves-del-innovador-proyecto-nutri-m\/","name":"ASPE y Fundaci\u00f3n Recover refuerzan su colaboraci\u00f3n para reducir la desnutrici\u00f3n infantil en Ben\u00edn a trav\u00e9s del innovador proyecto NUTRI-m - Fundaci\u00f3n Recover Hospitales para \u00c1frica","isPartOf":{"@id":"https:\/\/fundacionrecover.org\/#website"},"datePublished":"2025-04-22T16:17:20+00:00","dateModified":"2025-05-05T16:24:49+00:00","breadcrumb":{"@id":"https:\/\/fundacionrecover.org\/aspe-y-fundacion-recover-refuerzan-su-colaboracion-para-reducir-la-desnutricion-infantil-en-benin-a-traves-del-innovador-proyecto-nutri-m\/#breadcrumb"},"inLanguage":"fr-FR","potentialAction":[{"@type":"ReadAction","target":["https:\/\/fundacionrecover.org\/aspe-y-fundacion-recover-refuerzan-su-colaboracion-para-reducir-la-desnutricion-infantil-en-benin-a-traves-del-innovador-proyecto-nutri-m\/"]}]},{"@type":"BreadcrumbList","@id":"https:\/\/fundacionrecover.org\/aspe-y-fundacion-recover-refuerzan-su-colaboracion-para-reducir-la-desnutricion-infantil-en-benin-a-traves-del-innovador-proyecto-nutri-m\/#breadcrumb","itemListElement":[{"@type":"ListItem","position":1,"name":"Home","item":"https:\/\/fundacionrecover.org\/"},{"@type":"ListItem","position":2,"name":"Notas de prensa","item":"https:\/\/fundacionrecover.org\/category\/notas-prensa\/"},{"@type":"ListItem","position":3,"name":"ASPE y Fundaci\u00f3n Recover refuerzan su colaboraci\u00f3n para reducir la desnutrici\u00f3n infantil en Ben\u00edn a trav\u00e9s del innovador proyecto NUTRI-m"}]},{"@type":"WebSite","@id":"https:\/\/fundacionrecover.org\/#website","url":"https:\/\/fundacionrecover.org\/","name":"La Fondation Recover, H\u00f2pitaux pour l\u2019Afrique","description":"La Fondation Recover","publisher":{"@id":"https:\/\/fundacionrecover.org\/#organization"},"potentialAction":[{"@type":"SearchAction","target":{"@type":"EntryPoint","urlTemplate":"https:\/\/fundacionrecover.org\/?s={search_term_string}"},"query-input":{"@type":"PropertyValueSpecification","valueRequired":true,"valueName":"search_term_string"}}],"inLanguage":"fr-FR"},{"@type":"Organization","@id":"https:\/\/fundacionrecover.org\/#organization","name":"La Fondation Recover, H\u00f2pitaux pour l\u2019Afrique","alternateName":"Fundaci\u00f3n Recover","url":"https:\/\/fundacionrecover.org\/","logo":{"@type":"ImageObject","inLanguage":"fr-FR","@id":"https:\/\/fundacionrecover.org\/#\/schema\/logo\/image\/","url":"https:\/\/fundacionrecover.org\/wp-content\/uploads\/2024\/03\/FundacionRecoverHospitalesParaAfrica_logo_blanco_cut.png","contentUrl":"https:\/\/fundacionrecover.org\/wp-content\/uploads\/2024\/03\/FundacionRecoverHospitalesParaAfrica_logo_blanco_cut.png","width":335,"height":183,"caption":"Fundaci\u00f3n Recover, Hospitales para \u00c1frica"},"image":{"@id":"https:\/\/fundacionrecover.org\/#\/schema\/logo\/image\/"},"sameAs":["https:\/\/www.facebook.com\/fundacionrecover\/","https:\/\/www.instagram.com\/fundacionrecover\/","https:\/\/www.linkedin.com\/company\/fundaci\u00f3n-recover-hospitales-para-\u00e1frica\/","https:\/\/www.tiktok.com\/@fundacionrecover"]},{"@type":"Person","@id":"https:\/\/fundacionrecover.org\/#\/schema\/person\/dd196faabb13b5c6e72c88bc6f7c6fb6","name":"R\u00e9cup\u00e9rer","sameAs":["https:\/\/fundacionrecover.org"]}]}},"_links":{"self":[{"href":"https:\/\/fundacionrecover.org\/fr\/wp-json\/wp\/v2\/posts\/9466","targetHints":{"allow":["GET"]}}],"collection":[{"href":"https:\/\/fundacionrecover.org\/fr\/wp-json\/wp\/v2\/posts"}],"about":[{"href":"https:\/\/fundacionrecover.org\/fr\/wp-json\/wp\/v2\/types\/post"}],"author":[{"embeddable":true,"href":"https:\/\/fundacionrecover.org\/fr\/wp-json\/wp\/v2\/users\/1"}],"replies":[{"embeddable":true,"href":"https:\/\/fundacionrecover.org\/fr\/wp-json\/wp\/v2\/comments?post=9466"}],"version-history":[{"count":0,"href":"https:\/\/fundacionrecover.org\/fr\/wp-json\/wp\/v2\/posts\/9466\/revisions"}],"wp:attachment":[{"href":"https:\/\/fundacionrecover.org\/fr\/wp-json\/wp\/v2\/media?parent=9466"}],"wp:term":[{"taxonomy":"category","embeddable":true,"href":"https:\/\/fundacionrecover.org\/fr\/wp-json\/wp\/v2\/categories?post=9466"},{"taxonomy":"post_tag","embeddable":true,"href":"https:\/\/fundacionrecover.org\/fr\/wp-json\/wp\/v2\/tags?post=9466"}],"curies":[{"name":"wp","href":"https:\/\/api.w.org\/{rel}","templated":true}]}}